{"id":40941,"date":"2025-08-16T22:39:39","date_gmt":"2025-08-17T01:39:39","guid":{"rendered":"https:\/\/larevistadigital.com.ar\/blog\/?p=40941"},"modified":"2025-08-16T22:40:04","modified_gmt":"2025-08-17T01:40:04","slug":"chascomus-momentos-de-tension-en-el-camino-de-circunvalacion-por-una-mujer-que-sufrio-un-brote-psicotico","status":"publish","type":"post","link":"https:\/\/larevistadigital.com.ar\/blog\/chascomus-momentos-de-tension-en-el-camino-de-circunvalacion-por-una-mujer-que-sufrio-un-brote-psicotico\/","title":{"rendered":"Chascom\u00fas: Momentos de tensi\u00f3n en el camino de circunvalaci\u00f3n por una mujer que sufri\u00f3 un brote psic\u00f3tico"},"content":{"rendered":"<h2 data-start=\"185\" data-end=\"392\">El hecho ocurri\u00f3 en la zona del Camping del Sol y demand\u00f3 un importante despliegue de m\u00f3viles policiales, inspector\u00eda y ambulancia. La mujer fue contenida por familiares y no sufri\u00f3 lesiones.<\/h2>\n<p data-start=\"394\" data-end=\"638\">16 de Agosto de 2025<\/p>\n<p data-start=\"394\" data-end=\"638\">CHASCOM\u00daS &#8211;\u00a0 Durante la tarde del s\u00e1bado, un operativo policial y sanitario se despleg\u00f3 en la Costanera, a la altura del Camping del Sol, luego de que vecinos alertaran sobre la presencia de una mujer en estado de crisis nerviosa.<\/p>\n<p data-start=\"640\" data-end=\"987\">Seg\u00fan una vecina que estaba en el lugar, la situaci\u00f3n comenz\u00f3 cuando la mujer descendi\u00f3 de un veh\u00edculo y fue vista desorientada y manifestando incoherencias. Poco despu\u00e9s, testigos dieron aviso a la Secretar\u00eda de Seguridad ya que la misma intentaba ponerse en riesgo frente al tr\u00e1nsito, lo que motiv\u00f3 la r\u00e1pida intervenci\u00f3n de la polic\u00eda y de personal de salud.<\/p>\n<blockquote>\n<h3 data-start=\"989\" data-end=\"1259\">Al lugar acudieron m\u00f3viles policiales, personal de seguridad y una ambulancia. La mujer, que se encontraba alterada, fue asistida en el lugar y luego contenida por familiares. Finalmente, no fue necesario su traslado al hospital, ya que no presentaba lesiones f\u00edsicas.<\/h3>\n<\/blockquote>\n<p data-start=\"1261\" data-end=\"1468\">El hecho gener\u00f3 preocupaci\u00f3n entre quienes se encontraban disfrutando de la tarde en la zona costera, pero gracias al r\u00e1pido accionar de las fuerzas de seguridad y salud, la situaci\u00f3n logr\u00f3 ser controlada.<\/p>\n<p data-start=\"1261\" data-end=\"1468\">El episodio reabre la importancia de visibilizar y atender la salud mental como una problem\u00e1tica social que requiere atenci\u00f3n, acompa\u00f1amiento y recursos adecuados para la comunidad.<\/p>\n<p data-start=\"1261\" data-end=\"1468\">imagen ilustrativa<\/p>\n","protected":false},"excerpt":{"rendered":"<div class=\"mh-excerpt\"><p>El hecho ocurri\u00f3 en la zona del Camping del Sol y demand\u00f3 un importante despliegue de m\u00f3viles policiales, inspector\u00eda y ambulancia. La mujer fue contenida por familiares y no sufri\u00f3 lesiones. 16 de Agosto de <a class=\"mh-excerpt-more\" href=\"https:\/\/larevistadigital.com.ar\/blog\/chascomus-momentos-de-tension-en-el-camino-de-circunvalacion-por-una-mujer-que-sufrio-un-brote-psicotico\/\" title=\"Chascom\u00fas: Momentos de tensi\u00f3n en el camino de circunvalaci\u00f3n por una mujer que sufri\u00f3 un brote psic\u00f3tico\">[Leer M\u00e1s]<\/a><\/p>\n<\/div>","protected":false},"author":3,"featured_media":0,"comment_status":"open","ping_status":"open","sticky":false,"template":"","format":"standard","meta":{"_jetpack_memberships_contains_paid_content":false,"footnotes":"","jetpack_publicize_message":"","jetpack_publicize_feature_enabled":true,"jetpack_social_post_already_shared":true,"jetpack_social_options":{"image_generator_settings":{"template":"highway","default_image_id":0,"font":"","enabled":false},"version":2}},"categories":[6,50],"tags":[],"class_list":{"0":"post-40941","1":"post","2":"type-post","3":"status-publish","4":"format-standard","6":"category-chascomus","7":"category-interes-general"},"jetpack_publicize_connections":[],"jetpack_featured_media_url":"","jetpack_sharing_enabled":true,"jetpack_shortlink":"https:\/\/wp.me\/p8qtrQ-aEl","jetpack-related-posts":[{"id":46948,"url":"https:\/\/larevistadigital.com.ar\/blog\/chascomus-una-mujer-sufrio-una-descompensacion-en-la-zona-del-muelle\/","url_meta":{"origin":40941,"position":0},"title":"Chascom\u00fas: Una mujer sufri\u00f3 una descompensaci\u00f3n en la zona del muelle","author":"Alejandro Sosa Ruda","date":"17 agosto, 2026","format":false,"excerpt":"El episodio ocurri\u00f3 en la Avenida Costanera, donde una mujer que se encontraba junto a familiares debi\u00f3 recibir asistencia m\u00e9dica luego de sufrir una ca\u00edda. 17 de agosto de 2026 CHASCOM\u00daS\u00a0 -\u00a0 \u00a0 Una mujer que se encontraba junto a su familia en la zona del Muelle de Chascom\u00fas sufri\u00f3\u2026","rel":"","context":"En \u00abDESTACADAS\u00bb","block_context":{"text":"DESTACADAS","link":"https:\/\/larevistadigital.com.ar\/blog\/category\/destacadas\/"},"img":{"alt_text":"","src":"https:\/\/i0.wp.com\/larevistadigital.com.ar\/blog\/wp-content\/uploads\/20221223164247_controles-policiales.jpg?fit=880%2C512&ssl=1&resize=350%2C200","width":350,"height":200,"srcset":"https:\/\/i0.wp.com\/larevistadigital.com.ar\/blog\/wp-content\/uploads\/20221223164247_controles-policiales.jpg?fit=880%2C512&ssl=1&resize=350%2C200 1x, https:\/\/i0.wp.com\/larevistadigital.com.ar\/blog\/wp-content\/uploads\/20221223164247_controles-policiales.jpg?fit=880%2C512&ssl=1&resize=525%2C300 1.5x, https:\/\/i0.wp.com\/larevistadigital.com.ar\/blog\/wp-content\/uploads\/20221223164247_controles-policiales.jpg?fit=880%2C512&ssl=1&resize=700%2C400 2x"},"classes":[]},{"id":45606,"url":"https:\/\/larevistadigital.com.ar\/blog\/chascomus-accidente-entre-moto-y-camioneta-en-el-acceso-con-una-mujer-fue-hospitalizada\/","url_meta":{"origin":40941,"position":1},"title":"Chascom\u00fas: Accidente entre moto y camioneta en el Acceso con una mujer fue hospitalizada","author":"Alejandro Sosa Ruda","date":"11 mayo, 2026","format":false,"excerpt":"El siniestro ocurri\u00f3 en la esquina de Tucum\u00e1n y Juan Manuel de Rosas. Una mujer que viajaba en una motocicleta sufri\u00f3 lesiones y debi\u00f3 ser trasladada en ambulancia al Hospital Municipal. 11 de Mayo de 2026 Un accidente de tr\u00e1nsito se registr\u00f3 este lunes alrededor de las 18:10 en la\u2026","rel":"","context":"En \u00abDESTACADAS\u00bb","block_context":{"text":"DESTACADAS","link":"https:\/\/larevistadigital.com.ar\/blog\/category\/destacadas\/"},"img":{"alt_text":"","src":"https:\/\/i0.wp.com\/larevistadigital.com.ar\/blog\/wp-content\/uploads\/1-27.jpg?fit=1200%2C983&ssl=1&resize=350%2C200","width":350,"height":200,"srcset":"https:\/\/i0.wp.com\/larevistadigital.com.ar\/blog\/wp-content\/uploads\/1-27.jpg?fit=1200%2C983&ssl=1&resize=350%2C200 1x, https:\/\/i0.wp.com\/larevistadigital.com.ar\/blog\/wp-content\/uploads\/1-27.jpg?fit=1200%2C983&ssl=1&resize=525%2C300 1.5x, https:\/\/i0.wp.com\/larevistadigital.com.ar\/blog\/wp-content\/uploads\/1-27.jpg?fit=1200%2C983&ssl=1&resize=700%2C400 2x, https:\/\/i0.wp.com\/larevistadigital.com.ar\/blog\/wp-content\/uploads\/1-27.jpg?fit=1200%2C983&ssl=1&resize=1050%2C600 3x"},"classes":[]},{"id":45890,"url":"https:\/\/larevistadigital.com.ar\/blog\/chascomus-una-mujer-sufrio-una-fractura-tras-un-choque-entre-una-moto-y-un-auto\/","url_meta":{"origin":40941,"position":2},"title":"Chascom\u00fas: Una mujer sufri\u00f3 una fractura tras un choque entre una moto y un auto","author":"Alejandro Sosa Ruda","date":"29 mayo, 2026","format":false,"excerpt":"El accidente ocurri\u00f3 en la ma\u00f1ana de este viernes en la intersecci\u00f3n de Brown y Per\u00f3n. La conductora de una Honda Wave fue trasladada consciente al Hospital Municipal con una grave lesi\u00f3n en una de sus piernas. 29 de mayo de 2026 CHASCOM\u00daS -\u00a0 \u00a0Un fuerte accidente de tr\u00e1nsito se\u2026","rel":"","context":"En \u00abINTERES GENERAL\u00bb","block_context":{"text":"INTERES GENERAL","link":"https:\/\/larevistadigital.com.ar\/blog\/category\/interes-general\/"},"img":{"alt_text":"","src":"https:\/\/i0.wp.com\/larevistadigital.com.ar\/blog\/wp-content\/uploads\/Gemini_Generated_Image_slrz0zslrz0zslrz.png?fit=1200%2C626&ssl=1&resize=350%2C200","width":350,"height":200,"srcset":"https:\/\/i0.wp.com\/larevistadigital.com.ar\/blog\/wp-content\/uploads\/Gemini_Generated_Image_slrz0zslrz0zslrz.png?fit=1200%2C626&ssl=1&resize=350%2C200 1x, https:\/\/i0.wp.com\/larevistadigital.com.ar\/blog\/wp-content\/uploads\/Gemini_Generated_Image_slrz0zslrz0zslrz.png?fit=1200%2C626&ssl=1&resize=525%2C300 1.5x, https:\/\/i0.wp.com\/larevistadigital.com.ar\/blog\/wp-content\/uploads\/Gemini_Generated_Image_slrz0zslrz0zslrz.png?fit=1200%2C626&ssl=1&resize=700%2C400 2x, https:\/\/i0.wp.com\/larevistadigital.com.ar\/blog\/wp-content\/uploads\/Gemini_Generated_Image_slrz0zslrz0zslrz.png?fit=1200%2C626&ssl=1&resize=1050%2C600 3x"},"classes":[]},{"id":3611,"url":"https:\/\/larevistadigital.com.ar\/blog\/chascomus-lamentable-primicia-fallecio-una-mujer-accidentada-no-habrian-podido-operarla-tiempo\/","url_meta":{"origin":40941,"position":3},"title":"CHASCOM\u00daS: LAMENTABLE PRIMICIA. FALLECI\u00d3 UNA MUJER ACCIDENTADA. NO HABR\u00cdAN PODIDO OPERARLA  CON LA URGENCIA DEL CASO","author":"Alejandro Sosa Ruda","date":"27 octubre, 2017","format":false,"excerpt":"Una mujer que sufri\u00f3 las consecuencias de un accidente automovil\u00edstico ocurrido por la tarde habr\u00eda fallecido por las graves lesiones que tuvo como consecuencia del siniestro, y seg\u00fan comentaron fuentes altamente confiables a LRD el deceso habr\u00eda ocurrido por las graves lesiones que presentaba la se\u00f1ora, y lo peor, es\u2026","rel":"","context":"En \u00abDESTACADAS\u00bb","block_context":{"text":"DESTACADAS","link":"https:\/\/larevistadigital.com.ar\/blog\/category\/destacadas\/"},"img":{"alt_text":"","src":"https:\/\/i0.wp.com\/larevistadigital.com.ar\/blog\/wp-content\/uploads\/2017\/10\/22730318_1588559504497487_4180207929121000854_n.jpg?fit=650%2C596&ssl=1&resize=350%2C200","width":350,"height":200,"srcset":"https:\/\/i0.wp.com\/larevistadigital.com.ar\/blog\/wp-content\/uploads\/2017\/10\/22730318_1588559504497487_4180207929121000854_n.jpg?fit=650%2C596&ssl=1&resize=350%2C200 1x, https:\/\/i0.wp.com\/larevistadigital.com.ar\/blog\/wp-content\/uploads\/2017\/10\/22730318_1588559504497487_4180207929121000854_n.jpg?fit=650%2C596&ssl=1&resize=525%2C300 1.5x"},"classes":[]},{"id":47011,"url":"https:\/\/larevistadigital.com.ar\/blog\/chascomus-colision-entre-un-auto-y-una-moto-en-dorrego-y-mazzini-una-mujer-resulto-herida\/","url_meta":{"origin":40941,"position":4},"title":"Chascom\u00fas: Colisi\u00f3n entre un auto y una moto en Dorrego y Mazzini: una mujer result\u00f3 herida","author":"Alejandro Sosa Ruda","date":"21 agosto, 2026","format":false,"excerpt":"Una mujer de 52 a\u00f1os result\u00f3 herida tras un siniestro vial ocurrido en la intersecci\u00f3n de las calles Dorrego y Mazzini, en Chascom\u00fas. Viajaba como acompa\u00f1ante en una motocicleta que colision\u00f3 con un autom\u00f3vil. 21 de agosto de 2026 CHASCOM\u00daS\u00a0 -\u00a0 \u00a0Seg\u00fan nos contaron testigos del hecho, todo ocurri\u00f3 cuando,\u2026","rel":"","context":"En \u00abINTERES GENERAL\u00bb","block_context":{"text":"INTERES GENERAL","link":"https:\/\/larevistadigital.com.ar\/blog\/category\/interes-general\/"},"img":{"alt_text":"Seguridad Ciudadana PPM","src":"https:\/\/i0.wp.com\/larevistadigital.com.ar\/blog\/wp-content\/uploads\/Captura-de-pantalla-2026-08-21-152023.jpg?fit=500%2C328&ssl=1&resize=350%2C200","width":350,"height":200},"classes":[]},{"id":6826,"url":"https:\/\/larevistadigital.com.ar\/blog\/chascomus-mujer-sufre-fractura-por-arrebato-en-pleno-centro\/","url_meta":{"origin":40941,"position":5},"title":"CHASCOM\u00daS: MUJER SUFRE FRACTURA POR ARREBATO EN PLENO CENTRO","author":"Alejandro Sosa Ruda","date":"13 octubre, 2018","format":false,"excerpt":"Una mujer se comunic\u00f3 con la FM \"Por Siempre\" 97,3 de Chascom\u00fas, y relat\u00f3 un desagradable suceso que vivi\u00f3 su madre cuando fue salvajemente asaltada. El hecho ocurri\u00f3 el d\u00eda jueves pasado, aproximadamente a las 18 hs., cuando la se\u00f1ora de 76 a\u00f1os de edad, se aprestaba a ingresar al\u2026","rel":"","context":"En \u00abPOLICIALES\u00bb","block_context":{"text":"POLICIALES","link":"https:\/\/larevistadigital.com.ar\/blog\/category\/policiales\/"},"img":{"alt_text":"","src":"https:\/\/i0.wp.com\/larevistadigital.com.ar\/blog\/wp-content\/uploads\/2018\/10\/images.jpg?fit=650%2C422&ssl=1&resize=350%2C200","width":350,"height":200,"srcset":"https:\/\/i0.wp.com\/larevistadigital.com.ar\/blog\/wp-content\/uploads\/2018\/10\/images.jpg?fit=650%2C422&ssl=1&resize=350%2C200 1x, https:\/\/i0.wp.com\/larevistadigital.com.ar\/blog\/wp-content\/uploads\/2018\/10\/images.jpg?fit=650%2C422&ssl=1&resize=525%2C300 1.5x"},"classes":[]}],"_links":{"self":[{"href":"https:\/\/larevistadigital.com.ar\/blog\/wp-json\/wp\/v2\/posts\/40941","targetHints":{"allow":["GET"]}}],"collection":[{"href":"https:\/\/larevistadigital.com.ar\/blog\/wp-json\/wp\/v2\/posts"}],"about":[{"href":"https:\/\/larevistadigital.com.ar\/blog\/wp-json\/wp\/v2\/types\/post"}],"author":[{"embeddable":true,"href":"https:\/\/larevistadigital.com.ar\/blog\/wp-json\/wp\/v2\/users\/3"}],"replies":[{"embeddable":true,"href":"https:\/\/larevistadigital.com.ar\/blog\/wp-json\/wp\/v2\/comments?post=40941"}],"version-history":[{"count":2,"href":"https:\/\/larevistadigital.com.ar\/blog\/wp-json\/wp\/v2\/posts\/40941\/revisions"}],"predecessor-version":[{"id":40943,"href":"https:\/\/larevistadigital.com.ar\/blog\/wp-json\/wp\/v2\/posts\/40941\/revisions\/40943"}],"wp:attachment":[{"href":"https:\/\/larevistadigital.com.ar\/blog\/wp-json\/wp\/v2\/media?parent=40941"}],"wp:term":[{"taxonomy":"category","embeddable":true,"href":"https:\/\/larevistadigital.com.ar\/blog\/wp-json\/wp\/v2\/categories?post=40941"},{"taxonomy":"post_tag","embeddable":true,"href":"https:\/\/larevistadigital.com.ar\/blog\/wp-json\/wp\/v2\/tags?post=40941"}],"curies":[{"name":"wp","href":"https:\/\/api.w.org\/{rel}","templated":true}]}}