{"id":40990,"date":"2025-08-20T11:37:33","date_gmt":"2025-08-20T14:37:33","guid":{"rendered":"https:\/\/larevistadigital.com.ar\/blog\/?p=40990"},"modified":"2025-08-20T11:37:33","modified_gmt":"2025-08-20T14:37:33","slug":"chascomus-sera-sede-de-la-liga-bonaerense-de-videojuegos","status":"publish","type":"post","link":"https:\/\/larevistadigital.com.ar\/blog\/chascomus-sera-sede-de-la-liga-bonaerense-de-videojuegos\/","title":{"rendered":"Chascom\u00fas ser\u00e1 sede de la Liga Bonaerense de Videojuegos"},"content":{"rendered":"<h3 class=\"excerpt\">Con entrada libre y gratuita la propuesta busca generar espacios de encuentro entre los j\u00f3venes.<\/h3>\n<p>20 de agosto de 2025<\/p>\n<div id=\"miDiv1\" class=\"text\">\n<p><span dir=\"auto\"><strong>CHASCOM\u00daS &#8211;\u00a0<\/strong> El pr\u00f3ximo s\u00e1bado 23 y domingo 24 de agosto a partir de las 12 hs, se realizar\u00e1 una nueva edici\u00f3n de la Liga Bonaerense de Videojuegos, en el SUM de la Escuela Municipal N\u00b02, Alvear 1160.\u00a0<\/span><\/p>\n<p><span dir=\"auto\">El evento, organizado por el Instituto Cultural de la Provincia de Buenos Aires, en articulaci\u00f3n con la Municipalidad de Chascom\u00fas, ofrece oportunidades de juego en vivo, de manera individual, en dupla o grupal, con Sim Racing &#8211; F\u00f3rmula 1, League Of Legends (Lol), Counter Strike, FIFA, Freefire, Clash Royale y Valorant.<\/span><\/p>\n<blockquote>\n<h3><span dir=\"auto\">Por consultas e inscripciones, los interesados en participar podr\u00e1n comunicarse por WhatsApp al (2241) 41-5417, durante todo el d\u00eda. La liga se apoya en los municipios, las organizaciones sociales, sindicatos y asociaciones de trabajadores bonaerenses.<\/span><\/h3>\n<\/blockquote>\n<p>A partir del acceso igualitario a la tecnolog\u00eda, se busca la participaci\u00f3n de j\u00f3venes bonaerenses interesados en el \u00e1rea de los juegos electr\u00f3nicos, impulsando de esta manera, la generaci\u00f3n de conocimiento y de espacios de encuentro. Fomentar la participaci\u00f3n presencial en las competencias y encuentros de &#8216;gamers&#8217; posibilita la constituci\u00f3n de una red de vinculaci\u00f3n, intercambio y disfrute entre j\u00f3venes.<\/p>\n<\/div>\n","protected":false},"excerpt":{"rendered":"<div class=\"mh-excerpt\"><p>Con entrada libre y gratuita la propuesta busca generar espacios de encuentro entre los j\u00f3venes. 20 de agosto de 2025 CHASCOM\u00daS &#8211;\u00a0 El pr\u00f3ximo s\u00e1bado 23 y domingo 24 de agosto a partir de las <a class=\"mh-excerpt-more\" href=\"https:\/\/larevistadigital.com.ar\/blog\/chascomus-sera-sede-de-la-liga-bonaerense-de-videojuegos\/\" title=\"Chascom\u00fas ser\u00e1 sede de la Liga Bonaerense de Videojuegos\">[Leer M\u00e1s]<\/a><\/p>\n<\/div>","protected":false},"author":3,"featured_media":40991,"comment_status":"open","ping_status":"open","sticky":false,"template":"","format":"standard","meta":{"_jetpack_memberships_contains_paid_content":false,"footnotes":"","jetpack_publicize_message":"","jetpack_publicize_feature_enabled":true,"jetpack_social_post_already_shared":true,"jetpack_social_options":{"image_generator_settings":{"template":"highway","default_image_id":0,"font":"","enabled":false},"version":2}},"categories":[6],"tags":[],"class_list":{"0":"post-40990","1":"post","2":"type-post","3":"status-publish","4":"format-standard","5":"has-post-thumbnail","7":"category-chascomus"},"jetpack_publicize_connections":[],"jetpack_featured_media_url":"https:\/\/i0.wp.com\/larevistadigital.com.ar\/blog\/wp-content\/uploads\/68a4a1880b6a4.png?fit=668%2C445&ssl=1","jetpack_sharing_enabled":true,"jetpack_shortlink":"https:\/\/wp.me\/p8qtrQ-aF8","jetpack-related-posts":[{"id":41080,"url":"https:\/\/larevistadigital.com.ar\/blog\/cientos-de-participantes-disfrutaron-de-un-megaevento-de-videojuegos\/","url_meta":{"origin":40990,"position":0},"title":"Cientos de participantes disfrutaron de un megaevento de videojuegos","author":"Alejandro Sosa Ruda","date":"24 agosto, 2025","format":false,"excerpt":"Fue en el marco de la Liga Bonaerense de Videojuegos del Instituto Cultural en articulaci\u00f3n con la Municipalidad de Chascom\u00fas. 24 de agosto de 2025 CHASCOM\u00daS -\u00a0 \u00a0El SUM de la Escuela Municipal N\u00b02 fue sede de un dos jornadas que rebosaron de ni\u00f1os, j\u00f3venes y familias enteras. Se trata\u2026","rel":"","context":"En \u00abDESTACADAS\u00bb","block_context":{"text":"DESTACADAS","link":"https:\/\/larevistadigital.com.ar\/blog\/category\/destacadas\/"},"img":{"alt_text":"","src":"https:\/\/i0.wp.com\/larevistadigital.com.ar\/blog\/wp-content\/uploads\/O4A4298-scaled.jpg?fit=1200%2C800&ssl=1&resize=350%2C200","width":350,"height":200,"srcset":"https:\/\/i0.wp.com\/larevistadigital.com.ar\/blog\/wp-content\/uploads\/O4A4298-scaled.jpg?fit=1200%2C800&ssl=1&resize=350%2C200 1x, https:\/\/i0.wp.com\/larevistadigital.com.ar\/blog\/wp-content\/uploads\/O4A4298-scaled.jpg?fit=1200%2C800&ssl=1&resize=525%2C300 1.5x, https:\/\/i0.wp.com\/larevistadigital.com.ar\/blog\/wp-content\/uploads\/O4A4298-scaled.jpg?fit=1200%2C800&ssl=1&resize=700%2C400 2x, https:\/\/i0.wp.com\/larevistadigital.com.ar\/blog\/wp-content\/uploads\/O4A4298-scaled.jpg?fit=1200%2C800&ssl=1&resize=1050%2C600 3x"},"classes":[]},{"id":41128,"url":"https:\/\/larevistadigital.com.ar\/blog\/chascomus-propuestas-para-disfrutar-el-finde-semana\/","url_meta":{"origin":40990,"position":1},"title":"Chascom\u00fas: Propuestas para disfrutar el finde semana","author":"Alejandro Sosa Ruda","date":"29 agosto, 2025","format":false,"excerpt":"Visitas guiadas, exposiciones, teatro, freestyle, juegos, cine, espect\u00e1culos, paseos y feria, entre otras actividades. 29 de agosto de 2025 CHASCOM\u00daS -\u00a0 \u00a0Adem\u00e1s de disfrutar de sus hermosos espacios verdes y de la naturaleza tom\u00e1ndose unos mates a orillas de la laguna, Chascom\u00fas tambi\u00e9n te espera con una amplia y variada\u2026","rel":"","context":"En \u00abCHASCOM\u00daS\u00bb","block_context":{"text":"CHASCOM\u00daS","link":"https:\/\/larevistadigital.com.ar\/blog\/category\/chascomus\/"},"img":{"alt_text":"","src":"https:\/\/i0.wp.com\/larevistadigital.com.ar\/blog\/wp-content\/uploads\/68b07fc71fe1b.png?fit=668%2C445&ssl=1&resize=350%2C200","width":350,"height":200,"srcset":"https:\/\/i0.wp.com\/larevistadigital.com.ar\/blog\/wp-content\/uploads\/68b07fc71fe1b.png?fit=668%2C445&ssl=1&resize=350%2C200 1x, https:\/\/i0.wp.com\/larevistadigital.com.ar\/blog\/wp-content\/uploads\/68b07fc71fe1b.png?fit=668%2C445&ssl=1&resize=525%2C300 1.5x"},"classes":[]},{"id":40734,"url":"https:\/\/larevistadigital.com.ar\/blog\/chascomus-el-barrio-gallo-blanco-se-lleno-de-risas-en-una-gran-jornada-infantil\/","url_meta":{"origin":40990,"position":2},"title":"Chascom\u00fas: El Barrio Gallo Blanco se llen\u00f3 de risas en una gran jornada infantil","author":"Alejandro Sosa Ruda","date":"4 agosto, 2025","format":false,"excerpt":"La oferta cultural se llev\u00f3 adelante en la sociedad de fomento, en el marco del cierre del programa Vacaciones Divertidas, gestionado por el Vicepresidente del Instituto Cultural, Cote Rossi. 04 de agosto de 2025 CHASCOM\u00daS\u00a0 -\u00a0 La tarde del domingo 3 de agosto, la Sociedad de Fomento del Barrio Jard\u00edn\u2026","rel":"","context":"En \u00abINTERES GENERAL\u00bb","block_context":{"text":"INTERES GENERAL","link":"https:\/\/larevistadigital.com.ar\/blog\/category\/interes-general\/"},"img":{"alt_text":"","src":"https:\/\/i0.wp.com\/larevistadigital.com.ar\/blog\/wp-content\/uploads\/O4A2988-scaled.jpg?fit=1200%2C800&ssl=1&resize=350%2C200","width":350,"height":200,"srcset":"https:\/\/i0.wp.com\/larevistadigital.com.ar\/blog\/wp-content\/uploads\/O4A2988-scaled.jpg?fit=1200%2C800&ssl=1&resize=350%2C200 1x, https:\/\/i0.wp.com\/larevistadigital.com.ar\/blog\/wp-content\/uploads\/O4A2988-scaled.jpg?fit=1200%2C800&ssl=1&resize=525%2C300 1.5x, https:\/\/i0.wp.com\/larevistadigital.com.ar\/blog\/wp-content\/uploads\/O4A2988-scaled.jpg?fit=1200%2C800&ssl=1&resize=700%2C400 2x, https:\/\/i0.wp.com\/larevistadigital.com.ar\/blog\/wp-content\/uploads\/O4A2988-scaled.jpg?fit=1200%2C800&ssl=1&resize=1050%2C600 3x"},"classes":[]},{"id":1434,"url":"https:\/\/larevistadigital.com.ar\/blog\/coreano-jugara-con-racing-de-bavio-chascomus\/","url_meta":{"origin":40990,"position":3},"title":"Coreano jugar\u00e1 con Racing de Bavio, Chascom\u00fas","author":"editor","date":"19 marzo, 2017","format":false,"excerpt":"El primer partido se jugar\u00e1 el s\u00e1bado 25 o domingo 26 en el estadio de la Ruta Nacional 205. Se confirmaron los play off de la segunda instancia del torneo Federal C para la Regi\u00f3n Pampeana Norte en la que logr\u00f3 clasificar el Deportivo Coreano representando a la Liga Lobense\u2026","rel":"","context":"En \u00abDEPORTES\u00bb","block_context":{"text":"DEPORTES","link":"https:\/\/larevistadigital.com.ar\/blog\/category\/deportes\/"},"img":{"alt_text":"","src":"https:\/\/i0.wp.com\/larevistadigital.com.ar\/blog\/wp-content\/uploads\/2017\/03\/Coreano-brandsen.jpg?fit=448%2C285&ssl=1&resize=350%2C200","width":350,"height":200},"classes":[]},{"id":46942,"url":"https:\/\/larevistadigital.com.ar\/blog\/primicia-robo-una-moto-en-chascomus-se-fugo-a-berazategui-y-termino-detenido-por-la-subddi-chascomus\/","url_meta":{"origin":40990,"position":4},"title":"PRIMICIA: Rob\u00f3 una moto en Chascom\u00fas, se fug\u00f3 a Berazategui y termin\u00f3 detenido por la SubDDI Chascom\u00fas.","author":"Alejandro Sosa Ruda","date":"14 agosto, 2026","format":false,"excerpt":"La investigaci\u00f3n de la SubDDI Chascom\u00fas permiti\u00f3 identificar al acusado por el robo de una Honda XRE 300 ocurrido a fines de 2025. Tras conocer que ser\u00eda detenido, se habr\u00eda refugiado en el conurbano bonaerense, donde finalmente fue localizado y aprehendido. 14 de agosto de 2026 CHASCOM\u00daS\u00a0 -\u00a0 \u00a0Personal de\u2026","rel":"","context":"En \u00abDESTACADAS\u00bb","block_context":{"text":"DESTACADAS","link":"https:\/\/larevistadigital.com.ar\/blog\/category\/destacadas\/"},"img":{"alt_text":"","src":"https:\/\/i0.wp.com\/larevistadigital.com.ar\/blog\/wp-content\/uploads\/WhatsApp-Image-2026-08-13-at-09.48.09-2.jpg?fit=731%2C863&ssl=1&resize=350%2C200","width":350,"height":200,"srcset":"https:\/\/i0.wp.com\/larevistadigital.com.ar\/blog\/wp-content\/uploads\/WhatsApp-Image-2026-08-13-at-09.48.09-2.jpg?fit=731%2C863&ssl=1&resize=350%2C200 1x, https:\/\/i0.wp.com\/larevistadigital.com.ar\/blog\/wp-content\/uploads\/WhatsApp-Image-2026-08-13-at-09.48.09-2.jpg?fit=731%2C863&ssl=1&resize=525%2C300 1.5x, https:\/\/i0.wp.com\/larevistadigital.com.ar\/blog\/wp-content\/uploads\/WhatsApp-Image-2026-08-13-at-09.48.09-2.jpg?fit=731%2C863&ssl=1&resize=700%2C400 2x"},"classes":[]},{"id":40877,"url":"https:\/\/larevistadigital.com.ar\/blog\/se-viene-mi-primer-track-en-chascomus\/","url_meta":{"origin":40990,"position":5},"title":"Se viene \u201cMi Primer Track\u201d en Chascom\u00fas","author":"Alejandro Sosa Ruda","date":"13 agosto, 2025","format":false,"excerpt":"Se trata de una capacitaci\u00f3n que brinda herramientas para DJ's y productores de m\u00fasica electr\u00f3nica. 13 de agosto de 2025 CHASCOM\u00daS -\u00a0 \u00a0La Municipalidad de Chascom\u00fas junto al Instituto Cultural de la Provincia de Buenos Aires invitan a productores y productoras emergentes de m\u00fasica electr\u00f3nica, a disfrutar de una propuesta\u2026","rel":"","context":"En \u00abCHASCOM\u00daS\u00bb","block_context":{"text":"CHASCOM\u00daS","link":"https:\/\/larevistadigital.com.ar\/blog\/category\/chascomus\/"},"img":{"alt_text":"","src":"https:\/\/i0.wp.com\/larevistadigital.com.ar\/blog\/wp-content\/uploads\/689b70d278624.png?fit=668%2C445&ssl=1&resize=350%2C200","width":350,"height":200,"srcset":"https:\/\/i0.wp.com\/larevistadigital.com.ar\/blog\/wp-content\/uploads\/689b70d278624.png?fit=668%2C445&ssl=1&resize=350%2C200 1x, https:\/\/i0.wp.com\/larevistadigital.com.ar\/blog\/wp-content\/uploads\/689b70d278624.png?fit=668%2C445&ssl=1&resize=525%2C300 1.5x"},"classes":[]}],"_links":{"self":[{"href":"https:\/\/larevistadigital.com.ar\/blog\/wp-json\/wp\/v2\/posts\/40990","targetHints":{"allow":["GET"]}}],"collection":[{"href":"https:\/\/larevistadigital.com.ar\/blog\/wp-json\/wp\/v2\/posts"}],"about":[{"href":"https:\/\/larevistadigital.com.ar\/blog\/wp-json\/wp\/v2\/types\/post"}],"author":[{"embeddable":true,"href":"https:\/\/larevistadigital.com.ar\/blog\/wp-json\/wp\/v2\/users\/3"}],"replies":[{"embeddable":true,"href":"https:\/\/larevistadigital.com.ar\/blog\/wp-json\/wp\/v2\/comments?post=40990"}],"version-history":[{"count":2,"href":"https:\/\/larevistadigital.com.ar\/blog\/wp-json\/wp\/v2\/posts\/40990\/revisions"}],"predecessor-version":[{"id":40993,"href":"https:\/\/larevistadigital.com.ar\/blog\/wp-json\/wp\/v2\/posts\/40990\/revisions\/40993"}],"wp:featuredmedia":[{"embeddable":true,"href":"https:\/\/larevistadigital.com.ar\/blog\/wp-json\/wp\/v2\/media\/40991"}],"wp:attachment":[{"href":"https:\/\/larevistadigital.com.ar\/blog\/wp-json\/wp\/v2\/media?parent=40990"}],"wp:term":[{"taxonomy":"category","embeddable":true,"href":"https:\/\/larevistadigital.com.ar\/blog\/wp-json\/wp\/v2\/categories?post=40990"},{"taxonomy":"post_tag","embeddable":true,"href":"https:\/\/larevistadigital.com.ar\/blog\/wp-json\/wp\/v2\/tags?post=40990"}],"curies":[{"name":"wp","href":"https:\/\/api.w.org\/{rel}","templated":true}]}}