{"id":41164,"date":"2025-08-30T13:40:07","date_gmt":"2025-08-30T16:40:07","guid":{"rendered":"https:\/\/larevistadigital.com.ar\/blog\/?p=41164"},"modified":"2025-08-30T13:42:00","modified_gmt":"2025-08-30T16:42:00","slug":"41164-2","status":"publish","type":"post","link":"https:\/\/larevistadigital.com.ar\/blog\/41164-2\/","title":{"rendered":"SE VIENE \u00abSANTA ROSA\u00bb: ALERTA POR TORMENTASFUERTES"},"content":{"rendered":"<h3 class=\"excerpt\">Defensa Civil advirti\u00f3 que se esperan lluvias intensas, r\u00e1fagas y acumulaciones que podr\u00edan superar los 70 mil\u00edmetros.<\/h3>\n<p>30 de agosto de 2025<\/p>\n<div id=\"miDiv1\" class=\"text\">\n<p><span dir=\"auto\"><strong>CHASCOM\u00daS &#8211;\u00a0<\/strong> La Municipalidad de Chascom\u00fas activ\u00f3 los protocolos de prevenci\u00f3n ante el nuevo temporal pronosticado por el Servicio Meteorol\u00f3gico Nacional (SMN), que prev\u00e9 lluvias intensas, fuertes r\u00e1fagas de viento y un marcado descenso de temperatura para este fin de semana.<\/span><\/p>\n<p><span dir=\"auto\">La directora de Defensa Civil, Silvina Lanta\u00f1o, se\u00f1al\u00f3 que \u201cactivamos protocolos desde la Municipalidad de Chascom\u00fas para estas situaciones y estamos en alerta\u201d. Al respecto, precis\u00f3 que la \u201ctormenta de Santa Rosa\u201d, inicialmente prevista para el s\u00e1bado 30, llegar\u00e1 con mayor intensidad el domingo 31, extendi\u00e9ndose entre s\u00e1bado y lunes.<\/span><\/p>\n<p><span dir=\"auto\">\u201cSi bien los modelos est\u00e1n en actualizaci\u00f3n, s\u00ed sabemos que vamos a tener nuevamente tormentas persistentes que podr\u00edan durar entre 36 y 48 horas, con mayor intensidad el domingo\u201d, explic\u00f3 la funcionaria.<\/span><\/p>\n<p><span dir=\"auto\">El SMN inform\u00f3 que la presencia de un sistema de baja presi\u00f3n en toda la provincia de Buenos Aires generar\u00e1 condiciones de inestabilidad que podr\u00edan dejar acumulados superiores a los 70 mil\u00edmetros y vientos con r\u00e1fagas de hasta 80 kil\u00f3metros por hora.<\/span><\/p>\n<p><span dir=\"auto\">Desde el \u00e1rea de Seguridad Ciudadana recordaron que la l\u00ednea 103 est\u00e1 disponible las 24 horas para la atenci\u00f3n de emergencias.<\/span><\/p>\n<p><span dir=\"auto\">Recomendaciones para la poblaci\u00f3n ante tormentas y fuertes lluvias<\/span><\/p>\n<p><span dir=\"auto\">&#8211; Limpiar desag\u00fces y canaletas para asegurar la circulaci\u00f3n del agua.<\/span><\/p>\n<p><span dir=\"auto\">&#8211; Protegerse en lugares techados y seguros.<\/span><\/p>\n<p><span dir=\"auto\">&#8211; Evitar circular por el espacio p\u00fablico.<\/span><\/p>\n<p><span dir=\"auto\">&#8211; Retirar objetos que puedan volarse.<\/span><\/p>\n<p><span dir=\"auto\">-No sacar la basura.<\/span><\/p>\n<p><span dir=\"auto\">&#8211; Estar atentos a la posible ca\u00edda de granizo o \u00e1rboles.<\/span><\/p>\n<p><span dir=\"auto\">&#8211; Ante emergencias, comun\u00edquese con la l\u00ednea 103.<\/span><\/p>\n<\/div>\n","protected":false},"excerpt":{"rendered":"<div class=\"mh-excerpt\"><p>Defensa Civil advirti\u00f3 que se esperan lluvias intensas, r\u00e1fagas y acumulaciones que podr\u00edan superar los 70 mil\u00edmetros. 30 de agosto de 2025 CHASCOM\u00daS &#8211;\u00a0 La Municipalidad de Chascom\u00fas activ\u00f3 los protocolos de prevenci\u00f3n ante el <a class=\"mh-excerpt-more\" href=\"https:\/\/larevistadigital.com.ar\/blog\/41164-2\/\" title=\"SE VIENE \u00abSANTA ROSA\u00bb: ALERTA POR TORMENTASFUERTES\">[Leer M\u00e1s]<\/a><\/p>\n<\/div>","protected":false},"author":3,"featured_media":41165,"comment_status":"open","ping_status":"open","sticky":false,"template":"","format":"standard","meta":{"_jetpack_memberships_contains_paid_content":false,"footnotes":"","jetpack_publicize_message":"","jetpack_publicize_feature_enabled":true,"jetpack_social_post_already_shared":true,"jetpack_social_options":{"image_generator_settings":{"template":"highway","default_image_id":0,"font":"","enabled":false},"version":2}},"categories":[41],"tags":[],"class_list":{"0":"post-41164","1":"post","2":"type-post","3":"status-publish","4":"format-standard","5":"has-post-thumbnail","7":"category-destacadas"},"jetpack_publicize_connections":[],"jetpack_featured_media_url":"https:\/\/i0.wp.com\/larevistadigital.com.ar\/blog\/wp-content\/uploads\/68b1db17a1a1e.png?fit=668%2C445&ssl=1","jetpack_sharing_enabled":true,"jetpack_shortlink":"https:\/\/wp.me\/p8qtrQ-aHW","jetpack-related-posts":[{"id":14879,"url":"https:\/\/larevistadigital.com.ar\/blog\/el-municipio-advierte-por-alerta-meteorologica\/","url_meta":{"origin":41164,"position":0},"title":"EL MUNICIPIO ADVIERTE POR ALERTA METEOROL\u00d3GICA!","author":"Alejandro Sosa Ruda","date":"17 febrero, 2020","format":false,"excerpt":"A trav\u00e9s del grupo de Prensa de Whatsapp, el Municipio de Chascom\u00fas advierte a los vecinos de un alerta meteorol\u00f3gica a corto plazo para la zona, recomendando que se tomen las precauciones del caso, y brindando los tel\u00e9fonos \u00fatiles. EL COMUNICADO: ALERTA METEOROL\u00d3GICO A MUY CORTO PLAZO POR LLUVIAS INTENSAS\u2026","rel":"","context":"En \u00abINTERES GENERAL\u00bb","block_context":{"text":"INTERES GENERAL","link":"https:\/\/larevistadigital.com.ar\/blog\/category\/interes-general\/"},"img":{"alt_text":"","src":"https:\/\/i0.wp.com\/larevistadigital.com.ar\/blog\/wp-content\/uploads\/20293_alertai.jpg?fit=650%2C360&ssl=1&resize=350%2C200","width":350,"height":200,"srcset":"https:\/\/i0.wp.com\/larevistadigital.com.ar\/blog\/wp-content\/uploads\/20293_alertai.jpg?fit=650%2C360&ssl=1&resize=350%2C200 1x, https:\/\/i0.wp.com\/larevistadigital.com.ar\/blog\/wp-content\/uploads\/20293_alertai.jpg?fit=650%2C360&ssl=1&resize=525%2C300 1.5x"},"classes":[]},{"id":35815,"url":"https:\/\/larevistadigital.com.ar\/blog\/alerta-por-intensas-lluvias-y-fuertes-tormentas-para-los-proximos-dias\/","url_meta":{"origin":41164,"position":1},"title":"ALERTA POR INTENSAS LLUVIAS Y FUERTES TORMENTAS PARA LOS PR\u00d3XIMOS D\u00cdAS","author":"Alejandro Sosa Ruda","date":"12 abril, 2024","format":false,"excerpt":"Ante esta situaci\u00f3n, desde la Municipalidad de Chascom\u00fas solicitamos a vecinos y vecinas extremar los cuidados y precauciones. 12 de abril de 2024 CHASCOM\u00daS -\u00a0 El Servicio Meteorol\u00f3gico Nacional emiti\u00f3 una advertencia por fuertes tormentas originadas por un sistema de baja presi\u00f3n, denominado ciclog\u00e9nesis, que se formar\u00e1 en el centro\u2026","rel":"","context":"En \u00abDESTACADAS\u00bb","block_context":{"text":"DESTACADAS","link":"https:\/\/larevistadigital.com.ar\/blog\/category\/destacadas\/"},"img":{"alt_text":"","src":"https:\/\/i0.wp.com\/larevistadigital.com.ar\/blog\/wp-content\/uploads\/2024_04_13_01_32_42_8989745.jpg?fit=600%2C380&ssl=1&resize=350%2C200","width":350,"height":200,"srcset":"https:\/\/i0.wp.com\/larevistadigital.com.ar\/blog\/wp-content\/uploads\/2024_04_13_01_32_42_8989745.jpg?fit=600%2C380&ssl=1&resize=350%2C200 1x, https:\/\/i0.wp.com\/larevistadigital.com.ar\/blog\/wp-content\/uploads\/2024_04_13_01_32_42_8989745.jpg?fit=600%2C380&ssl=1&resize=525%2C300 1.5x"},"classes":[]},{"id":7339,"url":"https:\/\/larevistadigital.com.ar\/blog\/chascomus-el-municipio-envio-una-alerta-por-tormentas-y-granizo\/","url_meta":{"origin":41164,"position":2},"title":"CHASCOM\u00daS: EL MUNICIPIO ENVI\u00d3 UNA ALERTA POR TORMENTAS Y GRANIZO","author":"Alejandro Sosa Ruda","date":"20 diciembre, 2018","format":false,"excerpt":"A trav\u00e9s del chat de prensa de Whatsapp la municipalidad de Chascom\u00fas di\u00f3 a conocer y pidi\u00f3 la difusi\u00f3n de un alerta meteorol\u00f3gica para toda la zona con posibles ca\u00eddas ocasionales de granizo. EL TEXTO #AHORA ALERTA METEOROL\u00d3GICO POR LLUVIAS INTENSAS Y OCASIONAL CA\u00cdDA DE GRANIZO El Servicio Meteorol\u00f3gico Nacional\u2026","rel":"","context":"En \u00abCHASCOM\u00daS\u00bb","block_context":{"text":"CHASCOM\u00daS","link":"https:\/\/larevistadigital.com.ar\/blog\/category\/chascomus\/"},"img":{"alt_text":"","src":"https:\/\/i0.wp.com\/larevistadigital.com.ar\/blog\/wp-content\/uploads\/2018\/12\/WhatsApp-Image-2018-12-20-at-13.33.20.jpeg?fit=960%2C540&ssl=1&resize=350%2C200","width":350,"height":200,"srcset":"https:\/\/i0.wp.com\/larevistadigital.com.ar\/blog\/wp-content\/uploads\/2018\/12\/WhatsApp-Image-2018-12-20-at-13.33.20.jpeg?fit=960%2C540&ssl=1&resize=350%2C200 1x, https:\/\/i0.wp.com\/larevistadigital.com.ar\/blog\/wp-content\/uploads\/2018\/12\/WhatsApp-Image-2018-12-20-at-13.33.20.jpeg?fit=960%2C540&ssl=1&resize=525%2C300 1.5x, https:\/\/i0.wp.com\/larevistadigital.com.ar\/blog\/wp-content\/uploads\/2018\/12\/WhatsApp-Image-2018-12-20-at-13.33.20.jpeg?fit=960%2C540&ssl=1&resize=700%2C400 2x"},"classes":[]},{"id":44548,"url":"https:\/\/larevistadigital.com.ar\/blog\/chascomus-el-municipio-informo-de-alertas-por-tormentas-fuertes-rafagas-granizo-y-lluvias-intensas\/","url_meta":{"origin":41164,"position":3},"title":"Chascom\u00fas: El municipio inform\u00f3 de alertas por tormentas fuertes, r\u00e1fagas, granizo y lluvias intensas","author":"Alejandro Sosa Ruda","date":"16 marzo, 2026","format":false,"excerpt":"El SMN emiti\u00f3 una alerta amarilla para este martes 17. Se esperan tormentas con fuerte actividad el\u00e9ctrica, r\u00e1fagas de viento y abundante ca\u00edda de agua en cortos per\u00edodos. 17 de marzo de 2026 CHASCOM\u00daS -\u00a0 \u00a0El Servicio Meteorol\u00f3gico Nacional emiti\u00f3 una alerta amarilla por tormentas para Chascom\u00fas y la regi\u00f3n,\u2026","rel":"","context":"En \u00abDESTACADAS\u00bb","block_context":{"text":"DESTACADAS","link":"https:\/\/larevistadigital.com.ar\/blog\/category\/destacadas\/"},"img":{"alt_text":"","src":"https:\/\/i0.wp.com\/larevistadigital.com.ar\/blog\/wp-content\/uploads\/ALERTA-METEOROLOGICO.jpg?fit=1140%2C758&ssl=1&resize=350%2C200","width":350,"height":200,"srcset":"https:\/\/i0.wp.com\/larevistadigital.com.ar\/blog\/wp-content\/uploads\/ALERTA-METEOROLOGICO.jpg?fit=1140%2C758&ssl=1&resize=350%2C200 1x, https:\/\/i0.wp.com\/larevistadigital.com.ar\/blog\/wp-content\/uploads\/ALERTA-METEOROLOGICO.jpg?fit=1140%2C758&ssl=1&resize=525%2C300 1.5x, https:\/\/i0.wp.com\/larevistadigital.com.ar\/blog\/wp-content\/uploads\/ALERTA-METEOROLOGICO.jpg?fit=1140%2C758&ssl=1&resize=700%2C400 2x, https:\/\/i0.wp.com\/larevistadigital.com.ar\/blog\/wp-content\/uploads\/ALERTA-METEOROLOGICO.jpg?fit=1140%2C758&ssl=1&resize=1050%2C600 3x"},"classes":[]},{"id":9536,"url":"https:\/\/larevistadigital.com.ar\/blog\/el-municipio-difunde-alerta-meteorologico\/","url_meta":{"origin":41164,"position":4},"title":"EL MUNICIPIO DIFUNDE ALERTA METEOROL\u00d3GICO","author":"Alejandro Sosa Ruda","date":"4 abril, 2019","format":false,"excerpt":"La Municipalidad de Chascom\u00fas, a trav\u00e9s de su grupo de Prensa de Whatsapp, y su p\u00e1gina de Facebook, hizo llegar una alerta meteorol\u00f3gica para que la ciudadan\u00eda tome los recaudos necesarios. El mensaje: #AHORA ALERTA METEOROL\u00d3GICO FUERTES TORMENTAS El Servicio Meteorol\u00f3gico Nacional emiti\u00f3 el siguiente Alerta Meteorol\u00f3gico para Centro, Norte\u2026","rel":"","context":"En \u00abCHASCOM\u00daS\u00bb","block_context":{"text":"CHASCOM\u00daS","link":"https:\/\/larevistadigital.com.ar\/blog\/category\/chascomus\/"},"img":{"alt_text":"","src":"https:\/\/i0.wp.com\/larevistadigital.com.ar\/blog\/wp-content\/uploads\/2019\/04\/WhatsApp-Image-2019-04-04-at-12.01.27.jpeg?fit=1200%2C676&ssl=1&resize=350%2C200","width":350,"height":200,"srcset":"https:\/\/i0.wp.com\/larevistadigital.com.ar\/blog\/wp-content\/uploads\/2019\/04\/WhatsApp-Image-2019-04-04-at-12.01.27.jpeg?fit=1200%2C676&ssl=1&resize=350%2C200 1x, https:\/\/i0.wp.com\/larevistadigital.com.ar\/blog\/wp-content\/uploads\/2019\/04\/WhatsApp-Image-2019-04-04-at-12.01.27.jpeg?fit=1200%2C676&ssl=1&resize=525%2C300 1.5x, https:\/\/i0.wp.com\/larevistadigital.com.ar\/blog\/wp-content\/uploads\/2019\/04\/WhatsApp-Image-2019-04-04-at-12.01.27.jpeg?fit=1200%2C676&ssl=1&resize=700%2C400 2x, https:\/\/i0.wp.com\/larevistadigital.com.ar\/blog\/wp-content\/uploads\/2019\/04\/WhatsApp-Image-2019-04-04-at-12.01.27.jpeg?fit=1200%2C676&ssl=1&resize=1050%2C600 3x"},"classes":[]},{"id":45560,"url":"https:\/\/larevistadigital.com.ar\/blog\/chascomus-la-tormenta-provoco-caidas-de-postes-ramas-y-cables-en-distintos-sectores-de-la-ciudad\/","url_meta":{"origin":41164,"position":5},"title":"Chascom\u00fas: La tormenta provoc\u00f3 ca\u00eddas de postes, ramas y cables en distintos sectores de la ciudad","author":"Alejandro Sosa Ruda","date":"7 mayo, 2026","format":false,"excerpt":"Defensa Civil, Bomberos Voluntarios y la Patrulla de Prevenci\u00f3n Municipal trabajaron durante la madrugada tras los llamados recibidos a trav\u00e9s del 103 y del sistema Ojos en Alerta. 07 de mayo de 2026 CHASCOM\u00daS -\u00a0 \u00a0Las fuertes r\u00e1fagas de viento registradas durante la noche del mi\u00e9rcoles provocaron diversas situaciones de\u2026","rel":"","context":"En \u00abCHASCOM\u00daS\u00bb","block_context":{"text":"CHASCOM\u00daS","link":"https:\/\/larevistadigital.com.ar\/blog\/category\/chascomus\/"},"img":{"alt_text":"","src":"https:\/\/i0.wp.com\/larevistadigital.com.ar\/blog\/wp-content\/uploads\/69fcc9efe33d8.png?fit=668%2C445&ssl=1&resize=350%2C200","width":350,"height":200,"srcset":"https:\/\/i0.wp.com\/larevistadigital.com.ar\/blog\/wp-content\/uploads\/69fcc9efe33d8.png?fit=668%2C445&ssl=1&resize=350%2C200 1x, https:\/\/i0.wp.com\/larevistadigital.com.ar\/blog\/wp-content\/uploads\/69fcc9efe33d8.png?fit=668%2C445&ssl=1&resize=525%2C300 1.5x"},"classes":[]}],"_links":{"self":[{"href":"https:\/\/larevistadigital.com.ar\/blog\/wp-json\/wp\/v2\/posts\/41164","targetHints":{"allow":["GET"]}}],"collection":[{"href":"https:\/\/larevistadigital.com.ar\/blog\/wp-json\/wp\/v2\/posts"}],"about":[{"href":"https:\/\/larevistadigital.com.ar\/blog\/wp-json\/wp\/v2\/types\/post"}],"author":[{"embeddable":true,"href":"https:\/\/larevistadigital.com.ar\/blog\/wp-json\/wp\/v2\/users\/3"}],"replies":[{"embeddable":true,"href":"https:\/\/larevistadigital.com.ar\/blog\/wp-json\/wp\/v2\/comments?post=41164"}],"version-history":[{"count":3,"href":"https:\/\/larevistadigital.com.ar\/blog\/wp-json\/wp\/v2\/posts\/41164\/revisions"}],"predecessor-version":[{"id":41168,"href":"https:\/\/larevistadigital.com.ar\/blog\/wp-json\/wp\/v2\/posts\/41164\/revisions\/41168"}],"wp:featuredmedia":[{"embeddable":true,"href":"https:\/\/larevistadigital.com.ar\/blog\/wp-json\/wp\/v2\/media\/41165"}],"wp:attachment":[{"href":"https:\/\/larevistadigital.com.ar\/blog\/wp-json\/wp\/v2\/media?parent=41164"}],"wp:term":[{"taxonomy":"category","embeddable":true,"href":"https:\/\/larevistadigital.com.ar\/blog\/wp-json\/wp\/v2\/categories?post=41164"},{"taxonomy":"post_tag","embeddable":true,"href":"https:\/\/larevistadigital.com.ar\/blog\/wp-json\/wp\/v2\/tags?post=41164"}],"curies":[{"name":"wp","href":"https:\/\/api.w.org\/{rel}","templated":true}]}}