{"id":41175,"date":"2025-08-30T14:22:45","date_gmt":"2025-08-30T17:22:45","guid":{"rendered":"https:\/\/larevistadigital.com.ar\/blog\/?p=41175"},"modified":"2025-08-30T14:22:45","modified_gmt":"2025-08-30T17:22:45","slug":"apagon-masivo-afecto-a-dolores-y-distintos-lugares-de-la-region-durante-mas-de-seis-horas","status":"publish","type":"post","link":"https:\/\/larevistadigital.com.ar\/blog\/apagon-masivo-afecto-a-dolores-y-distintos-lugares-de-la-region-durante-mas-de-seis-horas\/","title":{"rendered":"Apag\u00f3n masivo afect\u00f3 a Dolores y distintos lugares de la regi\u00f3n durante m\u00e1s de seis horas"},"content":{"rendered":"<h3 class=\"nota__hero__summary\">Un corte el\u00e9ctrico dej\u00f3 sin suministro a Dolores y localidades vecinas como Tordillo entre las 18 y la medianoche. A la falta de energ\u00eda se sum\u00f3 la interrupci\u00f3n del servicio de agua.<\/h3>\n<p>30 de agosto de 2025<\/p>\n<p data-start=\"194\" data-end=\"507\"><strong>DOLORES\u00a0 &#8211;\u00a0<\/strong>\u00a0 <strong>L<\/strong>a ciudad de Dolores y parte de la regi\u00f3n atravesaron este viernes una extensa interrupci\u00f3n del servicio el\u00e9ctrico que se prolong\u00f3 por m\u00e1s de seis horas. El corte comenz\u00f3 alrededor de las 18 y se extendi\u00f3 hasta la medianoche, afectando tanto a los hogares como al suministro de agua en localidades de la Ruta 2.<\/p>\n<p data-start=\"509\" data-end=\"873\">La empresa distribuidora EDEA inform\u00f3 que la falla se origin\u00f3 en la Estaci\u00f3n Transformadora de la empresa transportista de energ\u00eda, lo que provoc\u00f3 la ca\u00edda general del servicio en Dolores y Tordillo. \u201cEn este momento la distribuidora se encuentra trabajando con la empresa transportista para restablecer el servicio lo antes posible\u201d, se\u00f1alaron en un comunicado.<\/p>\n<p data-start=\"875\" data-end=\"1233\">En las primeras horas del apag\u00f3n, la compa\u00f1\u00eda hab\u00eda indicado que a\u00fan no estaba identificado con claridad el inconveniente que originaba la interrupci\u00f3n, aunque todo apuntaba a un desperfecto en la transportadora de energ\u00eda. Finalmente, el diagn\u00f3stico fue confirmado y, tras varias horas de trabajo, el servicio comenz\u00f3 a normalizarse durante la medianoche.<\/p>\n<p data-start=\"1235\" data-end=\"1455\">La situaci\u00f3n puso en evidencia, una vez m\u00e1s, la dependencia de la regi\u00f3n de un sistema interconectado que, ante fallas estructurales, deja a miles de vecinos sin luz ni agua durante horas cr\u00edticas.<\/p>\n","protected":false},"excerpt":{"rendered":"<div class=\"mh-excerpt\"><p>Un corte el\u00e9ctrico dej\u00f3 sin suministro a Dolores y localidades vecinas como Tordillo entre las 18 y la medianoche. A la falta de energ\u00eda se sum\u00f3 la interrupci\u00f3n del servicio de agua. 30 de agosto <a class=\"mh-excerpt-more\" href=\"https:\/\/larevistadigital.com.ar\/blog\/apagon-masivo-afecto-a-dolores-y-distintos-lugares-de-la-region-durante-mas-de-seis-horas\/\" title=\"Apag\u00f3n masivo afect\u00f3 a Dolores y distintos lugares de la regi\u00f3n durante m\u00e1s de seis horas\">[Leer M\u00e1s]<\/a><\/p>\n<\/div>","protected":false},"author":3,"featured_media":9245,"comment_status":"open","ping_status":"open","sticky":false,"template":"","format":"standard","meta":{"_jetpack_memberships_contains_paid_content":false,"footnotes":"","jetpack_publicize_message":"","jetpack_publicize_feature_enabled":true,"jetpack_social_post_already_shared":true,"jetpack_social_options":{"image_generator_settings":{"template":"highway","default_image_id":0,"font":"","enabled":false},"version":2}},"categories":[51],"tags":[],"class_list":{"0":"post-41175","1":"post","2":"type-post","3":"status-publish","4":"format-standard","5":"has-post-thumbnail","7":"category-regionales"},"jetpack_publicize_connections":[],"jetpack_featured_media_url":"https:\/\/i0.wp.com\/larevistadigital.com.ar\/blog\/wp-content\/uploads\/2019\/03\/810410405c904feca65209eb66a49a3f.jpg?fit=1058%2C791&ssl=1","jetpack_sharing_enabled":true,"jetpack_shortlink":"https:\/\/wp.me\/p8qtrQ-aI7","jetpack-related-posts":[{"id":36801,"url":"https:\/\/larevistadigital.com.ar\/blog\/edea-anuncia-corte-de-energia-para-mantenimiento-en-el-hospital-municipal-san-vicente-de-paul\/","url_meta":{"origin":41175,"position":0},"title":"EDEA ANUNCIA CORTE DE ENERG\u00cdA PARA MANTENIMIENTO EN EL HOSPITAL MUNICIPAL SAN VICENTE DE PAUL.","author":"Alejandro Sosa Ruda","date":"27 julio, 2024","format":false,"excerpt":"La interrupci\u00f3n del suministro no afectar\u00e1 la atenci\u00f3n que ser\u00e1 garantizada gracias a un equipo electr\u00f3geno. 27 de Julio de 2024 CHASCOM\u00daS -\u00a0 La empresa prestadora del servicio de energ\u00eda el\u00e9ctrica, EDEA S.A., realizar\u00e1 un corte programado en el suministro el\u00e9ctrico del Hospital Municipal San Vicente de Paul. El corte\u2026","rel":"","context":"En \u00abINTERES GENERAL\u00bb","block_context":{"text":"INTERES GENERAL","link":"https:\/\/larevistadigital.com.ar\/blog\/category\/interes-general\/"},"img":{"alt_text":"","src":"https:\/\/i0.wp.com\/larevistadigital.com.ar\/blog\/wp-content\/uploads\/66a3d4aa15a63.png?fit=668%2C445&ssl=1&resize=350%2C200","width":350,"height":200,"srcset":"https:\/\/i0.wp.com\/larevistadigital.com.ar\/blog\/wp-content\/uploads\/66a3d4aa15a63.png?fit=668%2C445&ssl=1&resize=350%2C200 1x, https:\/\/i0.wp.com\/larevistadigital.com.ar\/blog\/wp-content\/uploads\/66a3d4aa15a63.png?fit=668%2C445&ssl=1&resize=525%2C300 1.5x"},"classes":[]},{"id":38931,"url":"https:\/\/larevistadigital.com.ar\/blog\/nuevo-apagon-en-el-amba-mas-de-620-000-usuarios-afectados\/","url_meta":{"origin":41175,"position":1},"title":"Nuevo apag\u00f3n en el AMBA: m\u00e1s de 620.000 usuarios afectados","author":"Alejandro Sosa Ruda","date":"5 marzo, 2025","format":false,"excerpt":"Un segundo corte de luz en el d\u00eda genera caos en Buenos Aires 05 de Marzo de 2025 BUENOS AIRES -\u00a0 El \u00c1rea Metropolitana de Buenos Aires (AMBA) sufri\u00f3 un segundo apag\u00f3n este mi\u00e9rcoles, dejando sin suministro el\u00e9ctrico a m\u00e1s de 620.000 usuarios. La falla ocurri\u00f3 alrededor de las 12:40\u2026","rel":"","context":"En \u00abINTERES GENERAL\u00bb","block_context":{"text":"INTERES GENERAL","link":"https:\/\/larevistadigital.com.ar\/blog\/category\/interes-general\/"},"img":{"alt_text":"","src":"https:\/\/i0.wp.com\/larevistadigital.com.ar\/blog\/wp-content\/uploads\/2019\/03\/810410405c904feca65209eb66a49a3f.jpg?fit=1058%2C791&ssl=1&resize=350%2C200","width":350,"height":200,"srcset":"https:\/\/i0.wp.com\/larevistadigital.com.ar\/blog\/wp-content\/uploads\/2019\/03\/810410405c904feca65209eb66a49a3f.jpg?fit=1058%2C791&ssl=1&resize=350%2C200 1x, https:\/\/i0.wp.com\/larevistadigital.com.ar\/blog\/wp-content\/uploads\/2019\/03\/810410405c904feca65209eb66a49a3f.jpg?fit=1058%2C791&ssl=1&resize=525%2C300 1.5x, https:\/\/i0.wp.com\/larevistadigital.com.ar\/blog\/wp-content\/uploads\/2019\/03\/810410405c904feca65209eb66a49a3f.jpg?fit=1058%2C791&ssl=1&resize=700%2C400 2x, https:\/\/i0.wp.com\/larevistadigital.com.ar\/blog\/wp-content\/uploads\/2019\/03\/810410405c904feca65209eb66a49a3f.jpg?fit=1058%2C791&ssl=1&resize=1050%2C600 3x"},"classes":[]},{"id":46653,"url":"https:\/\/larevistadigital.com.ar\/blog\/detectaron-mas-de-115-casos-de-fraude-electrico-en-viviendas-de-la-plata-durante-operativos-de-control\/","url_meta":{"origin":41175,"position":2},"title":"Detectaron m\u00e1s de 115 casos de fraude el\u00e9ctrico en viviendas de La Plata durante operativos de control","author":"Alejandro Sosa Ruda","date":"23 julio, 2026","format":false,"excerpt":"EDELAP inform\u00f3 que descubri\u00f3 m\u00e1s de 115 casos de fraude el\u00e9ctrico en distintos barrios de La Plata. Las inspecciones revelaron conexiones irregulares y maniobras para alterar el registro del consumo de energ\u00eda, una pr\u00e1ctica que constituye un delito y puede derivar en sanciones econ\u00f3micas y penales. 23 de julio de\u2026","rel":"","context":"En \u00abREGIONALES\u00bb","block_context":{"text":"REGIONALES","link":"https:\/\/larevistadigital.com.ar\/blog\/category\/regionales\/"},"img":{"alt_text":"","src":"https:\/\/i0.wp.com\/larevistadigital.com.ar\/blog\/wp-content\/uploads\/Captura-de-pantalla-2026-07-23-122506.jpg?fit=779%2C502&ssl=1&resize=350%2C200","width":350,"height":200,"srcset":"https:\/\/i0.wp.com\/larevistadigital.com.ar\/blog\/wp-content\/uploads\/Captura-de-pantalla-2026-07-23-122506.jpg?fit=779%2C502&ssl=1&resize=350%2C200 1x, https:\/\/i0.wp.com\/larevistadigital.com.ar\/blog\/wp-content\/uploads\/Captura-de-pantalla-2026-07-23-122506.jpg?fit=779%2C502&ssl=1&resize=525%2C300 1.5x, https:\/\/i0.wp.com\/larevistadigital.com.ar\/blog\/wp-content\/uploads\/Captura-de-pantalla-2026-07-23-122506.jpg?fit=779%2C502&ssl=1&resize=700%2C400 2x"},"classes":[]},{"id":43411,"url":"https:\/\/larevistadigital.com.ar\/blog\/que-paso-apagon-masivo-afecto-a-mas-de-800-mil-usuarios-en-el-amba-en-plena-ola-de-calor\/","url_meta":{"origin":41175,"position":3},"title":"Qu\u00e9 pas\u00f3? Apag\u00f3n masivo afect\u00f3 a m\u00e1s de 800 mil usuarios en el AMBA en plena ola de calor","author":"Alejandro Sosa Ruda","date":"16 enero, 2026","format":false,"excerpt":"Una falla en l\u00edneas de alta tensi\u00f3n de Edenor provoc\u00f3 un corte de luz que impact\u00f3 en barrios de la Ciudad de Buenos Aires y el norte y oeste del conurbano bonaerense. El servicio qued\u00f3 totalmente restablecido hacia la tarde. 16 de enero de 2026 Un corte de energ\u00eda el\u00e9ctrica\u2026","rel":"","context":"En \u00abINTERES GENERAL\u00bb","block_context":{"text":"INTERES GENERAL","link":"https:\/\/larevistadigital.com.ar\/blog\/category\/interes-general\/"},"img":{"alt_text":"","src":"https:\/\/i0.wp.com\/larevistadigital.com.ar\/blog\/wp-content\/uploads\/Captura-de-pantalla-2026-01-16-015139.jpg?fit=912%2C498&ssl=1&resize=350%2C200","width":350,"height":200,"srcset":"https:\/\/i0.wp.com\/larevistadigital.com.ar\/blog\/wp-content\/uploads\/Captura-de-pantalla-2026-01-16-015139.jpg?fit=912%2C498&ssl=1&resize=350%2C200 1x, https:\/\/i0.wp.com\/larevistadigital.com.ar\/blog\/wp-content\/uploads\/Captura-de-pantalla-2026-01-16-015139.jpg?fit=912%2C498&ssl=1&resize=525%2C300 1.5x, https:\/\/i0.wp.com\/larevistadigital.com.ar\/blog\/wp-content\/uploads\/Captura-de-pantalla-2026-01-16-015139.jpg?fit=912%2C498&ssl=1&resize=700%2C400 2x"},"classes":[]},{"id":34937,"url":"https:\/\/larevistadigital.com.ar\/blog\/firman-convenio-energetico-que-beneficiara-a-370-000-bonaerenses\/","url_meta":{"origin":41175,"position":4},"title":"FIRMAN CONVENIO ENERG\u00c9TICO QUE BENEFICIAR\u00c1 A 370.000 BONAERENSES","author":"Alejandro Sosa Ruda","date":"27 diciembre, 2023","format":false,"excerpt":"El Ministerio de Infraestructura y Servicios P\u00fablicos, a trav\u00e9s de la Subsecretar\u00eda de Energ\u00eda, inici\u00f3 el proceso para la licitaci\u00f3n de la construcci\u00f3n de una L\u00ednea de Alta Tensi\u00f3n (LAT) que reforzar\u00e1 el abastecimiento de energ\u00eda y evitar\u00e1 las restricciones de demanda en las distintas localidades de los municipios 9\u2026","rel":"","context":"En \u00abREGIONALES\u00bb","block_context":{"text":"REGIONALES","link":"https:\/\/larevistadigital.com.ar\/blog\/category\/regionales\/"},"img":{"alt_text":"","src":"https:\/\/i0.wp.com\/larevistadigital.com.ar\/blog\/wp-content\/uploads\/20231227144512_energia-licitacion-construccion-linea-alta-tension.jpg?fit=880%2C512&ssl=1&resize=350%2C200","width":350,"height":200,"srcset":"https:\/\/i0.wp.com\/larevistadigital.com.ar\/blog\/wp-content\/uploads\/20231227144512_energia-licitacion-construccion-linea-alta-tension.jpg?fit=880%2C512&ssl=1&resize=350%2C200 1x, https:\/\/i0.wp.com\/larevistadigital.com.ar\/blog\/wp-content\/uploads\/20231227144512_energia-licitacion-construccion-linea-alta-tension.jpg?fit=880%2C512&ssl=1&resize=525%2C300 1.5x, https:\/\/i0.wp.com\/larevistadigital.com.ar\/blog\/wp-content\/uploads\/20231227144512_energia-licitacion-construccion-linea-alta-tension.jpg?fit=880%2C512&ssl=1&resize=700%2C400 2x"},"classes":[]},{"id":10161,"url":"https:\/\/larevistadigital.com.ar\/blog\/dolores-nuevo-tendido-electrico-en-la-escuela-agropecuaria\/","url_meta":{"origin":41175,"position":5},"title":"DOLORES: NUEVO TENDIDO EL\u00c9CTRICO EN LA ESCUELA AGROPECUARIA","author":"Alejandro Sosa Ruda","date":"14 mayo, 2019","format":false,"excerpt":"En la Escuela de Educaci\u00f3n Secundaria Agraria N\u00ba 1 \u201cOsvaldo Magnasco\u201d, se esta realizando una importante obra de electrificaci\u00f3n. El establecimiento educativo fue visitado por el Intendente Camilo Etchevarren y el Secretario de Educaci\u00f3n Gast\u00f3n Gar\u00f3falo, quienes fueron recibidos por la Directora Karina D\u2019Amore y el Jefe de \u00c1reas Marcelo\u2026","rel":"","context":"En \u00abDOLORES\u00bb","block_context":{"text":"DOLORES","link":"https:\/\/larevistadigital.com.ar\/blog\/category\/dolores\/"},"img":{"alt_text":"","src":"https:\/\/i0.wp.com\/larevistadigital.com.ar\/blog\/wp-content\/uploads\/2019\/05\/60206051_2323277787948411_6682095992969363456_n.jpg?fit=960%2C640&ssl=1&resize=350%2C200","width":350,"height":200,"srcset":"https:\/\/i0.wp.com\/larevistadigital.com.ar\/blog\/wp-content\/uploads\/2019\/05\/60206051_2323277787948411_6682095992969363456_n.jpg?fit=960%2C640&ssl=1&resize=350%2C200 1x, https:\/\/i0.wp.com\/larevistadigital.com.ar\/blog\/wp-content\/uploads\/2019\/05\/60206051_2323277787948411_6682095992969363456_n.jpg?fit=960%2C640&ssl=1&resize=525%2C300 1.5x, https:\/\/i0.wp.com\/larevistadigital.com.ar\/blog\/wp-content\/uploads\/2019\/05\/60206051_2323277787948411_6682095992969363456_n.jpg?fit=960%2C640&ssl=1&resize=700%2C400 2x"},"classes":[]}],"_links":{"self":[{"href":"https:\/\/larevistadigital.com.ar\/blog\/wp-json\/wp\/v2\/posts\/41175","targetHints":{"allow":["GET"]}}],"collection":[{"href":"https:\/\/larevistadigital.com.ar\/blog\/wp-json\/wp\/v2\/posts"}],"about":[{"href":"https:\/\/larevistadigital.com.ar\/blog\/wp-json\/wp\/v2\/types\/post"}],"author":[{"embeddable":true,"href":"https:\/\/larevistadigital.com.ar\/blog\/wp-json\/wp\/v2\/users\/3"}],"replies":[{"embeddable":true,"href":"https:\/\/larevistadigital.com.ar\/blog\/wp-json\/wp\/v2\/comments?post=41175"}],"version-history":[{"count":1,"href":"https:\/\/larevistadigital.com.ar\/blog\/wp-json\/wp\/v2\/posts\/41175\/revisions"}],"predecessor-version":[{"id":41176,"href":"https:\/\/larevistadigital.com.ar\/blog\/wp-json\/wp\/v2\/posts\/41175\/revisions\/41176"}],"wp:featuredmedia":[{"embeddable":true,"href":"https:\/\/larevistadigital.com.ar\/blog\/wp-json\/wp\/v2\/media\/9245"}],"wp:attachment":[{"href":"https:\/\/larevistadigital.com.ar\/blog\/wp-json\/wp\/v2\/media?parent=41175"}],"wp:term":[{"taxonomy":"category","embeddable":true,"href":"https:\/\/larevistadigital.com.ar\/blog\/wp-json\/wp\/v2\/categories?post=41175"},{"taxonomy":"post_tag","embeddable":true,"href":"https:\/\/larevistadigital.com.ar\/blog\/wp-json\/wp\/v2\/tags?post=41175"}],"curies":[{"name":"wp","href":"https:\/\/api.w.org\/{rel}","templated":true}]}}