{"id":41297,"date":"2025-09-04T23:24:19","date_gmt":"2025-09-05T02:24:19","guid":{"rendered":"https:\/\/larevistadigital.com.ar\/blog\/?p=41297"},"modified":"2025-09-04T23:24:19","modified_gmt":"2025-09-05T02:24:19","slug":"comienza-la-veda-electoral","status":"publish","type":"post","link":"https:\/\/larevistadigital.com.ar\/blog\/comienza-la-veda-electoral\/","title":{"rendered":"Comienza la veda electoral"},"content":{"rendered":"<h3 class=\"excerpt\">El domingo 7 se realizar\u00e1n las elecciones provinciales y regir\u00e1 la veda desde el viernes a las 8 hasta el domingo a las 21, con restricciones en actos, propaganda y venta de alcohol.<\/h3>\n<p>04 de septiembre de 2025<\/p>\n<div id=\"miDiv1\" class=\"text\">\n<p><strong>CHASCOM\u00daS &#8211;\u00a0<\/strong> De acuerdo con la ley electoral, existen restricciones que se deben cumplir 48 horas antes de la elecci\u00f3n. As\u00ed, quedan prohibidas las siguientes actividades:<\/p>\n<p>-Realizar actos p\u00fablicos de campa\u00f1a<\/p>\n<p>-Emitir o difundir propaganda electoral en medios tradicionales, digitales o redes sociales.<\/p>\n<p>&#8211; Abrir locales partidarios dentro de un radio de 80 metros del lugar donde funcionen mesas receptoras de votos.<\/p>\n<p>-Publicar encuestas, estudios de opini\u00f3n, sondeos o proyecciones.<\/p>\n<p>-Realizar espect\u00e1culos, fiestas teatrales, actividades deportivas y cualquier reuni\u00f3n p\u00fablica que no se refieran al acto electoral.<\/p>\n<p>-Ofrecer o entregar boletas de sufragio dentro de un radio de ochenta metros de los lugares de votaci\u00f3n.<\/p>\n<p>-La portaci\u00f3n de armas, el uso de banderas, divisas u otros distintivos.<\/p>\n<p>-Est\u00e1 prohibido tomar fotograf\u00edas de la boleta durante el acto electoral.<\/p>\n<p>Adem\u00e1s, entre las restricciones est\u00e1 prohibido vender y\/o consumir bebidas alcoh\u00f3licas desde el s\u00e1bado 6 de septiembre a las 20 horas hasta el domingo 7 de septiembre a las 21.<\/p>\n<p>La Junta Electoral puede disponer el cierre de locales que incumplan la normativa.<\/p>\n<p>Mientras que l<\/p>\n<\/div>\n","protected":false},"excerpt":{"rendered":"<div class=\"mh-excerpt\"><p>El domingo 7 se realizar\u00e1n las elecciones provinciales y regir\u00e1 la veda desde el viernes a las 8 hasta el domingo a las 21, con restricciones en actos, propaganda y venta de alcohol. 04 de <a class=\"mh-excerpt-more\" href=\"https:\/\/larevistadigital.com.ar\/blog\/comienza-la-veda-electoral\/\" title=\"Comienza la veda electoral\">[Leer M\u00e1s]<\/a><\/p>\n<\/div>","protected":false},"author":3,"featured_media":41298,"comment_status":"open","ping_status":"open","sticky":false,"template":"","format":"standard","meta":{"_jetpack_memberships_contains_paid_content":false,"footnotes":"","jetpack_publicize_message":"","jetpack_publicize_feature_enabled":true,"jetpack_social_post_already_shared":true,"jetpack_social_options":{"image_generator_settings":{"template":"highway","default_image_id":0,"font":"","enabled":false},"version":2}},"categories":[50],"tags":[],"class_list":{"0":"post-41297","1":"post","2":"type-post","3":"status-publish","4":"format-standard","5":"has-post-thumbnail","7":"category-interes-general"},"jetpack_publicize_connections":[],"jetpack_featured_media_url":"https:\/\/i0.wp.com\/larevistadigital.com.ar\/blog\/wp-content\/uploads\/68b9c7055c311.png?fit=668%2C445&ssl=1","jetpack_sharing_enabled":true,"jetpack_shortlink":"https:\/\/wp.me\/p8qtrQ-aK5","jetpack-related-posts":[{"id":1211,"url":"https:\/\/larevistadigital.com.ar\/blog\/fue-aprobado-el-cronograma-electoral-que-dias-se-votara-aqui-te-lo-contamos\/","url_meta":{"origin":41297,"position":0},"title":"FUE APROBADO EL CRONOGRAMA ELECTORAL \u00bfQU\u00c9 DIAS SE VOTARA? AQU\u00cd TE LO CONTAMOS","author":"Alejandro Sosa Ruda","date":"15 marzo, 2017","format":false,"excerpt":"El cronograma para las pr\u00f3ximas elecciones nacionales fue aprobado por la C\u00e1mara Nacional Electoral, en donde ha quedado establecido que las elecciones Primarias, Abiertas, Simult\u00e1neas y Obligatorias (PASO) se van a realizar el pr\u00f3ximo 13 de agosto, y las elecciones generales el 22 de octubre. Tambi\u00e9n fueron fijados los plazos\u2026","rel":"","context":"En \u00abDESTACADAS\u00bb","block_context":{"text":"DESTACADAS","link":"https:\/\/larevistadigital.com.ar\/blog\/category\/destacadas\/"},"img":{"alt_text":"","src":"https:\/\/i0.wp.com\/larevistadigital.com.ar\/blog\/wp-content\/uploads\/2017\/03\/elecciones.jpg?fit=1200%2C900&ssl=1&resize=350%2C200","width":350,"height":200,"srcset":"https:\/\/i0.wp.com\/larevistadigital.com.ar\/blog\/wp-content\/uploads\/2017\/03\/elecciones.jpg?fit=1200%2C900&ssl=1&resize=350%2C200 1x, https:\/\/i0.wp.com\/larevistadigital.com.ar\/blog\/wp-content\/uploads\/2017\/03\/elecciones.jpg?fit=1200%2C900&ssl=1&resize=525%2C300 1.5x, https:\/\/i0.wp.com\/larevistadigital.com.ar\/blog\/wp-content\/uploads\/2017\/03\/elecciones.jpg?fit=1200%2C900&ssl=1&resize=700%2C400 2x, https:\/\/i0.wp.com\/larevistadigital.com.ar\/blog\/wp-content\/uploads\/2017\/03\/elecciones.jpg?fit=1200%2C900&ssl=1&resize=1050%2C600 3x"},"classes":[]},{"id":20199,"url":"https:\/\/larevistadigital.com.ar\/blog\/luego-del-acuerdo-para-postergar-las-elecciones-como-sera-el-proximo-cronograma-electoral\/","url_meta":{"origin":41297,"position":1},"title":"LUEGO DEL ACUERDO PARA POSTERGAR LAS ELECCI\u00d3NES, \u00bfC\u00d3MO SER\u00c1 EL PR\u00d3XIMO CRONOGRAMA ELECTORAL?","author":"Alejandro Sosa Ruda","date":"10 mayo, 2021","format":false,"excerpt":"La postergaci\u00f3n acordada entre el Frente de Todos y Juntos por Cambio estableci\u00f3 un nuevo cronograma para todos los pasos previos que deben cumplirse. El Gobierno y la oposici\u00f3n llegaron a un acuerdo para postergar las elecciones Primarias, Abiertas, Simult\u00e1neas y Obligatorias (PASO). El acuerdo qued\u00f3 sellado durante una reuni\u00f3n\u2026","rel":"","context":"En \u00abINTERES GENERAL\u00bb","block_context":{"text":"INTERES GENERAL","link":"https:\/\/larevistadigital.com.ar\/blog\/category\/interes-general\/"},"img":{"alt_text":"","src":"https:\/\/i0.wp.com\/larevistadigital.com.ar\/blog\/wp-content\/uploads\/ELECCIONES.jpg?fit=1200%2C672&ssl=1&resize=350%2C200","width":350,"height":200,"srcset":"https:\/\/i0.wp.com\/larevistadigital.com.ar\/blog\/wp-content\/uploads\/ELECCIONES.jpg?fit=1200%2C672&ssl=1&resize=350%2C200 1x, https:\/\/i0.wp.com\/larevistadigital.com.ar\/blog\/wp-content\/uploads\/ELECCIONES.jpg?fit=1200%2C672&ssl=1&resize=525%2C300 1.5x, https:\/\/i0.wp.com\/larevistadigital.com.ar\/blog\/wp-content\/uploads\/ELECCIONES.jpg?fit=1200%2C672&ssl=1&resize=700%2C400 2x, https:\/\/i0.wp.com\/larevistadigital.com.ar\/blog\/wp-content\/uploads\/ELECCIONES.jpg?fit=1200%2C672&ssl=1&resize=1050%2C600 3x"},"classes":[]},{"id":20532,"url":"https:\/\/larevistadigital.com.ar\/blog\/nuevas-medidas-chascomus-a-fase-2-te-contamos-cuales-son-las-restricciones\/","url_meta":{"origin":41297,"position":2},"title":"NUEVAS MEDIDAS: CHASCOM\u00daS A FASE 2. TE CONTAMOS CUALES SON LAS RESTRICCIONES","author":"Alejandro Sosa Ruda","date":"29 mayo, 2021","format":false,"excerpt":"Desde el \u00e1rea de Prensa de la Municipalidad de Chascom\u00fas, hicieron llegar a nuestra redacci\u00f3n, una comunicaci\u00f3n donde explica los alcances de las nuevas medidas en raz\u00f3n de haber pasado la ciudad a FASE 2. EL COMUNICADO A partir de los anuncios del gobierno provincial se estableci\u00f3 un sistema de\u2026","rel":"","context":"En \u00abCHASCOM\u00daS\u00bb","block_context":{"text":"CHASCOM\u00daS","link":"https:\/\/larevistadigital.com.ar\/blog\/category\/chascomus\/"},"img":{"alt_text":"","src":"https:\/\/i0.wp.com\/larevistadigital.com.ar\/blog\/wp-content\/uploads\/a-fase-2.jpg?fit=900%2C599&ssl=1&resize=350%2C200","width":350,"height":200,"srcset":"https:\/\/i0.wp.com\/larevistadigital.com.ar\/blog\/wp-content\/uploads\/a-fase-2.jpg?fit=900%2C599&ssl=1&resize=350%2C200 1x, https:\/\/i0.wp.com\/larevistadigital.com.ar\/blog\/wp-content\/uploads\/a-fase-2.jpg?fit=900%2C599&ssl=1&resize=525%2C300 1.5x, https:\/\/i0.wp.com\/larevistadigital.com.ar\/blog\/wp-content\/uploads\/a-fase-2.jpg?fit=900%2C599&ssl=1&resize=700%2C400 2x"},"classes":[]},{"id":21878,"url":"https:\/\/larevistadigital.com.ar\/blog\/inspectoria-muy-preocupada-por-retirar-los-carteles-de-campana-como-si-las-fotos-cobraran-vida-y-no-respetaran-los-protocolos\/","url_meta":{"origin":41297,"position":3},"title":"INSPECTOR\u00cdA MUY PREOCUPADA POR RETIRAR LOS CARTELES DE CAMPA\u00d1A&#8230; (COMO SI LAS FOTOS COBRARAN VIDA Y NO RESPETARAN LOS PROTOCOLOS)","author":"Alejandro Sosa Ruda","date":"6 septiembre, 2021","format":false,"excerpt":"CHASCOM\u00daS -\u00a0 En la noche del s\u00e1bado, personal de inspector\u00eda procedi\u00f3 a retirar de la v\u00eda p\u00fablica carteles de propaganda electoral, aduciendo que \"No puede haber carteles fijos\", por lo que deben colocarse y retirarse de noche, cerrando su argumento con un \"si no se retiran de noche, es como\u2026","rel":"","context":"En \u00abINTERES GENERAL\u00bb","block_context":{"text":"INTERES GENERAL","link":"https:\/\/larevistadigital.com.ar\/blog\/category\/interes-general\/"},"img":{"alt_text":"","src":"https:\/\/i0.wp.com\/larevistadigital.com.ar\/blog\/wp-content\/uploads\/WhatsApp-Image-2021-09-05-at-12.03.34-e1630902553578.jpeg?fit=720%2C752&ssl=1&resize=350%2C200","width":350,"height":200,"srcset":"https:\/\/i0.wp.com\/larevistadigital.com.ar\/blog\/wp-content\/uploads\/WhatsApp-Image-2021-09-05-at-12.03.34-e1630902553578.jpeg?fit=720%2C752&ssl=1&resize=350%2C200 1x, https:\/\/i0.wp.com\/larevistadigital.com.ar\/blog\/wp-content\/uploads\/WhatsApp-Image-2021-09-05-at-12.03.34-e1630902553578.jpeg?fit=720%2C752&ssl=1&resize=525%2C300 1.5x, https:\/\/i0.wp.com\/larevistadigital.com.ar\/blog\/wp-content\/uploads\/WhatsApp-Image-2021-09-05-at-12.03.34-e1630902553578.jpeg?fit=720%2C752&ssl=1&resize=700%2C400 2x"},"classes":[]},{"id":21837,"url":"https:\/\/larevistadigital.com.ar\/blog\/gustavo-lopez-visito-lezama-en-el-marco-de-su-recorrida-por-la-5ta-seccion-electoral\/","url_meta":{"origin":41297,"position":4},"title":"GUSTAVO LOPEZ VISIT\u00d3 LEZAMA EN EL MARCO DE  SU RECORRIDA POR LA 5ta SECCION ELECTORAL","author":"Alejandro Sosa Ruda","date":"2 septiembre, 2021","format":false,"excerpt":"El precandidato a senador provincial, Gustavo L\u00f3pez, contin\u00faa caminando la 5ta Secci\u00f3n electoral, para dialogar con los vecinos de cada una de las ciudades, para escucharlos y contarles que \u201ctenemos un proyecto esperanzador junto a Facundo Manes, transformar la Argentina con la revoluci\u00f3n del conocimiento, con educaci\u00f3n de calidad, con\u2026","rel":"","context":"En \u00abINTERES GENERAL\u00bb","block_context":{"text":"INTERES GENERAL","link":"https:\/\/larevistadigital.com.ar\/blog\/category\/interes-general\/"},"img":{"alt_text":"","src":"https:\/\/i0.wp.com\/larevistadigital.com.ar\/blog\/wp-content\/uploads\/WhatsApp-Image-2021-09-02-at-19.59.52.jpeg?fit=717%2C958&ssl=1&resize=350%2C200","width":350,"height":200,"srcset":"https:\/\/i0.wp.com\/larevistadigital.com.ar\/blog\/wp-content\/uploads\/WhatsApp-Image-2021-09-02-at-19.59.52.jpeg?fit=717%2C958&ssl=1&resize=350%2C200 1x, https:\/\/i0.wp.com\/larevistadigital.com.ar\/blog\/wp-content\/uploads\/WhatsApp-Image-2021-09-02-at-19.59.52.jpeg?fit=717%2C958&ssl=1&resize=525%2C300 1.5x, https:\/\/i0.wp.com\/larevistadigital.com.ar\/blog\/wp-content\/uploads\/WhatsApp-Image-2021-09-02-at-19.59.52.jpeg?fit=717%2C958&ssl=1&resize=700%2C400 2x"},"classes":[]},{"id":3094,"url":"https:\/\/larevistadigital.com.ar\/blog\/chascomus-por-el-mal-estado-de-los-caminos-la-junta-electoral-reprogaramo-las-mesas\/","url_meta":{"origin":41297,"position":5},"title":"CHASCOM\u00daS: POR EL MAL ESTADO DE LOS CAMINOS, LA JUNTA ELECTORAL REPROGARAM\u00d3 LAS MESAS","author":"Alejandro Sosa Ruda","date":"13 agosto, 2017","format":false,"excerpt":"Con motivo del terrible estado de los caminos rurales en el distrito de Chascom\u00fas, la Junta Electoral reprogram\u00f3 las mesas correspondientes al acto electoral de las PASO. Quienes deber\u00edan votar en la escuela 34, en el paraje de Manantiales deber\u00e1n hacerlo en la escuela N\u00b0 31 de Barrio Parque Girado.\u2026","rel":"","context":"En \u00abCHASCOM\u00daS\u00bb","block_context":{"text":"CHASCOM\u00daS","link":"https:\/\/larevistadigital.com.ar\/blog\/category\/chascomus\/"},"img":{"alt_text":"","src":"https:\/\/i0.wp.com\/larevistadigital.com.ar\/blog\/wp-content\/uploads\/2017\/08\/descarga.jpg?fit=650%2C442&ssl=1&resize=350%2C200","width":350,"height":200,"srcset":"https:\/\/i0.wp.com\/larevistadigital.com.ar\/blog\/wp-content\/uploads\/2017\/08\/descarga.jpg?fit=650%2C442&ssl=1&resize=350%2C200 1x, https:\/\/i0.wp.com\/larevistadigital.com.ar\/blog\/wp-content\/uploads\/2017\/08\/descarga.jpg?fit=650%2C442&ssl=1&resize=525%2C300 1.5x"},"classes":[]}],"_links":{"self":[{"href":"https:\/\/larevistadigital.com.ar\/blog\/wp-json\/wp\/v2\/posts\/41297","targetHints":{"allow":["GET"]}}],"collection":[{"href":"https:\/\/larevistadigital.com.ar\/blog\/wp-json\/wp\/v2\/posts"}],"about":[{"href":"https:\/\/larevistadigital.com.ar\/blog\/wp-json\/wp\/v2\/types\/post"}],"author":[{"embeddable":true,"href":"https:\/\/larevistadigital.com.ar\/blog\/wp-json\/wp\/v2\/users\/3"}],"replies":[{"embeddable":true,"href":"https:\/\/larevistadigital.com.ar\/blog\/wp-json\/wp\/v2\/comments?post=41297"}],"version-history":[{"count":1,"href":"https:\/\/larevistadigital.com.ar\/blog\/wp-json\/wp\/v2\/posts\/41297\/revisions"}],"predecessor-version":[{"id":41299,"href":"https:\/\/larevistadigital.com.ar\/blog\/wp-json\/wp\/v2\/posts\/41297\/revisions\/41299"}],"wp:featuredmedia":[{"embeddable":true,"href":"https:\/\/larevistadigital.com.ar\/blog\/wp-json\/wp\/v2\/media\/41298"}],"wp:attachment":[{"href":"https:\/\/larevistadigital.com.ar\/blog\/wp-json\/wp\/v2\/media?parent=41297"}],"wp:term":[{"taxonomy":"category","embeddable":true,"href":"https:\/\/larevistadigital.com.ar\/blog\/wp-json\/wp\/v2\/categories?post=41297"},{"taxonomy":"post_tag","embeddable":true,"href":"https:\/\/larevistadigital.com.ar\/blog\/wp-json\/wp\/v2\/tags?post=41297"}],"curies":[{"name":"wp","href":"https:\/\/api.w.org\/{rel}","templated":true}]}}