{"id":41308,"date":"2025-09-05T17:37:30","date_gmt":"2025-09-05T20:37:30","guid":{"rendered":"https:\/\/larevistadigital.com.ar\/blog\/?p=41308"},"modified":"2025-09-05T17:37:30","modified_gmt":"2025-09-05T20:37:30","slug":"chascomus-trabajos-de-renovacion-de-carteleria-vial","status":"publish","type":"post","link":"https:\/\/larevistadigital.com.ar\/blog\/chascomus-trabajos-de-renovacion-de-carteleria-vial\/","title":{"rendered":"Chascom\u00fas: Trabajos de renovaci\u00f3n de carteler\u00eda vial"},"content":{"rendered":"<h3 class=\"excerpt\">Se realizaron tareas en el barrio Los Eucaliptos y en espacios reservados para personas con discapacidad.<\/h3>\n<div id=\"miDiv1\" class=\"text\">\n<p>05 de saptiembre de 2025<\/p>\n<p><strong>CHASCOM\u00daS &#8211;\u00a0<\/strong> \u00a0La Municipalidad de Chascom\u00fas contin\u00faa con la renovaci\u00f3n de carteler\u00eda y se\u00f1al\u00e9tica vial en distintos puntos de la ciudad.<\/p>\n<blockquote>\n<h3>Durante la \u00faltima semana, agentes de la Direcci\u00f3n de Seguridad Vial y personal de Defensa Civil, bajo la coordinaci\u00f3n del Observatorio Vial Municipal, llevaron adelante la colocaci\u00f3n de nuevos carteles con nombre de calles en el barrio Los Eucaliptos.<\/h3>\n<\/blockquote>\n<p>En paralelo, se desarroll\u00f3 el recambio de chapones deteriorados y la instalaci\u00f3n de carteles que incorporan el nuevo logotipo de discapacidad en sectores donde se encuentran espacios de estacionamiento reservados.<\/p>\n<p>Estas tareas estuvieron a cargo de trabajadores municipales y forman parte del plan de se\u00f1alizaci\u00f3n que se ejecuta progresivamente en distintos barrios para facilitar la orientaci\u00f3n de los usuarios de la v\u00eda p\u00fablica.<\/p>\n<\/div>\n","protected":false},"excerpt":{"rendered":"<div class=\"mh-excerpt\"><p>Se realizaron tareas en el barrio Los Eucaliptos y en espacios reservados para personas con discapacidad. 05 de saptiembre de 2025 CHASCOM\u00daS &#8211;\u00a0 \u00a0La Municipalidad de Chascom\u00fas contin\u00faa con la renovaci\u00f3n de carteler\u00eda y se\u00f1al\u00e9tica <a class=\"mh-excerpt-more\" href=\"https:\/\/larevistadigital.com.ar\/blog\/chascomus-trabajos-de-renovacion-de-carteleria-vial\/\" title=\"Chascom\u00fas: Trabajos de renovaci\u00f3n de carteler\u00eda vial\">[Leer M\u00e1s]<\/a><\/p>\n<\/div>","protected":false},"author":3,"featured_media":41309,"comment_status":"open","ping_status":"open","sticky":false,"template":"","format":"standard","meta":{"_jetpack_memberships_contains_paid_content":false,"footnotes":"","jetpack_publicize_message":"","jetpack_publicize_feature_enabled":true,"jetpack_social_post_already_shared":true,"jetpack_social_options":{"image_generator_settings":{"template":"highway","default_image_id":0,"font":"","enabled":false},"version":2}},"categories":[6],"tags":[],"class_list":{"0":"post-41308","1":"post","2":"type-post","3":"status-publish","4":"format-standard","5":"has-post-thumbnail","7":"category-chascomus"},"jetpack_publicize_connections":[],"jetpack_featured_media_url":"https:\/\/i0.wp.com\/larevistadigital.com.ar\/blog\/wp-content\/uploads\/68bb1785daff5.png?fit=668%2C445&ssl=1","jetpack_sharing_enabled":true,"jetpack_shortlink":"https:\/\/wp.me\/p8qtrQ-aKg","jetpack-related-posts":[{"id":23768,"url":"https:\/\/larevistadigital.com.ar\/blog\/se-realizo-un-operativo-vial-y-colocacion-de-carteleria-en-barrio-parque-girado\/","url_meta":{"origin":41308,"position":0},"title":"[CON AUDIOS Y GALER\u00cdA DE FOTOS] SE REALIZ\u00d3 UN OPERATIVO VIAL, Y COLOCACI\u00d3N DE CARTELER\u00cdA EN BARRIO PARQUE GIRADO","author":"Alejandro Sosa Ruda","date":"2 febrero, 2022","format":false,"excerpt":"Mariela Moscarella dej\u00f3 una muy buena imagen con los vecinos de Barrio Parque Girado, por la celeridad con que se los atendi\u00f3 desde la Secretar\u00eda, ya que el lunes se reunieron y hoy encuentran una respuesta Por Juan Lemik CHASCOM\u00daS\u00a0 - Finalmente se realiz\u00f3 el operativo de control vehicular y\u2026","rel":"","context":"En \u00abDESTACADAS\u00bb","block_context":{"text":"DESTACADAS","link":"https:\/\/larevistadigital.com.ar\/blog\/category\/destacadas\/"},"img":{"alt_text":"","src":"https:\/\/i0.wp.com\/larevistadigital.com.ar\/blog\/wp-content\/uploads\/WhatsApp-Image-2022-02-02-at-10.47.42.jpeg?fit=1200%2C675&ssl=1&resize=350%2C200","width":350,"height":200,"srcset":"https:\/\/i0.wp.com\/larevistadigital.com.ar\/blog\/wp-content\/uploads\/WhatsApp-Image-2022-02-02-at-10.47.42.jpeg?fit=1200%2C675&ssl=1&resize=350%2C200 1x, https:\/\/i0.wp.com\/larevistadigital.com.ar\/blog\/wp-content\/uploads\/WhatsApp-Image-2022-02-02-at-10.47.42.jpeg?fit=1200%2C675&ssl=1&resize=525%2C300 1.5x, https:\/\/i0.wp.com\/larevistadigital.com.ar\/blog\/wp-content\/uploads\/WhatsApp-Image-2022-02-02-at-10.47.42.jpeg?fit=1200%2C675&ssl=1&resize=700%2C400 2x, https:\/\/i0.wp.com\/larevistadigital.com.ar\/blog\/wp-content\/uploads\/WhatsApp-Image-2022-02-02-at-10.47.42.jpeg?fit=1200%2C675&ssl=1&resize=1050%2C600 3x"},"classes":[]},{"id":36722,"url":"https:\/\/larevistadigital.com.ar\/blog\/chascomus-atencion-barrio-escribano-las-calles-rio-negro-y-chubut-seran-mano-unica\/","url_meta":{"origin":41308,"position":1},"title":"CHASCOM\u00daS: ATENCI\u00d3N BARRIO ESCRIBANO. LAS CALLES R\u00cdO NEGRO Y CHUBUT SER\u00c1N MANO \u00daNICA","author":"Alejandro Sosa Ruda","date":"17 julio, 2024","format":false,"excerpt":"Las dos v\u00edas que atraviesan de norte a sur el barrio Escribano cambiar\u00e1n el sentido de circulaci\u00f3n 17 de Julio de 2024 CHASCOM\u00daS -\u00a0 En el marco de lo dispuesto por la Ordenanza N\u00b05028 y a partir de los trabajos de pavimentaci\u00f3n ya finalizados, las calles R\u00edo Negro y Chubut\u2026","rel":"","context":"En \u00abCHASCOM\u00daS\u00bb","block_context":{"text":"CHASCOM\u00daS","link":"https:\/\/larevistadigital.com.ar\/blog\/category\/chascomus\/"},"img":{"alt_text":"","src":"https:\/\/i0.wp.com\/larevistadigital.com.ar\/blog\/wp-content\/uploads\/66980aae9535d.png?fit=668%2C445&ssl=1&resize=350%2C200","width":350,"height":200,"srcset":"https:\/\/i0.wp.com\/larevistadigital.com.ar\/blog\/wp-content\/uploads\/66980aae9535d.png?fit=668%2C445&ssl=1&resize=350%2C200 1x, https:\/\/i0.wp.com\/larevistadigital.com.ar\/blog\/wp-content\/uploads\/66980aae9535d.png?fit=668%2C445&ssl=1&resize=525%2C300 1.5x"},"classes":[]},{"id":43501,"url":"https:\/\/larevistadigital.com.ar\/blog\/chascomus-comenzaron-los-trabajos-de-acondicionamiento-de-calles-en-el-barrio-la-pampita\/","url_meta":{"origin":41308,"position":2},"title":"Chascom\u00fas: Comenzaron los trabajos de acondicionamiento de calles en el barrio La Pampita","author":"Alejandro Sosa Ruda","date":"20 enero, 2026","format":false,"excerpt":"Contin\u00faa el acondicionamiento de calles en distintos puntos de la ciudad. 20 de enero de 2026 CHASCOM\u00daS -\u00a0 \u00a0La Municipalidad de Chascom\u00fas avanza con los trabajos de acondicionamiento de calles en el barrio La Pampita, en una nueva etapa de la intervenci\u00f3n vial que busca mejorar la transitabilidad y las\u2026","rel":"","context":"En \u00abCHASCOM\u00daS\u00bb","block_context":{"text":"CHASCOM\u00daS","link":"https:\/\/larevistadigital.com.ar\/blog\/category\/chascomus\/"},"img":{"alt_text":"","src":"https:\/\/i0.wp.com\/larevistadigital.com.ar\/blog\/wp-content\/uploads\/696fc46dcaceb.png?fit=668%2C445&ssl=1&resize=350%2C200","width":350,"height":200,"srcset":"https:\/\/i0.wp.com\/larevistadigital.com.ar\/blog\/wp-content\/uploads\/696fc46dcaceb.png?fit=668%2C445&ssl=1&resize=350%2C200 1x, https:\/\/i0.wp.com\/larevistadigital.com.ar\/blog\/wp-content\/uploads\/696fc46dcaceb.png?fit=668%2C445&ssl=1&resize=525%2C300 1.5x"},"classes":[]},{"id":21666,"url":"https:\/\/larevistadigital.com.ar\/blog\/juntos-por-chascomus-presento-una-iniciativa-por-la-distribucion-de-la-tasa-de-mantenimiento-vial-y-senaletica\/","url_meta":{"origin":41308,"position":3},"title":"JUNTOS POR CHASCOM\u00daS PRESENT\u00d3 UNA INICIATIVA POR LA DISTRIBUCI\u00d3N DE LA TASA DE MANTENIMIENTO VIAL Y SE\u00d1AL\u00c9TICA","author":"Alejandro Sosa Ruda","date":"23 agosto, 2021","format":false,"excerpt":"El precandidato local de Juntos Por Chascom\u00fas present\u00f3 el \u00faltimo viernes ante el municipio una nueva iniciativa para que la distribuci\u00f3n de la Tasa de Mantenimiento Vial y Se\u00f1al\u00e9tica sea distribuida de forma equitativa en todos los barrios de Chascom\u00fas. El proyecto se sustenta en \u201cel gran esfuerzo de los\u2026","rel":"","context":"En \u00abCHASCOM\u00daS\u00bb","block_context":{"text":"CHASCOM\u00daS","link":"https:\/\/larevistadigital.com.ar\/blog\/category\/chascomus\/"},"img":{"alt_text":"","src":"https:\/\/i0.wp.com\/larevistadigital.com.ar\/blog\/wp-content\/uploads\/ochoa-color-2021-1392x1045-1.jpg?fit=1200%2C901&ssl=1&resize=350%2C200","width":350,"height":200,"srcset":"https:\/\/i0.wp.com\/larevistadigital.com.ar\/blog\/wp-content\/uploads\/ochoa-color-2021-1392x1045-1.jpg?fit=1200%2C901&ssl=1&resize=350%2C200 1x, https:\/\/i0.wp.com\/larevistadigital.com.ar\/blog\/wp-content\/uploads\/ochoa-color-2021-1392x1045-1.jpg?fit=1200%2C901&ssl=1&resize=525%2C300 1.5x, https:\/\/i0.wp.com\/larevistadigital.com.ar\/blog\/wp-content\/uploads\/ochoa-color-2021-1392x1045-1.jpg?fit=1200%2C901&ssl=1&resize=700%2C400 2x, https:\/\/i0.wp.com\/larevistadigital.com.ar\/blog\/wp-content\/uploads\/ochoa-color-2021-1392x1045-1.jpg?fit=1200%2C901&ssl=1&resize=1050%2C600 3x"},"classes":[]},{"id":23573,"url":"https:\/\/larevistadigital.com.ar\/blog\/reunion-con-el-observatorio-vial-de-chascomus\/","url_meta":{"origin":41308,"position":4},"title":"REUNI\u00d3N CON EL OBSERVATORIO VIAL DE CHASCOM\u00daS","author":"Alejandro Sosa Ruda","date":"25 enero, 2022","format":false,"excerpt":"Se recibi\u00f3 durante la jornada del d\u00eda martes 25 de enero en el recinto del Honorable Concejo Deliberante a Ariel Altamirano, Coordinador del Observatorio Vial de Chascom\u00fas. La reuni\u00f3n que cont\u00f3 con la presencia de los concejales del cuerpo legislativo local fue para interiorizarse de la labor que viene haciendo\u2026","rel":"","context":"En \u00abCHASCOM\u00daS\u00bb","block_context":{"text":"CHASCOM\u00daS","link":"https:\/\/larevistadigital.com.ar\/blog\/category\/chascomus\/"},"img":{"alt_text":"","src":"https:\/\/i0.wp.com\/larevistadigital.com.ar\/blog\/wp-content\/uploads\/vial1-1.jpeg?fit=1200%2C900&ssl=1&resize=350%2C200","width":350,"height":200,"srcset":"https:\/\/i0.wp.com\/larevistadigital.com.ar\/blog\/wp-content\/uploads\/vial1-1.jpeg?fit=1200%2C900&ssl=1&resize=350%2C200 1x, https:\/\/i0.wp.com\/larevistadigital.com.ar\/blog\/wp-content\/uploads\/vial1-1.jpeg?fit=1200%2C900&ssl=1&resize=525%2C300 1.5x, https:\/\/i0.wp.com\/larevistadigital.com.ar\/blog\/wp-content\/uploads\/vial1-1.jpeg?fit=1200%2C900&ssl=1&resize=700%2C400 2x, https:\/\/i0.wp.com\/larevistadigital.com.ar\/blog\/wp-content\/uploads\/vial1-1.jpeg?fit=1200%2C900&ssl=1&resize=1050%2C600 3x"},"classes":[]},{"id":9811,"url":"https:\/\/larevistadigital.com.ar\/blog\/chascomus-la-calle-mazzini-tendra-sentido-unico-de-circulacion\/","url_meta":{"origin":41308,"position":5},"title":"CHASCOM\u00daS: LA CALLE MAZZINI TENDR\u00c1 SENTIDO \u00daNICO DE CIRCULACI\u00d3N","author":"Alejandro Sosa Ruda","date":"23 abril, 2019","format":false,"excerpt":"En el marco del Plan Integral de Seguridad Vial impulsado desde la Municipalidad y con el objetivo de continuar con el proceso de reorganizaci\u00f3n del tr\u00e1nsito en la ciudad, a partir de ma\u00f1ana se comenzar\u00e1 a colocar la nueva carteler\u00eda que establecer\u00e1 el sentido \u00fanico de circulaci\u00f3n de la calle\u2026","rel":"","context":"En \u00abCHASCOM\u00daS\u00bb","block_context":{"text":"CHASCOM\u00daS","link":"https:\/\/larevistadigital.com.ar\/blog\/category\/chascomus\/"},"img":{"alt_text":"","src":"https:\/\/i0.wp.com\/larevistadigital.com.ar\/blog\/wp-content\/uploads\/2019\/04\/57726546_2397858906901647_2291979657941090304_n.jpg?fit=960%2C641&ssl=1&resize=350%2C200","width":350,"height":200,"srcset":"https:\/\/i0.wp.com\/larevistadigital.com.ar\/blog\/wp-content\/uploads\/2019\/04\/57726546_2397858906901647_2291979657941090304_n.jpg?fit=960%2C641&ssl=1&resize=350%2C200 1x, https:\/\/i0.wp.com\/larevistadigital.com.ar\/blog\/wp-content\/uploads\/2019\/04\/57726546_2397858906901647_2291979657941090304_n.jpg?fit=960%2C641&ssl=1&resize=525%2C300 1.5x, https:\/\/i0.wp.com\/larevistadigital.com.ar\/blog\/wp-content\/uploads\/2019\/04\/57726546_2397858906901647_2291979657941090304_n.jpg?fit=960%2C641&ssl=1&resize=700%2C400 2x"},"classes":[]}],"_links":{"self":[{"href":"https:\/\/larevistadigital.com.ar\/blog\/wp-json\/wp\/v2\/posts\/41308","targetHints":{"allow":["GET"]}}],"collection":[{"href":"https:\/\/larevistadigital.com.ar\/blog\/wp-json\/wp\/v2\/posts"}],"about":[{"href":"https:\/\/larevistadigital.com.ar\/blog\/wp-json\/wp\/v2\/types\/post"}],"author":[{"embeddable":true,"href":"https:\/\/larevistadigital.com.ar\/blog\/wp-json\/wp\/v2\/users\/3"}],"replies":[{"embeddable":true,"href":"https:\/\/larevistadigital.com.ar\/blog\/wp-json\/wp\/v2\/comments?post=41308"}],"version-history":[{"count":1,"href":"https:\/\/larevistadigital.com.ar\/blog\/wp-json\/wp\/v2\/posts\/41308\/revisions"}],"predecessor-version":[{"id":41310,"href":"https:\/\/larevistadigital.com.ar\/blog\/wp-json\/wp\/v2\/posts\/41308\/revisions\/41310"}],"wp:featuredmedia":[{"embeddable":true,"href":"https:\/\/larevistadigital.com.ar\/blog\/wp-json\/wp\/v2\/media\/41309"}],"wp:attachment":[{"href":"https:\/\/larevistadigital.com.ar\/blog\/wp-json\/wp\/v2\/media?parent=41308"}],"wp:term":[{"taxonomy":"category","embeddable":true,"href":"https:\/\/larevistadigital.com.ar\/blog\/wp-json\/wp\/v2\/categories?post=41308"},{"taxonomy":"post_tag","embeddable":true,"href":"https:\/\/larevistadigital.com.ar\/blog\/wp-json\/wp\/v2\/tags?post=41308"}],"curies":[{"name":"wp","href":"https:\/\/api.w.org\/{rel}","templated":true}]}}