{"id":41311,"date":"2025-09-05T17:42:39","date_gmt":"2025-09-05T20:42:39","guid":{"rendered":"https:\/\/larevistadigital.com.ar\/blog\/?p=41311"},"modified":"2025-09-05T17:42:39","modified_gmt":"2025-09-05T20:42:39","slug":"chascomus-nuevo-equipamiento-en-el-hospital-municipal","status":"publish","type":"post","link":"https:\/\/larevistadigital.com.ar\/blog\/chascomus-nuevo-equipamiento-en-el-hospital-municipal\/","title":{"rendered":"Chascom\u00fas: Nuevo equipamiento en el Hospital Municipal"},"content":{"rendered":"<h3 class=\"excerpt\">Se trata de autoanalizador donado por la Cooperadora que moderniza el sector de An\u00e1lisis Cl\u00ednicos.<\/h3>\n<p>05 de Septiembre de 2025<\/p>\n<div id=\"miDiv1\" class=\"text\">\n<p><strong>CHASCOM\u00daS &#8211;<\/strong>\u00a0 \u00a0La Cooperadora del Hospital San Vicente de Paul don\u00f3 un autonalizador de qu\u00edmica cl\u00ednica para el laboratorio de an\u00e1lisis. El nuevo equipamiento reemplaza uno anterior utilizado hasta el presente, modernizando as\u00ed el procedimiento y permitiendo, entre otras, obtener resultados en plazos m\u00e1s reducidos.<\/p>\n<p>Cabe resaltar que la Cooperadora pudo solventar el costo de esta importante inversi\u00f3n, gracias a la venta de un inmueble que les fue donado por testamento de las Srtas. Newton. Fueron beneficiarias en el mismo documento la Cooperadora de la Residencia Municipal, la Cooperadora del Taller Protegido y la Cooperadora de los Bomberos Voluntarios, entidades entre las cuales se dividi\u00f3 el valor total obtenido de la venta.<\/p>\n<p>Tanto el legado de las hermanas Newton como la acci\u00f3n desinteresada de personas que se unen en Cooperadoras, u otras formas jur\u00eddicas, con fines ben\u00e9ficos, son un aporte invaluable a la comunidad.<\/p>\n<\/div>\n","protected":false},"excerpt":{"rendered":"<div class=\"mh-excerpt\"><p>Se trata de autoanalizador donado por la Cooperadora que moderniza el sector de An\u00e1lisis Cl\u00ednicos. 05 de Septiembre de 2025 CHASCOM\u00daS &#8211;\u00a0 \u00a0La Cooperadora del Hospital San Vicente de Paul don\u00f3 un autonalizador de qu\u00edmica <a class=\"mh-excerpt-more\" href=\"https:\/\/larevistadigital.com.ar\/blog\/chascomus-nuevo-equipamiento-en-el-hospital-municipal\/\" title=\"Chascom\u00fas: Nuevo equipamiento en el Hospital Municipal\">[Leer M\u00e1s]<\/a><\/p>\n<\/div>","protected":false},"author":3,"featured_media":41312,"comment_status":"open","ping_status":"open","sticky":false,"template":"","format":"standard","meta":{"_jetpack_memberships_contains_paid_content":false,"footnotes":"","jetpack_publicize_message":"","jetpack_publicize_feature_enabled":true,"jetpack_social_post_already_shared":true,"jetpack_social_options":{"image_generator_settings":{"template":"highway","default_image_id":0,"font":"","enabled":false},"version":2}},"categories":[41],"tags":[],"class_list":{"0":"post-41311","1":"post","2":"type-post","3":"status-publish","4":"format-standard","5":"has-post-thumbnail","7":"category-destacadas"},"jetpack_publicize_connections":[],"jetpack_featured_media_url":"https:\/\/i0.wp.com\/larevistadigital.com.ar\/blog\/wp-content\/uploads\/68bb184745531.png?fit=668%2C445&ssl=1","jetpack_sharing_enabled":true,"jetpack_shortlink":"https:\/\/wp.me\/p8qtrQ-aKj","jetpack-related-posts":[{"id":42764,"url":"https:\/\/larevistadigital.com.ar\/blog\/chascomus-nueva-aparatologia-en-el-hospital-municipal-donada-por-la-cooperadora\/","url_meta":{"origin":41311,"position":0},"title":"Chascom\u00fas: Nueva aparatolog\u00eda en el Hospital Municipal donada por la Cooperadora","author":"Alejandro Sosa Ruda","date":"4 diciembre, 2025","format":false,"excerpt":"Se trata de importante equipamiento que contribuir\u00e1 a la atenci\u00f3n de los consultorios externos. 04 de Diciembre de 2025 CHASCOM\u00daS -\u00a0 \u00a0 En la jornada del \u00faltimo mi\u00e9rcoles, la Cooperadora del Hospital Municipal \u201cSan Vicente de Paul\u201d don\u00f3 importante aparatolog\u00eda para el \u00e1rea de consultorios externos, que contribuyen a mejorar\u2026","rel":"","context":"En \u00abCHASCOM\u00daS\u00bb","block_context":{"text":"CHASCOM\u00daS","link":"https:\/\/larevistadigital.com.ar\/blog\/category\/chascomus\/"},"img":{"alt_text":"","src":"","width":0,"height":0},"classes":[]},{"id":6586,"url":"https:\/\/larevistadigital.com.ar\/blog\/chascomus-el-embajador-de-japon-estara-en-la-inauguracion-del-mamografo-donado-al-hospital-municipal\/","url_meta":{"origin":41311,"position":1},"title":"CHASCOM\u00daS: EL EMBAJADOR DE JAP\u00d3N ESTAR\u00c1 EN LA INAUGURACI\u00d3N DEL MAM\u00d3GRAFO DONADO AL HOSPITAL MUNICIPAL","author":"Alejandro Sosa Ruda","date":"21 septiembre, 2018","format":false,"excerpt":"El pr\u00f3ximo mi\u00e9rcoles 26 se llevar\u00e1 adelante la inauguraci\u00f3n oficial del nuevo equipo de mamograf\u00eda que se encuentra funcionando en el Hospital Municipal, con la presencia del Embajador del Jap\u00f3n, Noriteru Fukushima. En el marco de las acciones de cooperaci\u00f3n entre Jap\u00f3n y Argentina, mediante el Programa de Asistencia para\u2026","rel":"","context":"En \u00abCHASCOM\u00daS\u00bb","block_context":{"text":"CHASCOM\u00daS","link":"https:\/\/larevistadigital.com.ar\/blog\/category\/chascomus\/"},"img":{"alt_text":"","src":"https:\/\/i0.wp.com\/larevistadigital.com.ar\/blog\/wp-content\/uploads\/2018\/09\/42177569_2072367659450775_8089747163178860544_o.jpg?fit=1200%2C800&ssl=1&resize=350%2C200","width":350,"height":200,"srcset":"https:\/\/i0.wp.com\/larevistadigital.com.ar\/blog\/wp-content\/uploads\/2018\/09\/42177569_2072367659450775_8089747163178860544_o.jpg?fit=1200%2C800&ssl=1&resize=350%2C200 1x, https:\/\/i0.wp.com\/larevistadigital.com.ar\/blog\/wp-content\/uploads\/2018\/09\/42177569_2072367659450775_8089747163178860544_o.jpg?fit=1200%2C800&ssl=1&resize=525%2C300 1.5x, https:\/\/i0.wp.com\/larevistadigital.com.ar\/blog\/wp-content\/uploads\/2018\/09\/42177569_2072367659450775_8089747163178860544_o.jpg?fit=1200%2C800&ssl=1&resize=700%2C400 2x, https:\/\/i0.wp.com\/larevistadigital.com.ar\/blog\/wp-content\/uploads\/2018\/09\/42177569_2072367659450775_8089747163178860544_o.jpg?fit=1200%2C800&ssl=1&resize=1050%2C600 3x"},"classes":[]},{"id":43148,"url":"https:\/\/larevistadigital.com.ar\/blog\/chascomus-vos-tambien-podes-colaborar-con-la-cooperadora-del-hospital-municipal\/","url_meta":{"origin":41311,"position":2},"title":"Chascom\u00fas:  Vos tambi\u00e9n pod\u00e9s colaborar con la Cooperadora del Hospital Municipal","author":"Alejandro Sosa Ruda","date":"5 enero, 2026","format":false,"excerpt":"Bien sabido es el importante trabajo que desarrollan desde la cooperadora, con recursos para el bienestar de los pacientes y con herramientas e insumos para un mejor servicio. 05 de enero de 2026 CHASCOM\u00daS -\u00a0 \u00a0Sin lugar a dudas una de las instituciones m\u00e1s reconocidas de nuestra ciudad es la\u2026","rel":"","context":"En \u00abCHASCOM\u00daS\u00bb","block_context":{"text":"CHASCOM\u00daS","link":"https:\/\/larevistadigital.com.ar\/blog\/category\/chascomus\/"},"img":{"alt_text":"","src":"https:\/\/i0.wp.com\/larevistadigital.com.ar\/blog\/wp-content\/uploads\/695bf0b88f6bd.png?fit=668%2C445&ssl=1&resize=350%2C200","width":350,"height":200,"srcset":"https:\/\/i0.wp.com\/larevistadigital.com.ar\/blog\/wp-content\/uploads\/695bf0b88f6bd.png?fit=668%2C445&ssl=1&resize=350%2C200 1x, https:\/\/i0.wp.com\/larevistadigital.com.ar\/blog\/wp-content\/uploads\/695bf0b88f6bd.png?fit=668%2C445&ssl=1&resize=525%2C300 1.5x"},"classes":[]},{"id":44854,"url":"https:\/\/larevistadigital.com.ar\/blog\/chascomus-salud-publica-impulsa-la-participacion-de-empresas-en-apoyo-al-hospital-municipal\/","url_meta":{"origin":41311,"position":3},"title":"Chascom\u00fas: Salud P\u00fablica impulsa la participaci\u00f3n de empresas en apoyo al Hospital Municipal","author":"Alejandro Sosa Ruda","date":"31 marzo, 2026","format":false,"excerpt":"La direcci\u00f3n del centro de salud inici\u00f3 una campa\u00f1a para convocar a colaboradores de la cooperadora. 31 de marzo de 2026 CHASCOM\u00daS -\u00a0 \u00a0Desde el \u00e1rea de Salud P\u00fablica municipal se impulsan acciones para incorporar a empresas y comercios locales como colaboradores de la Asociaci\u00f3n Cooperadora del Hospital Municipal San\u2026","rel":"","context":"En \u00abINTERES GENERAL\u00bb","block_context":{"text":"INTERES GENERAL","link":"https:\/\/larevistadigital.com.ar\/blog\/category\/interes-general\/"},"img":{"alt_text":"","src":"https:\/\/i0.wp.com\/larevistadigital.com.ar\/blog\/wp-content\/uploads\/69cbfcdf2be84.png?fit=668%2C445&ssl=1&resize=350%2C200","width":350,"height":200,"srcset":"https:\/\/i0.wp.com\/larevistadigital.com.ar\/blog\/wp-content\/uploads\/69cbfcdf2be84.png?fit=668%2C445&ssl=1&resize=350%2C200 1x, https:\/\/i0.wp.com\/larevistadigital.com.ar\/blog\/wp-content\/uploads\/69cbfcdf2be84.png?fit=668%2C445&ssl=1&resize=525%2C300 1.5x"},"classes":[]},{"id":43937,"url":"https:\/\/larevistadigital.com.ar\/blog\/chascomus-nuevo-aporte-solidario-de-corre-por-tus-suenos-para-el-hospital-municipal\/","url_meta":{"origin":41311,"position":4},"title":"Chascom\u00fas: Nuevo aporte solidario de \u201cCorre por tus Sue\u00f1os\u201d para el Hospital Municipal","author":"Alejandro Sosa Ruda","date":"11 febrero, 2026","format":false,"excerpt":"Fue incorporado equipamiento adquirido con fondos recaudados por deportistas chascomunenses en una competencia de monta\u00f1a. 11 de febrero de 2026 CHASCOM\u00daS -\u00a0 \u00a0La Asociaci\u00f3n Cooperadora del Hospital Municipal San Vicente de Paul incorpor\u00f3 nuevo equipamiento m\u00e9dico gracias a los fondos recaudados en una campa\u00f1a solidaria impulsada por el grupo deportivo\u2026","rel":"","context":"En \u00abCHASCOM\u00daS\u00bb","block_context":{"text":"CHASCOM\u00daS","link":"https:\/\/larevistadigital.com.ar\/blog\/category\/chascomus\/"},"img":{"alt_text":"","src":"https:\/\/i0.wp.com\/larevistadigital.com.ar\/blog\/wp-content\/uploads\/698cba1d89cee.png?fit=668%2C445&ssl=1&resize=350%2C200","width":350,"height":200,"srcset":"https:\/\/i0.wp.com\/larevistadigital.com.ar\/blog\/wp-content\/uploads\/698cba1d89cee.png?fit=668%2C445&ssl=1&resize=350%2C200 1x, https:\/\/i0.wp.com\/larevistadigital.com.ar\/blog\/wp-content\/uploads\/698cba1d89cee.png?fit=668%2C445&ssl=1&resize=525%2C300 1.5x"},"classes":[]},{"id":4349,"url":"https:\/\/larevistadigital.com.ar\/blog\/chascomus-importantes-adquisiciones-la-cooperadora-hospital-municipal\/","url_meta":{"origin":41311,"position":5},"title":"CHASCOM\u00daS: IMPORTANTES ADQUISICIONES PARA EL HOSPITAL MUNICIPAL","author":"Alejandro Sosa Ruda","date":"2 enero, 2018","format":false,"excerpt":"Esta ma\u00f1ana, el Intendente Javier Gast\u00f3n se hizo presente en el Hospital Municipal \u201cSan Vicente de Paul\u201d, para observar la nueva ambulancia y un equipo para diagn\u00f3sticos de infartos que ser\u00e1 utilizado para tener una mayor presencia y complejidad ante casos de emergencias. \u201cNos pone muy contentos poder contribuir con\u2026","rel":"","context":"En \u00abCHASCOM\u00daS\u00bb","block_context":{"text":"CHASCOM\u00daS","link":"https:\/\/larevistadigital.com.ar\/blog\/category\/chascomus\/"},"img":{"alt_text":"","src":"https:\/\/i0.wp.com\/larevistadigital.com.ar\/blog\/wp-content\/uploads\/2018\/01\/2018_01_02_15_59_09_8088684.jpg?fit=600%2C401&ssl=1&resize=350%2C200","width":350,"height":200,"srcset":"https:\/\/i0.wp.com\/larevistadigital.com.ar\/blog\/wp-content\/uploads\/2018\/01\/2018_01_02_15_59_09_8088684.jpg?fit=600%2C401&ssl=1&resize=350%2C200 1x, https:\/\/i0.wp.com\/larevistadigital.com.ar\/blog\/wp-content\/uploads\/2018\/01\/2018_01_02_15_59_09_8088684.jpg?fit=600%2C401&ssl=1&resize=525%2C300 1.5x"},"classes":[]}],"_links":{"self":[{"href":"https:\/\/larevistadigital.com.ar\/blog\/wp-json\/wp\/v2\/posts\/41311","targetHints":{"allow":["GET"]}}],"collection":[{"href":"https:\/\/larevistadigital.com.ar\/blog\/wp-json\/wp\/v2\/posts"}],"about":[{"href":"https:\/\/larevistadigital.com.ar\/blog\/wp-json\/wp\/v2\/types\/post"}],"author":[{"embeddable":true,"href":"https:\/\/larevistadigital.com.ar\/blog\/wp-json\/wp\/v2\/users\/3"}],"replies":[{"embeddable":true,"href":"https:\/\/larevistadigital.com.ar\/blog\/wp-json\/wp\/v2\/comments?post=41311"}],"version-history":[{"count":1,"href":"https:\/\/larevistadigital.com.ar\/blog\/wp-json\/wp\/v2\/posts\/41311\/revisions"}],"predecessor-version":[{"id":41313,"href":"https:\/\/larevistadigital.com.ar\/blog\/wp-json\/wp\/v2\/posts\/41311\/revisions\/41313"}],"wp:featuredmedia":[{"embeddable":true,"href":"https:\/\/larevistadigital.com.ar\/blog\/wp-json\/wp\/v2\/media\/41312"}],"wp:attachment":[{"href":"https:\/\/larevistadigital.com.ar\/blog\/wp-json\/wp\/v2\/media?parent=41311"}],"wp:term":[{"taxonomy":"category","embeddable":true,"href":"https:\/\/larevistadigital.com.ar\/blog\/wp-json\/wp\/v2\/categories?post=41311"},{"taxonomy":"post_tag","embeddable":true,"href":"https:\/\/larevistadigital.com.ar\/blog\/wp-json\/wp\/v2\/tags?post=41311"}],"curies":[{"name":"wp","href":"https:\/\/api.w.org\/{rel}","templated":true}]}}