{"id":41314,"date":"2025-09-05T18:18:57","date_gmt":"2025-09-05T21:18:57","guid":{"rendered":"https:\/\/larevistadigital.com.ar\/blog\/?p=41314"},"modified":"2025-09-05T18:18:57","modified_gmt":"2025-09-05T21:18:57","slug":"tension-en-santa-teresita-un-hombre-provoco-un-incendio-para-frenar-la-demolicion-de-un-edificio","status":"publish","type":"post","link":"https:\/\/larevistadigital.com.ar\/blog\/tension-en-santa-teresita-un-hombre-provoco-un-incendio-para-frenar-la-demolicion-de-un-edificio\/","title":{"rendered":"Tensi\u00f3n en Santa Teresita: un hombre provoc\u00f3 un incendio para frenar la demolici\u00f3n de un edificio"},"content":{"rendered":"<h3 data-start=\"227\" data-end=\"482\">El hecho ocurri\u00f3 en un inmueble en ruinas sobre la Costanera y calle 38, donde ya se hab\u00eda registrado un derrumbe en marzo. El sujeto roci\u00f3 con nafta parte de la estructura y amenaz\u00f3 con bombas molotov antes de ser reducido por la polic\u00eda.<\/h3>\n<p>05 de Septiembre de 2025<\/p>\n<p><strong>SANTA TERESITA &#8211;\u00a0 <\/strong>Momentos de tensi\u00f3n se vivieron esta ma\u00f1ana en <strong data-start=\"543\" data-end=\"561\">Santa Teresita<\/strong>, Partido de La Costa, cuando un hombre irrumpi\u00f3 en un edificio en proceso de demolici\u00f3n, roci\u00f3 con nafta parte de la estructura superior y provoc\u00f3 un incendio. El episodio tuvo lugar cerca de las 8:30 en la esquina de <strong data-start=\"780\" data-end=\"804\">Costanera y calle 38<\/strong>, en un inmueble que en marzo de 2025 ya hab\u00eda sufrido un derrumbe que afect\u00f3 a locales comerciales de la zona y que, de manera milagrosa, no dej\u00f3 heridos.<\/p>\n<blockquote>\n<h3 data-start=\"963\" data-end=\"1361\">Seg\u00fan testigos, el hombre se atrincher\u00f3 en el techo del edificio y amenaz\u00f3 con arrojar bombas molotov, lo que puso en riesgo tanto a los trabajadores de la demolici\u00f3n como a los transe\u00fantes de la zona. La r\u00e1pida intervenci\u00f3n de los equipos de seguridad y emergencias permiti\u00f3 controlar el fuego, evacuar el lugar y reducir al agresor, que fue trasladado a la comisar\u00eda junto a otras dos personas.<\/h3>\n<\/blockquote>\n<p data-start=\"1363\" data-end=\"1850\">La demolici\u00f3n del inmueble hab\u00eda comenzado la semana pasada, tras la decisi\u00f3n municipal de avanzar con el derribo por el riesgo de colapso y la falta de un propietario responsable. \u201cEste edificio estaba en un expediente de riesgo de colapso. Como no hubo respuesta de titulares, el municipio tuvo que hacer la licitaci\u00f3n y ahora se hace cargo con fondos propios\u201d, explic\u00f3 <strong data-start=\"1735\" data-end=\"1755\">Walter Natalizia<\/strong>, secretario de Planeamiento, Infraestructura y Medio Ambiente, en declaraciones televisivas.<\/p>\n<blockquote>\n<h3 data-start=\"1852\" data-end=\"2128\">Los trabajos de demolici\u00f3n demandar\u00e1n entre dos y tres meses e incluyen tareas de apuntalamiento previas al derribo total. La zona permanece perimetrada para garantizar la seguridad de vecinos y turistas, aunque el tr\u00e1nsito vehicular y peatonal se desarrolla con normalidad.<\/h3>\n<\/blockquote>\n<p data-start=\"2130\" data-end=\"2402\">El episodio refleja las tensiones que pueden surgir entre la necesidad de preservar la seguridad p\u00fablica y los intereses particulares, en un municipio donde la planificaci\u00f3n urbana y el control edilicio resultan claves para evitar riesgos mayores.<\/p>\n<p data-start=\"484\" data-end=\"961\">\n","protected":false},"excerpt":{"rendered":"<div class=\"mh-excerpt\"><p>El hecho ocurri\u00f3 en un inmueble en ruinas sobre la Costanera y calle 38, donde ya se hab\u00eda registrado un derrumbe en marzo. El sujeto roci\u00f3 con nafta parte de la estructura y amenaz\u00f3 con <a class=\"mh-excerpt-more\" href=\"https:\/\/larevistadigital.com.ar\/blog\/tension-en-santa-teresita-un-hombre-provoco-un-incendio-para-frenar-la-demolicion-de-un-edificio\/\" title=\"Tensi\u00f3n en Santa Teresita: un hombre provoc\u00f3 un incendio para frenar la demolici\u00f3n de un edificio\">[Leer M\u00e1s]<\/a><\/p>\n<\/div>","protected":false},"author":3,"featured_media":41315,"comment_status":"open","ping_status":"open","sticky":false,"template":"","format":"standard","meta":{"_jetpack_memberships_contains_paid_content":false,"footnotes":"","jetpack_publicize_message":"","jetpack_publicize_feature_enabled":true,"jetpack_social_post_already_shared":true,"jetpack_social_options":{"image_generator_settings":{"template":"highway","default_image_id":0,"font":"","enabled":false},"version":2}},"categories":[44,51],"tags":[],"class_list":{"0":"post-41314","1":"post","2":"type-post","3":"status-publish","4":"format-standard","5":"has-post-thumbnail","7":"category-policiales","8":"category-regionales"},"jetpack_publicize_connections":[],"jetpack_featured_media_url":"https:\/\/i0.wp.com\/larevistadigital.com.ar\/blog\/wp-content\/uploads\/29b58f75612491f6ffcad6e2356419eb0ab7cff0.png?fit=1140%2C753&ssl=1","jetpack_sharing_enabled":true,"jetpack_shortlink":"https:\/\/wp.me\/p8qtrQ-aKm","jetpack-related-posts":[{"id":23746,"url":"https:\/\/larevistadigital.com.ar\/blog\/santa-teresita-20-horas-para-sofocar-un-incendio-forestal\/","url_meta":{"origin":41314,"position":0},"title":"SANTA TERESITA: 20 HORAS PARA SOFOCAR UN INCENDIO FORESTAL","author":"Alejandro Sosa Ruda","date":"1 febrero, 2022","format":false,"excerpt":"Ocurri\u00f3 en el denominado \"Tri\u00e1ngulo del Tuy\u00fa\", en la Ruta 11, a la altura de la calle 50. Trabajaron dotaciones de bomberos de 5 localidades del Partido de La Costa. SANTA TERESITA -\u00a0 Un trabajo mancomunado por parte de varias dotaciones de bomberos de diferentes localidades del\u00a0Partido de La Costa\u00a0permiti\u00f3\u2026","rel":"","context":"En \u00abREGIONALES\u00bb","block_context":{"text":"REGIONALES","link":"https:\/\/larevistadigital.com.ar\/blog\/category\/regionales\/"},"img":{"alt_text":"","src":"https:\/\/i0.wp.com\/larevistadigital.com.ar\/blog\/wp-content\/uploads\/SANTA-TERESA.png?fit=1140%2C663&ssl=1&resize=350%2C200","width":350,"height":200,"srcset":"https:\/\/i0.wp.com\/larevistadigital.com.ar\/blog\/wp-content\/uploads\/SANTA-TERESA.png?fit=1140%2C663&ssl=1&resize=350%2C200 1x, https:\/\/i0.wp.com\/larevistadigital.com.ar\/blog\/wp-content\/uploads\/SANTA-TERESA.png?fit=1140%2C663&ssl=1&resize=525%2C300 1.5x, https:\/\/i0.wp.com\/larevistadigital.com.ar\/blog\/wp-content\/uploads\/SANTA-TERESA.png?fit=1140%2C663&ssl=1&resize=700%2C400 2x, https:\/\/i0.wp.com\/larevistadigital.com.ar\/blog\/wp-content\/uploads\/SANTA-TERESA.png?fit=1140%2C663&ssl=1&resize=1050%2C600 3x"},"classes":[]},{"id":23365,"url":"https:\/\/larevistadigital.com.ar\/blog\/santa-teresita-un-hombre-atropello-a-su-hijita-de-6-anos-estacionando-su-auto-la-criatura-fallecio\/","url_meta":{"origin":41314,"position":1},"title":"SANTA TERESITA: UN HOMBRE ATROPELL\u00d3 A SU HIJITA DE 6 A\u00d1OS ESTACIONANDO SU AUTO. LA CRIATURA FALLECI\u00d3","author":"Alejandro Sosa Ruda","date":"14 enero, 2022","format":false,"excerpt":"El lamentable episodio ocurri\u00f3 en calle 4 entre 32 y 33. La peque\u00f1a fue asistida por el personal de emergencias, pero falleci\u00f3 por las heridas. Los padres tuvieron que ser asistidos por personal de salud, ya que se encontraban en estado de shock. SANTA TERESITA -\u00a0 Un lamentable hecho ocurri\u00f3\u2026","rel":"","context":"En \u00abPOLICIALES\u00bb","block_context":{"text":"POLICIALES","link":"https:\/\/larevistadigital.com.ar\/blog\/category\/policiales\/"},"img":{"alt_text":"","src":"https:\/\/i0.wp.com\/larevistadigital.com.ar\/blog\/wp-content\/uploads\/20220113153824_70d06d4319540e3afcbb98eab3f203364cdd86ca.jpg?fit=880%2C512&ssl=1&resize=350%2C200","width":350,"height":200,"srcset":"https:\/\/i0.wp.com\/larevistadigital.com.ar\/blog\/wp-content\/uploads\/20220113153824_70d06d4319540e3afcbb98eab3f203364cdd86ca.jpg?fit=880%2C512&ssl=1&resize=350%2C200 1x, https:\/\/i0.wp.com\/larevistadigital.com.ar\/blog\/wp-content\/uploads\/20220113153824_70d06d4319540e3afcbb98eab3f203364cdd86ca.jpg?fit=880%2C512&ssl=1&resize=525%2C300 1.5x, https:\/\/i0.wp.com\/larevistadigital.com.ar\/blog\/wp-content\/uploads\/20220113153824_70d06d4319540e3afcbb98eab3f203364cdd86ca.jpg?fit=880%2C512&ssl=1&resize=700%2C400 2x"},"classes":[]},{"id":42510,"url":"https:\/\/larevistadigital.com.ar\/blog\/detuvieron-en-ruta-11-al-hombre-que-habia-robado-un-auto-a-mano-armada-en-santa-teresita\/","url_meta":{"origin":41314,"position":2},"title":"Detuvieron en Ruta 11 al hombre que hab\u00eda robado un auto a mano armada en Santa Teresita","author":"Alejandro Sosa Ruda","date":"17 noviembre, 2025","format":false,"excerpt":"17 de Noviembre de 2025 BUENOS AIRES -\u00a0 \u00a0Un hombre que hab\u00eda robado un autom\u00f3vil a punta de arma en Santa Teresita fue detenido este lunes en la Ruta Provincial 11, luego de un r\u00e1pido operativo coordinado entre la Sala de Monitoreo del Partido de La Costa, Polic\u00eda Vial, comisar\u00edas\u2026","rel":"","context":"En \u00abPOLICIALES\u00bb","block_context":{"text":"POLICIALES","link":"https:\/\/larevistadigital.com.ar\/blog\/category\/policiales\/"},"img":{"alt_text":"","src":"https:\/\/i0.wp.com\/larevistadigital.com.ar\/blog\/wp-content\/uploads\/74e83bc151b037e5faaa62159841c7f68947c0d8.jpg?fit=1140%2C641&ssl=1&resize=350%2C200","width":350,"height":200,"srcset":"https:\/\/i0.wp.com\/larevistadigital.com.ar\/blog\/wp-content\/uploads\/74e83bc151b037e5faaa62159841c7f68947c0d8.jpg?fit=1140%2C641&ssl=1&resize=350%2C200 1x, https:\/\/i0.wp.com\/larevistadigital.com.ar\/blog\/wp-content\/uploads\/74e83bc151b037e5faaa62159841c7f68947c0d8.jpg?fit=1140%2C641&ssl=1&resize=525%2C300 1.5x, https:\/\/i0.wp.com\/larevistadigital.com.ar\/blog\/wp-content\/uploads\/74e83bc151b037e5faaa62159841c7f68947c0d8.jpg?fit=1140%2C641&ssl=1&resize=700%2C400 2x, https:\/\/i0.wp.com\/larevistadigital.com.ar\/blog\/wp-content\/uploads\/74e83bc151b037e5faaa62159841c7f68947c0d8.jpg?fit=1140%2C641&ssl=1&resize=1050%2C600 3x"},"classes":[]},{"id":43657,"url":"https:\/\/larevistadigital.com.ar\/blog\/hallaron-sin-vida-a-un-hombre-que-habia-desaparecido-en-el-mar-en-santa-teresita\/","url_meta":{"origin":41314,"position":3},"title":"Hallaron sin vida a un hombre que hab\u00eda desaparecido en el mar en Santa Teresita","author":"Alejandro Sosa Ruda","date":"30 enero, 2026","format":false,"excerpt":"El hombre que era intensamente buscado desde la tarde del mi\u00e9rcoles tras desaparecer en el mar en Santa Teresita fue encontrado sin vida este jueves en una playa de la localidad de Las Toninas, en el Partido de La Costa. 30 de enero de 2026 SANTA TERESITA -\u00a0 \u00a0La v\u00edctima\u2026","rel":"","context":"En \u00abPOLICIALES\u00bb","block_context":{"text":"POLICIALES","link":"https:\/\/larevistadigital.com.ar\/blog\/category\/policiales\/"},"img":{"alt_text":"","src":"https:\/\/i0.wp.com\/larevistadigital.com.ar\/blog\/wp-content\/uploads\/c09b60afb95e6df19167cb378275a30f40bbfe31.png?fit=1140%2C698&ssl=1&resize=350%2C200","width":350,"height":200,"srcset":"https:\/\/i0.wp.com\/larevistadigital.com.ar\/blog\/wp-content\/uploads\/c09b60afb95e6df19167cb378275a30f40bbfe31.png?fit=1140%2C698&ssl=1&resize=350%2C200 1x, https:\/\/i0.wp.com\/larevistadigital.com.ar\/blog\/wp-content\/uploads\/c09b60afb95e6df19167cb378275a30f40bbfe31.png?fit=1140%2C698&ssl=1&resize=525%2C300 1.5x, https:\/\/i0.wp.com\/larevistadigital.com.ar\/blog\/wp-content\/uploads\/c09b60afb95e6df19167cb378275a30f40bbfe31.png?fit=1140%2C698&ssl=1&resize=700%2C400 2x, https:\/\/i0.wp.com\/larevistadigital.com.ar\/blog\/wp-content\/uploads\/c09b60afb95e6df19167cb378275a30f40bbfe31.png?fit=1140%2C698&ssl=1&resize=1050%2C600 3x"},"classes":[]},{"id":22732,"url":"https:\/\/larevistadigital.com.ar\/blog\/muere-un-trabajador-tras-caer-del-techo-de-un-hotel-en-santa-teresita\/","url_meta":{"origin":41314,"position":4},"title":"MUERE UN TRABAJADOR, TRAS CAER DEL TECHO DE UN HOTEL EN SANTA TERESITA","author":"Alejandro Sosa Ruda","date":"19 noviembre, 2021","format":false,"excerpt":"El fatal accidente ocurri\u00f3 en un edificio donde funciona un hotel que se encontraba cerrado desde que finaliz\u00f3 la \u00faltima temporada de verano. La v\u00edctima, identificada como Federico Busanequ, se encontraba realizando refacciones en el techo del edificio. SANTA TERESITA -\u00a0 El pasado 17 de noviembre un obrero de 33\u2026","rel":"","context":"En \u00abPOLICIALES\u00bb","block_context":{"text":"POLICIALES","link":"https:\/\/larevistadigital.com.ar\/blog\/category\/policiales\/"},"img":{"alt_text":"","src":"https:\/\/i0.wp.com\/larevistadigital.com.ar\/blog\/wp-content\/uploads\/Captura-de-pantalla-2021-11-19-004324.jpg?fit=987%2C503&ssl=1&resize=350%2C200","width":350,"height":200,"srcset":"https:\/\/i0.wp.com\/larevistadigital.com.ar\/blog\/wp-content\/uploads\/Captura-de-pantalla-2021-11-19-004324.jpg?fit=987%2C503&ssl=1&resize=350%2C200 1x, https:\/\/i0.wp.com\/larevistadigital.com.ar\/blog\/wp-content\/uploads\/Captura-de-pantalla-2021-11-19-004324.jpg?fit=987%2C503&ssl=1&resize=525%2C300 1.5x, https:\/\/i0.wp.com\/larevistadigital.com.ar\/blog\/wp-content\/uploads\/Captura-de-pantalla-2021-11-19-004324.jpg?fit=987%2C503&ssl=1&resize=700%2C400 2x"},"classes":[]},{"id":27550,"url":"https:\/\/larevistadigital.com.ar\/blog\/se-incendio-la-comisaria-de-santa-teresita\/","url_meta":{"origin":41314,"position":5},"title":"SE INCENDI\u00d3 LA COMISAR\u00cdA DE SANTA TERESITA","author":"Alejandro Sosa Ruda","date":"4 septiembre, 2022","format":false,"excerpt":"Fue en un dep\u00f3sito que tienen al lado, donde estaban las motos secuestradas. Afortunadamente no se registraron heridos. 04 de septiembre de 2022 SANA TERESITA -\u00a0 Alrededor de las 5 de la ma\u00f1ana del jueves, se produjo un incendio dentro del predio de la Comisar\u00eda de Santa Teresita, al cual\u2026","rel":"","context":"En \u00abPOLICIALES\u00bb","block_context":{"text":"POLICIALES","link":"https:\/\/larevistadigital.com.ar\/blog\/category\/policiales\/"},"img":{"alt_text":"","src":"https:\/\/i0.wp.com\/larevistadigital.com.ar\/blog\/wp-content\/uploads\/20220903152004_eresit.jpg?fit=880%2C512&ssl=1&resize=350%2C200","width":350,"height":200,"srcset":"https:\/\/i0.wp.com\/larevistadigital.com.ar\/blog\/wp-content\/uploads\/20220903152004_eresit.jpg?fit=880%2C512&ssl=1&resize=350%2C200 1x, https:\/\/i0.wp.com\/larevistadigital.com.ar\/blog\/wp-content\/uploads\/20220903152004_eresit.jpg?fit=880%2C512&ssl=1&resize=525%2C300 1.5x, https:\/\/i0.wp.com\/larevistadigital.com.ar\/blog\/wp-content\/uploads\/20220903152004_eresit.jpg?fit=880%2C512&ssl=1&resize=700%2C400 2x"},"classes":[]}],"_links":{"self":[{"href":"https:\/\/larevistadigital.com.ar\/blog\/wp-json\/wp\/v2\/posts\/41314","targetHints":{"allow":["GET"]}}],"collection":[{"href":"https:\/\/larevistadigital.com.ar\/blog\/wp-json\/wp\/v2\/posts"}],"about":[{"href":"https:\/\/larevistadigital.com.ar\/blog\/wp-json\/wp\/v2\/types\/post"}],"author":[{"embeddable":true,"href":"https:\/\/larevistadigital.com.ar\/blog\/wp-json\/wp\/v2\/users\/3"}],"replies":[{"embeddable":true,"href":"https:\/\/larevistadigital.com.ar\/blog\/wp-json\/wp\/v2\/comments?post=41314"}],"version-history":[{"count":1,"href":"https:\/\/larevistadigital.com.ar\/blog\/wp-json\/wp\/v2\/posts\/41314\/revisions"}],"predecessor-version":[{"id":41316,"href":"https:\/\/larevistadigital.com.ar\/blog\/wp-json\/wp\/v2\/posts\/41314\/revisions\/41316"}],"wp:featuredmedia":[{"embeddable":true,"href":"https:\/\/larevistadigital.com.ar\/blog\/wp-json\/wp\/v2\/media\/41315"}],"wp:attachment":[{"href":"https:\/\/larevistadigital.com.ar\/blog\/wp-json\/wp\/v2\/media?parent=41314"}],"wp:term":[{"taxonomy":"category","embeddable":true,"href":"https:\/\/larevistadigital.com.ar\/blog\/wp-json\/wp\/v2\/categories?post=41314"},{"taxonomy":"post_tag","embeddable":true,"href":"https:\/\/larevistadigital.com.ar\/blog\/wp-json\/wp\/v2\/tags?post=41314"}],"curies":[{"name":"wp","href":"https:\/\/api.w.org\/{rel}","templated":true}]}}