{"id":41317,"date":"2025-09-05T18:44:24","date_gmt":"2025-09-05T21:44:24","guid":{"rendered":"https:\/\/larevistadigital.com.ar\/blog\/?p=41317"},"modified":"2025-09-05T18:44:24","modified_gmt":"2025-09-05T21:44:24","slug":"nuevo-hallazgo-en-ostende-aparecio-un-craneo-humano-en-la-playa","status":"publish","type":"post","link":"https:\/\/larevistadigital.com.ar\/blog\/nuevo-hallazgo-en-ostende-aparecio-un-craneo-humano-en-la-playa\/","title":{"rendered":"Nuevo hallazgo en Ostende: apareci\u00f3 un cr\u00e1neo humano en la playa"},"content":{"rendered":"<h2 class=\"fparrafo ctext fz18 lh25\">El descubrimiento de restos humanos en la playa de Ostende volvi\u00f3 a encender las alarmas judiciales en la regi\u00f3n. El caso recuerda al de Marcelo Medina, el joven geselino cuyo cuerpo fue hallado en partes meses atr\u00e1s y cuya investigaci\u00f3n a\u00fan contin\u00faa abierta.<\/h2>\n<p>05 de Septiembre de 2025<\/p>\n<p class=\"selectionShareable\"><strong>OSTENDE &#8211;\u00a0<\/strong> Seg\u00fan confirmaron fuentes judiciales, los huesos fueron encontrados en la arena por un grupo de estudiantes que paseaba por la zona. De inmediato, se activ\u00f3 el protocolo de actuaci\u00f3n para su identificaci\u00f3n.<\/p>\n<blockquote>\n<h3 class=\"selectionShareable\">Seg\u00fan reporta El Mensajero, el antecedente m\u00e1s cercano data de mayo, cuando se recuperaron restos que finalmente fueron reconocidos como pertenecientes a Marcelo Medina, desaparecido en Villa Gesell.<\/h3>\n<\/blockquote>\n<p class=\"selectionShareable\">Luego, en agosto, un turista hall\u00f3 un maxilar en las playas del sur geselino, pieza que a\u00fan espera el resultado de los an\u00e1lisis de ADN.<\/p>\n<p class=\"selectionShareable\">Ahora, con el hallazgo en Ostende \u2014que incluir\u00eda un cr\u00e1neo y posiblemente un f\u00e9mur\u2014, los investigadores suman un nuevo elemento a la causa. El expediente est\u00e1 bajo la \u00f3rbita del fiscal Juan Pablo Calder\u00f3n, titular de la UFID N\u00b04 de Pinamar.\u00a0<b>(InfoGEI)Ac<\/b><\/p>\n","protected":false},"excerpt":{"rendered":"<div class=\"mh-excerpt\"><p>El descubrimiento de restos humanos en la playa de Ostende volvi\u00f3 a encender las alarmas judiciales en la regi\u00f3n. El caso recuerda al de Marcelo Medina, el joven geselino cuyo cuerpo fue hallado en partes <a class=\"mh-excerpt-more\" href=\"https:\/\/larevistadigital.com.ar\/blog\/nuevo-hallazgo-en-ostende-aparecio-un-craneo-humano-en-la-playa\/\" title=\"Nuevo hallazgo en Ostende: apareci\u00f3 un cr\u00e1neo humano en la playa\">[Leer M\u00e1s]<\/a><\/p>\n<\/div>","protected":false},"author":3,"featured_media":41318,"comment_status":"open","ping_status":"open","sticky":false,"template":"","format":"standard","meta":{"_jetpack_memberships_contains_paid_content":false,"footnotes":"","jetpack_publicize_message":"","jetpack_publicize_feature_enabled":true,"jetpack_social_post_already_shared":true,"jetpack_social_options":{"image_generator_settings":{"template":"highway","default_image_id":0,"font":"","enabled":false},"version":2}},"categories":[44,51],"tags":[],"class_list":{"0":"post-41317","1":"post","2":"type-post","3":"status-publish","4":"format-standard","5":"has-post-thumbnail","7":"category-policiales","8":"category-regionales"},"jetpack_publicize_connections":[],"jetpack_featured_media_url":"https:\/\/i0.wp.com\/larevistadigital.com.ar\/blog\/wp-content\/uploads\/20250905130208_hallazgo-playa-ostende-craneo-humano.jpg?fit=880%2C512&ssl=1","jetpack_sharing_enabled":true,"jetpack_shortlink":"https:\/\/wp.me\/p8qtrQ-aKp","jetpack-related-posts":[{"id":36661,"url":"https:\/\/larevistadigital.com.ar\/blog\/pinamar-incendio-en-ostende-mueren-una-mama-y-sus-dos-hijos\/","url_meta":{"origin":41317,"position":0},"title":"PINAMAR: INCENDIO EN OSTENDE, MUEREN UNA MAM\u00c1 Y SUS DOS HIJOS.","author":"Alejandro Sosa Ruda","date":"12 julio, 2024","format":false,"excerpt":"El tr\u00e1gico siniestro tuvo como \u00fanico sobreviviente al marido y padre de las criaturas fallecidas. Se encuentra en estado reservado. 11 de Julio de 2024 PINAMAR -\u00a0 En un tr\u00e1gico incendio ocurrido en una casilla de madera en Ostende, partido de Pinamar, una mujer y sus dos hijos peque\u00f1os, un\u2026","rel":"","context":"En \u00abPOLICIALES\u00bb","block_context":{"text":"POLICIALES","link":"https:\/\/larevistadigital.com.ar\/blog\/category\/policiales\/"},"img":{"alt_text":"","src":"https:\/\/i0.wp.com\/larevistadigital.com.ar\/blog\/wp-content\/uploads\/7caf4855692354f8a6500f206e29dd206135645d.jpg?fit=1140%2C642&ssl=1&resize=350%2C200","width":350,"height":200,"srcset":"https:\/\/i0.wp.com\/larevistadigital.com.ar\/blog\/wp-content\/uploads\/7caf4855692354f8a6500f206e29dd206135645d.jpg?fit=1140%2C642&ssl=1&resize=350%2C200 1x, https:\/\/i0.wp.com\/larevistadigital.com.ar\/blog\/wp-content\/uploads\/7caf4855692354f8a6500f206e29dd206135645d.jpg?fit=1140%2C642&ssl=1&resize=525%2C300 1.5x, https:\/\/i0.wp.com\/larevistadigital.com.ar\/blog\/wp-content\/uploads\/7caf4855692354f8a6500f206e29dd206135645d.jpg?fit=1140%2C642&ssl=1&resize=700%2C400 2x, https:\/\/i0.wp.com\/larevistadigital.com.ar\/blog\/wp-content\/uploads\/7caf4855692354f8a6500f206e29dd206135645d.jpg?fit=1140%2C642&ssl=1&resize=1050%2C600 3x"},"classes":[]},{"id":27080,"url":"https:\/\/larevistadigital.com.ar\/blog\/macabro-hallan-un-maxilar-inferior-en-una-playa-de-villa-gesell\/","url_meta":{"origin":41317,"position":1},"title":"MACABRO: HALLAN UN MAXILAR INFERIOR EN UNA PLAYA DE VILLA GESELL","author":"Alejandro Sosa Ruda","date":"9 agosto, 2022","format":false,"excerpt":"Un hallazgo misterioso se dio ayer en las playas del sur de Villa Gesell luego de que vecinos caminando por la playa se encontraran con restos \u00f3seos. VILLA GESELL -\u00a0 Se tratar\u00eda de un maxilar inferior con piezas dentales, por lo que la muestra ser\u00e1 pronta derivada a que se\u2026","rel":"","context":"En \u00abPOLICIALES\u00bb","block_context":{"text":"POLICIALES","link":"https:\/\/larevistadigital.com.ar\/blog\/category\/policiales\/"},"img":{"alt_text":"","src":"https:\/\/i0.wp.com\/larevistadigital.com.ar\/blog\/wp-content\/uploads\/557d9c9004fe9a483588437c0f28eb2796600d25.jpg?fit=880%2C512&ssl=1&resize=350%2C200","width":350,"height":200,"srcset":"https:\/\/i0.wp.com\/larevistadigital.com.ar\/blog\/wp-content\/uploads\/557d9c9004fe9a483588437c0f28eb2796600d25.jpg?fit=880%2C512&ssl=1&resize=350%2C200 1x, https:\/\/i0.wp.com\/larevistadigital.com.ar\/blog\/wp-content\/uploads\/557d9c9004fe9a483588437c0f28eb2796600d25.jpg?fit=880%2C512&ssl=1&resize=525%2C300 1.5x, https:\/\/i0.wp.com\/larevistadigital.com.ar\/blog\/wp-content\/uploads\/557d9c9004fe9a483588437c0f28eb2796600d25.jpg?fit=880%2C512&ssl=1&resize=700%2C400 2x"},"classes":[]},{"id":40010,"url":"https:\/\/larevistadigital.com.ar\/blog\/horror-en-ostende-una-mujer-fue-asesinada-y-su-nuera-de-18-anos-es-la-principal-sospechosa\/","url_meta":{"origin":41317,"position":2},"title":"Horror en Ostende: una mujer fue asesinada y su nuera de 18 a\u00f1os es la principal sospechosa","author":"Alejandro Sosa Ruda","date":"9 junio, 2025","format":false,"excerpt":"Un crimen con ribetes dram\u00e1ticos sacude a la comunidad de Pinamar. Deila Jakow, de 69 a\u00f1os, fue encontrada muerta en su casa de Ostende. La principal sospechosa es Nicol Castronovo, la joven pareja del hijo de la v\u00edctima. Las pruebas, las c\u00e1maras y la reconstrucci\u00f3n de las \u00faltimas horas podr\u00edan\u2026","rel":"","context":"En \u00abPOLICIALES\u00bb","block_context":{"text":"POLICIALES","link":"https:\/\/larevistadigital.com.ar\/blog\/category\/policiales\/"},"img":{"alt_text":"","src":"https:\/\/i0.wp.com\/larevistadigital.com.ar\/blog\/wp-content\/uploads\/6c091059e9212863920721289125521a51adf3ac.jpeg?fit=1125%2C900&ssl=1&resize=350%2C200","width":350,"height":200,"srcset":"https:\/\/i0.wp.com\/larevistadigital.com.ar\/blog\/wp-content\/uploads\/6c091059e9212863920721289125521a51adf3ac.jpeg?fit=1125%2C900&ssl=1&resize=350%2C200 1x, https:\/\/i0.wp.com\/larevistadigital.com.ar\/blog\/wp-content\/uploads\/6c091059e9212863920721289125521a51adf3ac.jpeg?fit=1125%2C900&ssl=1&resize=525%2C300 1.5x, https:\/\/i0.wp.com\/larevistadigital.com.ar\/blog\/wp-content\/uploads\/6c091059e9212863920721289125521a51adf3ac.jpeg?fit=1125%2C900&ssl=1&resize=700%2C400 2x, https:\/\/i0.wp.com\/larevistadigital.com.ar\/blog\/wp-content\/uploads\/6c091059e9212863920721289125521a51adf3ac.jpeg?fit=1125%2C900&ssl=1&resize=1050%2C600 3x"},"classes":[]},{"id":27040,"url":"https:\/\/larevistadigital.com.ar\/blog\/ostende-violento-robo-a-familia-trabajadora\/","url_meta":{"origin":41317,"position":3},"title":"OSTENDE: VIOLENTO ROBO A FAMILIA TRABAJADORA","author":"Alejandro Sosa Ruda","date":"7 agosto, 2022","format":false,"excerpt":"Los delincuentes ingresaron a la vivienda a cara descubierta y golpearon a los due\u00f1os de casa pidiendo dinero. Un robo con caracter\u00edsticas similares ocurri\u00f3 d\u00edas pasados el empresario Jos\u00e9 Alba en la zona norte de Pinamar. OSTENDE -\u00a0 \u00a0El hecho se produjo en una vivienda ubicada en la calle Repetto\u2026","rel":"","context":"En \u00abPOLICIALES\u00bb","block_context":{"text":"POLICIALES","link":"https:\/\/larevistadigital.com.ar\/blog\/category\/policiales\/"},"img":{"alt_text":"","src":"https:\/\/i0.wp.com\/larevistadigital.com.ar\/blog\/wp-content\/uploads\/20220806154500_violento-robo-a-una-familia-trabajadora-de-ostende.jpg?fit=880%2C512&ssl=1&resize=350%2C200","width":350,"height":200,"srcset":"https:\/\/i0.wp.com\/larevistadigital.com.ar\/blog\/wp-content\/uploads\/20220806154500_violento-robo-a-una-familia-trabajadora-de-ostende.jpg?fit=880%2C512&ssl=1&resize=350%2C200 1x, https:\/\/i0.wp.com\/larevistadigital.com.ar\/blog\/wp-content\/uploads\/20220806154500_violento-robo-a-una-familia-trabajadora-de-ostende.jpg?fit=880%2C512&ssl=1&resize=525%2C300 1.5x, https:\/\/i0.wp.com\/larevistadigital.com.ar\/blog\/wp-content\/uploads\/20220806154500_violento-robo-a-una-familia-trabajadora-de-ostende.jpg?fit=880%2C512&ssl=1&resize=700%2C400 2x"},"classes":[]},{"id":36886,"url":"https:\/\/larevistadigital.com.ar\/blog\/pinamar-detienen-al-padre-de-la-familia-tras-el-tragico-incendio-en-ostende\/","url_meta":{"origin":41317,"position":4},"title":"PINAMAR: DETIENEN AL PADRE DE LA FAMILIA TRAS EL TR\u00c1GICO INCENDIO EN OSTENDE","author":"Alejandro Sosa Ruda","date":"3 agosto, 2024","format":false,"excerpt":"En un giro inesperado, el \u00fanico sobreviviente del incendio que cobr\u00f3 la vida de su familia el pasado 11 de julio en Ostende, Pinamar, fue detenido mientras intentaba tomar un vuelo hacia Tucum\u00e1n. PINAMAR -\u00a0 El detenido, un hombre de 26 a\u00f1os, logr\u00f3 escapar ileso del incendio que consumi\u00f3 la\u2026","rel":"","context":"En \u00abPOLICIALES\u00bb","block_context":{"text":"POLICIALES","link":"https:\/\/larevistadigital.com.ar\/blog\/category\/policiales\/"},"img":{"alt_text":"","src":"https:\/\/i0.wp.com\/larevistadigital.com.ar\/blog\/wp-content\/uploads\/7caf4855692354f8a6500f206e29dd206135645d.jpg?fit=1140%2C642&ssl=1&resize=350%2C200","width":350,"height":200,"srcset":"https:\/\/i0.wp.com\/larevistadigital.com.ar\/blog\/wp-content\/uploads\/7caf4855692354f8a6500f206e29dd206135645d.jpg?fit=1140%2C642&ssl=1&resize=350%2C200 1x, https:\/\/i0.wp.com\/larevistadigital.com.ar\/blog\/wp-content\/uploads\/7caf4855692354f8a6500f206e29dd206135645d.jpg?fit=1140%2C642&ssl=1&resize=525%2C300 1.5x, https:\/\/i0.wp.com\/larevistadigital.com.ar\/blog\/wp-content\/uploads\/7caf4855692354f8a6500f206e29dd206135645d.jpg?fit=1140%2C642&ssl=1&resize=700%2C400 2x, https:\/\/i0.wp.com\/larevistadigital.com.ar\/blog\/wp-content\/uploads\/7caf4855692354f8a6500f206e29dd206135645d.jpg?fit=1140%2C642&ssl=1&resize=1050%2C600 3x"},"classes":[]},{"id":16891,"url":"https:\/\/larevistadigital.com.ar\/blog\/ostende-muchacha-denuncia-que-fue-abusada-durante-anos-por-la-pareja-de-su-madre\/","url_meta":{"origin":41317,"position":5},"title":"OSTENDE: MUCHACHA DENUNCIA QUE FUE ABUSADA DURANTE A\u00d1OS POR LA PAREJA DE SU MADRE","author":"Alejandro Sosa Ruda","date":"10 octubre, 2020","format":false,"excerpt":"La chica tiene 16 a\u00f1os y desde los 9 a\u00f1os fue sometida por el sujeto. Habr\u00eda quedado embarazada como consecuencia de las violaciones y el sujeto la amenaz\u00f3 de muerte. El hombre ya se encuentra detenido. Una joven de 16 a\u00f1os denunci\u00f3 que durante 7 a\u00f1os fue v\u00edctima de repetidos\u2026","rel":"","context":"En \u00abPOLICIALES\u00bb","block_context":{"text":"POLICIALES","link":"https:\/\/larevistadigital.com.ar\/blog\/category\/policiales\/"},"img":{"alt_text":"","src":"https:\/\/i0.wp.com\/larevistadigital.com.ar\/blog\/wp-content\/uploads\/c2728acf85a63a49cfbbf9fff249c657c9aa068d.png?fit=1140%2C640&ssl=1&resize=350%2C200","width":350,"height":200,"srcset":"https:\/\/i0.wp.com\/larevistadigital.com.ar\/blog\/wp-content\/uploads\/c2728acf85a63a49cfbbf9fff249c657c9aa068d.png?fit=1140%2C640&ssl=1&resize=350%2C200 1x, https:\/\/i0.wp.com\/larevistadigital.com.ar\/blog\/wp-content\/uploads\/c2728acf85a63a49cfbbf9fff249c657c9aa068d.png?fit=1140%2C640&ssl=1&resize=525%2C300 1.5x, https:\/\/i0.wp.com\/larevistadigital.com.ar\/blog\/wp-content\/uploads\/c2728acf85a63a49cfbbf9fff249c657c9aa068d.png?fit=1140%2C640&ssl=1&resize=700%2C400 2x, https:\/\/i0.wp.com\/larevistadigital.com.ar\/blog\/wp-content\/uploads\/c2728acf85a63a49cfbbf9fff249c657c9aa068d.png?fit=1140%2C640&ssl=1&resize=1050%2C600 3x"},"classes":[]}],"_links":{"self":[{"href":"https:\/\/larevistadigital.com.ar\/blog\/wp-json\/wp\/v2\/posts\/41317","targetHints":{"allow":["GET"]}}],"collection":[{"href":"https:\/\/larevistadigital.com.ar\/blog\/wp-json\/wp\/v2\/posts"}],"about":[{"href":"https:\/\/larevistadigital.com.ar\/blog\/wp-json\/wp\/v2\/types\/post"}],"author":[{"embeddable":true,"href":"https:\/\/larevistadigital.com.ar\/blog\/wp-json\/wp\/v2\/users\/3"}],"replies":[{"embeddable":true,"href":"https:\/\/larevistadigital.com.ar\/blog\/wp-json\/wp\/v2\/comments?post=41317"}],"version-history":[{"count":1,"href":"https:\/\/larevistadigital.com.ar\/blog\/wp-json\/wp\/v2\/posts\/41317\/revisions"}],"predecessor-version":[{"id":41319,"href":"https:\/\/larevistadigital.com.ar\/blog\/wp-json\/wp\/v2\/posts\/41317\/revisions\/41319"}],"wp:featuredmedia":[{"embeddable":true,"href":"https:\/\/larevistadigital.com.ar\/blog\/wp-json\/wp\/v2\/media\/41318"}],"wp:attachment":[{"href":"https:\/\/larevistadigital.com.ar\/blog\/wp-json\/wp\/v2\/media?parent=41317"}],"wp:term":[{"taxonomy":"category","embeddable":true,"href":"https:\/\/larevistadigital.com.ar\/blog\/wp-json\/wp\/v2\/categories?post=41317"},{"taxonomy":"post_tag","embeddable":true,"href":"https:\/\/larevistadigital.com.ar\/blog\/wp-json\/wp\/v2\/tags?post=41317"}],"curies":[{"name":"wp","href":"https:\/\/api.w.org\/{rel}","templated":true}]}}