{"id":41320,"date":"2025-09-05T19:21:17","date_gmt":"2025-09-05T22:21:17","guid":{"rendered":"https:\/\/larevistadigital.com.ar\/blog\/?p=41320"},"modified":"2025-09-05T19:21:17","modified_gmt":"2025-09-05T22:21:17","slug":"polemico-accionar-de-la-utoi-obligaron-a-un-joven-a-hacer-flexiones-en-plena-calle","status":"publish","type":"post","link":"https:\/\/larevistadigital.com.ar\/blog\/polemico-accionar-de-la-utoi-obligaron-a-un-joven-a-hacer-flexiones-en-plena-calle\/","title":{"rendered":"Pol\u00e9mico accionar de la UTOI: obligaron a un joven a hacer flexiones en plena calle"},"content":{"rendered":"<h2 class=\"fparrafo ctext fz18 lh25\">Lo pararon en el marco de un control preventivo de la Unidad T\u00e1ctica de Operaciones Inmediatas (UTOI), y le exigieron que hiciera ese ejercicio, mientras le pegaban en los pies. La situaci\u00f3n fue grabada por vecinos, que difundieron indignados lo ocurrido.<\/h2>\n<p>05 de septiembre de 2025<\/p>\n<p><strong>SAN PEDRO &#8211;\u00a0 <\/strong>Un hecho ins\u00f3lito gener\u00f3 indignaci\u00f3n en San Pedro luego de que efectivos de la Unidad T\u00e1ctica de Operaciones Inmediatas (UTOI) obligaran a un joven a realizar flexiones de brazos en la v\u00eda p\u00fablica, mientras le golpeaban los pies.<\/p>\n<p class=\"selectionShareable\">La situaci\u00f3n, registrada en video por vecinos de la zona de Depietri y San Mart\u00edn, muestra a los uniformados en un control preventivo durante la noche, con el patrullero estacionado y las balizas encendidas. (<a href=\"https:\/\/www.youtube.com\/watch?v=pz43okqLtNE&amp;t=3s\" target=\"_blank\" rel=\"noopener\"><strong>Ver video<\/strong><\/a>)<\/p>\n<blockquote>\n<h3 class=\"selectionShareable\">Seg\u00fan relataron testigos, los agentes \u2014con base en San Nicol\u00e1s y desplegados en la ciudad como refuerzo de seguridad\u2014 interceptaron a un grupo compuesto por un muchacho y dos chicas cerca de la escuela N\u00b0 4 y la cancha de Defensores Unidos.<\/h3>\n<\/blockquote>\n<p class=\"selectionShareable\">Tras identificarlos, las j\u00f3venes fueron liberadas, pero al joven le impusieron el castigo f\u00edsico frente al m\u00f3vil policial.<\/p>\n<p class=\"selectionShareable\">El video se viraliz\u00f3 r\u00e1pidamente en redes sociales, despertando un fuerte repudio por el procedimiento aplicado por los efectivos de la UTOI.\u00a0<b>(InfoGEI)Ac<\/b><\/p>\n","protected":false},"excerpt":{"rendered":"<div class=\"mh-excerpt\"><p>Lo pararon en el marco de un control preventivo de la Unidad T\u00e1ctica de Operaciones Inmediatas (UTOI), y le exigieron que hiciera ese ejercicio, mientras le pegaban en los pies. La situaci\u00f3n fue grabada por <a class=\"mh-excerpt-more\" href=\"https:\/\/larevistadigital.com.ar\/blog\/polemico-accionar-de-la-utoi-obligaron-a-un-joven-a-hacer-flexiones-en-plena-calle\/\" title=\"Pol\u00e9mico accionar de la UTOI: obligaron a un joven a hacer flexiones en plena calle\">[Leer M\u00e1s]<\/a><\/p>\n<\/div>","protected":false},"author":3,"featured_media":41321,"comment_status":"open","ping_status":"open","sticky":false,"template":"","format":"standard","meta":{"_jetpack_memberships_contains_paid_content":false,"footnotes":"","jetpack_publicize_message":"","jetpack_publicize_feature_enabled":true,"jetpack_social_post_already_shared":true,"jetpack_social_options":{"image_generator_settings":{"template":"highway","default_image_id":0,"font":"","enabled":false},"version":2}},"categories":[44,51],"tags":[],"class_list":{"0":"post-41320","1":"post","2":"type-post","3":"status-publish","4":"format-standard","5":"has-post-thumbnail","7":"category-policiales","8":"category-regionales"},"jetpack_publicize_connections":[],"jetpack_featured_media_url":"https:\/\/i0.wp.com\/larevistadigital.com.ar\/blog\/wp-content\/uploads\/20250905122017_intervencion-de-utoi-san-pedro.jpg?fit=880%2C512&ssl=1","jetpack_sharing_enabled":true,"jetpack_shortlink":"https:\/\/wp.me\/p8qtrQ-aKs","jetpack-related-posts":[{"id":35581,"url":"https:\/\/larevistadigital.com.ar\/blog\/escudo-anti-drogas-la-provincia-instalara-una-base-operativa-anti-narco-en-san-nicolas\/","url_meta":{"origin":41320,"position":0},"title":"ESCUDO ANTI DROGAS: LA PROVINCIA INSTALAR\u00c1 UNA BASE OPERATIVA ANTI-NARCO EN SAN NICOL\u00c1S.","author":"Alejandro Sosa Ruda","date":"16 marzo, 2024","format":false,"excerpt":"El gobierno de Axel Kicillof instalar\u00e1 una base operativa anti narcotr\u00e1fico de la polic\u00eda bonaerense en San Nicol\u00e1s, ciudad \u00e9sta del norte bonaerense m\u00e1s pr\u00f3xima a Rosario, a fin de bloquear el ingreso de droga por tierra desde Santa Fe. 16 de marzo de 2024 BUENOS AIRES -\u00a0 Seg\u00fan consigna\u2026","rel":"","context":"En \u00abPOLITICA PROVINCIAL\u00bb","block_context":{"text":"POLITICA PROVINCIAL","link":"https:\/\/larevistadigital.com.ar\/blog\/category\/politica\/politica-provincial\/"},"img":{"alt_text":"","src":"https:\/\/i0.wp.com\/larevistadigital.com.ar\/blog\/wp-content\/uploads\/20240315151519_base-operativa-anti-narco-san-nicolas.jpg?fit=880%2C512&ssl=1&resize=350%2C200","width":350,"height":200,"srcset":"https:\/\/i0.wp.com\/larevistadigital.com.ar\/blog\/wp-content\/uploads\/20240315151519_base-operativa-anti-narco-san-nicolas.jpg?fit=880%2C512&ssl=1&resize=350%2C200 1x, https:\/\/i0.wp.com\/larevistadigital.com.ar\/blog\/wp-content\/uploads\/20240315151519_base-operativa-anti-narco-san-nicolas.jpg?fit=880%2C512&ssl=1&resize=525%2C300 1.5x, https:\/\/i0.wp.com\/larevistadigital.com.ar\/blog\/wp-content\/uploads\/20240315151519_base-operativa-anti-narco-san-nicolas.jpg?fit=880%2C512&ssl=1&resize=700%2C400 2x"},"classes":[]},{"id":30333,"url":"https:\/\/larevistadigital.com.ar\/blog\/general-conesa-tres-policias-se-accidentaron-en-la-ruta-11-una-agente-esta-grave\/","url_meta":{"origin":41320,"position":1},"title":"GENERAL CONESA: TRES POLIC\u00cdAS SE ACCIDENTARON EN LA RUTA 11. UNA AGENTE EST\u00c1 GRAVE&#8230;","author":"Alejandro Sosa Ruda","date":"2 marzo, 2023","format":false,"excerpt":"El accidente ocurri\u00f3 a la altura del kil\u00f3metro\u00a0231 de la Ruta 11, en jurisdicci\u00f3n de General Conesa. Regresaban de cumplir funciones en el Partido de La Costa en el marco del operativo de Sol a Sol. 2 de marzo de 2023 GENERAL CONESA -\u00a0 Tres efectivos de la\u00a0Polic\u00eda Bonaerense\u00a0(dos hombres\u2026","rel":"","context":"En \u00abPOLICIALES\u00bb","block_context":{"text":"POLICIALES","link":"https:\/\/larevistadigital.com.ar\/blog\/category\/policiales\/"},"img":{"alt_text":"","src":"https:\/\/i0.wp.com\/larevistadigital.com.ar\/blog\/wp-content\/uploads\/19a66484aa15667e4345fbf09d097b0f5e9bed14.jpeg?fit=1140%2C686&ssl=1&resize=350%2C200","width":350,"height":200,"srcset":"https:\/\/i0.wp.com\/larevistadigital.com.ar\/blog\/wp-content\/uploads\/19a66484aa15667e4345fbf09d097b0f5e9bed14.jpeg?fit=1140%2C686&ssl=1&resize=350%2C200 1x, https:\/\/i0.wp.com\/larevistadigital.com.ar\/blog\/wp-content\/uploads\/19a66484aa15667e4345fbf09d097b0f5e9bed14.jpeg?fit=1140%2C686&ssl=1&resize=525%2C300 1.5x, https:\/\/i0.wp.com\/larevistadigital.com.ar\/blog\/wp-content\/uploads\/19a66484aa15667e4345fbf09d097b0f5e9bed14.jpeg?fit=1140%2C686&ssl=1&resize=700%2C400 2x, https:\/\/i0.wp.com\/larevistadigital.com.ar\/blog\/wp-content\/uploads\/19a66484aa15667e4345fbf09d097b0f5e9bed14.jpeg?fit=1140%2C686&ssl=1&resize=1050%2C600 3x"},"classes":[]},{"id":42193,"url":"https:\/\/larevistadigital.com.ar\/blog\/kicillof-encabezo-el-acto-de-egreso-de-efectivos-del-grupo-halcon\/","url_meta":{"origin":41320,"position":2},"title":"Kicillof encabez\u00f3 el acto de egreso de efectivos del Grupo Halc\u00f3n","author":"Alejandro Sosa Ruda","date":"23 octubre, 2025","format":false,"excerpt":"Fue en la Escuela de Polic\u00eda \u201cJuan Vucetich\u201d, donde adem\u00e1s se exhibi\u00f3 el nuevo armamento adquirido para las Fuerzas de Operaciones Especiales. 23 de Octubre de 2025 BUENOS AIRES -\u00a0 \u00a0El gobernador de la provincia de Buenos Aires, Axel Kicillof, encabez\u00f3 este jueves junto al ministro de Seguridad, Javier Alonso,\u2026","rel":"","context":"En \u00abINTERES GENERAL\u00bb","block_context":{"text":"INTERES GENERAL","link":"https:\/\/larevistadigital.com.ar\/blog\/category\/interes-general\/"},"img":{"alt_text":"","src":"https:\/\/i0.wp.com\/larevistadigital.com.ar\/blog\/wp-content\/uploads\/DSC29222.jpeg?fit=743%2C530&ssl=1&resize=350%2C200","width":350,"height":200,"srcset":"https:\/\/i0.wp.com\/larevistadigital.com.ar\/blog\/wp-content\/uploads\/DSC29222.jpeg?fit=743%2C530&ssl=1&resize=350%2C200 1x, https:\/\/i0.wp.com\/larevistadigital.com.ar\/blog\/wp-content\/uploads\/DSC29222.jpeg?fit=743%2C530&ssl=1&resize=525%2C300 1.5x, https:\/\/i0.wp.com\/larevistadigital.com.ar\/blog\/wp-content\/uploads\/DSC29222.jpeg?fit=743%2C530&ssl=1&resize=700%2C400 2x"},"classes":[]},{"id":43531,"url":"https:\/\/larevistadigital.com.ar\/blog\/partido-de-la-costa-cayo-ex-barra-de-san-lorenzo-lideraba-una-banda-narco\/","url_meta":{"origin":41320,"position":3},"title":"Partido de la Costa: Cay\u00f3 ex barra de San Lorenzo lideraba una banda narco.","author":"Alejandro Sosa Ruda","date":"22 enero, 2026","format":false,"excerpt":"Tres personas fueron detenidas en el marco del Operativo de Sol a Sol 2026. Entre los aprehendidos se encuentra \u201cEl Cuervo\u201d, se\u00f1alado como l\u00edder de la organizaci\u00f3n y ex integrante de la barra brava de San Lorenzo. 22 de enero de 2026 LA COSTA -\u00a0 \u00a0Luego de una investigaci\u00f3n que\u2026","rel":"","context":"En \u00abPOLICIALES\u00bb","block_context":{"text":"POLICIALES","link":"https:\/\/larevistadigital.com.ar\/blog\/category\/policiales\/"},"img":{"alt_text":"","src":"https:\/\/i0.wp.com\/larevistadigital.com.ar\/blog\/wp-content\/uploads\/48fbb87fe8a3f443ce2b382f0c3a9ac81a08a82e.jpeg?fit=1140%2C681&ssl=1&resize=350%2C200","width":350,"height":200,"srcset":"https:\/\/i0.wp.com\/larevistadigital.com.ar\/blog\/wp-content\/uploads\/48fbb87fe8a3f443ce2b382f0c3a9ac81a08a82e.jpeg?fit=1140%2C681&ssl=1&resize=350%2C200 1x, https:\/\/i0.wp.com\/larevistadigital.com.ar\/blog\/wp-content\/uploads\/48fbb87fe8a3f443ce2b382f0c3a9ac81a08a82e.jpeg?fit=1140%2C681&ssl=1&resize=525%2C300 1.5x, https:\/\/i0.wp.com\/larevistadigital.com.ar\/blog\/wp-content\/uploads\/48fbb87fe8a3f443ce2b382f0c3a9ac81a08a82e.jpeg?fit=1140%2C681&ssl=1&resize=700%2C400 2x, https:\/\/i0.wp.com\/larevistadigital.com.ar\/blog\/wp-content\/uploads\/48fbb87fe8a3f443ce2b382f0c3a9ac81a08a82e.jpeg?fit=1140%2C681&ssl=1&resize=1050%2C600 3x"},"classes":[]},{"id":35308,"url":"https:\/\/larevistadigital.com.ar\/blog\/la-matanza-asesinaron-al-subsecretario-de-seguridad-ciudadana\/","url_meta":{"origin":41320,"position":4},"title":"LA MATANZA: ASESINARON AL SUBSECRETARIO DE SEGURIDAD CIUDADANA","author":"Alejandro Sosa Ruda","date":"22 febrero, 2024","format":false,"excerpt":"El subdirector de la Secretar\u00eda de Protecci\u00f3n Ciudadana de La Matanza fue asesinado de al menos un balazo por motochorros que le robaron un arma de fuego y pretend\u00edan llevarse tambi\u00e9n su camioneta, durante un asalto cometido a metros de su casa en la localidad bonaerense de San Justo, informaron\u2026","rel":"","context":"En \u00abPOLICIALES\u00bb","block_context":{"text":"POLICIALES","link":"https:\/\/larevistadigital.com.ar\/blog\/category\/policiales\/"},"img":{"alt_text":"","src":"https:\/\/i0.wp.com\/larevistadigital.com.ar\/blog\/wp-content\/uploads\/20240221173745_roberto-eduardo-mac-donald-proteccion-ciudadana-matanza.jpg?fit=880%2C512&ssl=1&resize=350%2C200","width":350,"height":200,"srcset":"https:\/\/i0.wp.com\/larevistadigital.com.ar\/blog\/wp-content\/uploads\/20240221173745_roberto-eduardo-mac-donald-proteccion-ciudadana-matanza.jpg?fit=880%2C512&ssl=1&resize=350%2C200 1x, https:\/\/i0.wp.com\/larevistadigital.com.ar\/blog\/wp-content\/uploads\/20240221173745_roberto-eduardo-mac-donald-proteccion-ciudadana-matanza.jpg?fit=880%2C512&ssl=1&resize=525%2C300 1.5x, https:\/\/i0.wp.com\/larevistadigital.com.ar\/blog\/wp-content\/uploads\/20240221173745_roberto-eduardo-mac-donald-proteccion-ciudadana-matanza.jpg?fit=880%2C512&ssl=1&resize=700%2C400 2x"},"classes":[]},{"id":29863,"url":"https:\/\/larevistadigital.com.ar\/blog\/fuego-amigo-policias-se-disparan-entre-si-en-el-centro-de-mar-de-ajo\/","url_meta":{"origin":41320,"position":5},"title":"\u00abFUEGO AMIGO\u00bb: POLIC\u00cdAS SE DISPARAN ENTRE S\u00cd EN EL CENTRO DE MAR DE AJ\u00d3","author":"Alejandro Sosa Ruda","date":"20 enero, 2023","format":false,"excerpt":"Dos efectivos de la Sub DDI de la Costa estaban custodiando una camioneta vestidos de civil. Un polic\u00eda de la Utoi se acerc\u00f3, tambi\u00e9n de civil, y se desat\u00f3 un enfrentamiento. 20 de enero de 2023 MAR DE AJ\u00d3 -\u00a0 El ins\u00f3lito hecho, sucedi\u00f3 en el centro de Mar de\u2026","rel":"","context":"En \u00abPOLICIALES\u00bb","block_context":{"text":"POLICIALES","link":"https:\/\/larevistadigital.com.ar\/blog\/category\/policiales\/"},"img":{"alt_text":"","src":"https:\/\/i0.wp.com\/larevistadigital.com.ar\/blog\/wp-content\/uploads\/WhatsApp-Image-2023-01-17-at-13.13.10.jpeg?fit=1200%2C675&ssl=1&resize=350%2C200","width":350,"height":200,"srcset":"https:\/\/i0.wp.com\/larevistadigital.com.ar\/blog\/wp-content\/uploads\/WhatsApp-Image-2023-01-17-at-13.13.10.jpeg?fit=1200%2C675&ssl=1&resize=350%2C200 1x, https:\/\/i0.wp.com\/larevistadigital.com.ar\/blog\/wp-content\/uploads\/WhatsApp-Image-2023-01-17-at-13.13.10.jpeg?fit=1200%2C675&ssl=1&resize=525%2C300 1.5x, https:\/\/i0.wp.com\/larevistadigital.com.ar\/blog\/wp-content\/uploads\/WhatsApp-Image-2023-01-17-at-13.13.10.jpeg?fit=1200%2C675&ssl=1&resize=700%2C400 2x, https:\/\/i0.wp.com\/larevistadigital.com.ar\/blog\/wp-content\/uploads\/WhatsApp-Image-2023-01-17-at-13.13.10.jpeg?fit=1200%2C675&ssl=1&resize=1050%2C600 3x"},"classes":[]}],"_links":{"self":[{"href":"https:\/\/larevistadigital.com.ar\/blog\/wp-json\/wp\/v2\/posts\/41320","targetHints":{"allow":["GET"]}}],"collection":[{"href":"https:\/\/larevistadigital.com.ar\/blog\/wp-json\/wp\/v2\/posts"}],"about":[{"href":"https:\/\/larevistadigital.com.ar\/blog\/wp-json\/wp\/v2\/types\/post"}],"author":[{"embeddable":true,"href":"https:\/\/larevistadigital.com.ar\/blog\/wp-json\/wp\/v2\/users\/3"}],"replies":[{"embeddable":true,"href":"https:\/\/larevistadigital.com.ar\/blog\/wp-json\/wp\/v2\/comments?post=41320"}],"version-history":[{"count":1,"href":"https:\/\/larevistadigital.com.ar\/blog\/wp-json\/wp\/v2\/posts\/41320\/revisions"}],"predecessor-version":[{"id":41322,"href":"https:\/\/larevistadigital.com.ar\/blog\/wp-json\/wp\/v2\/posts\/41320\/revisions\/41322"}],"wp:featuredmedia":[{"embeddable":true,"href":"https:\/\/larevistadigital.com.ar\/blog\/wp-json\/wp\/v2\/media\/41321"}],"wp:attachment":[{"href":"https:\/\/larevistadigital.com.ar\/blog\/wp-json\/wp\/v2\/media?parent=41320"}],"wp:term":[{"taxonomy":"category","embeddable":true,"href":"https:\/\/larevistadigital.com.ar\/blog\/wp-json\/wp\/v2\/categories?post=41320"},{"taxonomy":"post_tag","embeddable":true,"href":"https:\/\/larevistadigital.com.ar\/blog\/wp-json\/wp\/v2\/tags?post=41320"}],"curies":[{"name":"wp","href":"https:\/\/api.w.org\/{rel}","templated":true}]}}