{"id":41323,"date":"2025-09-05T19:28:40","date_gmt":"2025-09-05T22:28:40","guid":{"rendered":"https:\/\/larevistadigital.com.ar\/blog\/?p=41323"},"modified":"2025-09-05T19:28:40","modified_gmt":"2025-09-05T22:28:40","slug":"bolivar-enfermeras-acamparon-toda-la-noche-frente-a-la-municipalidad-en-reclamo-salarial","status":"publish","type":"post","link":"https:\/\/larevistadigital.com.ar\/blog\/bolivar-enfermeras-acamparon-toda-la-noche-frente-a-la-municipalidad-en-reclamo-salarial\/","title":{"rendered":"Bolivar: Enfermeras acamparon toda la noche frente a la Municipalidad en reclamo salarial"},"content":{"rendered":"<h3 class=\"fparrafo ctext fz18 lh25\">Un grupo de enfermeras del hospital municipal, en conflicto con las autoridades locales por mejoras salariales, decidi\u00f3 manifestarse este mi\u00e9rcoles en el Centro C\u00edvico con una sentada pac\u00edfica que deriv\u00f3 en un acampe durante toda la noche, a la espera de una respuesta oficial. Autoridades municipales prometieron una respuesta a una nueva propuesta negociadora elevada.<\/h3>\n<p>05 de septiembre de 2025<\/p>\n<p class=\"selectionShareable\"><strong>BOLIVAR\u00a0 &#8211;\u00a0<\/strong> \u00a0El reclamo apunta a una recomposici\u00f3n del 100% del sueldo b\u00e1sico, con el objetivo de alcanzar los $700.000, pedido que hasta ahora no tuvo respuesta favorable.<\/p>\n<p class=\"selectionShareable\">Pese a una reuni\u00f3n mantenida el martes con los secretarios de Gobierno y Hacienda, las trabajadoras calificaron las promesas de di\u00e1logo como \u201cinsuficientes\u201d.<\/p>\n<blockquote>\n<h3 class=\"selectionShareable\">Seg\u00fan reporta en medio local, La Ma\u00f1ana, este mi\u00e9rcoles, una delegaci\u00f3n fue nuevamente recibida por los funcionarios municipales Beorlegui y Erreca, junto con la directora de Recursos Humanos, Lorena Gallego, y con la mediaci\u00f3n de representantes de ATRAMUBO.<\/h3>\n<\/blockquote>\n<p class=\"selectionShareable\">All\u00ed, las enfermeras plantearon como alternativa una bonificaci\u00f3n mensual de $500.000, propuesta que las autoridades se comprometieron a analizar y responder entre las 10 y las 11 de la ma\u00f1ana del jueves.<\/p>\n<blockquote>\n<h3 class=\"selectionShareable\">La reuni\u00f3n finaliz\u00f3 alrededor de las 14, momento en que las manifestantes decidieron permanecer en el lugar y montar un acampe. Durante la noche contaron con la colaboraci\u00f3n de vecinos que acercaron carpas, un gazebo y alimentos en gesto solidario, adem\u00e1s del acompa\u00f1amiento de la Polic\u00eda local.<\/h3>\n<\/blockquote>\n<p class=\"selectionShareable\"><strong><em>\u201cEl reclamo que llevamos adelante representa a los 82\/83 enfermeros municipalizados\u201d<\/em><\/strong>, se\u00f1alaron las trabajadoras, quienes agradecieron el apoyo de la comunidad de Bol\u00edvar.\u00a0<b>(InfoGEI)Ac<\/b><\/p>\n","protected":false},"excerpt":{"rendered":"<div class=\"mh-excerpt\"><p>Un grupo de enfermeras del hospital municipal, en conflicto con las autoridades locales por mejoras salariales, decidi\u00f3 manifestarse este mi\u00e9rcoles en el Centro C\u00edvico con una sentada pac\u00edfica que deriv\u00f3 en un acampe durante toda <a class=\"mh-excerpt-more\" href=\"https:\/\/larevistadigital.com.ar\/blog\/bolivar-enfermeras-acamparon-toda-la-noche-frente-a-la-municipalidad-en-reclamo-salarial\/\" title=\"Bolivar: Enfermeras acamparon toda la noche frente a la Municipalidad en reclamo salarial\">[Leer M\u00e1s]<\/a><\/p>\n<\/div>","protected":false},"author":3,"featured_media":41324,"comment_status":"open","ping_status":"open","sticky":false,"template":"","format":"standard","meta":{"_jetpack_memberships_contains_paid_content":false,"footnotes":"","jetpack_publicize_message":"","jetpack_publicize_feature_enabled":true,"jetpack_social_post_already_shared":true,"jetpack_social_options":{"image_generator_settings":{"template":"highway","default_image_id":0,"font":"","enabled":false},"version":2}},"categories":[51],"tags":[],"class_list":{"0":"post-41323","1":"post","2":"type-post","3":"status-publish","4":"format-standard","5":"has-post-thumbnail","7":"category-regionales"},"jetpack_publicize_connections":[],"jetpack_featured_media_url":"https:\/\/i0.wp.com\/larevistadigital.com.ar\/blog\/wp-content\/uploads\/20250904123613_enfermeras-hospital-municipal-bolivar-reclamo-salarial.jpg?fit=880%2C512&ssl=1","jetpack_sharing_enabled":true,"jetpack_shortlink":"https:\/\/wp.me\/p8qtrQ-aKv","jetpack-related-posts":[{"id":17485,"url":"https:\/\/larevistadigital.com.ar\/blog\/nuevo-reclamo-de-vecinos-por-la-inseguridad-en-chascomus-desconformes-con-la-respuesta-de-lucas-funes\/","url_meta":{"origin":41323,"position":0},"title":"DISCONFORMIDAD CON LA RESPUESTA DE LUCAS FUNES, Y NUEVO RECLAMO DE VECINOS POR LA INSEGURIDAD EN CHASCOM\u00daS","author":"Alejandro Sosa Ruda","date":"6 noviembre, 2020","format":false,"excerpt":"Public\u00f3 el Diario El Fuerte, acerca de un nuevo reclamo de vecinos del barrio El Tambor, en donde\u00a0contin\u00faa pidiendo por mayor seguridad para este sector pr\u00f3ximo, no solo a la Municipalidad sino a la Estaci\u00f3n de Polic\u00eda. Los ciudadanos que hab\u00edan solicitado la colocaci\u00f3n de c\u00e1maras de seguridad, se mostraron\u2026","rel":"","context":"En \u00abDESTACADAS\u00bb","block_context":{"text":"DESTACADAS","link":"https:\/\/larevistadigital.com.ar\/blog\/category\/destacadas\/"},"img":{"alt_text":"","src":"https:\/\/i0.wp.com\/larevistadigital.com.ar\/blog\/wp-content\/uploads\/lucasfunes_12dediciembrede2019_elfuerte.jpg?fit=737%2C415&ssl=1&resize=350%2C200","width":350,"height":200,"srcset":"https:\/\/i0.wp.com\/larevistadigital.com.ar\/blog\/wp-content\/uploads\/lucasfunes_12dediciembrede2019_elfuerte.jpg?fit=737%2C415&ssl=1&resize=350%2C200 1x, https:\/\/i0.wp.com\/larevistadigital.com.ar\/blog\/wp-content\/uploads\/lucasfunes_12dediciembrede2019_elfuerte.jpg?fit=737%2C415&ssl=1&resize=525%2C300 1.5x, https:\/\/i0.wp.com\/larevistadigital.com.ar\/blog\/wp-content\/uploads\/lucasfunes_12dediciembrede2019_elfuerte.jpg?fit=737%2C415&ssl=1&resize=700%2C400 2x"},"classes":[]},{"id":34771,"url":"https:\/\/larevistadigital.com.ar\/blog\/conmocion-encuentran-caballos-muertos-pensaban-que-era-por-encefalitis-equina-pero-fueron-matados-a-golpes\/","url_meta":{"origin":41323,"position":1},"title":"CONMOCI\u00d3N: ENCUENTRAN CABALLOS MUERTOS, PENSABAN QUE ERA POR ENCEFALITIS EQUINA, PERO FUERON MATADOS A GOLPES","author":"Alejandro Sosa Ruda","date":"5 diciembre, 2023","format":false,"excerpt":"En el peque\u00f1o pueblo que pertenece al partido de Bol\u00edvar y cuenta con tan solo 200 habitantes hay conmoci\u00f3n por el caso. La Polic\u00eda Rural busca identificar a los propietarios de los animales. 5 de diciembre de 2023 BOLIVAR -\u00a0 La apacible localidad de Hale ha sido sacudida en las\u2026","rel":"","context":"En \u00abPOLICIALES\u00bb","block_context":{"text":"POLICIALES","link":"https:\/\/larevistadigital.com.ar\/blog\/category\/policiales\/"},"img":{"alt_text":"","src":"https:\/\/i0.wp.com\/larevistadigital.com.ar\/blog\/wp-content\/uploads\/patrulla-rural-tandil-2020.jpg?fit=1140%2C761&ssl=1&resize=350%2C200","width":350,"height":200,"srcset":"https:\/\/i0.wp.com\/larevistadigital.com.ar\/blog\/wp-content\/uploads\/patrulla-rural-tandil-2020.jpg?fit=1140%2C761&ssl=1&resize=350%2C200 1x, https:\/\/i0.wp.com\/larevistadigital.com.ar\/blog\/wp-content\/uploads\/patrulla-rural-tandil-2020.jpg?fit=1140%2C761&ssl=1&resize=525%2C300 1.5x, https:\/\/i0.wp.com\/larevistadigital.com.ar\/blog\/wp-content\/uploads\/patrulla-rural-tandil-2020.jpg?fit=1140%2C761&ssl=1&resize=700%2C400 2x, https:\/\/i0.wp.com\/larevistadigital.com.ar\/blog\/wp-content\/uploads\/patrulla-rural-tandil-2020.jpg?fit=1140%2C761&ssl=1&resize=1050%2C600 3x"},"classes":[]},{"id":26556,"url":"https:\/\/larevistadigital.com.ar\/blog\/uso-de-celulares-en-las-carceles-reclamo-de-la-oposicion-y-respuesta-del-spb\/","url_meta":{"origin":41323,"position":2},"title":"USO DE CELULARES EN LAS C\u00c1RCELES, RECLAMO DE LA OPOSICI\u00d3N Y RESPUESTA DEL SPB","author":"Alejandro Sosa Ruda","date":"13 julio, 2022","format":false,"excerpt":"Ante un reclamo de la oposici\u00f3n, el SPB dijo que\u00a0las razones de esta resoluci\u00f3n judicial estuvieron ligadas a las restricciones que impuso la pandemia en 2020. LA PLATA -\u00a0 Diputados bonaerenses de Juntos presentaron un proyecto para que el Gobierno de Axel Kicillof derogue el protocolo que permiti\u00f3 que los\u2026","rel":"","context":"En \u00abPOLITICA PROVINCIAL\u00bb","block_context":{"text":"POLITICA PROVINCIAL","link":"https:\/\/larevistadigital.com.ar\/blog\/category\/politica\/politica-provincial\/"},"img":{"alt_text":"","src":"https:\/\/i0.wp.com\/larevistadigital.com.ar\/blog\/wp-content\/uploads\/1657666256294.jpg?fit=982%2C542&ssl=1&resize=350%2C200","width":350,"height":200,"srcset":"https:\/\/i0.wp.com\/larevistadigital.com.ar\/blog\/wp-content\/uploads\/1657666256294.jpg?fit=982%2C542&ssl=1&resize=350%2C200 1x, https:\/\/i0.wp.com\/larevistadigital.com.ar\/blog\/wp-content\/uploads\/1657666256294.jpg?fit=982%2C542&ssl=1&resize=525%2C300 1.5x, https:\/\/i0.wp.com\/larevistadigital.com.ar\/blog\/wp-content\/uploads\/1657666256294.jpg?fit=982%2C542&ssl=1&resize=700%2C400 2x"},"classes":[]},{"id":18208,"url":"https:\/\/larevistadigital.com.ar\/blog\/rapida-respuesta-de-delegados-bancarios-a-los-que-si-les-interesan-sus-companeros\/","url_meta":{"origin":41323,"position":3},"title":"R\u00c1PIDA RESPUESTA DE DELEGADOS BANCARIOS A LOS QUE S\u00cd LES INTERESAN SUS COMPA\u00d1EROS","author":"Alejandro Sosa Ruda","date":"18 diciembre, 2020","format":false,"excerpt":"El \"Comit\u00e9 Mixto de Seguridad e Higiene\" de la Asociaci\u00f3n Bancaria, tom\u00f3 r\u00e1pidamente cartas en el tema planteado en una publicaci\u00f3n de La Revista Digital, acerca de las falencias y desatenciones de los delegados y las autoridades del Banco Provincia, con sus trabajadores y con los clientes. Luego de la\u2026","rel":"","context":"En \u00abDESTACADAS\u00bb","block_context":{"text":"DESTACADAS","link":"https:\/\/larevistadigital.com.ar\/blog\/category\/destacadas\/"},"img":{"alt_text":"","src":"https:\/\/i0.wp.com\/larevistadigital.com.ar\/blog\/wp-content\/uploads\/WhatsApp-Image-2020-12-18-at-12.19.49.jpeg?resize=350%2C200&ssl=1","width":350,"height":200,"srcset":"https:\/\/i0.wp.com\/larevistadigital.com.ar\/blog\/wp-content\/uploads\/WhatsApp-Image-2020-12-18-at-12.19.49.jpeg?resize=350%2C200&ssl=1 1x, https:\/\/i0.wp.com\/larevistadigital.com.ar\/blog\/wp-content\/uploads\/WhatsApp-Image-2020-12-18-at-12.19.49.jpeg?resize=525%2C300&ssl=1 1.5x, https:\/\/i0.wp.com\/larevistadigital.com.ar\/blog\/wp-content\/uploads\/WhatsApp-Image-2020-12-18-at-12.19.49.jpeg?resize=700%2C400&ssl=1 2x"},"classes":[]},{"id":19195,"url":"https:\/\/larevistadigital.com.ar\/blog\/el-circulo-medico-apoyo-a-los-profesionales-del-hospital-en-su-reclamo-y-convoco-a-concurrir-a-la-marcha-de-manana-a-las-12-hs\/","url_meta":{"origin":41323,"position":4},"title":"EL C\u00cdRCULO M\u00c9DICO APOY\u00d3 A LOS PROFESIONALES DEL HOSPITAL EN SU RECLAMO Y CONVOC\u00d3 A CONCURRIR A LA MARCHA DE MA\u00d1ANA A LAS 12 HS.","author":"Alejandro Sosa Ruda","date":"7 marzo, 2021","format":false,"excerpt":"CHASCOM\u00daS -\u00a0El C\u00edrculo M\u00e9dico de Chascom\u00fas, emiti\u00f3 un comunicado en el que apoya a los profesionales del Hospital Municipal San Vicente de Paul en el conflicto que vienen manteniendo con las autoridades del municipio en reclamo de mejores condiciones laborales y la recomposici\u00f3n de sus salarios. Todo esto, en realidad\u2026","rel":"","context":"En \u00abDESTACADAS\u00bb","block_context":{"text":"DESTACADAS","link":"https:\/\/larevistadigital.com.ar\/blog\/category\/destacadas\/"},"img":{"alt_text":"","src":"https:\/\/i0.wp.com\/larevistadigital.com.ar\/blog\/wp-content\/uploads\/WhatsApp-Image-2021-03-07-at-7.51.49-PM.jpeg?fit=750%2C694&ssl=1&resize=350%2C200","width":350,"height":200,"srcset":"https:\/\/i0.wp.com\/larevistadigital.com.ar\/blog\/wp-content\/uploads\/WhatsApp-Image-2021-03-07-at-7.51.49-PM.jpeg?fit=750%2C694&ssl=1&resize=350%2C200 1x, https:\/\/i0.wp.com\/larevistadigital.com.ar\/blog\/wp-content\/uploads\/WhatsApp-Image-2021-03-07-at-7.51.49-PM.jpeg?fit=750%2C694&ssl=1&resize=525%2C300 1.5x, https:\/\/i0.wp.com\/larevistadigital.com.ar\/blog\/wp-content\/uploads\/WhatsApp-Image-2021-03-07-at-7.51.49-PM.jpeg?fit=750%2C694&ssl=1&resize=700%2C400 2x"},"classes":[]},{"id":11280,"url":"https:\/\/larevistadigital.com.ar\/blog\/vecino-se-queja-por-la-inaccion-municipal\/","url_meta":{"origin":41323,"position":5},"title":"VECINO SE QUEJA POR LA INACCI\u00d3N MUNICIPAL","author":"Alejandro Sosa Ruda","date":"14 julio, 2019","format":false,"excerpt":"Un vecino se puso en contacto con nosotros por un reclamo que ha hecho a la municipalidad del que no habr\u00eda tenido respuesta alguna, ni de manera personal, ni a trav\u00e9s del 147. Se trata de una situaci\u00f3n en calle Guido, entre Bah\u00eda Blanca y La Plata de Chascom\u00fas, donde\u2026","rel":"","context":"En \u00abCHASCOM\u00daS\u00bb","block_context":{"text":"CHASCOM\u00daS","link":"https:\/\/larevistadigital.com.ar\/blog\/category\/chascomus\/"},"img":{"alt_text":"","src":"https:\/\/i0.wp.com\/larevistadigital.com.ar\/blog\/wp-content\/uploads\/66455463_2383360265263655_4512443196961193984_n.jpg?fit=720%2C960&ssl=1&resize=350%2C200","width":350,"height":200,"srcset":"https:\/\/i0.wp.com\/larevistadigital.com.ar\/blog\/wp-content\/uploads\/66455463_2383360265263655_4512443196961193984_n.jpg?fit=720%2C960&ssl=1&resize=350%2C200 1x, https:\/\/i0.wp.com\/larevistadigital.com.ar\/blog\/wp-content\/uploads\/66455463_2383360265263655_4512443196961193984_n.jpg?fit=720%2C960&ssl=1&resize=525%2C300 1.5x, https:\/\/i0.wp.com\/larevistadigital.com.ar\/blog\/wp-content\/uploads\/66455463_2383360265263655_4512443196961193984_n.jpg?fit=720%2C960&ssl=1&resize=700%2C400 2x"},"classes":[]}],"_links":{"self":[{"href":"https:\/\/larevistadigital.com.ar\/blog\/wp-json\/wp\/v2\/posts\/41323","targetHints":{"allow":["GET"]}}],"collection":[{"href":"https:\/\/larevistadigital.com.ar\/blog\/wp-json\/wp\/v2\/posts"}],"about":[{"href":"https:\/\/larevistadigital.com.ar\/blog\/wp-json\/wp\/v2\/types\/post"}],"author":[{"embeddable":true,"href":"https:\/\/larevistadigital.com.ar\/blog\/wp-json\/wp\/v2\/users\/3"}],"replies":[{"embeddable":true,"href":"https:\/\/larevistadigital.com.ar\/blog\/wp-json\/wp\/v2\/comments?post=41323"}],"version-history":[{"count":1,"href":"https:\/\/larevistadigital.com.ar\/blog\/wp-json\/wp\/v2\/posts\/41323\/revisions"}],"predecessor-version":[{"id":41325,"href":"https:\/\/larevistadigital.com.ar\/blog\/wp-json\/wp\/v2\/posts\/41323\/revisions\/41325"}],"wp:featuredmedia":[{"embeddable":true,"href":"https:\/\/larevistadigital.com.ar\/blog\/wp-json\/wp\/v2\/media\/41324"}],"wp:attachment":[{"href":"https:\/\/larevistadigital.com.ar\/blog\/wp-json\/wp\/v2\/media?parent=41323"}],"wp:term":[{"taxonomy":"category","embeddable":true,"href":"https:\/\/larevistadigital.com.ar\/blog\/wp-json\/wp\/v2\/categories?post=41323"},{"taxonomy":"post_tag","embeddable":true,"href":"https:\/\/larevistadigital.com.ar\/blog\/wp-json\/wp\/v2\/tags?post=41323"}],"curies":[{"name":"wp","href":"https:\/\/api.w.org\/{rel}","templated":true}]}}