{"id":41327,"date":"2025-09-06T15:24:54","date_gmt":"2025-09-06T18:24:54","guid":{"rendered":"https:\/\/larevistadigital.com.ar\/blog\/?p=41327"},"modified":"2025-09-06T15:24:54","modified_gmt":"2025-09-06T18:24:54","slug":"chascomus-detuvieron-a-un-hombre-acusado-de-vender-drogas-al-menudeo","status":"publish","type":"post","link":"https:\/\/larevistadigital.com.ar\/blog\/chascomus-detuvieron-a-un-hombre-acusado-de-vender-drogas-al-menudeo\/","title":{"rendered":"Chascom\u00fas: detuvieron a un hombre acusado de vender drogas al menudeo"},"content":{"rendered":"<h2>La investigaci\u00f3n estuvo a cargo de la Subdelegaci\u00f3n de Drogas Il\u00edcitas y deriv\u00f3 en un allanamiento en el que se secuestraron dosis listas para la venta, celulares y elementos de fraccionamiento.<\/h2>\n<p>06 de septiembre de 2025<\/p>\n<p data-start=\"541\" data-end=\"887\"><strong>CHASCOM\u00daS &#8211;\u00a0<\/strong> Un operativo realizado por la <strong data-start=\"583\" data-end=\"629\">Subdelegaci\u00f3n Chascom\u00fas de Drogas Il\u00edcitas<\/strong> termin\u00f3 con la detenci\u00f3n de un hombre acusado de comercializar estupefacientes al menudeo en calle Brasil. El procedimiento se concret\u00f3 tras varias semanas de investigaci\u00f3n y bajo la orden judicial emanada desde la Ayudant\u00eda Fiscal de Estupefacientes.<\/p>\n<blockquote>\n<h3 data-start=\"889\" data-end=\"1230\">El detenido, conocido en el barrio, era investigado desde hac\u00eda tiempo por presunta venta de drogas. Seg\u00fan informaron fuentes oficiales, en el allanamiento se secuestraron <strong data-start=\"1091\" data-end=\"1134\">dosis fraccionadas listas para la venta<\/strong>, adem\u00e1s de elementos de procesamiento y tel\u00e9fonos celulares que ser\u00e1n analizados como prueba.<\/h3>\n<\/blockquote>\n<p data-start=\"1232\" data-end=\"1453\">Las tareas incluyeron <strong data-start=\"1254\" data-end=\"1329\">vigilancias, seguimientos, entrevistas encubiertas y registros f\u00edlmicos<\/strong>, adem\u00e1s de un trabajo conjunto con el <strong data-start=\"1368\" data-end=\"1401\">Centro de Monitoreo Municipal<\/strong>, dependiente de la <strong>Secretar\u00eda de Seguridad local.<\/strong><\/p>\n<blockquote>\n<h3 data-start=\"1455\" data-end=\"1625\">El caso qued\u00f3 en manos de la <strong data-start=\"1484\" data-end=\"1535\">Unidad Funcional de Instrucci\u00f3n N\u00b0 3 de Dolores<\/strong>, a cargo del fiscal Marcos Scoccimarro, con intervenci\u00f3n del Juzgado de Garant\u00edas N\u00b0 5.<\/h3>\n<\/blockquote>\n<p data-start=\"1627\" data-end=\"1879\">El operativo evidencia c\u00f3mo las investigaciones de largo plazo y el trabajo coordinado entre la justicia, la polic\u00eda y el municipio resultan claves para desarticular redes de narcomenudeo que afectan directamente a los barrios.<\/p>\n","protected":false},"excerpt":{"rendered":"<div class=\"mh-excerpt\"><p>La investigaci\u00f3n estuvo a cargo de la Subdelegaci\u00f3n de Drogas Il\u00edcitas y deriv\u00f3 en un allanamiento en el que se secuestraron dosis listas para la venta, celulares y elementos de fraccionamiento. 06 de septiembre de <a class=\"mh-excerpt-more\" href=\"https:\/\/larevistadigital.com.ar\/blog\/chascomus-detuvieron-a-un-hombre-acusado-de-vender-drogas-al-menudeo\/\" title=\"Chascom\u00fas: detuvieron a un hombre acusado de vender drogas al menudeo\">[Leer M\u00e1s]<\/a><\/p>\n<\/div>","protected":false},"author":3,"featured_media":41328,"comment_status":"open","ping_status":"open","sticky":false,"template":"","format":"standard","meta":{"_jetpack_memberships_contains_paid_content":false,"footnotes":"","jetpack_publicize_message":"","jetpack_publicize_feature_enabled":true,"jetpack_social_post_already_shared":true,"jetpack_social_options":{"image_generator_settings":{"template":"highway","default_image_id":0,"font":"","enabled":false},"version":2}},"categories":[6,41],"tags":[],"class_list":{"0":"post-41327","1":"post","2":"type-post","3":"status-publish","4":"format-standard","5":"has-post-thumbnail","7":"category-chascomus","8":"category-destacadas"},"jetpack_publicize_connections":[],"jetpack_featured_media_url":"https:\/\/i0.wp.com\/larevistadigital.com.ar\/blog\/wp-content\/uploads\/WhatsApp-Image-2025-09-06-at-11.53.38.jpeg?fit=960%2C1280&ssl=1","jetpack_sharing_enabled":true,"jetpack_shortlink":"https:\/\/wp.me\/p8qtrQ-aKz","jetpack-related-posts":[{"id":41404,"url":"https:\/\/larevistadigital.com.ar\/blog\/allanamiento-en-chascomus-detienen-a-un-hombre-acusado-de-venta-de-drogas\/","url_meta":{"origin":41327,"position":0},"title":"Allanamiento en Chascom\u00fas: detienen a un hombre acusado de venta de drogas","author":"Alejandro Sosa Ruda","date":"11 septiembre, 2025","format":false,"excerpt":"La Polic\u00eda secuestr\u00f3 estupefacientes fraccionados para la venta y una moto con pedido de secuestro activo. 11 de Septiembre de 2025 CHASCOM\u00daS\u00a0 -\u00a0 \u00a0Un operativo policial llevado a cabo en Chascom\u00fas termin\u00f3 con la detenci\u00f3n de un hombre acusado de comercializar drogas al menudeo en un barrio de la ciudad.\u2026","rel":"","context":"En \u00abDESTACADAS\u00bb","block_context":{"text":"DESTACADAS","link":"https:\/\/larevistadigital.com.ar\/blog\/category\/destacadas\/"},"img":{"alt_text":"","src":"https:\/\/i0.wp.com\/larevistadigital.com.ar\/blog\/wp-content\/uploads\/WhatsApp-Image-2025-09-11-at-09.20.11.jpeg?fit=1200%2C675&ssl=1&resize=350%2C200","width":350,"height":200,"srcset":"https:\/\/i0.wp.com\/larevistadigital.com.ar\/blog\/wp-content\/uploads\/WhatsApp-Image-2025-09-11-at-09.20.11.jpeg?fit=1200%2C675&ssl=1&resize=350%2C200 1x, https:\/\/i0.wp.com\/larevistadigital.com.ar\/blog\/wp-content\/uploads\/WhatsApp-Image-2025-09-11-at-09.20.11.jpeg?fit=1200%2C675&ssl=1&resize=525%2C300 1.5x, https:\/\/i0.wp.com\/larevistadigital.com.ar\/blog\/wp-content\/uploads\/WhatsApp-Image-2025-09-11-at-09.20.11.jpeg?fit=1200%2C675&ssl=1&resize=700%2C400 2x, https:\/\/i0.wp.com\/larevistadigital.com.ar\/blog\/wp-content\/uploads\/WhatsApp-Image-2025-09-11-at-09.20.11.jpeg?fit=1200%2C675&ssl=1&resize=1050%2C600 3x"},"classes":[]},{"id":36978,"url":"https:\/\/larevistadigital.com.ar\/blog\/chascomus-otro-allanamiento-por-drogas-con-resultado-positivo\/","url_meta":{"origin":41327,"position":1},"title":"CHASCOM\u00daS: OTRO ALLANAMIENTO POR DROGAS CON RESULTADO POSITIVO","author":"Alejandro Sosa Ruda","date":"15 agosto, 2024","format":false,"excerpt":"La polic\u00eda logr\u00f3 nuevamente desarticular una organizaci\u00f3n dedicada al narcotr\u00e1fico. 15 de Agosto de 2024 CHASCOM\u00daS -\u00a0 \u00a0Luego de que personal de la Subdelegaci\u00f3n Chascom\u00fas de Investigaciones del Tr\u00e1fico de Drogas Il\u00edcitas logr\u00f3 reunir pruebas acerca de la comisi\u00f3n de un delito, se realiz\u00f3 un allanamiento dictado por el fiscal\u2026","rel":"","context":"En \u00abDESTACADAS\u00bb","block_context":{"text":"DESTACADAS","link":"https:\/\/larevistadigital.com.ar\/blog\/category\/destacadas\/"},"img":{"alt_text":"","src":"https:\/\/i0.wp.com\/larevistadigital.com.ar\/blog\/wp-content\/uploads\/Captura-de-pantalla-2024-08-15-201234.png?fit=969%2C575&ssl=1&resize=350%2C200","width":350,"height":200,"srcset":"https:\/\/i0.wp.com\/larevistadigital.com.ar\/blog\/wp-content\/uploads\/Captura-de-pantalla-2024-08-15-201234.png?fit=969%2C575&ssl=1&resize=350%2C200 1x, https:\/\/i0.wp.com\/larevistadigital.com.ar\/blog\/wp-content\/uploads\/Captura-de-pantalla-2024-08-15-201234.png?fit=969%2C575&ssl=1&resize=525%2C300 1.5x, https:\/\/i0.wp.com\/larevistadigital.com.ar\/blog\/wp-content\/uploads\/Captura-de-pantalla-2024-08-15-201234.png?fit=969%2C575&ssl=1&resize=700%2C400 2x"},"classes":[]},{"id":28639,"url":"https:\/\/larevistadigital.com.ar\/blog\/chascomus-tras-ocho-meses-de-investigacion-se-desbarato-una-cueva-donde-se-comercializaban-estupefacientes-secuestraron-elementos-y-se-aprehendio-a-un-hombre\/","url_meta":{"origin":41327,"position":2},"title":"CHASCOM\u00daS: TRAS OCHO MESES DE INVESTIGACI\u00d3N, SE DESBARAT\u00d3 UNA \u00abCUEVA\u00bb DONDE SE COMERCIALIZABAN ESTUPEFACIENTES. SECUESTRARON ELEMENTOS Y SE APREHENDI\u00d3 A UN HOMBRE.","author":"Alejandro Sosa Ruda","date":"27 octubre, 2022","format":false,"excerpt":"Se investig\u00f3 durante ocho meses y se obtuvieron resultados que permitieron allanar y secuestrar drogas, aprehendiendo al morador de la vivienda. 27 de Octubre de 2022 CHASCOM\u00daS -\u00a0\u00a0A ra\u00edz de investigaciones llevadas a cabo, la subdelegaci\u00f3n de Investigaciones del tr\u00e1fico de drogas il\u00edcitas tom\u00f3 conocimiento de la presunta comercializaci\u00f3n de\u2026","rel":"","context":"En \u00abDESTACADAS\u00bb","block_context":{"text":"DESTACADAS","link":"https:\/\/larevistadigital.com.ar\/blog\/category\/destacadas\/"},"img":{"alt_text":"","src":"https:\/\/i0.wp.com\/larevistadigital.com.ar\/blog\/wp-content\/uploads\/WhatsApp-Image-2022-10-27-at-06.41.33.jpeg?fit=1200%2C900&ssl=1&resize=350%2C200","width":350,"height":200,"srcset":"https:\/\/i0.wp.com\/larevistadigital.com.ar\/blog\/wp-content\/uploads\/WhatsApp-Image-2022-10-27-at-06.41.33.jpeg?fit=1200%2C900&ssl=1&resize=350%2C200 1x, https:\/\/i0.wp.com\/larevistadigital.com.ar\/blog\/wp-content\/uploads\/WhatsApp-Image-2022-10-27-at-06.41.33.jpeg?fit=1200%2C900&ssl=1&resize=525%2C300 1.5x, https:\/\/i0.wp.com\/larevistadigital.com.ar\/blog\/wp-content\/uploads\/WhatsApp-Image-2022-10-27-at-06.41.33.jpeg?fit=1200%2C900&ssl=1&resize=700%2C400 2x, https:\/\/i0.wp.com\/larevistadigital.com.ar\/blog\/wp-content\/uploads\/WhatsApp-Image-2022-10-27-at-06.41.33.jpeg?fit=1200%2C900&ssl=1&resize=1050%2C600 3x"},"classes":[]},{"id":40405,"url":"https:\/\/larevistadigital.com.ar\/blog\/golpe-al-narcomenudeo-en-chascomus-dos-detenidos-por-venta-y-distribucion-de-drogas\/","url_meta":{"origin":41327,"position":3},"title":"Golpe al narcomenudeo en Chascom\u00fas: dos detenidos por venta y distribuci\u00f3n de drogas","author":"Alejandro Sosa Ruda","date":"10 julio, 2025","format":false,"excerpt":"Tras una intensa investigaci\u00f3n policial y con apoyo del Centro de Monitoreo local, se desbarat\u00f3 un punto de venta de estupefacientes en la ciudad. Hubo allanamientos simult\u00e1neos, secuestro de drogas y elementos clave para la causa. 10 de Julio de 2025 CHASCOM\u00daS -\u00a0 \u00a0Una investigaci\u00f3n judicial por comercializaci\u00f3n de estupefacientes\u2026","rel":"","context":"En \u00abDESTACADAS\u00bb","block_context":{"text":"DESTACADAS","link":"https:\/\/larevistadigital.com.ar\/blog\/category\/destacadas\/"},"img":{"alt_text":"","src":"https:\/\/i0.wp.com\/larevistadigital.com.ar\/blog\/wp-content\/uploads\/WhatsApp-Image-2025-07-10-at-16.16.07.jpeg?fit=1200%2C675&ssl=1&resize=350%2C200","width":350,"height":200,"srcset":"https:\/\/i0.wp.com\/larevistadigital.com.ar\/blog\/wp-content\/uploads\/WhatsApp-Image-2025-07-10-at-16.16.07.jpeg?fit=1200%2C675&ssl=1&resize=350%2C200 1x, https:\/\/i0.wp.com\/larevistadigital.com.ar\/blog\/wp-content\/uploads\/WhatsApp-Image-2025-07-10-at-16.16.07.jpeg?fit=1200%2C675&ssl=1&resize=525%2C300 1.5x, https:\/\/i0.wp.com\/larevistadigital.com.ar\/blog\/wp-content\/uploads\/WhatsApp-Image-2025-07-10-at-16.16.07.jpeg?fit=1200%2C675&ssl=1&resize=700%2C400 2x, https:\/\/i0.wp.com\/larevistadigital.com.ar\/blog\/wp-content\/uploads\/WhatsApp-Image-2025-07-10-at-16.16.07.jpeg?fit=1200%2C675&ssl=1&resize=1050%2C600 3x"},"classes":[]},{"id":34340,"url":"https:\/\/larevistadigital.com.ar\/blog\/chascomus-la-subdelegacion-de-trafico-de-drogas-ilicitas-allano-y-secuestro-cocaina-con-ayuda-de-monitoreo\/","url_meta":{"origin":41327,"position":4},"title":"CHASCOM\u00daS: LA SUBDELEGACI\u00d3N DE TR\u00c1FICO DE DROGAS IL\u00cdCITAS ALLAN\u00d3 Y SECUESTR\u00d3 COCA\u00cdNA CON AYUDA DE MONITOREO","author":"Alejandro Sosa Ruda","date":"2 noviembre, 2023","format":false,"excerpt":"Otra investigaci\u00f3n con resultados positivos. 2 de noviembre de 2023 CHASCOM\u00daS -\u00a0 Personal de la Subdelegaci\u00f3n Chascom\u00fas de Investigaciones del Tr\u00e1fico de Drogas Il\u00edcitas, bajo el mando del Comisario Abel De La Cruz cumpli\u00f3 una orden de registro en el barrio San Luis,\u00a0 mas precisamente frente a la del barrio\u2026","rel":"","context":"En \u00abCHASCOM\u00daS\u00bb","block_context":{"text":"CHASCOM\u00daS","link":"https:\/\/larevistadigital.com.ar\/blog\/category\/chascomus\/"},"img":{"alt_text":"","src":"https:\/\/i0.wp.com\/larevistadigital.com.ar\/blog\/wp-content\/uploads\/2018\/03\/Policia-allanamiento-noche.jpg?fit=777%2C498&ssl=1&resize=350%2C200","width":350,"height":200,"srcset":"https:\/\/i0.wp.com\/larevistadigital.com.ar\/blog\/wp-content\/uploads\/2018\/03\/Policia-allanamiento-noche.jpg?fit=777%2C498&ssl=1&resize=350%2C200 1x, https:\/\/i0.wp.com\/larevistadigital.com.ar\/blog\/wp-content\/uploads\/2018\/03\/Policia-allanamiento-noche.jpg?fit=777%2C498&ssl=1&resize=525%2C300 1.5x, https:\/\/i0.wp.com\/larevistadigital.com.ar\/blog\/wp-content\/uploads\/2018\/03\/Policia-allanamiento-noche.jpg?fit=777%2C498&ssl=1&resize=700%2C400 2x"},"classes":[]},{"id":34549,"url":"https:\/\/larevistadigital.com.ar\/blog\/chascomus-desarticulan-un-kiosco-que-se-dedicaba-a-la-venta-de-drogas-al-menudeo\/","url_meta":{"origin":41327,"position":5},"title":"CHASCOM\u00daS: DESARTICULAN UN KIOSCO QUE SE DEDICABA A LA VENTA DE DROGAS AL \u00abMENUDEO\u00bb","author":"Alejandro Sosa Ruda","date":"16 noviembre, 2023","format":false,"excerpt":"Fue un trabajo de la Sub Delegaci\u00f3n Chascom\u00fas del tr\u00e1fico de Drogas Il\u00edcitas. Colabor\u00f3 Inspecci\u00f3n Municipal de Chascom\u00fas. 16 de Noviembre de 2023 CHASCOM\u00daS -\u00a0\u00a0El grupo de hombres, a cargo del comisario Abel De La Cruz,\u00a0consigui\u00f3 desarticular una organizaci\u00f3n criminal que utilizaba un comercio del rubro kiosco como fachada para\u2026","rel":"","context":"En \u00abDESTACADAS\u00bb","block_context":{"text":"DESTACADAS","link":"https:\/\/larevistadigital.com.ar\/blog\/category\/destacadas\/"},"img":{"alt_text":"","src":"https:\/\/i0.wp.com\/larevistadigital.com.ar\/blog\/wp-content\/uploads\/Policia-Local-Dolores-678x381.jpg?fit=678%2C381&ssl=1&resize=350%2C200","width":350,"height":200,"srcset":"https:\/\/i0.wp.com\/larevistadigital.com.ar\/blog\/wp-content\/uploads\/Policia-Local-Dolores-678x381.jpg?fit=678%2C381&ssl=1&resize=350%2C200 1x, https:\/\/i0.wp.com\/larevistadigital.com.ar\/blog\/wp-content\/uploads\/Policia-Local-Dolores-678x381.jpg?fit=678%2C381&ssl=1&resize=525%2C300 1.5x"},"classes":[]}],"_links":{"self":[{"href":"https:\/\/larevistadigital.com.ar\/blog\/wp-json\/wp\/v2\/posts\/41327","targetHints":{"allow":["GET"]}}],"collection":[{"href":"https:\/\/larevistadigital.com.ar\/blog\/wp-json\/wp\/v2\/posts"}],"about":[{"href":"https:\/\/larevistadigital.com.ar\/blog\/wp-json\/wp\/v2\/types\/post"}],"author":[{"embeddable":true,"href":"https:\/\/larevistadigital.com.ar\/blog\/wp-json\/wp\/v2\/users\/3"}],"replies":[{"embeddable":true,"href":"https:\/\/larevistadigital.com.ar\/blog\/wp-json\/wp\/v2\/comments?post=41327"}],"version-history":[{"count":1,"href":"https:\/\/larevistadigital.com.ar\/blog\/wp-json\/wp\/v2\/posts\/41327\/revisions"}],"predecessor-version":[{"id":41329,"href":"https:\/\/larevistadigital.com.ar\/blog\/wp-json\/wp\/v2\/posts\/41327\/revisions\/41329"}],"wp:featuredmedia":[{"embeddable":true,"href":"https:\/\/larevistadigital.com.ar\/blog\/wp-json\/wp\/v2\/media\/41328"}],"wp:attachment":[{"href":"https:\/\/larevistadigital.com.ar\/blog\/wp-json\/wp\/v2\/media?parent=41327"}],"wp:term":[{"taxonomy":"category","embeddable":true,"href":"https:\/\/larevistadigital.com.ar\/blog\/wp-json\/wp\/v2\/categories?post=41327"},{"taxonomy":"post_tag","embeddable":true,"href":"https:\/\/larevistadigital.com.ar\/blog\/wp-json\/wp\/v2\/tags?post=41327"}],"curies":[{"name":"wp","href":"https:\/\/api.w.org\/{rel}","templated":true}]}}