{"id":41331,"date":"2025-09-07T18:09:02","date_gmt":"2025-09-07T21:09:02","guid":{"rendered":"https:\/\/larevistadigital.com.ar\/blog\/?p=41331"},"modified":"2025-09-10T14:07:43","modified_gmt":"2025-09-10T17:07:43","slug":"chascomus-lucio-alfonsin-se-impuso-por-amplio-margen-en-los-comicios-para-concejal","status":"publish","type":"post","link":"https:\/\/larevistadigital.com.ar\/blog\/chascomus-lucio-alfonsin-se-impuso-por-amplio-margen-en-los-comicios-para-concejal\/","title":{"rendered":"Chascom\u00fas: Lucio Alfons\u00edn se impuso por amplio m\u00e1rgen en los comicios para concejal"},"content":{"rendered":"<h3>Gan\u00f3 la elecci\u00f3n por casi diez puntos de distancia sobre su inmediato perseguidor, Santiago Dos Santos, que solo pudo sacarle 22 votos de diferencia al Dr, Toledo, de La Libertad Avanza. Santiago Casalins, qued\u00f3\u00a0 cuarto, a 492 votos de diferencia.<\/h3>\n<p>7 de Septirmbre de 2025<\/p>\n<p><strong>CHASCOM\u00daS &#8211;<\/strong>\u00a0 Luego de una nueva jornada democr\u00e1tica donde se volvi\u00f3 a elegir mediante el voto a los distintos representantes para el Concejo Deliberante y Concejeros Escolares, se puede decir que han habido sorpresas, y a minutos de la finalizaci\u00f3n del comicio, comenzaron los pases de facturas.<\/p>\n<h3>Escrutadas el 100% de las mesas en Chascom\u00fas, los guarismos arrojaron los siguientes resultados:<\/h3>\n<ol>\n<li>Lucio Alfons\u00edn (FUERZA PATRIA)&#8230;&#8230;&#8230;&#8230;&#8230;&#8230;&#8230;&#8230;&#8230;&#8230;&#8230;..6.821 VOTOS&#8230;&#8230;&#8230;&#8230;&#8230;&#8230;&#8230;&#8230;.32.18%<\/li>\n<li>Santiago Dos Santos (SOMOS BA)&#8230;&#8230;&#8230;&#8230;&#8230;&#8230;&#8230;&#8230;&#8230;&#8230;&#8230;..4.740 VOTOS&#8230;&#8230;&#8230;&#8230;&#8230;&#8230;&#8230;&#8230;.22.36%<\/li>\n<li>Fredy Toledo (LA LIBERTAD AVANZA)&#8230;&#8230;&#8230;&#8230;&#8230;&#8230;&#8230;&#8230;..4.719 VOTOS&#8230;&#8230;&#8230;&#8230;&#8230;&#8230;&#8230;&#8230;.22.26%<\/li>\n<li>Santiago Casalins (ALIANZA POTENCIA)&#8230;&#8230;&#8230;&#8230;&#8230;&#8230;&#8230;..4.231 VOTOS&#8230;&#8230;&#8230;&#8230;&#8230;&#8230;&#8230;&#8230;..19.96%<\/li>\n<li>Eleonora Murro (FRENTE DE IZQUIERDA)&#8230;&#8230;&#8230;&#8230;&#8230;&#8230;&#8230;.454 VOTOS&#8230;&#8230;&#8230;&#8230;&#8230;&#8230;&#8230;&#8230;&#8230;.2.14%<\/li>\n<li>C\u00e9lica Ciafardini (UNION Y LIBERTAD)&#8230;&#8230;&#8230;&#8230;&#8230;&#8230;&#8230;&#8230;&#8230;. 233 VOTOS&#8230;&#8230;&#8230;&#8230;&#8230;&#8230;&#8230;&#8230;&#8230;.1.10%<\/li>\n<\/ol>\n<p>De esta manera, estar\u00edan ingresando dos concejales por cada espacio de los cuatro primeros, y un consejero escolar por cada uno de los tres primeros. Hay unos 70 votos de diferencia para una eventual posibilidad de un tercer concejal para Fuerza Patria, que seg\u00fan tenemos entendido se va a \u00abdiscutir\u00bb, de acuerdo al recuento final.<\/p>\n<p><span style=\"color: #ff0000\"><strong>Quienes estarpian ingresando:<\/strong><\/span><\/p>\n<p>Lucio Alfons\u00edn y Maru Ludue\u00f1a (Fuerza Patria), Santiago Dos Santos y Cintia Ardoha\u00edn (Somos Buenos Aires); Oscar Toledo y Gabriela Manzoni (La Libertad Avanza) y Santiago Casalins y Mar\u00eda Eugenia Iriart (Alianza Potencia).<\/p>\n<p><span style=\"color: #ff0000\"><strong>Al consejo escolar:<\/strong><\/span><\/p>\n<p>Quique Inciarte (Fuerza Patria); Fabi\u00e1n Lejona (Somos Buenos Aires) y Mar\u00eda Panete (La Libertad Avanza).<\/p>\n","protected":false},"excerpt":{"rendered":"<div class=\"mh-excerpt\"><p>Gan\u00f3 la elecci\u00f3n por casi diez puntos de distancia sobre su inmediato perseguidor, Santiago Dos Santos, que solo pudo sacarle 22 votos de diferencia al Dr, Toledo, de La Libertad Avanza. Santiago Casalins, qued\u00f3\u00a0 cuarto, <a class=\"mh-excerpt-more\" href=\"https:\/\/larevistadigital.com.ar\/blog\/chascomus-lucio-alfonsin-se-impuso-por-amplio-margen-en-los-comicios-para-concejal\/\" title=\"Chascom\u00fas: Lucio Alfons\u00edn se impuso por amplio m\u00e1rgen en los comicios para concejal\">[Leer M\u00e1s]<\/a><\/p>\n<\/div>","protected":false},"author":3,"featured_media":41332,"comment_status":"open","ping_status":"open","sticky":false,"template":"","format":"standard","meta":{"_jetpack_memberships_contains_paid_content":false,"footnotes":"","jetpack_publicize_message":"","jetpack_publicize_feature_enabled":true,"jetpack_social_post_already_shared":true,"jetpack_social_options":{"image_generator_settings":{"template":"highway","default_image_id":0,"font":"","enabled":false},"version":2}},"categories":[6,41],"tags":[312,313],"class_list":{"0":"post-41331","1":"post","2":"type-post","3":"status-publish","4":"format-standard","5":"has-post-thumbnail","7":"category-chascomus","8":"category-destacadas","9":"tag-eleciones","10":"tag-septiembre"},"jetpack_publicize_connections":[],"jetpack_featured_media_url":"https:\/\/i0.wp.com\/larevistadigital.com.ar\/blog\/wp-content\/uploads\/WhatsApp-Image-2025-09-07-at-12.23.18.jpeg?fit=1600%2C1064&ssl=1","jetpack_sharing_enabled":true,"jetpack_shortlink":"https:\/\/wp.me\/p8qtrQ-aKD","jetpack-related-posts":[{"id":3574,"url":"https:\/\/larevistadigital.com.ar\/blog\/chascomus-vuelve-imponerse-ramiro-ferrante-la-lucha-se-centra-segundo-puesto-ahora-obtiene-gabriel-macchi\/","url_meta":{"origin":41331,"position":0},"title":"CHASCOM\u00daS: VUELVE A IMPONERSE RAMIRO FERRANTE Y LA LUCHA SE CENTRA EN EL SEGUNDO PUESTO, QUE POR AHORA OBTIENE GABRIEL MACCHI","author":"Alejandro Sosa Ruda","date":"22 octubre, 2017","format":false,"excerpt":"Luego de recibir los primeros guarismos parciales, escrutadas 19 mesas en el distrito de Chascom\u00fas, Ramiro Ferrante se impone por amplia diferencia en la elecci\u00f3n de autoridades legislativas pareciera que la lucha se va a centrar\u00a0 en el segundo lugar. Hasta el momento, Gabriel Macchi ocupar\u00eda el segundo puesto y\u2026","rel":"","context":"En \u00abDESTACADAS\u00bb","block_context":{"text":"DESTACADAS","link":"https:\/\/larevistadigital.com.ar\/blog\/category\/destacadas\/"},"img":{"alt_text":"","src":"https:\/\/i0.wp.com\/larevistadigital.com.ar\/blog\/wp-content\/uploads\/2017\/08\/DSC_0452-1.jpg?fit=1200%2C795&ssl=1&resize=350%2C200","width":350,"height":200,"srcset":"https:\/\/i0.wp.com\/larevistadigital.com.ar\/blog\/wp-content\/uploads\/2017\/08\/DSC_0452-1.jpg?fit=1200%2C795&ssl=1&resize=350%2C200 1x, https:\/\/i0.wp.com\/larevistadigital.com.ar\/blog\/wp-content\/uploads\/2017\/08\/DSC_0452-1.jpg?fit=1200%2C795&ssl=1&resize=525%2C300 1.5x, https:\/\/i0.wp.com\/larevistadigital.com.ar\/blog\/wp-content\/uploads\/2017\/08\/DSC_0452-1.jpg?fit=1200%2C795&ssl=1&resize=700%2C400 2x, https:\/\/i0.wp.com\/larevistadigital.com.ar\/blog\/wp-content\/uploads\/2017\/08\/DSC_0452-1.jpg?fit=1200%2C795&ssl=1&resize=1050%2C600 3x"},"classes":[]},{"id":3102,"url":"https:\/\/larevistadigital.com.ar\/blog\/chascomus-ferrante-gano-una-eleccion-en-la-que-cambiemos-saco-mas-de-10-000-votos-sumando-a-las-dos-listas\/","url_meta":{"origin":41331,"position":1},"title":"CHASCOMUS: FERRANTE GAN\u00d3 UNA ELECCI\u00d3N EN LA QUE CAMBIEMOS SAC\u00d3 MAS DE 10.000 VOTOS SUMANDO A LAS DOS LISTAS","author":"Alejandro Sosa Ruda","date":"14 agosto, 2017","format":false,"excerpt":"Si bien como suele decirse en pol\u00edtica no siempre dos m\u00e1s dos suman cuatro, el espacio de Cambiemos hizo una incre\u00edble elecci\u00f3n en la que sac\u00f3 m\u00e1s de 10.000 votos sumando a quienes sufragaron por Ferrante y por el m\u00e9dico cirujano Santiago Dos Santos. En la previa todo era posible.\u2026","rel":"","context":"En \u00abCHASCOM\u00daS\u00bb","block_context":{"text":"CHASCOM\u00daS","link":"https:\/\/larevistadigital.com.ar\/blog\/category\/chascomus\/"},"img":{"alt_text":"","src":"https:\/\/i0.wp.com\/larevistadigital.com.ar\/blog\/wp-content\/uploads\/2017\/08\/WhatsApp-Image-2017-08-14-at-00.07.00.jpeg?fit=1200%2C675&ssl=1&resize=350%2C200","width":350,"height":200,"srcset":"https:\/\/i0.wp.com\/larevistadigital.com.ar\/blog\/wp-content\/uploads\/2017\/08\/WhatsApp-Image-2017-08-14-at-00.07.00.jpeg?fit=1200%2C675&ssl=1&resize=350%2C200 1x, https:\/\/i0.wp.com\/larevistadigital.com.ar\/blog\/wp-content\/uploads\/2017\/08\/WhatsApp-Image-2017-08-14-at-00.07.00.jpeg?fit=1200%2C675&ssl=1&resize=525%2C300 1.5x, https:\/\/i0.wp.com\/larevistadigital.com.ar\/blog\/wp-content\/uploads\/2017\/08\/WhatsApp-Image-2017-08-14-at-00.07.00.jpeg?fit=1200%2C675&ssl=1&resize=700%2C400 2x, https:\/\/i0.wp.com\/larevistadigital.com.ar\/blog\/wp-content\/uploads\/2017\/08\/WhatsApp-Image-2017-08-14-at-00.07.00.jpeg?fit=1200%2C675&ssl=1&resize=1050%2C600 3x"},"classes":[]},{"id":12919,"url":"https:\/\/larevistadigital.com.ar\/blog\/chascomus-cinco-concejales-para-el-frente-de-todos-y-tres-para-juntos-por-el-cambio\/","url_meta":{"origin":41331,"position":2},"title":"CHASCOM\u00daS: CINCO CONCEJALES PARA EL FRENTE DE TODOS Y TRES PARA JUNTOS POR EL CAMBIO","author":"Alejandro Sosa Ruda","date":"29 octubre, 2019","format":false,"excerpt":"Luego del acto eleccionario del \u00faltimo domingo, y una vez conocidos los guarismos, el oficialismo de Chascom\u00fas contar\u00e1 con cinco de los ocho puestos en disputa en el concejo, mientras que Juntos por el Cambio sumar\u00e1 tres ediles. Por el lado del Consejo Escolar, el Frente de Todos se quedar\u00e1\u2026","rel":"","context":"En \u00abCHASCOM\u00daS\u00bb","block_context":{"text":"CHASCOM\u00daS","link":"https:\/\/larevistadigital.com.ar\/blog\/category\/chascomus\/"},"img":{"alt_text":"","src":"https:\/\/i0.wp.com\/larevistadigital.com.ar\/blog\/wp-content\/uploads\/2019\/05\/Screenshot_2-7.jpg?fit=1200%2C707&ssl=1&resize=350%2C200","width":350,"height":200,"srcset":"https:\/\/i0.wp.com\/larevistadigital.com.ar\/blog\/wp-content\/uploads\/2019\/05\/Screenshot_2-7.jpg?fit=1200%2C707&ssl=1&resize=350%2C200 1x, https:\/\/i0.wp.com\/larevistadigital.com.ar\/blog\/wp-content\/uploads\/2019\/05\/Screenshot_2-7.jpg?fit=1200%2C707&ssl=1&resize=525%2C300 1.5x, https:\/\/i0.wp.com\/larevistadigital.com.ar\/blog\/wp-content\/uploads\/2019\/05\/Screenshot_2-7.jpg?fit=1200%2C707&ssl=1&resize=700%2C400 2x, https:\/\/i0.wp.com\/larevistadigital.com.ar\/blog\/wp-content\/uploads\/2019\/05\/Screenshot_2-7.jpg?fit=1200%2C707&ssl=1&resize=1050%2C600 3x"},"classes":[]},{"id":12915,"url":"https:\/\/larevistadigital.com.ar\/blog\/resultados-y-quienes-entran-al-concejo-y-consejo-escolar-en-chascomus\/","url_meta":{"origin":41331,"position":3},"title":"RESULTADOS Y QUIENES ENTRAN AL CONCEJO, Y CONSEJO ESCOLAR EN CHASCOM\u00daS","author":"Alejandro Sosa Ruda","date":"28 octubre, 2019","format":false,"excerpt":"Javier \" EL Chapa\" Gast\u00f3n, logr\u00f3 la cifra r\u00e9cord de 16.724 votos (64,79%). Santiago Dos Santos de Juntos por el Cambio obtuvo el segundo lugar con el 30,79% (7.947 votos), Ignacio G\u00f3rriz de Consenso Federal el tercero con el 2,97% (767 sufragios) y Leandro Iribarren del Frente de Izquierda y\u2026","rel":"","context":"En \u00abCHASCOM\u00daS\u00bb","block_context":{"text":"CHASCOM\u00daS","link":"https:\/\/larevistadigital.com.ar\/blog\/category\/chascomus\/"},"img":{"alt_text":"","src":"https:\/\/i0.wp.com\/larevistadigital.com.ar\/blog\/wp-content\/uploads\/gaston1_28deoctubrede2019_elfuerte.jpg?fit=737%2C415&ssl=1&resize=350%2C200","width":350,"height":200,"srcset":"https:\/\/i0.wp.com\/larevistadigital.com.ar\/blog\/wp-content\/uploads\/gaston1_28deoctubrede2019_elfuerte.jpg?fit=737%2C415&ssl=1&resize=350%2C200 1x, https:\/\/i0.wp.com\/larevistadigital.com.ar\/blog\/wp-content\/uploads\/gaston1_28deoctubrede2019_elfuerte.jpg?fit=737%2C415&ssl=1&resize=525%2C300 1.5x, https:\/\/i0.wp.com\/larevistadigital.com.ar\/blog\/wp-content\/uploads\/gaston1_28deoctubrede2019_elfuerte.jpg?fit=737%2C415&ssl=1&resize=700%2C400 2x"},"classes":[]},{"id":21941,"url":"https:\/\/larevistadigital.com.ar\/blog\/amplio-triunfo-de-ramiro-ferrante-en-chascomus\/","url_meta":{"origin":41331,"position":4},"title":"AMPLIO TRIUNFO DE RAMIRO FERRANTE EN CHASCOM\u00daS ( actualizado )","author":"Alejandro Sosa Ruda","date":"12 septiembre, 2021","format":false,"excerpt":"Ferrante se afianza en una arrolladora victoria en Chascom\u00fas CHASCOM\u00daS - Los \u00faltimos resultados parciales, en donde los guarismos son los siguientes: \u00a0JUNTOS - Ramiro Ferrante consigui\u00f3 el 54;00 % de los sufragios con 5408 votos \u00a0FRENTE DE TODOS\u00a0 - Julieta Spina con el 27,1% de los sufragios con 2711\u2026","rel":"","context":"En \u00abDESTACADAS\u00bb","block_context":{"text":"DESTACADAS","link":"https:\/\/larevistadigital.com.ar\/blog\/category\/destacadas\/"},"img":{"alt_text":"","src":"https:\/\/i0.wp.com\/larevistadigital.com.ar\/blog\/wp-content\/uploads\/paso2019.jpg?fit=1004%2C565&ssl=1&resize=350%2C200","width":350,"height":200,"srcset":"https:\/\/i0.wp.com\/larevistadigital.com.ar\/blog\/wp-content\/uploads\/paso2019.jpg?fit=1004%2C565&ssl=1&resize=350%2C200 1x, https:\/\/i0.wp.com\/larevistadigital.com.ar\/blog\/wp-content\/uploads\/paso2019.jpg?fit=1004%2C565&ssl=1&resize=525%2C300 1.5x, https:\/\/i0.wp.com\/larevistadigital.com.ar\/blog\/wp-content\/uploads\/paso2019.jpg?fit=1004%2C565&ssl=1&resize=700%2C400 2x"},"classes":[]},{"id":3576,"url":"https:\/\/larevistadigital.com.ar\/blog\/chascomus-ultimo-momento-escrutadas-97-99-mesas-ferrante-casi-dobla-al-segundo\/","url_meta":{"origin":41331,"position":5},"title":"CHASCOM\u00daS: RESULTADOS FINALES. FERRANTE ARRAS\u00d3 Y LOGRAN 4 CONCEJALES.","author":"Alejandro Sosa Ruda","date":"23 octubre, 2017","format":false,"excerpt":"Cuando se han escrutado las 99 mesas del distrito, el candidato a concejal del frente Cambiemos, Ramiro Ferrante obtuvo un \u00e1mplio triunfo, seguido por el candidato Gabriel Macchi de Unidad Ciudadana y en tercer lugar el representante de Unidad por Chascom\u00fas 1 Pa\u00eds, Pablo Francese. Jos\u00e9 Ochoa\u00a0se ubica en el\u2026","rel":"","context":"En \u00abDESTACADAS\u00bb","block_context":{"text":"DESTACADAS","link":"https:\/\/larevistadigital.com.ar\/blog\/category\/destacadas\/"},"img":{"alt_text":"","src":"https:\/\/i0.wp.com\/larevistadigital.com.ar\/blog\/wp-content\/uploads\/2017\/10\/d509ce0e-2c7a-4de7-bcb9-8b09cb3b31f4-1.jpg?fit=359%2C405&ssl=1&resize=350%2C200","width":350,"height":200},"classes":[]}],"_links":{"self":[{"href":"https:\/\/larevistadigital.com.ar\/blog\/wp-json\/wp\/v2\/posts\/41331","targetHints":{"allow":["GET"]}}],"collection":[{"href":"https:\/\/larevistadigital.com.ar\/blog\/wp-json\/wp\/v2\/posts"}],"about":[{"href":"https:\/\/larevistadigital.com.ar\/blog\/wp-json\/wp\/v2\/types\/post"}],"author":[{"embeddable":true,"href":"https:\/\/larevistadigital.com.ar\/blog\/wp-json\/wp\/v2\/users\/3"}],"replies":[{"embeddable":true,"href":"https:\/\/larevistadigital.com.ar\/blog\/wp-json\/wp\/v2\/comments?post=41331"}],"version-history":[{"count":1,"href":"https:\/\/larevistadigital.com.ar\/blog\/wp-json\/wp\/v2\/posts\/41331\/revisions"}],"predecessor-version":[{"id":41333,"href":"https:\/\/larevistadigital.com.ar\/blog\/wp-json\/wp\/v2\/posts\/41331\/revisions\/41333"}],"wp:featuredmedia":[{"embeddable":true,"href":"https:\/\/larevistadigital.com.ar\/blog\/wp-json\/wp\/v2\/media\/41332"}],"wp:attachment":[{"href":"https:\/\/larevistadigital.com.ar\/blog\/wp-json\/wp\/v2\/media?parent=41331"}],"wp:term":[{"taxonomy":"category","embeddable":true,"href":"https:\/\/larevistadigital.com.ar\/blog\/wp-json\/wp\/v2\/categories?post=41331"},{"taxonomy":"post_tag","embeddable":true,"href":"https:\/\/larevistadigital.com.ar\/blog\/wp-json\/wp\/v2\/tags?post=41331"}],"curies":[{"name":"wp","href":"https:\/\/api.w.org\/{rel}","templated":true}]}}