{"id":41334,"date":"2025-09-08T17:02:02","date_gmt":"2025-09-08T20:02:02","guid":{"rendered":"https:\/\/larevistadigital.com.ar\/blog\/?p=41334"},"modified":"2025-09-08T17:02:02","modified_gmt":"2025-09-08T20:02:02","slug":"chascomus-el-proximo-fin-de-semana-se-realizara-el-11-encuentro-del-caballo-y-el-carruaje","status":"publish","type":"post","link":"https:\/\/larevistadigital.com.ar\/blog\/chascomus-el-proximo-fin-de-semana-se-realizara-el-11-encuentro-del-caballo-y-el-carruaje\/","title":{"rendered":"Chascom\u00fas: El pr\u00f3ximo fin de semana se realizar\u00e1 el 11\u00b0 Encuentro del Caballo y el Carruaje"},"content":{"rendered":"<h3 class=\"excerpt\">La fiesta convoca a cultores y coleccionistas de todo el pa\u00eds.<\/h3>\n<p>08 de septiembre de 2025<\/p>\n<div id=\"miDiv1\" class=\"text\">\n<p><strong>CHASCOM\u00daS &#8211;<\/strong>\u00a0 Chascom\u00fas volver\u00e1 a ser escenario de una gran celebraci\u00f3n para los amantes de la vida rural y las tradiciones camperas. El s\u00e1bado 13 y domingo 14 de septiembre tendr\u00e1 lugar el 11\u00b0 Encuentro del Caballo y el Carruaje, un evento en el que habr\u00e1 desfiles, exhibiciones y concursos.<\/p>\n<blockquote>\n<h3>La propuesta, que cuenta con el acompa\u00f1amiento de la Municipalidad, re\u00fane desde hace m\u00e1s de dos d\u00e9cadas a coleccionistas y apasionados de todo el pa\u00eds.<\/h3>\n<\/blockquote>\n<p>El pr\u00f3ximo fin de semana, los visitantes podr\u00e1n disfrutar no solo de la destreza ecuestre, sino tambi\u00e9n de un ambiente festivo en el que las prendas gauchas, los caballos y los carruajes volver\u00e1n a ser protagonistas.<\/p>\n<p>Se trata de un movimiento que busca mantener vivo el valor de los carruajes y la pr\u00e1ctica de \u201catar y pasear\u201d, expresi\u00f3n que refiere a la costumbre de enganchar caballos y salir a recorrer.<\/p>\n<blockquote>\n<h3>Para los organizadores, el encuentro es tambi\u00e9n un rescate patrimonial. Los carruajes fueron desplazados con la llegada de los autos y la maquinaria agr\u00edcola, quedando relegados en galpones o guardados sin uso.<\/h3>\n<\/blockquote>\n<p>Recuperar su presencia en las calles, asegura, permite transmitir a las nuevas generaciones el modo en que se viv\u00eda y se trabajaba en el campo argentino.<\/p>\n<p><strong>PROGRAMACI\u00d3N:<\/strong><\/p>\n<p>S\u00e1bado, 13 de septiembre<\/p>\n<p>-11:00 hs: Recepci\u00f3n en la Sociedad Rural de Chascom\u00fas.<\/p>\n<p>-15:00 hs: Desfile por el casco hist\u00f3rico.<\/p>\n<p>-16:30 hs: Presentaci\u00f3n de carruajes en el Parque de los Libres del Sur.<\/p>\n<p>-18:00 hs: Regreso a la Sociedad Rural.<\/p>\n<p>-21:00 hs: Velada en el Museo Pampeano, con participaci\u00f3n de folkloristas locales.<\/p>\n<p>Domingo, 14 de septiembre<\/p>\n<p>-10:00 hs: Partida de la Sociedad Rural hacia Costanera Espa\u00f1a.<\/p>\n<p>-12:00 hs: Arribo a la Estancia La Alameda.<\/p>\n<p>-13:00 hs: Almuerzo y entrega de premios en La Alameda.<\/p>\n<p>-15:00 hs: Continuaci\u00f3n del paseo de Circunvalaci\u00f3n, direcci\u00f3n Norte.<\/p>\n<p>-18:00 hs: Arribo a la Sociedad Rural.<\/p>\n<p>&nbsp;<\/p>\n<\/div>\n","protected":false},"excerpt":{"rendered":"<div class=\"mh-excerpt\"><p>La fiesta convoca a cultores y coleccionistas de todo el pa\u00eds. 08 de septiembre de 2025 CHASCOM\u00daS &#8211;\u00a0 Chascom\u00fas volver\u00e1 a ser escenario de una gran celebraci\u00f3n para los amantes de la vida rural y <a class=\"mh-excerpt-more\" href=\"https:\/\/larevistadigital.com.ar\/blog\/chascomus-el-proximo-fin-de-semana-se-realizara-el-11-encuentro-del-caballo-y-el-carruaje\/\" title=\"Chascom\u00fas: El pr\u00f3ximo fin de semana se realizar\u00e1 el 11\u00b0 Encuentro del Caballo y el Carruaje\">[Leer M\u00e1s]<\/a><\/p>\n<\/div>","protected":false},"author":3,"featured_media":41335,"comment_status":"open","ping_status":"open","sticky":false,"template":"","format":"standard","meta":{"_jetpack_memberships_contains_paid_content":false,"footnotes":"","jetpack_publicize_message":"","jetpack_publicize_feature_enabled":true,"jetpack_social_post_already_shared":true,"jetpack_social_options":{"image_generator_settings":{"template":"highway","default_image_id":0,"font":"","enabled":false},"version":2}},"categories":[6],"tags":[],"class_list":{"0":"post-41334","1":"post","2":"type-post","3":"status-publish","4":"format-standard","5":"has-post-thumbnail","7":"category-chascomus"},"jetpack_publicize_connections":[],"jetpack_featured_media_url":"https:\/\/i0.wp.com\/larevistadigital.com.ar\/blog\/wp-content\/uploads\/68bf1563a3f28.png?fit=668%2C445&ssl=1","jetpack_sharing_enabled":true,"jetpack_shortlink":"https:\/\/wp.me\/p8qtrQ-aKG","jetpack-related-posts":[{"id":41451,"url":"https:\/\/larevistadigital.com.ar\/blog\/chascomus-con-gran-marco-de-publico-celebro-el-11-encuentro-del-caballo-y-el-carruaje\/","url_meta":{"origin":41334,"position":0},"title":"Chascom\u00fas: Con gran marco de p\u00fablico celebr\u00f3 el 11\u00b0 Encuentro del Caballo y el Carruaje","author":"Alejandro Sosa Ruda","date":"15 septiembre, 2025","format":false,"excerpt":"Veh\u00edculos de colecci\u00f3n desfilaron por el Parque de los Libres del Sur. 15 de septiembre de 2025 CHASCOM\u00daS -\u00a0 \u00a0Coleccionistas y seguidores de la vida rural disfrutaron durante el pasado fin de semana, del 11\u00b0 Encuentro del Caballo y el Carruaje. La propuesta, que cont\u00f3 con el acompa\u00f1amiento de la\u2026","rel":"","context":"En \u00abCHASCOM\u00daS\u00bb","block_context":{"text":"CHASCOM\u00daS","link":"https:\/\/larevistadigital.com.ar\/blog\/category\/chascomus\/"},"img":{"alt_text":"","src":"https:\/\/i0.wp.com\/larevistadigital.com.ar\/blog\/wp-content\/uploads\/68c84574efa3d.png?fit=668%2C445&ssl=1&resize=350%2C200","width":350,"height":200,"srcset":"https:\/\/i0.wp.com\/larevistadigital.com.ar\/blog\/wp-content\/uploads\/68c84574efa3d.png?fit=668%2C445&ssl=1&resize=350%2C200 1x, https:\/\/i0.wp.com\/larevistadigital.com.ar\/blog\/wp-content\/uploads\/68c84574efa3d.png?fit=668%2C445&ssl=1&resize=525%2C300 1.5x"},"classes":[]},{"id":40756,"url":"https:\/\/larevistadigital.com.ar\/blog\/en-septiembre-chascomus-respirara-tradicion-con-el-encuentro-del-caballo-y-el-carruaje\/","url_meta":{"origin":41334,"position":1},"title":"En septiembre Chascom\u00fas respirar\u00e1 tradici\u00f3n con el Encuentro del Caballo y el Carruaje","author":"Alejandro Sosa Ruda","date":"5 agosto, 2025","format":false,"excerpt":"Una gran fiesta que convoca a apasionados y curiosos de la Provincia de Buenos Aires y de todo el pa\u00eds durante el fin de semana anticipando la llegada de la primavera. 06 de Agosto de 2025 CHASCOM\u00daS -\u00a0 \u00a0Llenando de colorido nuestras calles, el 13 y 14 de septiembre, viviremos\u2026","rel":"","context":"En \u00abREGIONALES\u00bb","block_context":{"text":"REGIONALES","link":"https:\/\/larevistadigital.com.ar\/blog\/category\/regionales\/"},"img":{"alt_text":"","src":"https:\/\/i0.wp.com\/larevistadigital.com.ar\/blog\/wp-content\/uploads\/6892356429d13.png?fit=668%2C445&ssl=1&resize=350%2C200","width":350,"height":200,"srcset":"https:\/\/i0.wp.com\/larevistadigital.com.ar\/blog\/wp-content\/uploads\/6892356429d13.png?fit=668%2C445&ssl=1&resize=350%2C200 1x, https:\/\/i0.wp.com\/larevistadigital.com.ar\/blog\/wp-content\/uploads\/6892356429d13.png?fit=668%2C445&ssl=1&resize=525%2C300 1.5x"},"classes":[]},{"id":36929,"url":"https:\/\/larevistadigital.com.ar\/blog\/36929-2\/","url_meta":{"origin":41334,"position":2},"title":"DECIMO ENCUENTRO DEL CABALLO Y EL CARRUAJE EN CHASCOM\u00daS","author":"Alejandro Sosa Ruda","date":"11 agosto, 2024","format":false,"excerpt":"El movimiento que ya tiene m\u00e1s de 20 a\u00f1os de antig\u00fcedad, aguarda la llegada de apasionados de otras localidades aleda\u00f1as y de todo el pa\u00eds. 11 de Agosto de 2024 CHASCOM\u00daS -\u00a0 Para los cultores de los carruajes y los caballos, por gusto o coleccionista, se viene un nuevo encuentro,\u2026","rel":"","context":"En \u00abREGIONALES\u00bb","block_context":{"text":"REGIONALES","link":"https:\/\/larevistadigital.com.ar\/blog\/category\/regionales\/"},"img":{"alt_text":"","src":"https:\/\/i0.wp.com\/larevistadigital.com.ar\/blog\/wp-content\/uploads\/66b55e2064dfb.png?fit=668%2C445&ssl=1&resize=350%2C200","width":350,"height":200,"srcset":"https:\/\/i0.wp.com\/larevistadigital.com.ar\/blog\/wp-content\/uploads\/66b55e2064dfb.png?fit=668%2C445&ssl=1&resize=350%2C200 1x, https:\/\/i0.wp.com\/larevistadigital.com.ar\/blog\/wp-content\/uploads\/66b55e2064dfb.png?fit=668%2C445&ssl=1&resize=525%2C300 1.5x"},"classes":[]},{"id":37269,"url":"https:\/\/larevistadigital.com.ar\/blog\/llega-la-primavera-en-un-finde-que-se-define-a-puro-campo-en-chascomus\/","url_meta":{"origin":41334,"position":3},"title":"Llega la primavera en un finde que se define a puro campo en Chascom\u00fas","author":"Alejandro Sosa Ruda","date":"20 septiembre, 2024","format":false,"excerpt":"Sin lugar a dudas llega la estaci\u00f3n m\u00e1s hermosa del a\u00f1o y, con ella, seguimos disfrutando de Chascom\u00fas y las actividades que propone el encuentro del Caballo y el Carruaje. 20 de septiembre de 2024 CHASCOM\u00daS -\u00a0 Este fin de semana en Chascom\u00fas estar\u00e1 signado por el 10\u00ba encuentro del\u2026","rel":"","context":"En \u00abINTERES GENERAL\u00bb","block_context":{"text":"INTERES GENERAL","link":"https:\/\/larevistadigital.com.ar\/blog\/category\/interes-general\/"},"img":{"alt_text":"","src":"https:\/\/i0.wp.com\/larevistadigital.com.ar\/blog\/wp-content\/uploads\/66ec57525fd86.png?fit=668%2C445&ssl=1&resize=350%2C200","width":350,"height":200,"srcset":"https:\/\/i0.wp.com\/larevistadigital.com.ar\/blog\/wp-content\/uploads\/66ec57525fd86.png?fit=668%2C445&ssl=1&resize=350%2C200 1x, https:\/\/i0.wp.com\/larevistadigital.com.ar\/blog\/wp-content\/uploads\/66ec57525fd86.png?fit=668%2C445&ssl=1&resize=525%2C300 1.5x"},"classes":[]},{"id":41938,"url":"https:\/\/larevistadigital.com.ar\/blog\/chascomus-la-ocupacion-hotelera-llego-al-95-el-fin-de-semana-largo\/","url_meta":{"origin":41334,"position":4},"title":"Chascom\u00fas: La ocupaci\u00f3n hotelera lleg\u00f3 al 95% el fin de semana largo","author":"Alejandro Sosa Ruda","date":"13 octubre, 2025","format":false,"excerpt":"Chascom\u00fas contin\u00faa siendo uno de los destinos m\u00e1s elegidos de la provincia de Buenos Aires. 13 de Octubre de 2025 CHASCOM\u00daS -\u00a0 Durante el fin de semana largo por el feriado del viernes, se registr\u00f3 la ocupaci\u00f3n del 95% de las plazas hoteleras, con una afluencia estimada de m\u00e1s de\u2026","rel":"","context":"En \u00abCHASCOM\u00daS\u00bb","block_context":{"text":"CHASCOM\u00daS","link":"https:\/\/larevistadigital.com.ar\/blog\/category\/chascomus\/"},"img":{"alt_text":"","src":"https:\/\/i0.wp.com\/larevistadigital.com.ar\/blog\/wp-content\/uploads\/68ed7386a4f1b.png?fit=668%2C445&ssl=1&resize=350%2C200","width":350,"height":200,"srcset":"https:\/\/i0.wp.com\/larevistadigital.com.ar\/blog\/wp-content\/uploads\/68ed7386a4f1b.png?fit=668%2C445&ssl=1&resize=350%2C200 1x, https:\/\/i0.wp.com\/larevistadigital.com.ar\/blog\/wp-content\/uploads\/68ed7386a4f1b.png?fit=668%2C445&ssl=1&resize=525%2C300 1.5x"},"classes":[]},{"id":6531,"url":"https:\/\/larevistadigital.com.ar\/blog\/chascomus-informo-el-municipio-que-se-suspende-la-kermese-de-primavera-prevista-para-este-sabado-y-domingo\/","url_meta":{"origin":41334,"position":5},"title":"CHASCOM\u00daS: INFORM\u00d3 EL MUNICIPIO QUE SE SUSPENDE LA \u00abKERMESE DE PRIMAVERA\u00bb PREVISTA PARA ESTE S\u00c1BADO Y DOMINGO","author":"Alejandro Sosa Ruda","date":"20 septiembre, 2018","format":false,"excerpt":"El municipio emiti\u00f3 un comunicado en su p\u00e1gina de facebook, en el que da aviso que queda suspendida la llamada \"kermese de Primavera\",\u00a0 prevista para el pr\u00f3ximo fin de semana. AQU\u00cd EL COMUNICADO Debido al pron\u00f3stico de condiciones clim\u00e1ticas adversas para el fin de semana, desde la Secretar\u00eda de Planificaci\u00f3n\u2026","rel":"","context":"En \u00abCHASCOM\u00daS\u00bb","block_context":{"text":"CHASCOM\u00daS","link":"https:\/\/larevistadigital.com.ar\/blog\/category\/chascomus\/"},"img":{"alt_text":"","src":"https:\/\/i0.wp.com\/larevistadigital.com.ar\/blog\/wp-content\/uploads\/2018\/09\/42205986_2070738652947009_424396795238416384_n.jpg?fit=600%2C450&ssl=1&resize=350%2C200","width":350,"height":200,"srcset":"https:\/\/i0.wp.com\/larevistadigital.com.ar\/blog\/wp-content\/uploads\/2018\/09\/42205986_2070738652947009_424396795238416384_n.jpg?fit=600%2C450&ssl=1&resize=350%2C200 1x, https:\/\/i0.wp.com\/larevistadigital.com.ar\/blog\/wp-content\/uploads\/2018\/09\/42205986_2070738652947009_424396795238416384_n.jpg?fit=600%2C450&ssl=1&resize=525%2C300 1.5x"},"classes":[]}],"_links":{"self":[{"href":"https:\/\/larevistadigital.com.ar\/blog\/wp-json\/wp\/v2\/posts\/41334","targetHints":{"allow":["GET"]}}],"collection":[{"href":"https:\/\/larevistadigital.com.ar\/blog\/wp-json\/wp\/v2\/posts"}],"about":[{"href":"https:\/\/larevistadigital.com.ar\/blog\/wp-json\/wp\/v2\/types\/post"}],"author":[{"embeddable":true,"href":"https:\/\/larevistadigital.com.ar\/blog\/wp-json\/wp\/v2\/users\/3"}],"replies":[{"embeddable":true,"href":"https:\/\/larevistadigital.com.ar\/blog\/wp-json\/wp\/v2\/comments?post=41334"}],"version-history":[{"count":1,"href":"https:\/\/larevistadigital.com.ar\/blog\/wp-json\/wp\/v2\/posts\/41334\/revisions"}],"predecessor-version":[{"id":41336,"href":"https:\/\/larevistadigital.com.ar\/blog\/wp-json\/wp\/v2\/posts\/41334\/revisions\/41336"}],"wp:featuredmedia":[{"embeddable":true,"href":"https:\/\/larevistadigital.com.ar\/blog\/wp-json\/wp\/v2\/media\/41335"}],"wp:attachment":[{"href":"https:\/\/larevistadigital.com.ar\/blog\/wp-json\/wp\/v2\/media?parent=41334"}],"wp:term":[{"taxonomy":"category","embeddable":true,"href":"https:\/\/larevistadigital.com.ar\/blog\/wp-json\/wp\/v2\/categories?post=41334"},{"taxonomy":"post_tag","embeddable":true,"href":"https:\/\/larevistadigital.com.ar\/blog\/wp-json\/wp\/v2\/tags?post=41334"}],"curies":[{"name":"wp","href":"https:\/\/api.w.org\/{rel}","templated":true}]}}