{"id":41337,"date":"2025-09-08T17:51:45","date_gmt":"2025-09-08T20:51:45","guid":{"rendered":"https:\/\/larevistadigital.com.ar\/blog\/?p=41337"},"modified":"2025-09-08T17:59:11","modified_gmt":"2025-09-08T20:59:11","slug":"dolores-hizo-historia-triunfo-record-del-oficialismo-en-las-elecciones-locales","status":"publish","type":"post","link":"https:\/\/larevistadigital.com.ar\/blog\/dolores-hizo-historia-triunfo-record-del-oficialismo-en-las-elecciones-locales\/","title":{"rendered":"Dolores hizo historia: triunfo r\u00e9cord del oficialismo en las elecciones locales"},"content":{"rendered":"<h2 class=\"nota__hero__summary\">La lista impulsada por el Intendente Municipal se impuso por casi el 60% de los votos.<\/h2>\n<p>08 de septiembre de 2025<\/p>\n<p><strong>DOLORES &#8211;<\/strong>\u00a0 El domingo 7 de septiembre quedar\u00e1 marcado en la historia pol\u00edtica de <strong data-start=\"255\" data-end=\"266\">Dolores<\/strong>, la primera ciudad fundada tras la independencia. Con una participaci\u00f3n ciudadana del <strong data-start=\"353\" data-end=\"360\">73%<\/strong>, se concret\u00f3 el triunfo oficialista m\u00e1s amplio en todo el interior bonaerense.<\/p>\n<p data-start=\"443\" data-end=\"777\">La lista encabezada por <strong data-start=\"467\" data-end=\"486\">Marcos Elizalde<\/strong>, bajo la conducci\u00f3n del intendente <strong data-start=\"522\" data-end=\"543\">Juan Pablo Garc\u00eda<\/strong>, se impuso con <strong data-start=\"559\" data-end=\"584\">10.942 votos (59,89%)<\/strong>, frente a los <strong data-start=\"599\" data-end=\"614\">4.442 (24%)<\/strong> del exintendente <strong data-start=\"632\" data-end=\"654\">Camilo Etchevarren<\/strong>. La diferencia, superior a <strong data-start=\"682\" data-end=\"701\">6.000 sufragios<\/strong> y equivalente a <strong data-start=\"718\" data-end=\"731\">35 puntos<\/strong>, no tiene precedentes en la pol\u00edtica local.<\/p>\n<blockquote>\n<h3 data-start=\"779\" data-end=\"1123\">El contraste con las elecciones de 2023 es contundente: en aquel momento Garc\u00eda hab\u00eda superado por apenas 224 votos a Etchevarren. Dos a\u00f1os m\u00e1s tarde, el oficialismo no solo consolid\u00f3 su liderazgo, sino que sum\u00f3 casi 1.800 votos adicionales, mientras que Etchevarren perdi\u00f3 m\u00e1s de 4.000 apoyos, marcando el ocaso de un ciclo iniciado en 2007.<\/h3>\n<\/blockquote>\n<p data-start=\"1125\" data-end=\"1268\">En paralelo, <strong data-start=\"1138\" data-end=\"1160\">La Libertad Avanza<\/strong> creci\u00f3 del 10% (2.143 votos) en 2023 al 15% (2.889 votos), consolid\u00e1ndose como tercera fuerza en Dolores.<\/p>\n<blockquote>\n<h3 data-start=\"1270\" data-end=\"1559\">El resultado tambi\u00e9n rompe todos los techos hist\u00f3ricos: super\u00f3 el 58% obtenido por <strong data-start=\"1353\" data-end=\"1372\">\u201cTati\u201d Meckievi<\/strong> en 1998 y el 54% alcanzado por <strong data-start=\"1404\" data-end=\"1419\">Etchevarren<\/strong> en 2011. As\u00ed, <strong data-start=\"1434\" data-end=\"1556\">Juan Pablo Garc\u00eda se convierte en el intendente con el mejor desempe\u00f1o electoral de la historia democr\u00e1tica de Dolores<\/strong>.<\/h3>\n<\/blockquote>\n<p data-start=\"1561\" data-end=\"1766\">Con esta elecci\u00f3n, el distrito ratifica el rumbo iniciado en 2023 y env\u00eda un mensaje al interior bonaerense: la pol\u00edtica de cercan\u00eda y gesti\u00f3n puede desplazar a viejos liderazgos y abrir una nueva etapa.<\/p>\n<p data-start=\"1561\" data-end=\"1766\">fuente e imagen: entrel\u00edneas.info<\/p>\n","protected":false},"excerpt":{"rendered":"<div class=\"mh-excerpt\"><p>La lista impulsada por el Intendente Municipal se impuso por casi el 60% de los votos. 08 de septiembre de 2025 DOLORES &#8211;\u00a0 El domingo 7 de septiembre quedar\u00e1 marcado en la historia pol\u00edtica de <a class=\"mh-excerpt-more\" href=\"https:\/\/larevistadigital.com.ar\/blog\/dolores-hizo-historia-triunfo-record-del-oficialismo-en-las-elecciones-locales\/\" title=\"Dolores hizo historia: triunfo r\u00e9cord del oficialismo en las elecciones locales\">[Leer M\u00e1s]<\/a><\/p>\n<\/div>","protected":false},"author":3,"featured_media":41338,"comment_status":"open","ping_status":"open","sticky":false,"template":"","format":"standard","meta":{"_jetpack_memberships_contains_paid_content":false,"footnotes":"","jetpack_publicize_message":"","jetpack_publicize_feature_enabled":true,"jetpack_social_post_already_shared":true,"jetpack_social_options":{"image_generator_settings":{"template":"highway","default_image_id":0,"font":"","enabled":false},"version":2}},"categories":[43,51],"tags":[],"class_list":{"0":"post-41337","1":"post","2":"type-post","3":"status-publish","4":"format-standard","5":"has-post-thumbnail","7":"category-dolores","8":"category-regionales"},"jetpack_publicize_connections":[],"jetpack_featured_media_url":"https:\/\/i0.wp.com\/larevistadigital.com.ar\/blog\/wp-content\/uploads\/b17d098c479c7b4662e1ea08fead7c2b3e326a9e.jpg?fit=1140%2C761&ssl=1","jetpack_sharing_enabled":true,"jetpack_shortlink":"https:\/\/wp.me\/p8qtrQ-aKJ","jetpack-related-posts":[{"id":3585,"url":"https:\/\/larevistadigital.com.ar\/blog\/dolores-cambiemos-se-impuso-5285\/","url_meta":{"origin":41337,"position":0},"title":"DOLORES: CAMBIEMOS SE IMPUSO CON EL 52,85%","author":"Alejandro Sosa Ruda","date":"23 octubre, 2017","format":false,"excerpt":"Escrutado el total de mesas en la ciudad de Dolores, Cambiemos Buenos Aires logr\u00f3 un importante triunfo, consiguiendo m\u00e1s de el doble de votos que su inmediato seguidor que fue Unidad Ciudadana. Los resultados finales fueron los siguientes: 1\u00b0 CAMBIEMOS BUENOS AIRES................................................................9.451 VOTOS (52,85%) 2\u00b0 UNIDAD CIUDADANA..............................................................................4.368 VOTOS (24,43%) 3\u00b0\u2026","rel":"","context":"En \u00abDOLORES\u00bb","block_context":{"text":"DOLORES","link":"https:\/\/larevistadigital.com.ar\/blog\/category\/dolores\/"},"img":{"alt_text":"","src":"https:\/\/i0.wp.com\/larevistadigital.com.ar\/blog\/wp-content\/uploads\/2017\/10\/urna.jpg?fit=990%2C871&ssl=1&resize=350%2C200","width":350,"height":200,"srcset":"https:\/\/i0.wp.com\/larevistadigital.com.ar\/blog\/wp-content\/uploads\/2017\/10\/urna.jpg?fit=990%2C871&ssl=1&resize=350%2C200 1x, https:\/\/i0.wp.com\/larevistadigital.com.ar\/blog\/wp-content\/uploads\/2017\/10\/urna.jpg?fit=990%2C871&ssl=1&resize=525%2C300 1.5x, https:\/\/i0.wp.com\/larevistadigital.com.ar\/blog\/wp-content\/uploads\/2017\/10\/urna.jpg?fit=990%2C871&ssl=1&resize=700%2C400 2x"},"classes":[]},{"id":11817,"url":"https:\/\/larevistadigital.com.ar\/blog\/dolores-etchevarren-se-impuso-en-las-paso\/","url_meta":{"origin":41337,"position":1},"title":"DOLORES: ETCHEVARREN SE IMPUSO EN LAS PASO","author":"Alejandro Sosa Ruda","date":"13 agosto, 2019","format":false,"excerpt":"Finalizado el recuento de votos, el intendente de Dolores, Camilo Etchevarren habl\u00f3 para la gente que se acerc\u00f3 a su local partidario ubicado en calle Olavarr\u00eda y Rivadavia. \"Hemos vuelto a ganar en Dolores\" se\u00f1al\u00f3 el jefe comunal, agregando que \"despu\u00e9s de 12 a\u00f1os de gobierno, plesbicitamos nuestra gesti\u00f3n alcanzando\u2026","rel":"","context":"En \u00abDOLORES\u00bb","block_context":{"text":"DOLORES","link":"https:\/\/larevistadigital.com.ar\/blog\/category\/dolores\/"},"img":{"alt_text":"","src":"","width":0,"height":0},"classes":[]},{"id":22663,"url":"https:\/\/larevistadigital.com.ar\/blog\/mar-chiquita-el-frente-de-todos-ratifico-su-triunfo\/","url_meta":{"origin":41337,"position":2},"title":"MAR CHIQUITA: EL FRENTE DE TODOS RATIFIC\u00d3 SU TRIUNFO","author":"Alejandro Sosa Ruda","date":"15 noviembre, 2021","format":false,"excerpt":"MAR CHIQUITA -\u00a0 Tal como sucedi\u00f3 en las PASO, el Frente de Todos fue la boleta m\u00e1s votada en el vecino partido de Mar Chiquita. En septiembre, la lista \u00fanica que encabez\u00f3 Leandro Barone\u00a0y que impuls\u00f3 el intendente\u00a0Jorge Paredi,\u00a0super\u00f3 en el total de votos a la suma de las tres\u2026","rel":"","context":"En \u00abPOLITICA\u00bb","block_context":{"text":"POLITICA","link":"https:\/\/larevistadigital.com.ar\/blog\/category\/politica\/"},"img":{"alt_text":"","src":"https:\/\/i0.wp.com\/larevistadigital.com.ar\/blog\/wp-content\/uploads\/Captura-de-pantalla-2021-11-15-010322-e1636974722945.jpg?fit=666%2C551&ssl=1&resize=350%2C200","width":350,"height":200,"srcset":"https:\/\/i0.wp.com\/larevistadigital.com.ar\/blog\/wp-content\/uploads\/Captura-de-pantalla-2021-11-15-010322-e1636974722945.jpg?fit=666%2C551&ssl=1&resize=350%2C200 1x, https:\/\/i0.wp.com\/larevistadigital.com.ar\/blog\/wp-content\/uploads\/Captura-de-pantalla-2021-11-15-010322-e1636974722945.jpg?fit=666%2C551&ssl=1&resize=525%2C300 1.5x"},"classes":[]},{"id":11825,"url":"https:\/\/larevistadigital.com.ar\/blog\/pila-walker-se-alzo-con-el-triunfo-en-las-paso\/","url_meta":{"origin":41337,"position":3},"title":"PILA: WALKER SE ALZ\u00d3 CON EL TRIUNFO EN LAS PASO","author":"Alejandro Sosa Ruda","date":"12 agosto, 2019","format":false,"excerpt":"En Pila, de acuerdo a lo informado por el diario El Fuerte, el actual Intendente Gustavo Walker del Frente para Todos triunf\u00f3 con 1613 votos, seguido por Claudio Etchemendy de Juntos por el Cambio con 889 y Jurado de Consenso Federal con 30. En el orden Nacional la f\u00f3rmula Fern\u00e1ndez\u2026","rel":"","context":"En \u00abPILA\u00bb","block_context":{"text":"PILA","link":"https:\/\/larevistadigital.com.ar\/blog\/category\/pila\/"},"img":{"alt_text":"","src":"https:\/\/i0.wp.com\/larevistadigital.com.ar\/blog\/wp-content\/uploads\/walker.jpg?fit=737%2C415&ssl=1&resize=350%2C200","width":350,"height":200,"srcset":"https:\/\/i0.wp.com\/larevistadigital.com.ar\/blog\/wp-content\/uploads\/walker.jpg?fit=737%2C415&ssl=1&resize=350%2C200 1x, https:\/\/i0.wp.com\/larevistadigital.com.ar\/blog\/wp-content\/uploads\/walker.jpg?fit=737%2C415&ssl=1&resize=525%2C300 1.5x, https:\/\/i0.wp.com\/larevistadigital.com.ar\/blog\/wp-content\/uploads\/walker.jpg?fit=737%2C415&ssl=1&resize=700%2C400 2x"},"classes":[]},{"id":3590,"url":"https:\/\/larevistadigital.com.ar\/blog\/pila-triunfo-unidad-ciudadana\/","url_meta":{"origin":41337,"position":4},"title":"PILA: TRIUNFO DE UNIDAD CIUDADANA","author":"Alejandro Sosa Ruda","date":"23 octubre, 2017","format":false,"excerpt":"Escrutadas las doce mesas de la ciudad, Unidad Ciudadana se impuso en el comicio, seguido de Cambiemos y quedando 1Pa\u00eds en el tercer lugar. Estos fueron los resultados: 1\u00b0 UNIDAD CIUDADANA..................................................................................1.195 VOTOS (47,33%) 2\u00b0 CAMBIEMOS BUENOS AIRES....................................................................1.118 VOTOS (44,28%) 3\u00b0 1 PA\u00cdS.................................................................................................................\u00a0 \u00a0212 VOTOS (8,40%)","rel":"","context":"En \u00abPILA\u00bb","block_context":{"text":"PILA","link":"https:\/\/larevistadigital.com.ar\/blog\/category\/pila\/"},"img":{"alt_text":"","src":"https:\/\/i0.wp.com\/larevistadigital.com.ar\/blog\/wp-content\/uploads\/2017\/10\/urna.jpg?fit=990%2C871&ssl=1&resize=350%2C200","width":350,"height":200,"srcset":"https:\/\/i0.wp.com\/larevistadigital.com.ar\/blog\/wp-content\/uploads\/2017\/10\/urna.jpg?fit=990%2C871&ssl=1&resize=350%2C200 1x, https:\/\/i0.wp.com\/larevistadigital.com.ar\/blog\/wp-content\/uploads\/2017\/10\/urna.jpg?fit=990%2C871&ssl=1&resize=525%2C300 1.5x, https:\/\/i0.wp.com\/larevistadigital.com.ar\/blog\/wp-content\/uploads\/2017\/10\/urna.jpg?fit=990%2C871&ssl=1&resize=700%2C400 2x"},"classes":[]},{"id":10631,"url":"https:\/\/larevistadigital.com.ar\/blog\/dolores-el-intendente-etchevarren-presenta-la-lista-de-candidatos\/","url_meta":{"origin":41337,"position":5},"title":"DOLORES: EL INTENDENTE ETCHEVARREN PRESENTA LA LISTA DE CANDIDATOS","author":"Alejandro Sosa Ruda","date":"15 junio, 2019","format":false,"excerpt":"Ser\u00e1 el viernes 21 de Junio a las 20 hs. El viernes 21 de Junio a las 20 hs. en el local de calles Olavarr\u00eda y Rivadavia el intendente de Dolores Camilo Etchevarren presentar\u00e1 la lista de candidatos a concejales y consejeros escolares que lo acompa\u00f1ar\u00e1n en las pr\u00f3ximas PASO\u2026","rel":"","context":"En \u00abDOLORES\u00bb","block_context":{"text":"DOLORES","link":"https:\/\/larevistadigital.com.ar\/blog\/category\/dolores\/"},"img":{"alt_text":"","src":"https:\/\/i0.wp.com\/larevistadigital.com.ar\/blog\/wp-content\/uploads\/Screenshot_3-1.jpg?fit=865%2C570&ssl=1&resize=350%2C200","width":350,"height":200,"srcset":"https:\/\/i0.wp.com\/larevistadigital.com.ar\/blog\/wp-content\/uploads\/Screenshot_3-1.jpg?fit=865%2C570&ssl=1&resize=350%2C200 1x, https:\/\/i0.wp.com\/larevistadigital.com.ar\/blog\/wp-content\/uploads\/Screenshot_3-1.jpg?fit=865%2C570&ssl=1&resize=525%2C300 1.5x, https:\/\/i0.wp.com\/larevistadigital.com.ar\/blog\/wp-content\/uploads\/Screenshot_3-1.jpg?fit=865%2C570&ssl=1&resize=700%2C400 2x"},"classes":[]}],"_links":{"self":[{"href":"https:\/\/larevistadigital.com.ar\/blog\/wp-json\/wp\/v2\/posts\/41337","targetHints":{"allow":["GET"]}}],"collection":[{"href":"https:\/\/larevistadigital.com.ar\/blog\/wp-json\/wp\/v2\/posts"}],"about":[{"href":"https:\/\/larevistadigital.com.ar\/blog\/wp-json\/wp\/v2\/types\/post"}],"author":[{"embeddable":true,"href":"https:\/\/larevistadigital.com.ar\/blog\/wp-json\/wp\/v2\/users\/3"}],"replies":[{"embeddable":true,"href":"https:\/\/larevistadigital.com.ar\/blog\/wp-json\/wp\/v2\/comments?post=41337"}],"version-history":[{"count":3,"href":"https:\/\/larevistadigital.com.ar\/blog\/wp-json\/wp\/v2\/posts\/41337\/revisions"}],"predecessor-version":[{"id":41341,"href":"https:\/\/larevistadigital.com.ar\/blog\/wp-json\/wp\/v2\/posts\/41337\/revisions\/41341"}],"wp:featuredmedia":[{"embeddable":true,"href":"https:\/\/larevistadigital.com.ar\/blog\/wp-json\/wp\/v2\/media\/41338"}],"wp:attachment":[{"href":"https:\/\/larevistadigital.com.ar\/blog\/wp-json\/wp\/v2\/media?parent=41337"}],"wp:term":[{"taxonomy":"category","embeddable":true,"href":"https:\/\/larevistadigital.com.ar\/blog\/wp-json\/wp\/v2\/categories?post=41337"},{"taxonomy":"post_tag","embeddable":true,"href":"https:\/\/larevistadigital.com.ar\/blog\/wp-json\/wp\/v2\/tags?post=41337"}],"curies":[{"name":"wp","href":"https:\/\/api.w.org\/{rel}","templated":true}]}}