{"id":41342,"date":"2025-09-08T18:05:51","date_gmt":"2025-09-08T21:05:51","guid":{"rendered":"https:\/\/larevistadigital.com.ar\/blog\/?p=41342"},"modified":"2025-09-08T18:05:51","modified_gmt":"2025-09-08T21:05:51","slug":"amparo-de-cicop-la-justicia-freno-el-examen-de-idoneidad-impulsado-por-sturzenegger-en-el-hospital-posadas","status":"publish","type":"post","link":"https:\/\/larevistadigital.com.ar\/blog\/amparo-de-cicop-la-justicia-freno-el-examen-de-idoneidad-impulsado-por-sturzenegger-en-el-hospital-posadas\/","title":{"rendered":"Amparo de CICOP: La Justicia fren\u00f3 el examen de idoneidad impulsado por Sturzenegger en el Hospital Posadas"},"content":{"rendered":"<h2 class=\"fparrafo ctext fz18 lh25\">La jueza federal Martina Forns suspendi\u00f3 por seis meses la aplicaci\u00f3n del Sistema de Evaluaci\u00f3n P\u00fablica (SEP) en el Hospital Nacional Profesor Alejandro Posadas, una medida impulsada por el ministro de Desregulaci\u00f3n y Transformaci\u00f3n del Estado, Federico Sturzenegger.<\/h2>\n<p>08 de septiembre de 2025<\/p>\n<p class=\"selectionShareable\"><strong>BUENOS AIRES &#8211;<\/strong>\u00a0 La resoluci\u00f3n judicial respondi\u00f3 a un amparo presentado por la Asociaci\u00f3n Sindical de Profesionales de la Salud del Posadas (CICOP-Posadas), encabezada por su presidenta Mirtha Jaime, en representaci\u00f3n de los trabajadores.<\/p>\n<blockquote>\n<h3 class=\"selectionShareable\">El gremio hab\u00eda pedido la nulidad del sistema, al que calific\u00f3 como <strong><em>\u201carbitrario, improcedente e inconstitucional\u201d<\/em><\/strong>, y denunci\u00f3 que desconoce los mecanismos de evaluaci\u00f3n ya existentes en la administraci\u00f3n p\u00fablica.<\/h3>\n<\/blockquote>\n<p class=\"selectionShareable\">En su fallo, Forns dispuso la suspensi\u00f3n de la Resoluci\u00f3n N.\u00ba 26\/24, que reglamentaba el SEP, restringiendo su alcance al Hospital Posadas. Durante los pr\u00f3ximos seis meses, el nuevo examen de idoneidad no podr\u00e1 aplicarse en ese centro de salud.<\/p>\n<p class=\"selectionShareable\">La decisi\u00f3n fue celebrada por los profesionales como un triunfo sindical en medio de un escenario de fuerte conflictividad en el sector sanitario.<\/p>\n<blockquote>\n<h3 class=\"selectionShareable\">En las \u00faltimas semanas, los trabajadores tambi\u00e9n hab\u00edan protestado contra el veto presidencial a la Ley de Emergencia en Discapacidad y destacaron la reciente aprobaci\u00f3n en el Congreso de fondos para el Hospital Garrahan.<\/h3>\n<\/blockquote>\n<p class=\"selectionShareable\">Desde CICOP-Posadas consideraron que el fallo representa un respaldo a sus reclamos y aseguraron que continuar\u00e1n defendiendo tanto los derechos laborales como la calidad de la salud p\u00fablica frente a lo que definen como pol\u00edticas de ajuste.\u00a0<b>(InfoGEI)Ac<\/b><\/p>\n","protected":false},"excerpt":{"rendered":"<div class=\"mh-excerpt\"><p>La jueza federal Martina Forns suspendi\u00f3 por seis meses la aplicaci\u00f3n del Sistema de Evaluaci\u00f3n P\u00fablica (SEP) en el Hospital Nacional Profesor Alejandro Posadas, una medida impulsada por el ministro de Desregulaci\u00f3n y Transformaci\u00f3n del <a class=\"mh-excerpt-more\" href=\"https:\/\/larevistadigital.com.ar\/blog\/amparo-de-cicop-la-justicia-freno-el-examen-de-idoneidad-impulsado-por-sturzenegger-en-el-hospital-posadas\/\" title=\"Amparo de CICOP: La Justicia fren\u00f3 el examen de idoneidad impulsado por Sturzenegger en el Hospital Posadas\">[Leer M\u00e1s]<\/a><\/p>\n<\/div>","protected":false},"author":3,"featured_media":41343,"comment_status":"open","ping_status":"open","sticky":false,"template":"","format":"standard","meta":{"_jetpack_memberships_contains_paid_content":false,"footnotes":"","jetpack_publicize_message":"","jetpack_publicize_feature_enabled":true,"jetpack_social_post_already_shared":true,"jetpack_social_options":{"image_generator_settings":{"template":"highway","default_image_id":0,"font":"","enabled":false},"version":2}},"categories":[50],"tags":[],"class_list":{"0":"post-41342","1":"post","2":"type-post","3":"status-publish","4":"format-standard","5":"has-post-thumbnail","7":"category-interes-general"},"jetpack_publicize_connections":[],"jetpack_featured_media_url":"https:\/\/i0.wp.com\/larevistadigital.com.ar\/blog\/wp-content\/uploads\/20250908152420_justicia-suspendio-examen-idoneidad-estatales.jpg?fit=880%2C512&ssl=1","jetpack_sharing_enabled":true,"jetpack_shortlink":"https:\/\/wp.me\/p8qtrQ-aKO","jetpack-related-posts":[{"id":24197,"url":"https:\/\/larevistadigital.com.ar\/blog\/allanaron-el-hospital-posadas-por-test-truchos-de-covid\/","url_meta":{"origin":41342,"position":0},"title":"ALLANARON EL HOSPITAL POSADAS POR TEST TRUCHOS DE COVID","author":"Alejandro Sosa Ruda","date":"25 febrero, 2022","format":false,"excerpt":"El juez federal\u00a0Ariel Lijo\u00a0orden\u00f3 un allanamiento en la Direcci\u00f3n Nacional de Emergencias Sanitarias por una denuncia contra el hijo del director del\u00a0Hospital Posadas,\u00a0Alberto Maceira a quien se acusa de vender test de ant\u00edgenos y pases sanitarios truchos. Allanaron el Hospital Posadas por test truchos de Covid-19 luego de que se\u2026","rel":"","context":"En \u00abPOLICIALES\u00bb","block_context":{"text":"POLICIALES","link":"https:\/\/larevistadigital.com.ar\/blog\/category\/policiales\/"},"img":{"alt_text":"","src":"https:\/\/i0.wp.com\/larevistadigital.com.ar\/blog\/wp-content\/uploads\/hospital-posadas.jpg?fit=1200%2C675&ssl=1&resize=350%2C200","width":350,"height":200,"srcset":"https:\/\/i0.wp.com\/larevistadigital.com.ar\/blog\/wp-content\/uploads\/hospital-posadas.jpg?fit=1200%2C675&ssl=1&resize=350%2C200 1x, https:\/\/i0.wp.com\/larevistadigital.com.ar\/blog\/wp-content\/uploads\/hospital-posadas.jpg?fit=1200%2C675&ssl=1&resize=525%2C300 1.5x, https:\/\/i0.wp.com\/larevistadigital.com.ar\/blog\/wp-content\/uploads\/hospital-posadas.jpg?fit=1200%2C675&ssl=1&resize=700%2C400 2x, https:\/\/i0.wp.com\/larevistadigital.com.ar\/blog\/wp-content\/uploads\/hospital-posadas.jpg?fit=1200%2C675&ssl=1&resize=1050%2C600 3x"},"classes":[]},{"id":13488,"url":"https:\/\/larevistadigital.com.ar\/blog\/haedo-matan-a-un-joven-en-una-pelea-y-lo-tiran-a-metros-del-hospital-posadas\/","url_meta":{"origin":41342,"position":1},"title":"HAEDO: MATAN A UN JOVEN EN UNA PELEA Y LO TIRAN A METROS DEL HOSPITAL POSADAS","author":"Alejandro Sosa Ruda","date":"5 diciembre, 2019","format":false,"excerpt":"El cad\u00e1ver pertenece a un joven de 25 a\u00f1os y fue asesinado a la salida de un boliche. Un joven de 25 a\u00f1os fue asesinado de un tiro en la cabeza durante una pelea entre bandas a la salida de un boliche de la localidad bonaerense de\u00a0Haedo\u00a0y su cuerpo fue\u2026","rel":"","context":"En \u00abINTERES GENERAL\u00bb","block_context":{"text":"INTERES GENERAL","link":"https:\/\/larevistadigital.com.ar\/blog\/category\/interes-general\/"},"img":{"alt_text":"","src":"https:\/\/i0.wp.com\/larevistadigital.com.ar\/blog\/wp-content\/uploads\/0037204192.jpg?fit=1140%2C640&ssl=1&resize=350%2C200","width":350,"height":200,"srcset":"https:\/\/i0.wp.com\/larevistadigital.com.ar\/blog\/wp-content\/uploads\/0037204192.jpg?fit=1140%2C640&ssl=1&resize=350%2C200 1x, https:\/\/i0.wp.com\/larevistadigital.com.ar\/blog\/wp-content\/uploads\/0037204192.jpg?fit=1140%2C640&ssl=1&resize=525%2C300 1.5x, https:\/\/i0.wp.com\/larevistadigital.com.ar\/blog\/wp-content\/uploads\/0037204192.jpg?fit=1140%2C640&ssl=1&resize=700%2C400 2x, https:\/\/i0.wp.com\/larevistadigital.com.ar\/blog\/wp-content\/uploads\/0037204192.jpg?fit=1140%2C640&ssl=1&resize=1050%2C600 3x"},"classes":[]},{"id":12247,"url":"https:\/\/larevistadigital.com.ar\/blog\/violo-la-perimetral-rocio-a-su-ex-con-nafta-y-la-prendio-fuego\/","url_meta":{"origin":41342,"position":2},"title":"VIOL\u00d3 LA PERIMETRAL, ROCI\u00d3 A SU EX CON NAFTA Y LA PRENDI\u00d3 FUEGO","author":"Alejandro Sosa Ruda","date":"23 septiembre, 2019","format":false,"excerpt":"Una mujer de 24 a\u00f1os permanec\u00eda este lunes internada en grave estado luego de que fuera rociada con nafta y prendida fuego en la ciudad de Posadas\u00a0por su ex pareja, un hombre de 31 a\u00f1os que ten\u00eda prohibici\u00f3n de acercamiento vigente por la justicia. Voceros de la polic\u00eda de Misiones\u00a0informaron\u2026","rel":"","context":"En \u00abINTERES GENERAL\u00bb","block_context":{"text":"INTERES GENERAL","link":"https:\/\/larevistadigital.com.ar\/blog\/category\/interes-general\/"},"img":{"alt_text":"","src":"https:\/\/i0.wp.com\/larevistadigital.com.ar\/blog\/wp-content\/uploads\/Screenshot_2-42.jpg?fit=1200%2C605&ssl=1&resize=350%2C200","width":350,"height":200,"srcset":"https:\/\/i0.wp.com\/larevistadigital.com.ar\/blog\/wp-content\/uploads\/Screenshot_2-42.jpg?fit=1200%2C605&ssl=1&resize=350%2C200 1x, https:\/\/i0.wp.com\/larevistadigital.com.ar\/blog\/wp-content\/uploads\/Screenshot_2-42.jpg?fit=1200%2C605&ssl=1&resize=525%2C300 1.5x, https:\/\/i0.wp.com\/larevistadigital.com.ar\/blog\/wp-content\/uploads\/Screenshot_2-42.jpg?fit=1200%2C605&ssl=1&resize=700%2C400 2x, https:\/\/i0.wp.com\/larevistadigital.com.ar\/blog\/wp-content\/uploads\/Screenshot_2-42.jpg?fit=1200%2C605&ssl=1&resize=1050%2C600 3x"},"classes":[]},{"id":35304,"url":"https:\/\/larevistadigital.com.ar\/blog\/tandil-segun-los-profesionales-de-cicop-la-salud-publica-esta-al-borde-del-colapso\/","url_meta":{"origin":41342,"position":3},"title":"TANDIL: SEG\u00daN LOS PROFESIONALES DE CICOP, LA SALUD P\u00daBLICA EST\u00c1 AL BORDE DEL COLAPSO","author":"Alejandro Sosa Ruda","date":"22 febrero, 2024","format":false,"excerpt":"La reciente renuncia de los tres \u00fanicos onc\u00f3logos del Hospital Santamarina de Tandil puso al descubierto los bajos salarios, la precarizaci\u00f3n laboral y el destrato que padecen los profesionales de la salud del distrito. El gremio que nuclea a los profesionales de la salud p\u00fablica (CICOP) manifest\u00f3 su preocupaci\u00f3n por\u2026","rel":"","context":"En \u00abREGIONALES\u00bb","block_context":{"text":"REGIONALES","link":"https:\/\/larevistadigital.com.ar\/blog\/category\/regionales\/"},"img":{"alt_text":"","src":"https:\/\/i0.wp.com\/larevistadigital.com.ar\/blog\/wp-content\/uploads\/hospital-santamarina-tandil.jpg?fit=700%2C392&ssl=1&resize=350%2C200","width":350,"height":200,"srcset":"https:\/\/i0.wp.com\/larevistadigital.com.ar\/blog\/wp-content\/uploads\/hospital-santamarina-tandil.jpg?fit=700%2C392&ssl=1&resize=350%2C200 1x, https:\/\/i0.wp.com\/larevistadigital.com.ar\/blog\/wp-content\/uploads\/hospital-santamarina-tandil.jpg?fit=700%2C392&ssl=1&resize=525%2C300 1.5x, https:\/\/i0.wp.com\/larevistadigital.com.ar\/blog\/wp-content\/uploads\/hospital-santamarina-tandil.jpg?fit=700%2C392&ssl=1&resize=700%2C400 2x"},"classes":[]},{"id":26645,"url":"https:\/\/larevistadigital.com.ar\/blog\/alumna-de-16-anos-fue-atacada-a-cuchillazos-por-otra-a-la-salida-de-la-escuela\/","url_meta":{"origin":41342,"position":4},"title":"ALUMNA DE 16 A\u00d1OS FUE ATACADA A CUCHILLAZOS POR OTRA A LA SALIDA DE LA ESCUELA","author":"Alejandro Sosa Ruda","date":"16 julio, 2022","format":false,"excerpt":"La v\u00edctima cursa quinto a\u00f1o de la Escuela Secundaria N\u00b05 \u201cAuipi\u201d. Sufri\u00f3 heridas cortantes en una de sus manos, en el cuello, hombro y espalda. Por las heridas fue trasladada al hospital Posadas, mientras que la agresora fue una compa\u00f1era de su misma edad con quien hab\u00eda discutido en clase.\u2026","rel":"","context":"En \u00abPOLICIALES\u00bb","block_context":{"text":"POLICIALES","link":"https:\/\/larevistadigital.com.ar\/blog\/category\/policiales\/"},"img":{"alt_text":"","src":"https:\/\/i0.wp.com\/larevistadigital.com.ar\/blog\/wp-content\/uploads\/20220715155528_alumna-de-16-anos-fue-atacada-a-cuchillazos-por-otra-companera-a-la-salida-de-la-escuela.jpg?fit=880%2C512&ssl=1&resize=350%2C200","width":350,"height":200,"srcset":"https:\/\/i0.wp.com\/larevistadigital.com.ar\/blog\/wp-content\/uploads\/20220715155528_alumna-de-16-anos-fue-atacada-a-cuchillazos-por-otra-companera-a-la-salida-de-la-escuela.jpg?fit=880%2C512&ssl=1&resize=350%2C200 1x, https:\/\/i0.wp.com\/larevistadigital.com.ar\/blog\/wp-content\/uploads\/20220715155528_alumna-de-16-anos-fue-atacada-a-cuchillazos-por-otra-companera-a-la-salida-de-la-escuela.jpg?fit=880%2C512&ssl=1&resize=525%2C300 1.5x, https:\/\/i0.wp.com\/larevistadigital.com.ar\/blog\/wp-content\/uploads\/20220715155528_alumna-de-16-anos-fue-atacada-a-cuchillazos-por-otra-companera-a-la-salida-de-la-escuela.jpg?fit=880%2C512&ssl=1&resize=700%2C400 2x"},"classes":[]},{"id":20860,"url":"https:\/\/larevistadigital.com.ar\/blog\/cicop-realizara-el-reclamo-de-la-continuidad-laboral-de-los-residentes-que-egresan-este-ano\/","url_meta":{"origin":41342,"position":5},"title":"CICOP REALIZAR\u00c1 EL RECLAMO DE LA CONTINUIDAD LABORAL DE LOS RESIDENTES QUE EGRESAN ESTE A\u00d1O","author":"Alejandro Sosa Ruda","date":"23 junio, 2021","format":false,"excerpt":"La Asociaci\u00f3n Sindical de Profesionales de la Salud de la Provincia de Buenos Aires (CICOP) brindar\u00e1 una Conferencia de Prensa este jueves 24 de junio a las 12:30 hs en el Play\u00f3n de Estacionamiento del Hospital \u201cDr. Alejandro Korn\u201d, ubicado en la Calle 520 e\/173 y 178 de la localidad\u2026","rel":"","context":"En \u00abINTERES GENERAL\u00bb","block_context":{"text":"INTERES GENERAL","link":"https:\/\/larevistadigital.com.ar\/blog\/category\/interes-general\/"},"img":{"alt_text":"","src":"https:\/\/i0.wp.com\/larevistadigital.com.ar\/blog\/wp-content\/uploads\/2018\/06\/cicop_01deseptiembrede2017_elfuerte.jpg?fit=737%2C348&ssl=1&resize=350%2C200","width":350,"height":200,"srcset":"https:\/\/i0.wp.com\/larevistadigital.com.ar\/blog\/wp-content\/uploads\/2018\/06\/cicop_01deseptiembrede2017_elfuerte.jpg?fit=737%2C348&ssl=1&resize=350%2C200 1x, https:\/\/i0.wp.com\/larevistadigital.com.ar\/blog\/wp-content\/uploads\/2018\/06\/cicop_01deseptiembrede2017_elfuerte.jpg?fit=737%2C348&ssl=1&resize=525%2C300 1.5x, https:\/\/i0.wp.com\/larevistadigital.com.ar\/blog\/wp-content\/uploads\/2018\/06\/cicop_01deseptiembrede2017_elfuerte.jpg?fit=737%2C348&ssl=1&resize=700%2C400 2x"},"classes":[]}],"_links":{"self":[{"href":"https:\/\/larevistadigital.com.ar\/blog\/wp-json\/wp\/v2\/posts\/41342","targetHints":{"allow":["GET"]}}],"collection":[{"href":"https:\/\/larevistadigital.com.ar\/blog\/wp-json\/wp\/v2\/posts"}],"about":[{"href":"https:\/\/larevistadigital.com.ar\/blog\/wp-json\/wp\/v2\/types\/post"}],"author":[{"embeddable":true,"href":"https:\/\/larevistadigital.com.ar\/blog\/wp-json\/wp\/v2\/users\/3"}],"replies":[{"embeddable":true,"href":"https:\/\/larevistadigital.com.ar\/blog\/wp-json\/wp\/v2\/comments?post=41342"}],"version-history":[{"count":1,"href":"https:\/\/larevistadigital.com.ar\/blog\/wp-json\/wp\/v2\/posts\/41342\/revisions"}],"predecessor-version":[{"id":41344,"href":"https:\/\/larevistadigital.com.ar\/blog\/wp-json\/wp\/v2\/posts\/41342\/revisions\/41344"}],"wp:featuredmedia":[{"embeddable":true,"href":"https:\/\/larevistadigital.com.ar\/blog\/wp-json\/wp\/v2\/media\/41343"}],"wp:attachment":[{"href":"https:\/\/larevistadigital.com.ar\/blog\/wp-json\/wp\/v2\/media?parent=41342"}],"wp:term":[{"taxonomy":"category","embeddable":true,"href":"https:\/\/larevistadigital.com.ar\/blog\/wp-json\/wp\/v2\/categories?post=41342"},{"taxonomy":"post_tag","embeddable":true,"href":"https:\/\/larevistadigital.com.ar\/blog\/wp-json\/wp\/v2\/tags?post=41342"}],"curies":[{"name":"wp","href":"https:\/\/api.w.org\/{rel}","templated":true}]}}