{"id":41345,"date":"2025-09-08T18:24:05","date_gmt":"2025-09-08T21:24:05","guid":{"rendered":"https:\/\/larevistadigital.com.ar\/blog\/?p=41345"},"modified":"2025-09-08T18:24:05","modified_gmt":"2025-09-08T21:24:05","slug":"el-peronismo-logro-triunfos-en-zonas-rurales-bonaerenses-tradicionalmente-adversas","status":"publish","type":"post","link":"https:\/\/larevistadigital.com.ar\/blog\/el-peronismo-logro-triunfos-en-zonas-rurales-bonaerenses-tradicionalmente-adversas\/","title":{"rendered":"El peronismo logr\u00f3 triunfos en zonas rurales bonaerenses tradicionalmente adversas"},"content":{"rendered":"<h3 class=\"fparrafo ctext fz18 lh25\">El peronismo se impuso en varias regiones del interior de Buenos Aires donde el sector agropecuario tiene gran peso, logrando triunfos que no se ve\u00edan desde hace 20 a\u00f1os. Prueba de ello, lo representa los triunfos en la Segunda y Cuarta secciones Electorales, donde est\u00e1n los campos de la denominada zona n\u00facleo (maiceros, sojeros), y en menor medida, algunas regiones de la S\u00e9ptima secci\u00f3n. Lugares \u00e9stos, que La Libertad Avanza (LLA), de antemano daba por ganados.<\/h3>\n<p>08 de septiembre de 2025<\/p>\n<p class=\"selectionShareable\"><strong>BUENOS AIRES &#8211;\u00a0<\/strong> \u00a0El oficialismo no pudo revertir los malos resultados del conurbano, donde el peronismo mantiene un desempe\u00f1o s\u00f3lido. LLA se qued\u00f3 con la Quinta y Sexta Secciones Electorales, mientras que el espacio de Axel Kicillof, Fuerza Patria, se impuso en la Primera, Segunda, Tercera, Cuarta, S\u00e9ptima y Octava, obteniendo un 47,28% frente al 33,71% de Milei, con el 98,9% de las mesas escrutadas.<\/p>\n<p class=\"selectionShareable\">Aunque el peronismo triunf\u00f3 en las secciones agrarias (Segunda, Cuarta y S\u00e9ptima), no necesariamente significa que el voto rural apoyara mayoritariamente a Milei, dado que la votaci\u00f3n urbana influye de manera significativa en los resultados. Adem\u00e1s, terceras fuerzas como Somos Buenos Aires o Hechos tuvieron un buen desempe\u00f1o en ciertas localidades, especialmente en el centro-norte de la provincia.<\/p>\n<p class=\"selectionShareable\"><span style=\"color: #ff0000\"><b>Cuarta Secci\u00f3n Electoral<\/b><\/span><\/p>\n<p class=\"selectionShareable\">El PJ gan\u00f3 en la Cuarta Secci\u00f3n, compuesta por 19 municipios del noroeste bonaerense, con el 40,2% de los votos, superando a LLA (30,28%) y a Somos Buenos Aires (19,95%), con un 94,47% de mesas escrutadas. Esta victoria, liderada por Diego Videla, representa la primera alegr\u00eda del peronismo en la zona desde 2005, cuando el Frente para la Victoria se impuso. De los 19 municipios, Fuerza Patria gan\u00f3 en 15, mientras que LLA se qued\u00f3 con cuatro, incluyendo Trenque Lauquen y Nueve de Julio.<\/p>\n<p class=\"selectionShareable\"><span style=\"color: #ff0000\"><b>Segunda Secci\u00f3n Electoral<\/b><\/span><\/p>\n<p class=\"selectionShareable\">En la Segunda Secci\u00f3n, en el norte de la provincia, el PJ tambi\u00e9n logr\u00f3 imponerse tras 20 a\u00f1os, con el 35,48% de los votos, seguido por LLA con 29,84% y el frente Hechos con casi 24%, bajo la candidatura de Diego Nanni para diputados provinciales.<\/p>\n<p class=\"selectionShareable\"><span style=\"color: #ff0000\"><b>S\u00e9ptima Secci\u00f3n Electoral<\/b><\/span><\/p>\n<p class=\"selectionShareable\">En la S\u00e9ptima, de solo ocho municipios, Fuerza Patria gan\u00f3 con el 38,23%, mientras que LLA qued\u00f3 en segundo lugar con 32,84%. Gracias al sistema del Cociente Hare, las tres bancas para el Senado provincial quedaron para el peronismo. El PJ se impuso en 25 de Mayo, Bol\u00edvar, Olavarr\u00eda, General Alvear y Tapalqu\u00e9, mientras que LLA solo gan\u00f3 en Azul. Somos Buenos Aires se qued\u00f3 con Roque P\u00e9rez y Saladillo.<\/p>\n<p class=\"selectionShareable\">Estos resultados reflejan un notable regreso del peronismo en zonas rurales bonaerenses, marcando una recuperaci\u00f3n electoral importante despu\u00e9s de dos d\u00e9cadas.\u00a0<b>(InfoGEI)Jd<\/b><\/p>\n","protected":false},"excerpt":{"rendered":"<div class=\"mh-excerpt\"><p>El peronismo se impuso en varias regiones del interior de Buenos Aires donde el sector agropecuario tiene gran peso, logrando triunfos que no se ve\u00edan desde hace 20 a\u00f1os. Prueba de ello, lo representa los <a class=\"mh-excerpt-more\" href=\"https:\/\/larevistadigital.com.ar\/blog\/el-peronismo-logro-triunfos-en-zonas-rurales-bonaerenses-tradicionalmente-adversas\/\" title=\"El peronismo logr\u00f3 triunfos en zonas rurales bonaerenses tradicionalmente adversas\">[Leer M\u00e1s]<\/a><\/p>\n<\/div>","protected":false},"author":3,"featured_media":41346,"comment_status":"open","ping_status":"open","sticky":false,"template":"","format":"standard","meta":{"_jetpack_memberships_contains_paid_content":false,"footnotes":"","jetpack_publicize_message":"","jetpack_publicize_feature_enabled":true,"jetpack_social_post_already_shared":true,"jetpack_social_options":{"image_generator_settings":{"template":"highway","default_image_id":0,"font":"","enabled":false},"version":2}},"categories":[50,24],"tags":[],"class_list":{"0":"post-41345","1":"post","2":"type-post","3":"status-publish","4":"format-standard","5":"has-post-thumbnail","7":"category-interes-general","8":"category-politica-provincial"},"jetpack_publicize_connections":[],"jetpack_featured_media_url":"https:\/\/i0.wp.com\/larevistadigital.com.ar\/blog\/wp-content\/uploads\/20250908170038_mapa-politico-elecciones-legislativas.jpg?fit=880%2C512&ssl=1","jetpack_sharing_enabled":true,"jetpack_shortlink":"https:\/\/wp.me\/p8qtrQ-aKR","jetpack-related-posts":[{"id":41353,"url":"https:\/\/larevistadigital.com.ar\/blog\/te-pasamos-el-mapa-de-ganadores-por-municipio-y-por-seccion-electoral\/","url_meta":{"origin":41345,"position":0},"title":"Te pasamos el mapa de ganadores por municipio y por secci\u00f3n electoral","author":"Alejandro Sosa Ruda","date":"8 septiembre, 2025","format":false,"excerpt":"Fuerza Patria se impuso con el 46,92% de los votos en las legislativas bonaerenses. La Libertad Avanza qued\u00f3 segunda con el 33,87%, mientras el mapa electoral mostr\u00f3 resultados mixtos en los diferentes territorios. Todos los porcentajes. 08 de septiembre de 2025 BUENOS AIRES -\u00a0 \u00a0Con una participaci\u00f3n del 60,99% del\u2026","rel":"","context":"En \u00abINTERES GENERAL\u00bb","block_context":{"text":"INTERES GENERAL","link":"https:\/\/larevistadigital.com.ar\/blog\/category\/interes-general\/"},"img":{"alt_text":"","src":"https:\/\/i0.wp.com\/larevistadigital.com.ar\/blog\/wp-content\/uploads\/Captura-de-pantalla-2025-09-08-200441.jpg?fit=960%2C538&ssl=1&resize=350%2C200","width":350,"height":200,"srcset":"https:\/\/i0.wp.com\/larevistadigital.com.ar\/blog\/wp-content\/uploads\/Captura-de-pantalla-2025-09-08-200441.jpg?fit=960%2C538&ssl=1&resize=350%2C200 1x, https:\/\/i0.wp.com\/larevistadigital.com.ar\/blog\/wp-content\/uploads\/Captura-de-pantalla-2025-09-08-200441.jpg?fit=960%2C538&ssl=1&resize=525%2C300 1.5x, https:\/\/i0.wp.com\/larevistadigital.com.ar\/blog\/wp-content\/uploads\/Captura-de-pantalla-2025-09-08-200441.jpg?fit=960%2C538&ssl=1&resize=700%2C400 2x"},"classes":[]},{"id":12889,"url":"https:\/\/larevistadigital.com.ar\/blog\/contundente-triunfo-de-kicillof-que-sera-el-gobernador-de-buenos-aires\/","url_meta":{"origin":41345,"position":1},"title":"CONTUNDENTE TRIUNFO DE KICILLOF QUE SER\u00c1 EL GOBERNADOR DE BUENOS AIRES","author":"Alejandro Sosa Ruda","date":"28 octubre, 2019","format":false,"excerpt":"El candidato del Frente de Todos se impone por una amplia diferencia en la provincia m\u00e1s poblada del pa\u00eds. El peronismo vuelve a gobernar el territorio bonaerense despu\u00e9s de 4 a\u00f1os El ex ministro de Econom\u00eda y candidato del Frente de Todos,\u00a0Axel Kicillof, logra una amplia victoria sobre la gobernadora\u00a0Mar\u00eda\u2026","rel":"","context":"En \u00abINTERES GENERAL\u00bb","block_context":{"text":"INTERES GENERAL","link":"https:\/\/larevistadigital.com.ar\/blog\/category\/interes-general\/"},"img":{"alt_text":"","src":"https:\/\/i0.wp.com\/larevistadigital.com.ar\/blog\/wp-content\/uploads\/Screenshot_3-21.jpg?fit=929%2C578&ssl=1&resize=350%2C200","width":350,"height":200,"srcset":"https:\/\/i0.wp.com\/larevistadigital.com.ar\/blog\/wp-content\/uploads\/Screenshot_3-21.jpg?fit=929%2C578&ssl=1&resize=350%2C200 1x, https:\/\/i0.wp.com\/larevistadigital.com.ar\/blog\/wp-content\/uploads\/Screenshot_3-21.jpg?fit=929%2C578&ssl=1&resize=525%2C300 1.5x, https:\/\/i0.wp.com\/larevistadigital.com.ar\/blog\/wp-content\/uploads\/Screenshot_3-21.jpg?fit=929%2C578&ssl=1&resize=700%2C400 2x"},"classes":[]},{"id":40399,"url":"https:\/\/larevistadigital.com.ar\/blog\/peronismo-bonaerense-kicillof-massa-y-maximo-sellaron-el-frente-fuerza-patria-para-competir-en-septiembre\/","url_meta":{"origin":41345,"position":2},"title":"Peronismo bonaerense: Kicillof, Massa y M\u00e1ximo sellaron el frente \u201cFuerza Patria\u201d para competir en septiembre","author":"Alejandro Sosa Ruda","date":"9 julio, 2025","format":false,"excerpt":"Tras intensas reuniones en La Plata, se confirm\u00f3 la alianza electoral del peronismo de cara a las elecciones provinciales. Se llamar\u00e1 \u201cFuerza Patria\u201d y re\u00fane a los tres grandes sectores del espacio. 09 de Julio de 2025 BUENOS AIRES\u00a0 -\u00a0 \u00a0Despu\u00e9s de una serie de encuentros que marcaron la agenda\u2026","rel":"","context":"En \u00abPOLITICA\u00bb","block_context":{"text":"POLITICA","link":"https:\/\/larevistadigital.com.ar\/blog\/category\/politica\/"},"img":{"alt_text":"","src":"https:\/\/i0.wp.com\/larevistadigital.com.ar\/blog\/wp-content\/uploads\/Captura-de-pantalla-2025-07-09-204755.jpg?fit=859%2C333&ssl=1&resize=350%2C200","width":350,"height":200,"srcset":"https:\/\/i0.wp.com\/larevistadigital.com.ar\/blog\/wp-content\/uploads\/Captura-de-pantalla-2025-07-09-204755.jpg?fit=859%2C333&ssl=1&resize=350%2C200 1x, https:\/\/i0.wp.com\/larevistadigital.com.ar\/blog\/wp-content\/uploads\/Captura-de-pantalla-2025-07-09-204755.jpg?fit=859%2C333&ssl=1&resize=525%2C300 1.5x, https:\/\/i0.wp.com\/larevistadigital.com.ar\/blog\/wp-content\/uploads\/Captura-de-pantalla-2025-07-09-204755.jpg?fit=859%2C333&ssl=1&resize=700%2C400 2x"},"classes":[]},{"id":45334,"url":"https:\/\/larevistadigital.com.ar\/blog\/kicillof-presidente-del-pj-bonaerense-el-peronismo-va-a-terminar-con-este-modelo-de-destruccion\/","url_meta":{"origin":41345,"position":3},"title":"Kicillof presidente del PJ bonaerense: \u201cEl peronismo va a terminar con este modelo de destrucci\u00f3n\u201d","author":"Alejandro Sosa Ruda","date":"25 abril, 2026","format":false,"excerpt":"El gobernador provincial asumi\u00f3 el mando frente al Partido Justicialista bonaerense, en un acto rodeado de dirigentes kicillofistas en la capital de la Provincia de Buenos Aires. 25 de abril de 2026 Axel Kicillof, gobernador de la\u00a0Provincia de Buenos Aires, asumi\u00f3 el mando frente al\u00a0Partido Justicialista bonaerense, en un acto\u2026","rel":"","context":"En \u00abPOLITICA\u00bb","block_context":{"text":"POLITICA","link":"https:\/\/larevistadigital.com.ar\/blog\/category\/politica\/"},"img":{"alt_text":"","src":"https:\/\/i0.wp.com\/larevistadigital.com.ar\/blog\/wp-content\/uploads\/Captura-de-pantalla-2026-04-25-171400.jpg?fit=870%2C375&ssl=1&resize=350%2C200","width":350,"height":200,"srcset":"https:\/\/i0.wp.com\/larevistadigital.com.ar\/blog\/wp-content\/uploads\/Captura-de-pantalla-2026-04-25-171400.jpg?fit=870%2C375&ssl=1&resize=350%2C200 1x, https:\/\/i0.wp.com\/larevistadigital.com.ar\/blog\/wp-content\/uploads\/Captura-de-pantalla-2026-04-25-171400.jpg?fit=870%2C375&ssl=1&resize=525%2C300 1.5x, https:\/\/i0.wp.com\/larevistadigital.com.ar\/blog\/wp-content\/uploads\/Captura-de-pantalla-2026-04-25-171400.jpg?fit=870%2C375&ssl=1&resize=700%2C400 2x"},"classes":[]},{"id":2401,"url":"https:\/\/larevistadigital.com.ar\/blog\/el-pj-habilito-a-randazzo-y-cristina-va-por-afuera-con-frente-propio\/","url_meta":{"origin":41345,"position":4},"title":"EL PJ HABILIT\u00d3 A RANDAZZO Y CRISTINA VA POR \u201cAFUERA\u201d CON FRENTE PROPIO","author":"Alejandro Sosa Ruda","date":"14 junio, 2017","format":false,"excerpt":"El PJ de la provincia de Buenos Aires, dio aviso a trav\u00e9s de una carta que lleva la firma de la apoderada del mismo, que no ser\u00e1 de la partida dentro del Frente para la Victoria, y habilit\u00f3 a Florencio Randazzo a jugar dentro del partido, inst\u00e1ndolo a presentar los\u2026","rel":"","context":"En \u00abDESTACADAS\u00bb","block_context":{"text":"DESTACADAS","link":"https:\/\/larevistadigital.com.ar\/blog\/category\/destacadas\/"},"img":{"alt_text":"","src":"https:\/\/i0.wp.com\/larevistadigital.com.ar\/blog\/wp-content\/uploads\/2017\/06\/590bc32b4bd95_324x182.jpg?fit=650%2C365&ssl=1&resize=350%2C200","width":350,"height":200,"srcset":"https:\/\/i0.wp.com\/larevistadigital.com.ar\/blog\/wp-content\/uploads\/2017\/06\/590bc32b4bd95_324x182.jpg?fit=650%2C365&ssl=1&resize=350%2C200 1x, https:\/\/i0.wp.com\/larevistadigital.com.ar\/blog\/wp-content\/uploads\/2017\/06\/590bc32b4bd95_324x182.jpg?fit=650%2C365&ssl=1&resize=525%2C300 1.5x"},"classes":[]},{"id":34183,"url":"https:\/\/larevistadigital.com.ar\/blog\/cual-fue-la-unica-seccion-electoral-bonaerense-en-la-que-no-ganaron-massa-y-kicillof\/","url_meta":{"origin":41345,"position":5},"title":"CUAL FUE LA \u00daNICA SECCI\u00d3N ELECTORAL BONAERENSE EN LA QUE NO GANARON MASSA Y KICILLOF","author":"Alejandro Sosa Ruda","date":"25 octubre, 2023","format":false,"excerpt":"Ambos candidatos perdieron tan solo en una de las ochos secciones en que se divide pol\u00edticamente el territorio bonaerense. 25 de Octubre de 2023 BUENOS AIRES -\u00a0 Axel Kicillof y Sergio Massa hicieron una hist\u00f3rica elecci\u00f3n este domingo ganando por amplio margen en el territorio bonaerense. Sin embargo, ambos perdieron\u2026","rel":"","context":"En \u00abREGIONALES\u00bb","block_context":{"text":"REGIONALES","link":"https:\/\/larevistadigital.com.ar\/blog\/category\/regionales\/"},"img":{"alt_text":"","src":"https:\/\/i0.wp.com\/larevistadigital.com.ar\/blog\/wp-content\/uploads\/20231023183327_ambos.jpg?fit=880%2C512&ssl=1&resize=350%2C200","width":350,"height":200,"srcset":"https:\/\/i0.wp.com\/larevistadigital.com.ar\/blog\/wp-content\/uploads\/20231023183327_ambos.jpg?fit=880%2C512&ssl=1&resize=350%2C200 1x, https:\/\/i0.wp.com\/larevistadigital.com.ar\/blog\/wp-content\/uploads\/20231023183327_ambos.jpg?fit=880%2C512&ssl=1&resize=525%2C300 1.5x, https:\/\/i0.wp.com\/larevistadigital.com.ar\/blog\/wp-content\/uploads\/20231023183327_ambos.jpg?fit=880%2C512&ssl=1&resize=700%2C400 2x"},"classes":[]}],"_links":{"self":[{"href":"https:\/\/larevistadigital.com.ar\/blog\/wp-json\/wp\/v2\/posts\/41345","targetHints":{"allow":["GET"]}}],"collection":[{"href":"https:\/\/larevistadigital.com.ar\/blog\/wp-json\/wp\/v2\/posts"}],"about":[{"href":"https:\/\/larevistadigital.com.ar\/blog\/wp-json\/wp\/v2\/types\/post"}],"author":[{"embeddable":true,"href":"https:\/\/larevistadigital.com.ar\/blog\/wp-json\/wp\/v2\/users\/3"}],"replies":[{"embeddable":true,"href":"https:\/\/larevistadigital.com.ar\/blog\/wp-json\/wp\/v2\/comments?post=41345"}],"version-history":[{"count":1,"href":"https:\/\/larevistadigital.com.ar\/blog\/wp-json\/wp\/v2\/posts\/41345\/revisions"}],"predecessor-version":[{"id":41347,"href":"https:\/\/larevistadigital.com.ar\/blog\/wp-json\/wp\/v2\/posts\/41345\/revisions\/41347"}],"wp:featuredmedia":[{"embeddable":true,"href":"https:\/\/larevistadigital.com.ar\/blog\/wp-json\/wp\/v2\/media\/41346"}],"wp:attachment":[{"href":"https:\/\/larevistadigital.com.ar\/blog\/wp-json\/wp\/v2\/media?parent=41345"}],"wp:term":[{"taxonomy":"category","embeddable":true,"href":"https:\/\/larevistadigital.com.ar\/blog\/wp-json\/wp\/v2\/categories?post=41345"},{"taxonomy":"post_tag","embeddable":true,"href":"https:\/\/larevistadigital.com.ar\/blog\/wp-json\/wp\/v2\/tags?post=41345"}],"curies":[{"name":"wp","href":"https:\/\/api.w.org\/{rel}","templated":true}]}}