{"id":41349,"date":"2025-09-08T18:33:56","date_gmt":"2025-09-08T21:33:56","guid":{"rendered":"https:\/\/larevistadigital.com.ar\/blog\/?p=41349"},"modified":"2025-09-08T18:33:56","modified_gmt":"2025-09-08T21:33:56","slug":"de-cuanto-es-la-multa-que-tendran-que-pagar-los-ciudadanos-que-no-fueron-a-votar","status":"publish","type":"post","link":"https:\/\/larevistadigital.com.ar\/blog\/de-cuanto-es-la-multa-que-tendran-que-pagar-los-ciudadanos-que-no-fueron-a-votar\/","title":{"rendered":"De cu\u00e1nto es la multa que tendr\u00e1n que pagar los ciudadanos que no fueron a votar"},"content":{"rendered":"<h3 class=\"fparrafo ctext fz18 lh25\">De acuerdo con la Ley Electoral bonaerense N.\u00ba 5.109, quienes no concurran a las urnas sin una justificaci\u00f3n v\u00e1lida deben afrontar una multa que va de $50 a $500, seg\u00fan lo estipulado en el art\u00edculo 137. La obligaci\u00f3n rige para los ciudadanos inscriptos en el padr\u00f3n que tengan entre 18 y 70 a\u00f1os. Adem\u00e1s de la sanci\u00f3n econ\u00f3mica, quienes no voten pueden quedar registrados en el Registro de Infractores al deber de votar.<\/h3>\n<p>08 de septiembre de 2025<\/p>\n<p class=\"selectionShareable\"><strong>BUENOS AIRES &#8211;\u00a0<\/strong> \u00a0Aunque el monto fijado por la Ley Electoral provincial resulta hoy simb\u00f3lico y desactualizado, no cumplir con la obligaci\u00f3n de votar puede derivar en consecuencias administrativas.<\/p>\n<blockquote>\n<h3 class=\"selectionShareable\">El plazo para presentar la justificaci\u00f3n de la ausencia es de 60 d\u00edas posteriores a la elecci\u00f3n. En el caso de los comicios del 7 de septiembre de 2025, la fecha l\u00edmite ser\u00e1 el 6 de noviembre. Si pasado ese per\u00edodo no se acredita un motivo v\u00e1lido, la sanci\u00f3n se aplica y se registra en el listado oficial.<\/h3>\n<\/blockquote>\n<p class=\"selectionShareable\">Los motivos aceptados son limitados y deben probarse con documentaci\u00f3n: encontrarse a m\u00e1s de 500 kil\u00f3metros del lugar de votaci\u00f3n, presentar un certificado m\u00e9dico que impida concurrir o acreditar una causa de fuerza mayor.<\/p>\n<blockquote>\n<h3 class=\"selectionShareable\">Las consultas y tr\u00e1mites se realizan ante la Junta Electoral, que tambi\u00e9n expide las constancias de pago cuando corresponde. Adem\u00e1s, la norma establece que lo recaudado se destine al fomento de la educaci\u00f3n com\u00fan en cada distrito.<\/h3>\n<\/blockquote>\n<p class=\"selectionShareable\">En la pr\u00e1ctica, m\u00e1s que el monto de la multa \u2014considerado irrisorio\u2014 lo que preocupa a los ciudadanos son las trabas administrativas que puede generar figurar en el registro de infractores, como dificultades para realizar gestiones oficiales o acceder a empleos p\u00fablicos.<b>\u00a0<\/b><b>(InfoGEI)Ac<\/b><\/p>\n","protected":false},"excerpt":{"rendered":"<div class=\"mh-excerpt\"><p>De acuerdo con la Ley Electoral bonaerense N.\u00ba 5.109, quienes no concurran a las urnas sin una justificaci\u00f3n v\u00e1lida deben afrontar una multa que va de $50 a $500, seg\u00fan lo estipulado en el art\u00edculo <a class=\"mh-excerpt-more\" href=\"https:\/\/larevistadigital.com.ar\/blog\/de-cuanto-es-la-multa-que-tendran-que-pagar-los-ciudadanos-que-no-fueron-a-votar\/\" title=\"De cu\u00e1nto es la multa que tendr\u00e1n que pagar los ciudadanos que no fueron a votar\">[Leer M\u00e1s]<\/a><\/p>\n<\/div>","protected":false},"author":3,"featured_media":41350,"comment_status":"open","ping_status":"open","sticky":false,"template":"","format":"standard","meta":{"_jetpack_memberships_contains_paid_content":false,"footnotes":"","jetpack_publicize_message":"","jetpack_publicize_feature_enabled":true,"jetpack_social_post_already_shared":true,"jetpack_social_options":{"image_generator_settings":{"template":"highway","default_image_id":0,"font":"","enabled":false},"version":2}},"categories":[50],"tags":[],"class_list":{"0":"post-41349","1":"post","2":"type-post","3":"status-publish","4":"format-standard","5":"has-post-thumbnail","7":"category-interes-general"},"jetpack_publicize_connections":[],"jetpack_featured_media_url":"https:\/\/i0.wp.com\/larevistadigital.com.ar\/blog\/wp-content\/uploads\/20250908141140_multa-no-votar-provincia-de-buenos-aires.jpg?fit=880%2C512&ssl=1","jetpack_sharing_enabled":true,"jetpack_shortlink":"https:\/\/wp.me\/p8qtrQ-aKV","jetpack-related-posts":[{"id":42214,"url":"https:\/\/larevistadigital.com.ar\/blog\/esta-prohibido-sacar-fotos-a-la-bup-y-habra-multas-para-quienes-lo-hagan\/","url_meta":{"origin":41349,"position":0},"title":"Est\u00e1 prohibido sacar fotos a la BUP y habr\u00e1 multas para quienes lo hagan","author":"Alejandro Sosa Ruda","date":"24 octubre, 2025","format":false,"excerpt":"El C\u00f3digo Electoral Nacional indica que los votantes tienen prohibido tomar fotograf\u00edas de la Boleta \u00danica durante los comicios. Quienes incumplan ser\u00e1n sancionados con una multa de $77.000. En las elecciones legislativas nacionales de este domingo 26 de octubre est\u00e1 prohibido tomar fotograf\u00edas de la Boleta \u00danica de Papel (BUP),\u2026","rel":"","context":"En \u00abINTERES GENERAL\u00bb","block_context":{"text":"INTERES GENERAL","link":"https:\/\/larevistadigital.com.ar\/blog\/category\/interes-general\/"},"img":{"alt_text":"","src":"https:\/\/i0.wp.com\/larevistadigital.com.ar\/blog\/wp-content\/uploads\/Captura-de-pantalla-2025-10-24-125043.jpg?fit=732%2C474&ssl=1&resize=350%2C200","width":350,"height":200,"srcset":"https:\/\/i0.wp.com\/larevistadigital.com.ar\/blog\/wp-content\/uploads\/Captura-de-pantalla-2025-10-24-125043.jpg?fit=732%2C474&ssl=1&resize=350%2C200 1x, https:\/\/i0.wp.com\/larevistadigital.com.ar\/blog\/wp-content\/uploads\/Captura-de-pantalla-2025-10-24-125043.jpg?fit=732%2C474&ssl=1&resize=525%2C300 1.5x, https:\/\/i0.wp.com\/larevistadigital.com.ar\/blog\/wp-content\/uploads\/Captura-de-pantalla-2025-10-24-125043.jpg?fit=732%2C474&ssl=1&resize=700%2C400 2x"},"classes":[]},{"id":33963,"url":"https:\/\/larevistadigital.com.ar\/blog\/451-200-argentinos-y-argentinas-residentes-en-el-exterior-podran-votar-el-22-de-octubre\/","url_meta":{"origin":41349,"position":1},"title":"451.200 ARGENTINOS Y ARGENTINAS RESIDENTES EN EL EXTERIOR PODR\u00c1N VOTAR EL 22 DE OCTUBRE","author":"Alejandro Sosa Ruda","date":"11 octubre, 2023","format":false,"excerpt":"La Canciller\u00eda habilitar\u00e1 para la jornada de votaci\u00f3n 302 mesas electorales en 137 representaciones consulares distribuidas en 86 pa\u00edses. 11 de octubre de 2023 Junto con los 40 a\u00f1os de la recuperaci\u00f3n de la democracia, en 2023 se cumple adem\u00e1s el\u00a030\u00b0 aniversario del voto argentino en el exterior. El 22\u2026","rel":"","context":"En \u00abINTERES GENERAL\u00bb","block_context":{"text":"INTERES GENERAL","link":"https:\/\/larevistadigital.com.ar\/blog\/category\/interes-general\/"},"img":{"alt_text":"","src":"https:\/\/i0.wp.com\/larevistadigital.com.ar\/blog\/wp-content\/uploads\/Captura-de-pantalla-2023-10-11-093210.png?fit=800%2C500&ssl=1&resize=350%2C200","width":350,"height":200,"srcset":"https:\/\/i0.wp.com\/larevistadigital.com.ar\/blog\/wp-content\/uploads\/Captura-de-pantalla-2023-10-11-093210.png?fit=800%2C500&ssl=1&resize=350%2C200 1x, https:\/\/i0.wp.com\/larevistadigital.com.ar\/blog\/wp-content\/uploads\/Captura-de-pantalla-2023-10-11-093210.png?fit=800%2C500&ssl=1&resize=525%2C300 1.5x, https:\/\/i0.wp.com\/larevistadigital.com.ar\/blog\/wp-content\/uploads\/Captura-de-pantalla-2023-10-11-093210.png?fit=800%2C500&ssl=1&resize=700%2C400 2x"},"classes":[]},{"id":42206,"url":"https:\/\/larevistadigital.com.ar\/blog\/alerta-por-estafas-paginas-falsas-simulan-cobro-de-multas-por-no-votar-y-roban-datos\/","url_meta":{"origin":41349,"position":2},"title":"Alerta por estafas: p\u00e1ginas falsas simulan cobro de multas por no votar y roban datos","author":"Alejandro Sosa Ruda","date":"24 octubre, 2025","format":false,"excerpt":"Circulan mensajes en WhatsApp, SMS y redes sociales que redirigen a sitios web ap\u00f3crifos para pagar supuestas multas electorales. Conoc\u00e9 c\u00f3mo funciona la estafa y c\u00f3mo protegerte. 24 de Octubre de 2025 A dos d\u00edas de las elecciones legislativas del domingo 26 de octubre, circula una modalidad de ciberestafa que\u2026","rel":"","context":"En \u00abINTERES GENERAL\u00bb","block_context":{"text":"INTERES GENERAL","link":"https:\/\/larevistadigital.com.ar\/blog\/category\/interes-general\/"},"img":{"alt_text":"","src":"https:\/\/i0.wp.com\/larevistadigital.com.ar\/blog\/wp-content\/uploads\/multimedia.normal.99683e1d30c2aaad.bm9ybWFsLndlYnA.webp?fit=1200%2C675&ssl=1&resize=350%2C200","width":350,"height":200,"srcset":"https:\/\/i0.wp.com\/larevistadigital.com.ar\/blog\/wp-content\/uploads\/multimedia.normal.99683e1d30c2aaad.bm9ybWFsLndlYnA.webp?fit=1200%2C675&ssl=1&resize=350%2C200 1x, https:\/\/i0.wp.com\/larevistadigital.com.ar\/blog\/wp-content\/uploads\/multimedia.normal.99683e1d30c2aaad.bm9ybWFsLndlYnA.webp?fit=1200%2C675&ssl=1&resize=525%2C300 1.5x, https:\/\/i0.wp.com\/larevistadigital.com.ar\/blog\/wp-content\/uploads\/multimedia.normal.99683e1d30c2aaad.bm9ybWFsLndlYnA.webp?fit=1200%2C675&ssl=1&resize=700%2C400 2x, https:\/\/i0.wp.com\/larevistadigital.com.ar\/blog\/wp-content\/uploads\/multimedia.normal.99683e1d30c2aaad.bm9ybWFsLndlYnA.webp?fit=1200%2C675&ssl=1&resize=1050%2C600 3x"},"classes":[]},{"id":33477,"url":"https:\/\/larevistadigital.com.ar\/blog\/la-madre-de-cecilia-strzyzowski-mostro-en-sus-redes-que-para-la-justicia-electoral-cecilia-fue-a-votar\/","url_meta":{"origin":41349,"position":3},"title":"LA MADRE DE CECILIA  STRZYZOWSKI MOSTR\u00d3 EN SUS REDES QUE \u00abPARA LA JUSTICIA ELECTORAL, CECILIA FUE A VOTAR\u00bb","author":"Alejandro Sosa Ruda","date":"15 septiembre, 2023","format":false,"excerpt":"Gloria Romero, mam\u00e1 de la joven asesinada, subi\u00f3 las capturas que indican que su hija \u201chabr\u00eda votado\u201d en las PASO nacionales. \u201cMi hija se levant\u00f3 del r\u00edo Tragadero a votar\u201d, escribi\u00f3 indignada. 15 de Septiembre de 2023 CHACO -\u00a0 Gloria Carina Romero, la mam\u00e1 deCecilia Strzyzowski, la joven asesinada en\u2026","rel":"","context":"En \u00abINTERES GENERAL\u00bb","block_context":{"text":"INTERES GENERAL","link":"https:\/\/larevistadigital.com.ar\/blog\/category\/interes-general\/"},"img":{"alt_text":"","src":"https:\/\/i0.wp.com\/larevistadigital.com.ar\/blog\/wp-content\/uploads\/Captura-de-pantalla-2023-09-15-142140.png?fit=964%2C430&ssl=1&resize=350%2C200","width":350,"height":200,"srcset":"https:\/\/i0.wp.com\/larevistadigital.com.ar\/blog\/wp-content\/uploads\/Captura-de-pantalla-2023-09-15-142140.png?fit=964%2C430&ssl=1&resize=350%2C200 1x, https:\/\/i0.wp.com\/larevistadigital.com.ar\/blog\/wp-content\/uploads\/Captura-de-pantalla-2023-09-15-142140.png?fit=964%2C430&ssl=1&resize=525%2C300 1.5x, https:\/\/i0.wp.com\/larevistadigital.com.ar\/blog\/wp-content\/uploads\/Captura-de-pantalla-2023-09-15-142140.png?fit=964%2C430&ssl=1&resize=700%2C400 2x"},"classes":[]},{"id":3094,"url":"https:\/\/larevistadigital.com.ar\/blog\/chascomus-por-el-mal-estado-de-los-caminos-la-junta-electoral-reprogaramo-las-mesas\/","url_meta":{"origin":41349,"position":4},"title":"CHASCOM\u00daS: POR EL MAL ESTADO DE LOS CAMINOS, LA JUNTA ELECTORAL REPROGARAM\u00d3 LAS MESAS","author":"Alejandro Sosa Ruda","date":"13 agosto, 2017","format":false,"excerpt":"Con motivo del terrible estado de los caminos rurales en el distrito de Chascom\u00fas, la Junta Electoral reprogram\u00f3 las mesas correspondientes al acto electoral de las PASO. Quienes deber\u00edan votar en la escuela 34, en el paraje de Manantiales deber\u00e1n hacerlo en la escuela N\u00b0 31 de Barrio Parque Girado.\u2026","rel":"","context":"En \u00abCHASCOM\u00daS\u00bb","block_context":{"text":"CHASCOM\u00daS","link":"https:\/\/larevistadigital.com.ar\/blog\/category\/chascomus\/"},"img":{"alt_text":"","src":"https:\/\/i0.wp.com\/larevistadigital.com.ar\/blog\/wp-content\/uploads\/2017\/08\/descarga.jpg?fit=650%2C442&ssl=1&resize=350%2C200","width":350,"height":200,"srcset":"https:\/\/i0.wp.com\/larevistadigital.com.ar\/blog\/wp-content\/uploads\/2017\/08\/descarga.jpg?fit=650%2C442&ssl=1&resize=350%2C200 1x, https:\/\/i0.wp.com\/larevistadigital.com.ar\/blog\/wp-content\/uploads\/2017\/08\/descarga.jpg?fit=650%2C442&ssl=1&resize=525%2C300 1.5x"},"classes":[]},{"id":12816,"url":"https:\/\/larevistadigital.com.ar\/blog\/mas-de-s7-000-presos-bonaerenses-estan-habilitados-a-votar-el-domingo\/","url_meta":{"origin":41349,"position":5},"title":"MAS DE 7.000 PRESOS BONAERENSES EST\u00c1N HABILITADOS A VOTAR EL DOMINGO","author":"Alejandro Sosa Ruda","date":"25 octubre, 2019","format":false,"excerpt":"En 2017 estaban habilitados cerca de 16.000, aunque s\u00f3lo vot\u00f3 el 23%. M\u00e1s de 27.000 presos alojados en las unidades carcelarias de la provincia de Buenos Aires est\u00e1n habilitados para votar en las elecciones nacionales que se desarrollar\u00e1n el domingo.\u00a0En total son 27.037 los internos que est\u00e1n procesados y sin\u2026","rel":"","context":"En \u00abINTERES GENERAL\u00bb","block_context":{"text":"INTERES GENERAL","link":"https:\/\/larevistadigital.com.ar\/blog\/category\/interes-general\/"},"img":{"alt_text":"","src":"https:\/\/i0.wp.com\/larevistadigital.com.ar\/blog\/wp-content\/uploads\/b256d1042c80a9d05e82bdfdb2518278b06a0638.jpg?fit=1140%2C758&ssl=1&resize=350%2C200","width":350,"height":200,"srcset":"https:\/\/i0.wp.com\/larevistadigital.com.ar\/blog\/wp-content\/uploads\/b256d1042c80a9d05e82bdfdb2518278b06a0638.jpg?fit=1140%2C758&ssl=1&resize=350%2C200 1x, https:\/\/i0.wp.com\/larevistadigital.com.ar\/blog\/wp-content\/uploads\/b256d1042c80a9d05e82bdfdb2518278b06a0638.jpg?fit=1140%2C758&ssl=1&resize=525%2C300 1.5x, https:\/\/i0.wp.com\/larevistadigital.com.ar\/blog\/wp-content\/uploads\/b256d1042c80a9d05e82bdfdb2518278b06a0638.jpg?fit=1140%2C758&ssl=1&resize=700%2C400 2x, https:\/\/i0.wp.com\/larevistadigital.com.ar\/blog\/wp-content\/uploads\/b256d1042c80a9d05e82bdfdb2518278b06a0638.jpg?fit=1140%2C758&ssl=1&resize=1050%2C600 3x"},"classes":[]}],"_links":{"self":[{"href":"https:\/\/larevistadigital.com.ar\/blog\/wp-json\/wp\/v2\/posts\/41349","targetHints":{"allow":["GET"]}}],"collection":[{"href":"https:\/\/larevistadigital.com.ar\/blog\/wp-json\/wp\/v2\/posts"}],"about":[{"href":"https:\/\/larevistadigital.com.ar\/blog\/wp-json\/wp\/v2\/types\/post"}],"author":[{"embeddable":true,"href":"https:\/\/larevistadigital.com.ar\/blog\/wp-json\/wp\/v2\/users\/3"}],"replies":[{"embeddable":true,"href":"https:\/\/larevistadigital.com.ar\/blog\/wp-json\/wp\/v2\/comments?post=41349"}],"version-history":[{"count":1,"href":"https:\/\/larevistadigital.com.ar\/blog\/wp-json\/wp\/v2\/posts\/41349\/revisions"}],"predecessor-version":[{"id":41351,"href":"https:\/\/larevistadigital.com.ar\/blog\/wp-json\/wp\/v2\/posts\/41349\/revisions\/41351"}],"wp:featuredmedia":[{"embeddable":true,"href":"https:\/\/larevistadigital.com.ar\/blog\/wp-json\/wp\/v2\/media\/41350"}],"wp:attachment":[{"href":"https:\/\/larevistadigital.com.ar\/blog\/wp-json\/wp\/v2\/media?parent=41349"}],"wp:term":[{"taxonomy":"category","embeddable":true,"href":"https:\/\/larevistadigital.com.ar\/blog\/wp-json\/wp\/v2\/categories?post=41349"},{"taxonomy":"post_tag","embeddable":true,"href":"https:\/\/larevistadigital.com.ar\/blog\/wp-json\/wp\/v2\/tags?post=41349"}],"curies":[{"name":"wp","href":"https:\/\/api.w.org\/{rel}","templated":true}]}}