{"id":41383,"date":"2025-09-10T18:58:16","date_gmt":"2025-09-10T21:58:16","guid":{"rendered":"https:\/\/larevistadigital.com.ar\/blog\/?p=41383"},"modified":"2025-09-10T18:58:16","modified_gmt":"2025-09-10T21:58:16","slug":"chascomus-la-muni-cerca-en-el-barrio-lomas-altas","status":"publish","type":"post","link":"https:\/\/larevistadigital.com.ar\/blog\/chascomus-la-muni-cerca-en-el-barrio-lomas-altas\/","title":{"rendered":"Chascom\u00fas: La muni cerca, en el barrio Lomas Altas"},"content":{"rendered":"<h3 class=\"excerpt\">A trav\u00e9s de esta iniciativa, la Municipalidad busca facilitar el acceso a gestiones municipales y continuar promoviendo el acercamiento con los vecinos en distintos puntos del distrito.<\/h3>\n<p>10 de Septiembre de 2025<\/p>\n<div id=\"miDiv1\" class=\"text\">\n<p><strong>CHASCOM\u00daS &#8211;\u00a0<\/strong> El martes 16 y el mi\u00e9rcoles 17 se realizar\u00e1 una nueva edici\u00f3n de \u201cLa Muni Cerca\u201d, el programa municipal que acerca servicios y gestiones a los vecinos.<\/p>\n<blockquote>\n<h3>Durante ambas jornadas, el programa estar\u00e1 disponible de 9 a 13 horas en la plaza Lomas Altas, situada en Las Casuarinas, Los Arrayanes y Los Casta\u00f1os.<\/h3>\n<\/blockquote>\n<p>Servicios de La Muni Cerca<\/p>\n<p>Habilitaciones: asesoramiento, inicio de tr\u00e1mite, renovar REBA<\/p>\n<p>Ingresos P\u00fablicos: consulta de deuda, emisi\u00f3n de recibos para el pago de tasas, realizaci\u00f3n de planes de pago.<\/p>\n<p>Seguridad Ciudadana: Ojos en Alerta, Basapp y herramientas de protecci\u00f3n ciudadana.<\/p>\n<p>Atenci\u00f3n al Vecino (Servicio 147): Se toman reclamos, dudas, consultas de los servicios brindados por la Municipalidad: espacios verdes, vialidad, obras sanitarias, alumbrado p\u00fablico, higiene urbana, servicio medido, obras privadas, ambiente.<\/p>\n<p>Defensa del Consumidor: Se toman reclamos a consumidores finales (quien compra para uso particular o familiar) donde este se haya visto perjudicado, por ejemplo que el producto presente un desperfecto, Se realizan tr\u00e1mites sobre subsidios luz y gas.<\/p>\n<p>H\u00e1bitat y vivienda: Escrituraciones, eximici\u00f3n de impuestos, informaci\u00f3n sobre registro de demanda.<\/p>\n<p>Licencia de Conducir: Informaci\u00f3n sobre los distintos tr\u00e1mites de las licencias de conducir.<\/p>\n<p>Desarrollo Social y pol\u00edticas comunitarias.<\/p>\n<\/div>\n","protected":false},"excerpt":{"rendered":"<div class=\"mh-excerpt\"><p>A trav\u00e9s de esta iniciativa, la Municipalidad busca facilitar el acceso a gestiones municipales y continuar promoviendo el acercamiento con los vecinos en distintos puntos del distrito. 10 de Septiembre de 2025 CHASCOM\u00daS &#8211;\u00a0 El <a class=\"mh-excerpt-more\" href=\"https:\/\/larevistadigital.com.ar\/blog\/chascomus-la-muni-cerca-en-el-barrio-lomas-altas\/\" title=\"Chascom\u00fas: La muni cerca, en el barrio Lomas Altas\">[Leer M\u00e1s]<\/a><\/p>\n<\/div>","protected":false},"author":3,"featured_media":41385,"comment_status":"open","ping_status":"open","sticky":false,"template":"","format":"standard","meta":{"_jetpack_memberships_contains_paid_content":false,"footnotes":"","jetpack_publicize_message":"","jetpack_publicize_feature_enabled":true,"jetpack_social_post_already_shared":true,"jetpack_social_options":{"image_generator_settings":{"template":"highway","default_image_id":0,"font":"","enabled":false},"version":2}},"categories":[6],"tags":[],"class_list":{"0":"post-41383","1":"post","2":"type-post","3":"status-publish","4":"format-standard","5":"has-post-thumbnail","7":"category-chascomus"},"jetpack_publicize_connections":[],"jetpack_featured_media_url":"https:\/\/i0.wp.com\/larevistadigital.com.ar\/blog\/wp-content\/uploads\/68c1a4ce23c95.png?fit=668%2C445&ssl=1","jetpack_sharing_enabled":true,"jetpack_shortlink":"https:\/\/wp.me\/p8qtrQ-aLt","jetpack-related-posts":[{"id":42073,"url":"https:\/\/larevistadigital.com.ar\/blog\/chascomus-la-muni-cerca-lleva-servicios-a-don-cipriano\/","url_meta":{"origin":41383,"position":0},"title":"Chascom\u00fas: La Muni Cerca lleva servicios a Don Cipriano","author":"Alejandro Sosa Ruda","date":"17 octubre, 2025","format":false,"excerpt":"El pr\u00f3ximo mi\u00e9rcoles 22 se realizar\u00e1 una nueva edici\u00f3n de \u201cLa Muni Cerca\u201d, el programa municipal que acerca servicios y gestiones a los vecinos. 17 de Octubre de 2025 CHASCOM\u00daS -\u00a0 \u00a0El programa estar\u00e1 disponible de 9 a 13 horas en la Escuela Primaria N\u00ba 20 del paraje Don Cipriano.\u2026","rel":"","context":"En \u00abCHASCOM\u00daS\u00bb","block_context":{"text":"CHASCOM\u00daS","link":"https:\/\/larevistadigital.com.ar\/blog\/category\/chascomus\/"},"img":{"alt_text":"","src":"https:\/\/i0.wp.com\/larevistadigital.com.ar\/blog\/wp-content\/uploads\/68f26d5f55ac4.png?fit=668%2C445&ssl=1&resize=350%2C200","width":350,"height":200,"srcset":"https:\/\/i0.wp.com\/larevistadigital.com.ar\/blog\/wp-content\/uploads\/68f26d5f55ac4.png?fit=668%2C445&ssl=1&resize=350%2C200 1x, https:\/\/i0.wp.com\/larevistadigital.com.ar\/blog\/wp-content\/uploads\/68f26d5f55ac4.png?fit=668%2C445&ssl=1&resize=525%2C300 1.5x"},"classes":[]},{"id":42262,"url":"https:\/\/larevistadigital.com.ar\/blog\/chascomus-la-muni-cerca-lleva-servicios-al-barrio-la-noria\/","url_meta":{"origin":41383,"position":1},"title":"Chascom\u00fas: La Muni Cerca lleva servicios al barrio La Noria","author":"Alejandro Sosa Ruda","date":"29 octubre, 2025","format":false,"excerpt":"El programa municipal acerca servicios y gestiones a los vecinos de toda la ciudad y de la zona rural. La pr\u00f3xima semana se realizar\u00e1 una nueva edici\u00f3n de La Muni Cerca en la sede barrial de La Noria. El programa estar\u00e1 disponible el mi\u00e9rcoles 5 y jueves 6 de noviembre,\u2026","rel":"","context":"En \u00abCHASCOM\u00daS\u00bb","block_context":{"text":"CHASCOM\u00daS","link":"https:\/\/larevistadigital.com.ar\/blog\/category\/chascomus\/"},"img":{"alt_text":"","src":"https:\/\/i0.wp.com\/larevistadigital.com.ar\/blog\/wp-content\/uploads\/690254a943a69.png?fit=668%2C445&ssl=1&resize=350%2C200","width":350,"height":200,"srcset":"https:\/\/i0.wp.com\/larevistadigital.com.ar\/blog\/wp-content\/uploads\/690254a943a69.png?fit=668%2C445&ssl=1&resize=350%2C200 1x, https:\/\/i0.wp.com\/larevistadigital.com.ar\/blog\/wp-content\/uploads\/690254a943a69.png?fit=668%2C445&ssl=1&resize=525%2C300 1.5x"},"classes":[]},{"id":39064,"url":"https:\/\/larevistadigital.com.ar\/blog\/la-muni-cerca-llega-al-barrio-lomas-altas-25-y-26-de-marzo\/","url_meta":{"origin":41383,"position":2},"title":"La Muni Cerca llega al barrio Lomas Altas (25 Y 26 de Marzo)","author":"Alejandro Sosa Ruda","date":"22 marzo, 2025","format":false,"excerpt":"El programa, impulsado por la Municipalidad de Chascom\u00fas, busca descentralizar la gesti\u00f3n y facilitar el acceso a tr\u00e1mites. 22 De Marzo de 2025 CHASCOM\u00daS -\u00a0 El programa \"La Muni Cerca\" se realizar\u00e1 en el barrio Lomas Altas los d\u00edas martes 25 y mi\u00e9rcoles 26 de este mes. El operativo se\u2026","rel":"","context":"En \u00abCHASCOM\u00daS\u00bb","block_context":{"text":"CHASCOM\u00daS","link":"https:\/\/larevistadigital.com.ar\/blog\/category\/chascomus\/"},"img":{"alt_text":"","src":"https:\/\/i0.wp.com\/larevistadigital.com.ar\/blog\/wp-content\/uploads\/67dd9e497ee14.png?fit=668%2C445&ssl=1&resize=350%2C200","width":350,"height":200,"srcset":"https:\/\/i0.wp.com\/larevistadigital.com.ar\/blog\/wp-content\/uploads\/67dd9e497ee14.png?fit=668%2C445&ssl=1&resize=350%2C200 1x, https:\/\/i0.wp.com\/larevistadigital.com.ar\/blog\/wp-content\/uploads\/67dd9e497ee14.png?fit=668%2C445&ssl=1&resize=525%2C300 1.5x"},"classes":[]},{"id":45014,"url":"https:\/\/larevistadigital.com.ar\/blog\/chascomus-la-muni-cerca-lleva-servicios-al-barrio-san-nicolas\/","url_meta":{"origin":41383,"position":3},"title":"Chascom\u00fas: \u00abLa Muni Cerca\u00bb lleva servicios al barrio San Nicol\u00e1s","author":"Alejandro Sosa Ruda","date":"8 abril, 2026","format":false,"excerpt":"La jornada ofrecer\u00e1 atenci\u00f3n directa, asesoramiento y gesti\u00f3n de tr\u00e1mites. 08 de abril de 2026 CHASCOM\u00daS -\u00a0 \u00a0El pr\u00f3ximo viernes se realizar\u00e1 una nueva edici\u00f3n de \u201cLa Muni Cerca\u201d, el programa que acerca servicios a los vecinos. El equipo municipal estar\u00e1 disponible en el \u00e1rea de ingreso al barrio San\u2026","rel":"","context":"En \u00abCHASCOM\u00daS\u00bb","block_context":{"text":"CHASCOM\u00daS","link":"https:\/\/larevistadigital.com.ar\/blog\/category\/chascomus\/"},"img":{"alt_text":"","src":"https:\/\/i0.wp.com\/larevistadigital.com.ar\/blog\/wp-content\/uploads\/69d696d092295.png?fit=668%2C445&ssl=1&resize=350%2C200","width":350,"height":200,"srcset":"https:\/\/i0.wp.com\/larevistadigital.com.ar\/blog\/wp-content\/uploads\/69d696d092295.png?fit=668%2C445&ssl=1&resize=350%2C200 1x, https:\/\/i0.wp.com\/larevistadigital.com.ar\/blog\/wp-content\/uploads\/69d696d092295.png?fit=668%2C445&ssl=1&resize=525%2C300 1.5x"},"classes":[]},{"id":42225,"url":"https:\/\/larevistadigital.com.ar\/blog\/chascomus-la-muni-cerca-sigue-acercando-servicios-a-los-barrios-y-parajes-rurales\/","url_meta":{"origin":41383,"position":4},"title":"Chascom\u00fas: La Muni Cerca sigue acercando servicios a los barrios y parajes rurales","author":"Alejandro Sosa Ruda","date":"24 octubre, 2025","format":false,"excerpt":"El programa municipal promueve la descentralizaci\u00f3n y facilita el acceso a tr\u00e1mites y asesoramiento en distintos puntos de la ciudad. 24 de Octubre de 2025 CHASCOM\u00daS -\u00a0 \u00a0Vecinas y vecinos de distintos sectores contin\u00faan accediendo a diversos servicios municipales sin necesidad de trasladarse al centro, en el marco del programa\u2026","rel":"","context":"En \u00abCHASCOM\u00daS\u00bb","block_context":{"text":"CHASCOM\u00daS","link":"https:\/\/larevistadigital.com.ar\/blog\/category\/chascomus\/"},"img":{"alt_text":"","src":"https:\/\/i0.wp.com\/larevistadigital.com.ar\/blog\/wp-content\/uploads\/68fbb4f328059.png?fit=668%2C445&ssl=1&resize=350%2C200","width":350,"height":200,"srcset":"https:\/\/i0.wp.com\/larevistadigital.com.ar\/blog\/wp-content\/uploads\/68fbb4f328059.png?fit=668%2C445&ssl=1&resize=350%2C200 1x, https:\/\/i0.wp.com\/larevistadigital.com.ar\/blog\/wp-content\/uploads\/68fbb4f328059.png?fit=668%2C445&ssl=1&resize=525%2C300 1.5x"},"classes":[]},{"id":39713,"url":"https:\/\/larevistadigital.com.ar\/blog\/reprograman-la-actividad-del-programa-la-muni-cerca-en-plaza-la-barraca\/","url_meta":{"origin":41383,"position":5},"title":"Reprograman la actividad del programa La Muni Cerca en Plaza La Barraca","author":"Alejandro Sosa Ruda","date":"8 mayo, 2025","format":false,"excerpt":"Debido a las condiciones clim\u00e1ticas, el programa municipal que acerca servicios y gestiones a los vecinos se realizar\u00e1 el martes 13 y mi\u00e9rcoles 14 de mayo. 08 De Mayo de 2025 CHASCOM\u00daS -\u00a0 La actividad del programa La Muni Cerca, que estaba prevista para los d\u00edas 6 y 7 de\u2026","rel":"","context":"En \u00abCHASCOM\u00daS\u00bb","block_context":{"text":"CHASCOM\u00daS","link":"https:\/\/larevistadigital.com.ar\/blog\/category\/chascomus\/"},"img":{"alt_text":"","src":"https:\/\/i0.wp.com\/larevistadigital.com.ar\/blog\/wp-content\/uploads\/681ce535921dc.png?fit=668%2C445&ssl=1&resize=350%2C200","width":350,"height":200,"srcset":"https:\/\/i0.wp.com\/larevistadigital.com.ar\/blog\/wp-content\/uploads\/681ce535921dc.png?fit=668%2C445&ssl=1&resize=350%2C200 1x, https:\/\/i0.wp.com\/larevistadigital.com.ar\/blog\/wp-content\/uploads\/681ce535921dc.png?fit=668%2C445&ssl=1&resize=525%2C300 1.5x"},"classes":[]}],"_links":{"self":[{"href":"https:\/\/larevistadigital.com.ar\/blog\/wp-json\/wp\/v2\/posts\/41383","targetHints":{"allow":["GET"]}}],"collection":[{"href":"https:\/\/larevistadigital.com.ar\/blog\/wp-json\/wp\/v2\/posts"}],"about":[{"href":"https:\/\/larevistadigital.com.ar\/blog\/wp-json\/wp\/v2\/types\/post"}],"author":[{"embeddable":true,"href":"https:\/\/larevistadigital.com.ar\/blog\/wp-json\/wp\/v2\/users\/3"}],"replies":[{"embeddable":true,"href":"https:\/\/larevistadigital.com.ar\/blog\/wp-json\/wp\/v2\/comments?post=41383"}],"version-history":[{"count":1,"href":"https:\/\/larevistadigital.com.ar\/blog\/wp-json\/wp\/v2\/posts\/41383\/revisions"}],"predecessor-version":[{"id":41386,"href":"https:\/\/larevistadigital.com.ar\/blog\/wp-json\/wp\/v2\/posts\/41383\/revisions\/41386"}],"wp:featuredmedia":[{"embeddable":true,"href":"https:\/\/larevistadigital.com.ar\/blog\/wp-json\/wp\/v2\/media\/41385"}],"wp:attachment":[{"href":"https:\/\/larevistadigital.com.ar\/blog\/wp-json\/wp\/v2\/media?parent=41383"}],"wp:term":[{"taxonomy":"category","embeddable":true,"href":"https:\/\/larevistadigital.com.ar\/blog\/wp-json\/wp\/v2\/categories?post=41383"},{"taxonomy":"post_tag","embeddable":true,"href":"https:\/\/larevistadigital.com.ar\/blog\/wp-json\/wp\/v2\/tags?post=41383"}],"curies":[{"name":"wp","href":"https:\/\/api.w.org\/{rel}","templated":true}]}}