{"id":41387,"date":"2025-09-10T19:06:39","date_gmt":"2025-09-10T22:06:39","guid":{"rendered":"https:\/\/larevistadigital.com.ar\/blog\/?p=41387"},"modified":"2025-09-10T19:06:39","modified_gmt":"2025-09-10T22:06:39","slug":"chascomus-ordenan-la-circulacion-en-la-zona-del-reloj","status":"publish","type":"post","link":"https:\/\/larevistadigital.com.ar\/blog\/chascomus-ordenan-la-circulacion-en-la-zona-del-reloj\/","title":{"rendered":"Chascom\u00fas: Ordenan la circulaci\u00f3n en la zona del Reloj"},"content":{"rendered":"<h3 class=\"excerpt\">Los motoveh\u00edculos s\u00f3lo pueden avanzar por el lateral derecho del tradicional monumento.<\/h3>\n<p>10 de septiembre de 2025<\/p>\n<div id=\"miDiv1\" class=\"text\">\n<p><strong>CHASCOM\u00daS &#8211;<\/strong>\u00a0 Desde ayer se encuentra limitada la circulaci\u00f3n de motoveh\u00edculos por ambos costados del Reloj de los Italianos, ubicado en calle Libres del Sur y Bulevar Lastra.<\/p>\n<blockquote>\n<h3>De este modo, aquellos que circulan por la v\u00eda principal del centro comercial, s\u00f3lo pueden hacerlo por el costado derecho del emblem\u00e1tico monumento.<\/h3>\n<\/blockquote>\n<p>La medida responde a la necesidad de evitar maniobras incorrectas que se producen en este punto, donde el reloj, ubicado justo en el medio de Libres del Sur, genera un punto ciego y malas interpretaciones de prioridad de paso, poniendo en riesgo la integridad f\u00edsica de usuarios que se exponen vulnerables al hacer uso del derecho a cruzar la calle.<\/p>\n<\/div>\n","protected":false},"excerpt":{"rendered":"<div class=\"mh-excerpt\"><p>Los motoveh\u00edculos s\u00f3lo pueden avanzar por el lateral derecho del tradicional monumento. 10 de septiembre de 2025 CHASCOM\u00daS &#8211;\u00a0 Desde ayer se encuentra limitada la circulaci\u00f3n de motoveh\u00edculos por ambos costados del Reloj de los <a class=\"mh-excerpt-more\" href=\"https:\/\/larevistadigital.com.ar\/blog\/chascomus-ordenan-la-circulacion-en-la-zona-del-reloj\/\" title=\"Chascom\u00fas: Ordenan la circulaci\u00f3n en la zona del Reloj\">[Leer M\u00e1s]<\/a><\/p>\n<\/div>","protected":false},"author":3,"featured_media":41388,"comment_status":"open","ping_status":"open","sticky":false,"template":"","format":"standard","meta":{"_jetpack_memberships_contains_paid_content":false,"footnotes":"","jetpack_publicize_message":"","jetpack_publicize_feature_enabled":true,"jetpack_social_post_already_shared":true,"jetpack_social_options":{"image_generator_settings":{"template":"highway","default_image_id":0,"font":"","enabled":false},"version":2}},"categories":[6,23],"tags":[],"class_list":{"0":"post-41387","1":"post","2":"type-post","3":"status-publish","4":"format-standard","5":"has-post-thumbnail","7":"category-chascomus","8":"category-politica-local"},"jetpack_publicize_connections":[],"jetpack_featured_media_url":"https:\/\/i0.wp.com\/larevistadigital.com.ar\/blog\/wp-content\/uploads\/68c1adfdb02d7.png?fit=668%2C445&ssl=1","jetpack_sharing_enabled":true,"jetpack_shortlink":"https:\/\/wp.me\/p8qtrQ-aLx","jetpack-related-posts":[{"id":36722,"url":"https:\/\/larevistadigital.com.ar\/blog\/chascomus-atencion-barrio-escribano-las-calles-rio-negro-y-chubut-seran-mano-unica\/","url_meta":{"origin":41387,"position":0},"title":"CHASCOM\u00daS: ATENCI\u00d3N BARRIO ESCRIBANO. LAS CALLES R\u00cdO NEGRO Y CHUBUT SER\u00c1N MANO \u00daNICA","author":"Alejandro Sosa Ruda","date":"17 julio, 2024","format":false,"excerpt":"Las dos v\u00edas que atraviesan de norte a sur el barrio Escribano cambiar\u00e1n el sentido de circulaci\u00f3n 17 de Julio de 2024 CHASCOM\u00daS -\u00a0 En el marco de lo dispuesto por la Ordenanza N\u00b05028 y a partir de los trabajos de pavimentaci\u00f3n ya finalizados, las calles R\u00edo Negro y Chubut\u2026","rel":"","context":"En \u00abCHASCOM\u00daS\u00bb","block_context":{"text":"CHASCOM\u00daS","link":"https:\/\/larevistadigital.com.ar\/blog\/category\/chascomus\/"},"img":{"alt_text":"","src":"https:\/\/i0.wp.com\/larevistadigital.com.ar\/blog\/wp-content\/uploads\/66980aae9535d.png?fit=668%2C445&ssl=1&resize=350%2C200","width":350,"height":200,"srcset":"https:\/\/i0.wp.com\/larevistadigital.com.ar\/blog\/wp-content\/uploads\/66980aae9535d.png?fit=668%2C445&ssl=1&resize=350%2C200 1x, https:\/\/i0.wp.com\/larevistadigital.com.ar\/blog\/wp-content\/uploads\/66980aae9535d.png?fit=668%2C445&ssl=1&resize=525%2C300 1.5x"},"classes":[]},{"id":17439,"url":"https:\/\/larevistadigital.com.ar\/blog\/el-7-de-noviembre-se-conmemora-el-81-aniversario-del-reloj-de-los-italianos\/","url_meta":{"origin":41387,"position":1},"title":"EL 7 DE NOVIEMBRE SE CONMEMORA EL 81\u00b0 ANIVERSARIO DEL \u00abRELOJ DE LOS ITALIANOS\u00bb","author":"Alejandro Sosa Ruda","date":"4 noviembre, 2020","format":false,"excerpt":"EL 7 de noviembre de 2020, se conmemora en Chascom\u00fas el 81 \u00ba Aniversario del emplazamiento del emblem\u00e1tico \u201cReloj de los Italianos\u201d. El mismo se ha convertido en un s\u00edmbolo de la ciudad. El Reloj de los Italianos, fue donado\u00a0 por residentes italianos en Chascom\u00fas en el a\u00f1o 1939 al\u2026","rel":"","context":"En \u00abCHASCOM\u00daS\u00bb","block_context":{"text":"CHASCOM\u00daS","link":"https:\/\/larevistadigital.com.ar\/blog\/category\/chascomus\/"},"img":{"alt_text":"","src":"https:\/\/i0.wp.com\/larevistadigital.com.ar\/blog\/wp-content\/uploads\/Reloj-de-los-Italianos.jpg?fit=795%2C1200&ssl=1&resize=350%2C200","width":350,"height":200,"srcset":"https:\/\/i0.wp.com\/larevistadigital.com.ar\/blog\/wp-content\/uploads\/Reloj-de-los-Italianos.jpg?fit=795%2C1200&ssl=1&resize=350%2C200 1x, https:\/\/i0.wp.com\/larevistadigital.com.ar\/blog\/wp-content\/uploads\/Reloj-de-los-Italianos.jpg?fit=795%2C1200&ssl=1&resize=525%2C300 1.5x, https:\/\/i0.wp.com\/larevistadigital.com.ar\/blog\/wp-content\/uploads\/Reloj-de-los-Italianos.jpg?fit=795%2C1200&ssl=1&resize=700%2C400 2x"},"classes":[]},{"id":16580,"url":"https:\/\/larevistadigital.com.ar\/blog\/chascomus-recambio-y-colocacion-de-nuevas-luminarias-led-en-la-calle-libres-del-sur\/","url_meta":{"origin":41387,"position":2},"title":"CHASCOM\u00daS: RECAMBIO Y COLOCACI\u00d3N DE NUEVAS LUMINARIAS LED EN LA CALLE LIBRES DEL SUR","author":"Alejandro Sosa Ruda","date":"28 septiembre, 2020","format":false,"excerpt":"Personal municipal comenz\u00f3 con los trabajos de preparaci\u00f3n para el reemplazo de luminarias en la calle Libres del Sur desde Escribano hasta 26 de Julio. Adem\u00e1s del recambio, se agregaron cuatro nuevas columnas para ampliar la cobertura lum\u00ednica que permitir\u00e1n brindar mayor seguridad y mejorar la circulaci\u00f3n en todo el\u2026","rel":"","context":"En \u00abCHASCOM\u00daS\u00bb","block_context":{"text":"CHASCOM\u00daS","link":"https:\/\/larevistadigital.com.ar\/blog\/category\/chascomus\/"},"img":{"alt_text":"","src":"https:\/\/i0.wp.com\/larevistadigital.com.ar\/blog\/wp-content\/uploads\/2020_09_29_00_37_37_7257337.jpg?fit=600%2C383&ssl=1&resize=350%2C200","width":350,"height":200,"srcset":"https:\/\/i0.wp.com\/larevistadigital.com.ar\/blog\/wp-content\/uploads\/2020_09_29_00_37_37_7257337.jpg?fit=600%2C383&ssl=1&resize=350%2C200 1x, https:\/\/i0.wp.com\/larevistadigital.com.ar\/blog\/wp-content\/uploads\/2020_09_29_00_37_37_7257337.jpg?fit=600%2C383&ssl=1&resize=525%2C300 1.5x"},"classes":[]},{"id":25576,"url":"https:\/\/larevistadigital.com.ar\/blog\/chascomus-se-realizara-marcha-manana-3-6-a-siete-anos-del-primer-ni-una-menos\/","url_meta":{"origin":41387,"position":3},"title":"CHASCOM\u00daS: SE REALIZAR\u00c1 MARCHA MA\u00d1ANA 3\/6 A SIETE A\u00d1OS DEL PRIMER \u00abNI UNA MENOS\u00bb","author":"Alejandro Sosa Ruda","date":"2 junio, 2022","format":false,"excerpt":"CHASCOM\u00daS -\u00a0Con motivo del 7mo. aniversario del primer \"Ni una menos\", se ha organizado una marcha para el d\u00eda de ma\u00f1ana, 3 de junio a las 17hs. en el Reloj de los Italianos, ubicado en Avda. Lastra y Libres del Sur de la ciudad de Chascom\u00fas. En estos 7 a\u00f1os,\u2026","rel":"","context":"En \u00abCHASCOM\u00daS\u00bb","block_context":{"text":"CHASCOM\u00daS","link":"https:\/\/larevistadigital.com.ar\/blog\/category\/chascomus\/"},"img":{"alt_text":"","src":"https:\/\/i0.wp.com\/larevistadigital.com.ar\/blog\/wp-content\/uploads\/NiUnaMenos-scaled-1.jpeg?fit=1200%2C800&ssl=1&resize=350%2C200","width":350,"height":200,"srcset":"https:\/\/i0.wp.com\/larevistadigital.com.ar\/blog\/wp-content\/uploads\/NiUnaMenos-scaled-1.jpeg?fit=1200%2C800&ssl=1&resize=350%2C200 1x, https:\/\/i0.wp.com\/larevistadigital.com.ar\/blog\/wp-content\/uploads\/NiUnaMenos-scaled-1.jpeg?fit=1200%2C800&ssl=1&resize=525%2C300 1.5x, https:\/\/i0.wp.com\/larevistadigital.com.ar\/blog\/wp-content\/uploads\/NiUnaMenos-scaled-1.jpeg?fit=1200%2C800&ssl=1&resize=700%2C400 2x, https:\/\/i0.wp.com\/larevistadigital.com.ar\/blog\/wp-content\/uploads\/NiUnaMenos-scaled-1.jpeg?fit=1200%2C800&ssl=1&resize=1050%2C600 3x"},"classes":[]},{"id":38191,"url":"https:\/\/larevistadigital.com.ar\/blog\/nuevo-encuentro-por-el-centro-comercial\/","url_meta":{"origin":41387,"position":4},"title":"Nuevo encuentro por el centro comercial","author":"Alejandro Sosa Ruda","date":"9 diciembre, 2024","format":false,"excerpt":"Contin\u00faan las conversaciones para mejorar el Paseo del Reloj 09 de diciembre de 2024 CHASCOM\u00daS -\u00a0 Desde el \u00e1rea de Desarrollo Productivo, en conjunto con la C\u00e1mara de Comercio local, convocan a comerciantes y a la comunidad en general, a un nuevo encuentro para ma\u00f1ana martes 10, a partir de\u2026","rel":"","context":"En \u00abCHASCOM\u00daS\u00bb","block_context":{"text":"CHASCOM\u00daS","link":"https:\/\/larevistadigital.com.ar\/blog\/category\/chascomus\/"},"img":{"alt_text":"","src":"https:\/\/i0.wp.com\/larevistadigital.com.ar\/blog\/wp-content\/uploads\/6757278b1c472.png?fit=668%2C445&ssl=1&resize=350%2C200","width":350,"height":200,"srcset":"https:\/\/i0.wp.com\/larevistadigital.com.ar\/blog\/wp-content\/uploads\/6757278b1c472.png?fit=668%2C445&ssl=1&resize=350%2C200 1x, https:\/\/i0.wp.com\/larevistadigital.com.ar\/blog\/wp-content\/uploads\/6757278b1c472.png?fit=668%2C445&ssl=1&resize=525%2C300 1.5x"},"classes":[]},{"id":43534,"url":"https:\/\/larevistadigital.com.ar\/blog\/chascomus-este-viernes-continua-la-campana-de-vacunacion-gratuita-en-los-barrios\/","url_meta":{"origin":41387,"position":5},"title":"Chascom\u00fas: Este viernes contin\u00faa la campa\u00f1a de vacunaci\u00f3n gratuita en los barrios","author":"Alejandro Sosa Ruda","date":"22 enero, 2026","format":false,"excerpt":"En esta oportunidad, la actividad se concentrar\u00e1 en el CIC \u201cDr. Quint\u00edn\u201d del barrio 30 de Mayo. 22 de enero de 2026 CHASCOM\u00daS -\u00a0 \u00a0 En la jornada de este viernes 23 de enero, la Campa\u00f1a de Vacunaci\u00f3n en los barrios propuesta por la Municipalidad de Chascom\u00fas, continuar\u00e1 de 10\u2026","rel":"","context":"En \u00abCHASCOM\u00daS\u00bb","block_context":{"text":"CHASCOM\u00daS","link":"https:\/\/larevistadigital.com.ar\/blog\/category\/chascomus\/"},"img":{"alt_text":"","src":"https:\/\/i0.wp.com\/larevistadigital.com.ar\/blog\/wp-content\/uploads\/69725e1b4429c.png?fit=668%2C445&ssl=1&resize=350%2C200","width":350,"height":200,"srcset":"https:\/\/i0.wp.com\/larevistadigital.com.ar\/blog\/wp-content\/uploads\/69725e1b4429c.png?fit=668%2C445&ssl=1&resize=350%2C200 1x, https:\/\/i0.wp.com\/larevistadigital.com.ar\/blog\/wp-content\/uploads\/69725e1b4429c.png?fit=668%2C445&ssl=1&resize=525%2C300 1.5x"},"classes":[]}],"_links":{"self":[{"href":"https:\/\/larevistadigital.com.ar\/blog\/wp-json\/wp\/v2\/posts\/41387","targetHints":{"allow":["GET"]}}],"collection":[{"href":"https:\/\/larevistadigital.com.ar\/blog\/wp-json\/wp\/v2\/posts"}],"about":[{"href":"https:\/\/larevistadigital.com.ar\/blog\/wp-json\/wp\/v2\/types\/post"}],"author":[{"embeddable":true,"href":"https:\/\/larevistadigital.com.ar\/blog\/wp-json\/wp\/v2\/users\/3"}],"replies":[{"embeddable":true,"href":"https:\/\/larevistadigital.com.ar\/blog\/wp-json\/wp\/v2\/comments?post=41387"}],"version-history":[{"count":1,"href":"https:\/\/larevistadigital.com.ar\/blog\/wp-json\/wp\/v2\/posts\/41387\/revisions"}],"predecessor-version":[{"id":41389,"href":"https:\/\/larevistadigital.com.ar\/blog\/wp-json\/wp\/v2\/posts\/41387\/revisions\/41389"}],"wp:featuredmedia":[{"embeddable":true,"href":"https:\/\/larevistadigital.com.ar\/blog\/wp-json\/wp\/v2\/media\/41388"}],"wp:attachment":[{"href":"https:\/\/larevistadigital.com.ar\/blog\/wp-json\/wp\/v2\/media?parent=41387"}],"wp:term":[{"taxonomy":"category","embeddable":true,"href":"https:\/\/larevistadigital.com.ar\/blog\/wp-json\/wp\/v2\/categories?post=41387"},{"taxonomy":"post_tag","embeddable":true,"href":"https:\/\/larevistadigital.com.ar\/blog\/wp-json\/wp\/v2\/tags?post=41387"}],"curies":[{"name":"wp","href":"https:\/\/api.w.org\/{rel}","templated":true}]}}