{"id":41390,"date":"2025-09-10T19:33:11","date_gmt":"2025-09-10T22:33:11","guid":{"rendered":"https:\/\/larevistadigital.com.ar\/blog\/?p=41390"},"modified":"2025-09-10T19:33:11","modified_gmt":"2025-09-10T22:33:11","slug":"general-madariaga-la-provincia-comienza-la-obra-del-nuevo-parque-solar","status":"publish","type":"post","link":"https:\/\/larevistadigital.com.ar\/blog\/general-madariaga-la-provincia-comienza-la-obra-del-nuevo-parque-solar\/","title":{"rendered":"General Madariaga: La provincia comienza la obra del nuevo Parque Solar"},"content":{"rendered":"<h3 data-start=\"270\" data-end=\"616\">Con m\u00e1s de 6.000 paneles solares y una inversi\u00f3n provincial estrat\u00e9gica, General Madariaga contar\u00e1 con un parque solar que generar\u00e1 energ\u00eda limpia para 2.000 hogares, reducir\u00e1 emisiones de CO\u2082 y reforzar\u00e1 el abastecimiento el\u00e9ctrico en la Costa Atl\u00e1ntica Norte.<\/h3>\n<p>10 De Septiembre de 2025<\/p>\n<p data-start=\"270\" data-end=\"616\"><strong>GENERAL MADARIAGA\u00a0 &#8211;\u00a0<\/strong> \u00a0El Ministerio de Infraestructura y Servicios P\u00fablicos de la provincia de Buenos Aires, junto a la empresa Buenos Aires Energ\u00eda S.A. (BAESA), firm\u00f3 el contrato para dar inicio a la construcci\u00f3n del <strong data-start=\"467\" data-end=\"504\">Parque Solar de General Madariaga<\/strong>, que funcionar\u00e1 en la Central de Energ\u00eda \u201cOscar Smith\u201d, ubicada en el kil\u00f3metro 412 de la Ruta Provincial 11.<\/p>\n<blockquote>\n<h3 data-start=\"618\" data-end=\"982\">El proyecto contar\u00e1 con <strong data-start=\"642\" data-end=\"667\">6.160 paneles solares<\/strong>, alcanzando una potencia de 4,6 MW y una generaci\u00f3n anual estimada en 7.500 MWh. Seg\u00fan se inform\u00f3, el Parque abastecer\u00e1 a unos <strong data-start=\"795\" data-end=\"812\">2.000 hogares<\/strong>, reducir\u00e1 en <strong data-start=\"826\" data-end=\"866\">4.000 toneladas las emisiones de CO\u2082<\/strong> y mejorar\u00e1 el suministro en la <strong data-start=\"898\" data-end=\"923\">Costa Atl\u00e1ntica Norte<\/strong>, adem\u00e1s de diversificar la matriz energ\u00e9tica provincial.<\/h3>\n<\/blockquote>\n<p data-start=\"984\" data-end=\"1296\">La energ\u00eda generada se inyectar\u00e1 al <strong data-start=\"1020\" data-end=\"1065\">Sistema Argentino de Interconexi\u00f3n (SADI)<\/strong>, en el marco del acuerdo de abastecimiento renovable que involucra a BAESA, Banco Provincia y Aguas Bonaerenses (ABSA), en cumplimiento con el r\u00e9gimen nacional que exige cubrir al menos un 20% de la demanda con energ\u00edas limpias.<\/p>\n<p data-start=\"1298\" data-end=\"1693\">Desde el Ministerio de Infraestructura remarcaron que la Provincia impulsa \u201cobras de energ\u00eda accesible y sostenible\u201d para ampliar la infraestructura el\u00e9ctrica y gas\u00edfera y potenciar las fuentes renovables. Por su parte, el Municipio de General Madariaga destac\u00f3 el impacto positivo ambiental del emprendimiento, que \u201cgarantizar\u00e1 un ambiente m\u00e1s sano para las generaciones presentes y futuras\u201d.<\/p>\n","protected":false},"excerpt":{"rendered":"<div class=\"mh-excerpt\"><p>Con m\u00e1s de 6.000 paneles solares y una inversi\u00f3n provincial estrat\u00e9gica, General Madariaga contar\u00e1 con un parque solar que generar\u00e1 energ\u00eda limpia para 2.000 hogares, reducir\u00e1 emisiones de CO\u2082 y reforzar\u00e1 el abastecimiento el\u00e9ctrico en <a class=\"mh-excerpt-more\" href=\"https:\/\/larevistadigital.com.ar\/blog\/general-madariaga-la-provincia-comienza-la-obra-del-nuevo-parque-solar\/\" title=\"General Madariaga: La provincia comienza la obra del nuevo Parque Solar\">[Leer M\u00e1s]<\/a><\/p>\n<\/div>","protected":false},"author":3,"featured_media":41391,"comment_status":"open","ping_status":"open","sticky":false,"template":"","format":"standard","meta":{"_jetpack_memberships_contains_paid_content":false,"footnotes":"","jetpack_publicize_message":"","jetpack_publicize_feature_enabled":true,"jetpack_social_post_already_shared":true,"jetpack_social_options":{"image_generator_settings":{"template":"highway","default_image_id":0,"font":"","enabled":false},"version":2}},"categories":[24,51],"tags":[],"class_list":{"0":"post-41390","1":"post","2":"type-post","3":"status-publish","4":"format-standard","5":"has-post-thumbnail","7":"category-politica-provincial","8":"category-regionales"},"jetpack_publicize_connections":[],"jetpack_featured_media_url":"https:\/\/i0.wp.com\/larevistadigital.com.ar\/blog\/wp-content\/uploads\/f7418b80c7b2a621242a3d6c47c7cc02ebab7140.jpg?fit=1140%2C642&ssl=1","jetpack_sharing_enabled":true,"jetpack_shortlink":"https:\/\/wp.me\/p8qtrQ-aLA","jetpack-related-posts":[{"id":28608,"url":"https:\/\/larevistadigital.com.ar\/blog\/saladillo-se-inauguro-el-parque-solar-que-abastecera-de-energia-al-pueblo-de-cazon\/","url_meta":{"origin":41390,"position":0},"title":"SALADILLO: SE INAUGUR\u00d3 EL PARQUE SOLAR QUE ABASTECER\u00c1 DE ENERG\u00cdA AL PUEBLO DE CAZ\u00d3N","author":"Alejandro Sosa Ruda","date":"25 octubre, 2022","format":false,"excerpt":"La nueva planta cuenta con una inversi\u00f3n mayor a los 60 millones de pesos. Abastecer\u00e1 a m\u00e1s de 150 familias y brindar\u00e1 una soluci\u00f3n renovable a la demanda energ\u00e9tica de la regi\u00f3n. 25 de octubre de 2022 SALADILLO -\u00a0 El Parque Solar \u201cMario Cabitto\u201d en la localidad de Caz\u00f3n, partido\u2026","rel":"","context":"En \u00abREGIONALES\u00bb","block_context":{"text":"REGIONALES","link":"https:\/\/larevistadigital.com.ar\/blog\/category\/regionales\/"},"img":{"alt_text":"","src":"https:\/\/i0.wp.com\/larevistadigital.com.ar\/blog\/wp-content\/uploads\/1666707270.jpeg?fit=848%2C477&ssl=1&resize=350%2C200","width":350,"height":200,"srcset":"https:\/\/i0.wp.com\/larevistadigital.com.ar\/blog\/wp-content\/uploads\/1666707270.jpeg?fit=848%2C477&ssl=1&resize=350%2C200 1x, https:\/\/i0.wp.com\/larevistadigital.com.ar\/blog\/wp-content\/uploads\/1666707270.jpeg?fit=848%2C477&ssl=1&resize=525%2C300 1.5x, https:\/\/i0.wp.com\/larevistadigital.com.ar\/blog\/wp-content\/uploads\/1666707270.jpeg?fit=848%2C477&ssl=1&resize=700%2C400 2x"},"classes":[]},{"id":24118,"url":"https:\/\/larevistadigital.com.ar\/blog\/el-diputado-chascomunense-cote-rossi-junto-al-gobernador-y-ministros-estuvieron-en-gral-madariaga\/","url_meta":{"origin":41390,"position":1},"title":"EL DIPUTADO CHASCOMUNENSE \u00abCOTE\u00bb ROSSI, JUNTO AL GOBERNADOR Y MINISTROS ESTUVIERON EN GRAL. MADARIAGA","author":"Alejandro Sosa Ruda","date":"19 febrero, 2022","format":false,"excerpt":"Formaron parte de un importante evento, que nucle\u00f3 a gran cantidad de autoridades y cont\u00f3 con un nutrido apoyo de los vecinos del lugar y de distintos lugares de la provincia El diputado provincial chascomunense Jos\u00e9 Ignacio \"Cote\" Rossi, estuvo presente en General Madariaga y particip\u00f3 junto al gobernador Axel\u2026","rel":"","context":"En \u00abPOLITICA PROVINCIAL\u00bb","block_context":{"text":"POLITICA PROVINCIAL","link":"https:\/\/larevistadigital.com.ar\/blog\/category\/politica\/politica-provincial\/"},"img":{"alt_text":"","src":"https:\/\/i0.wp.com\/larevistadigital.com.ar\/blog\/wp-content\/uploads\/272971084_10224079007956947_8100341202515261089_n.jpg?fit=850%2C853&ssl=1&resize=350%2C200","width":350,"height":200,"srcset":"https:\/\/i0.wp.com\/larevistadigital.com.ar\/blog\/wp-content\/uploads\/272971084_10224079007956947_8100341202515261089_n.jpg?fit=850%2C853&ssl=1&resize=350%2C200 1x, https:\/\/i0.wp.com\/larevistadigital.com.ar\/blog\/wp-content\/uploads\/272971084_10224079007956947_8100341202515261089_n.jpg?fit=850%2C853&ssl=1&resize=525%2C300 1.5x, https:\/\/i0.wp.com\/larevistadigital.com.ar\/blog\/wp-content\/uploads\/272971084_10224079007956947_8100341202515261089_n.jpg?fit=850%2C853&ssl=1&resize=700%2C400 2x"},"classes":[]},{"id":42501,"url":"https:\/\/larevistadigital.com.ar\/blog\/la-provincia-construira-cinco-nuevos-parques-solares\/","url_meta":{"origin":41390,"position":2},"title":"La Provincia construir\u00e1 cinco nuevos parques solares","author":"Alejandro Sosa Ruda","date":"17 noviembre, 2025","format":false,"excerpt":"Los establecimientos, que se desarrollar\u00e1n en los municipios de Alberti, Azul, Coronel Rosales, Punta Indio y San Cayetano, permitir\u00e1n fortalecer las redes de distribuci\u00f3n de energ\u00eda el\u00e9ctrica bonaerense. El Gobierno de la Provincia de Buenos Aires, a trav\u00e9s del Ministerio de Infraestructura y Servicios P\u00fablicos y de la Subsecretar\u00eda de\u2026","rel":"","context":"En \u00abPOLITICA PROVINCIAL\u00bb","block_context":{"text":"POLITICA PROVINCIAL","link":"https:\/\/larevistadigital.com.ar\/blog\/category\/politica\/politica-provincial\/"},"img":{"alt_text":"","src":"https:\/\/i0.wp.com\/larevistadigital.com.ar\/blog\/wp-content\/uploads\/WhatsApp-Image-2025-11-12-at-16.59.36-1-min.jpeg?fit=700%2C394&ssl=1&resize=350%2C200","width":350,"height":200,"srcset":"https:\/\/i0.wp.com\/larevistadigital.com.ar\/blog\/wp-content\/uploads\/WhatsApp-Image-2025-11-12-at-16.59.36-1-min.jpeg?fit=700%2C394&ssl=1&resize=350%2C200 1x, https:\/\/i0.wp.com\/larevistadigital.com.ar\/blog\/wp-content\/uploads\/WhatsApp-Image-2025-11-12-at-16.59.36-1-min.jpeg?fit=700%2C394&ssl=1&resize=525%2C300 1.5x, https:\/\/i0.wp.com\/larevistadigital.com.ar\/blog\/wp-content\/uploads\/WhatsApp-Image-2025-11-12-at-16.59.36-1-min.jpeg?fit=700%2C394&ssl=1&resize=700%2C400 2x"},"classes":[]},{"id":34119,"url":"https:\/\/larevistadigital.com.ar\/blog\/en-territorio-bonaerense-construiran-un-centro-de-energias-renovables\/","url_meta":{"origin":41390,"position":3},"title":"EN TERRITORIO BONAERENSE CONSTRUIR\u00c1N UN CENTRO DE ENERG\u00cdAS RENOVABLES","author":"Alejandro Sosa Ruda","date":"19 octubre, 2023","format":false,"excerpt":"Con una inversi\u00f3n superior a los 1400 millones de pesos, el gobierno bonaerense construir\u00e1 un parque fotovoltaico para la autogeneraci\u00f3n e inyecci\u00f3n de excedentes a la red de distribuci\u00f3n. 19 de octubre de 2023 BUENOS AIRES -\u00a0 Con la presencia de diferentes autoridades del gobierno bonaerense, se present\u00f3 en la\u2026","rel":"","context":"En \u00abREGIONALES\u00bb","block_context":{"text":"REGIONALES","link":"https:\/\/larevistadigital.com.ar\/blog\/category\/regionales\/"},"img":{"alt_text":"","src":"https:\/\/i0.wp.com\/larevistadigital.com.ar\/blog\/wp-content\/uploads\/20231019171904_whatsapp-image-2023-10-18-at-13-37-08.jpg?fit=880%2C512&ssl=1&resize=350%2C200","width":350,"height":200,"srcset":"https:\/\/i0.wp.com\/larevistadigital.com.ar\/blog\/wp-content\/uploads\/20231019171904_whatsapp-image-2023-10-18-at-13-37-08.jpg?fit=880%2C512&ssl=1&resize=350%2C200 1x, https:\/\/i0.wp.com\/larevistadigital.com.ar\/blog\/wp-content\/uploads\/20231019171904_whatsapp-image-2023-10-18-at-13-37-08.jpg?fit=880%2C512&ssl=1&resize=525%2C300 1.5x, https:\/\/i0.wp.com\/larevistadigital.com.ar\/blog\/wp-content\/uploads\/20231019171904_whatsapp-image-2023-10-18-at-13-37-08.jpg?fit=880%2C512&ssl=1&resize=700%2C400 2x"},"classes":[]},{"id":43552,"url":"https:\/\/larevistadigital.com.ar\/blog\/escuela-rural-de-pila-suma-energia-solar-y-se-orienta-la-modelo-autosustentable\/","url_meta":{"origin":41390,"position":4},"title":"Escuela rural de Pila suma energ\u00eda solar y se orienta la modelo autosustentable","author":"Alejandro Sosa Ruda","date":"22 enero, 2026","format":false,"excerpt":"Con apoyo de la Provincia, la Escuela N\u00b0 9 de Hinojales puso en marcha un sistema autosustentable con paneles solares, conectividad y recursos educativos que fortalecen la educaci\u00f3n p\u00fablica y el cuidado del ambiente. 22 de enero de 2026 La\u00a0Escuela Primaria N\u00b0 9\u00a0de\u00a0Hinojales, en el partido de\u00a0Pila, puso en funcionamiento\u2026","rel":"","context":"En \u00abPILA\u00bb","block_context":{"text":"PILA","link":"https:\/\/larevistadigital.com.ar\/blog\/category\/pila\/"},"img":{"alt_text":"","src":"https:\/\/i0.wp.com\/larevistadigital.com.ar\/blog\/wp-content\/uploads\/Captura-de-pantalla-2026-01-22-154241.jpg?fit=798%2C459&ssl=1&resize=350%2C200","width":350,"height":200,"srcset":"https:\/\/i0.wp.com\/larevistadigital.com.ar\/blog\/wp-content\/uploads\/Captura-de-pantalla-2026-01-22-154241.jpg?fit=798%2C459&ssl=1&resize=350%2C200 1x, https:\/\/i0.wp.com\/larevistadigital.com.ar\/blog\/wp-content\/uploads\/Captura-de-pantalla-2026-01-22-154241.jpg?fit=798%2C459&ssl=1&resize=525%2C300 1.5x, https:\/\/i0.wp.com\/larevistadigital.com.ar\/blog\/wp-content\/uploads\/Captura-de-pantalla-2026-01-22-154241.jpg?fit=798%2C459&ssl=1&resize=700%2C400 2x"},"classes":[]},{"id":37573,"url":"https:\/\/larevistadigital.com.ar\/blog\/general-madariaga-alerta-por-falta-de-medicos\/","url_meta":{"origin":41390,"position":5},"title":"General Madariaga: Alerta por falta de m\u00e9dicos","author":"Alejandro Sosa Ruda","date":"20 octubre, 2024","format":false,"excerpt":"Seg\u00fan inform\u00f3 el portal entrel\u00edneas, hoy solo habr\u00e1 un m\u00e9dico en la guardia, y ma\u00f1ana domingo\u00a0 no habr\u00e1 pediatra ni m\u00e9dico de terapia intensiva. 19 de Octubre de 2024 GENERAL MADARIAGA -\u00a0 \u00a0Una alarmante situaci\u00f3n fue informada desde el Municipio de General Madariaga, donde comunicaron que en el Hospital de\u2026","rel":"","context":"En \u00abREGIONALES\u00bb","block_context":{"text":"REGIONALES","link":"https:\/\/larevistadigital.com.ar\/blog\/category\/regionales\/"},"img":{"alt_text":"","src":"https:\/\/i0.wp.com\/larevistadigital.com.ar\/blog\/wp-content\/uploads\/5df7844a69d1c2a1bd19b6dfde8338e8de0be379.jpeg?fit=1140%2C639&ssl=1&resize=350%2C200","width":350,"height":200,"srcset":"https:\/\/i0.wp.com\/larevistadigital.com.ar\/blog\/wp-content\/uploads\/5df7844a69d1c2a1bd19b6dfde8338e8de0be379.jpeg?fit=1140%2C639&ssl=1&resize=350%2C200 1x, https:\/\/i0.wp.com\/larevistadigital.com.ar\/blog\/wp-content\/uploads\/5df7844a69d1c2a1bd19b6dfde8338e8de0be379.jpeg?fit=1140%2C639&ssl=1&resize=525%2C300 1.5x, https:\/\/i0.wp.com\/larevistadigital.com.ar\/blog\/wp-content\/uploads\/5df7844a69d1c2a1bd19b6dfde8338e8de0be379.jpeg?fit=1140%2C639&ssl=1&resize=700%2C400 2x, https:\/\/i0.wp.com\/larevistadigital.com.ar\/blog\/wp-content\/uploads\/5df7844a69d1c2a1bd19b6dfde8338e8de0be379.jpeg?fit=1140%2C639&ssl=1&resize=1050%2C600 3x"},"classes":[]}],"_links":{"self":[{"href":"https:\/\/larevistadigital.com.ar\/blog\/wp-json\/wp\/v2\/posts\/41390","targetHints":{"allow":["GET"]}}],"collection":[{"href":"https:\/\/larevistadigital.com.ar\/blog\/wp-json\/wp\/v2\/posts"}],"about":[{"href":"https:\/\/larevistadigital.com.ar\/blog\/wp-json\/wp\/v2\/types\/post"}],"author":[{"embeddable":true,"href":"https:\/\/larevistadigital.com.ar\/blog\/wp-json\/wp\/v2\/users\/3"}],"replies":[{"embeddable":true,"href":"https:\/\/larevistadigital.com.ar\/blog\/wp-json\/wp\/v2\/comments?post=41390"}],"version-history":[{"count":1,"href":"https:\/\/larevistadigital.com.ar\/blog\/wp-json\/wp\/v2\/posts\/41390\/revisions"}],"predecessor-version":[{"id":41392,"href":"https:\/\/larevistadigital.com.ar\/blog\/wp-json\/wp\/v2\/posts\/41390\/revisions\/41392"}],"wp:featuredmedia":[{"embeddable":true,"href":"https:\/\/larevistadigital.com.ar\/blog\/wp-json\/wp\/v2\/media\/41391"}],"wp:attachment":[{"href":"https:\/\/larevistadigital.com.ar\/blog\/wp-json\/wp\/v2\/media?parent=41390"}],"wp:term":[{"taxonomy":"category","embeddable":true,"href":"https:\/\/larevistadigital.com.ar\/blog\/wp-json\/wp\/v2\/categories?post=41390"},{"taxonomy":"post_tag","embeddable":true,"href":"https:\/\/larevistadigital.com.ar\/blog\/wp-json\/wp\/v2\/tags?post=41390"}],"curies":[{"name":"wp","href":"https:\/\/api.w.org\/{rel}","templated":true}]}}