{"id":41393,"date":"2025-09-10T19:45:15","date_gmt":"2025-09-10T22:45:15","guid":{"rendered":"https:\/\/larevistadigital.com.ar\/blog\/?p=41393"},"modified":"2025-09-10T19:45:15","modified_gmt":"2025-09-10T22:45:15","slug":"violencia-juvenil-en-dolores-una-adolescente-detenida-por-incendiar-el-auto-de-su-ex-novio","status":"publish","type":"post","link":"https:\/\/larevistadigital.com.ar\/blog\/violencia-juvenil-en-dolores-una-adolescente-detenida-por-incendiar-el-auto-de-su-ex-novio\/","title":{"rendered":"Violencia juvenil en Dolores: una adolescente detenida por incendiar el auto de su ex novio"},"content":{"rendered":"<h3>Una chica de 16 a\u00f1os fue acusada de prender fuego el auto de su ex pareja en medio de un conflicto sentimental. El veh\u00edculo sufri\u00f3 graves da\u00f1os y la joven qued\u00f3 detenida tras un operativo policial.<\/h3>\n<p>10 de septiembre de 2025<\/p>\n<p data-start=\"349\" data-end=\"581\"><strong>DOLORES\u00a0 &#8211;\u00a0<\/strong> \u00a0Un grave episodio de violencia juvenil sacudi\u00f3 en las \u00faltimas horas a la ciudad de Dolores, luego de que una adolescente de 16 a\u00f1os fuera detenida, acusada de incendiar intencionalmente el auto de su ex novio, un joven de 18 a\u00f1os.<\/p>\n<p data-start=\"583\" data-end=\"959\">El hecho ocurri\u00f3 en una vivienda de la calle Capra, donde un Chevrolet Corsa estacionado en el garaje comenz\u00f3 a arder en llamas durante la madrugada. Seg\u00fan el testimonio del propietario, fue su madre quien lo despert\u00f3 al ver el fuego. Ambos intentaron sofocar el incendio con baldes de agua y evitaron que se propagara a la vivienda, aunque el veh\u00edculo sufri\u00f3 severos da\u00f1os.<\/p>\n<blockquote>\n<h3 data-start=\"961\" data-end=\"1189\">D\u00edas antes, la v\u00edctima hab\u00eda recibido mensajes amenazantes de su ex novia a trav\u00e9s de redes sociales, donde le advert\u00eda que \u201cle prender\u00eda fuego el auto\u201d. Estas amenazas se convirtieron en la clave de la investigaci\u00f3n policial.<\/h3>\n<\/blockquote>\n<p data-start=\"1191\" data-end=\"1508\">Con pruebas reunidas, la Justicia orden\u00f3 un allanamiento en calle Col\u00f3n, donde se hallaron un celular perteneciente a la imputada y un bid\u00f3n con restos de nafta. La adolescente fue detenida y puesta a disposici\u00f3n del Juzgado de Responsabilidad Penal Juvenil, siendo trasladada a un centro especializado en La Plata.<\/p>\n<p data-start=\"1510\" data-end=\"1695\">El episodio vuelve a poner en agenda el debate sobre los l\u00edmites de la violencia en la juventud y la necesidad de reforzar las herramientas de prevenci\u00f3n y contenci\u00f3n en la comunidad.<\/p>\n","protected":false},"excerpt":{"rendered":"<div class=\"mh-excerpt\"><p>Una chica de 16 a\u00f1os fue acusada de prender fuego el auto de su ex pareja en medio de un conflicto sentimental. El veh\u00edculo sufri\u00f3 graves da\u00f1os y la joven qued\u00f3 detenida tras un operativo <a class=\"mh-excerpt-more\" href=\"https:\/\/larevistadigital.com.ar\/blog\/violencia-juvenil-en-dolores-una-adolescente-detenida-por-incendiar-el-auto-de-su-ex-novio\/\" title=\"Violencia juvenil en Dolores: una adolescente detenida por incendiar el auto de su ex novio\">[Leer M\u00e1s]<\/a><\/p>\n<\/div>","protected":false},"author":3,"featured_media":29411,"comment_status":"open","ping_status":"open","sticky":false,"template":"","format":"standard","meta":{"_jetpack_memberships_contains_paid_content":false,"footnotes":"","jetpack_publicize_message":"","jetpack_publicize_feature_enabled":true,"jetpack_social_post_already_shared":true,"jetpack_social_options":{"image_generator_settings":{"template":"highway","default_image_id":0,"font":"","enabled":false},"version":2}},"categories":[43,44,51],"tags":[],"class_list":{"0":"post-41393","1":"post","2":"type-post","3":"status-publish","4":"format-standard","5":"has-post-thumbnail","7":"category-dolores","8":"category-policiales","9":"category-regionales"},"jetpack_publicize_connections":[],"jetpack_featured_media_url":"https:\/\/i0.wp.com\/larevistadigital.com.ar\/blog\/wp-content\/uploads\/POLICIA-4.jpg?fit=880%2C512&ssl=1","jetpack_sharing_enabled":true,"jetpack_shortlink":"https:\/\/wp.me\/p8qtrQ-aLD","jetpack-related-posts":[{"id":20827,"url":"https:\/\/larevistadigital.com.ar\/blog\/dolores-un-detenido-por-violencia-de-genero-y-amenazas-de-muerte\/","url_meta":{"origin":41393,"position":0},"title":"Dolores: Un detenido por violencia de g\u00e9nero y amenazas de muerte","author":"Alejandro Sosa Ruda","date":"22 junio, 2021","format":false,"excerpt":"Una joven denunci\u00f3 haber sido golpeada, lastimada con un machete y amenazada de muerte por su pareja. La mujer pudo escapar y pedir ayuda a una vecina. DOLORES - Una joven de Dolores denunci\u00f3 haber sido golpeada, lastimada con un machete y amenazada de muerte por su pareja, que fue\u2026","rel":"","context":"En \u00abDOLORES\u00bb","block_context":{"text":"DOLORES","link":"https:\/\/larevistadigital.com.ar\/blog\/category\/dolores\/"},"img":{"alt_text":"","src":"https:\/\/i0.wp.com\/larevistadigital.com.ar\/blog\/wp-content\/uploads\/d2ab2abaeba81c795b0be6361933fafbca659674.jpg?fit=1140%2C756&ssl=1&resize=350%2C200","width":350,"height":200,"srcset":"https:\/\/i0.wp.com\/larevistadigital.com.ar\/blog\/wp-content\/uploads\/d2ab2abaeba81c795b0be6361933fafbca659674.jpg?fit=1140%2C756&ssl=1&resize=350%2C200 1x, https:\/\/i0.wp.com\/larevistadigital.com.ar\/blog\/wp-content\/uploads\/d2ab2abaeba81c795b0be6361933fafbca659674.jpg?fit=1140%2C756&ssl=1&resize=525%2C300 1.5x, https:\/\/i0.wp.com\/larevistadigital.com.ar\/blog\/wp-content\/uploads\/d2ab2abaeba81c795b0be6361933fafbca659674.jpg?fit=1140%2C756&ssl=1&resize=700%2C400 2x, https:\/\/i0.wp.com\/larevistadigital.com.ar\/blog\/wp-content\/uploads\/d2ab2abaeba81c795b0be6361933fafbca659674.jpg?fit=1140%2C756&ssl=1&resize=1050%2C600 3x"},"classes":[]},{"id":28299,"url":"https:\/\/larevistadigital.com.ar\/blog\/le-quemaron-la-casa-apagaron-el-fuego-y-mientras-hacia-la-denuncia-se-la-volvieron-a-incendiar\/","url_meta":{"origin":41393,"position":1},"title":"LE QUEMARON LA CASA, APAGARON EL FUEGO Y MIENTRAS HAC\u00cdA LA DENUNCIA SE LA VOLVIERON A INCENDIAR","author":"Alejandro Sosa Ruda","date":"4 octubre, 2022","format":false,"excerpt":"La vivienda qued\u00f3 totalmente destruida. Era propiedad de una mujer trabajadora que tiene 2 hijos, pero estaba habitada transitoriamente por su hermano. 04 de Octubre de 2022 DOLORES -\u00a0 Dos incendios, uno detr\u00e1s de otro. Amenazas. Violencia de g\u00e9nero. Un combo tremendo para una misma noche. En la ma\u00f1ana del\u2026","rel":"","context":"En \u00abDOLORES\u00bb","block_context":{"text":"DOLORES","link":"https:\/\/larevistadigital.com.ar\/blog\/category\/dolores\/"},"img":{"alt_text":"","src":"https:\/\/i0.wp.com\/larevistadigital.com.ar\/blog\/wp-content\/uploads\/865e6e19235918b93d20e6560196f9db04396311.jpeg?fit=1140%2C690&ssl=1&resize=350%2C200","width":350,"height":200,"srcset":"https:\/\/i0.wp.com\/larevistadigital.com.ar\/blog\/wp-content\/uploads\/865e6e19235918b93d20e6560196f9db04396311.jpeg?fit=1140%2C690&ssl=1&resize=350%2C200 1x, https:\/\/i0.wp.com\/larevistadigital.com.ar\/blog\/wp-content\/uploads\/865e6e19235918b93d20e6560196f9db04396311.jpeg?fit=1140%2C690&ssl=1&resize=525%2C300 1.5x, https:\/\/i0.wp.com\/larevistadigital.com.ar\/blog\/wp-content\/uploads\/865e6e19235918b93d20e6560196f9db04396311.jpeg?fit=1140%2C690&ssl=1&resize=700%2C400 2x, https:\/\/i0.wp.com\/larevistadigital.com.ar\/blog\/wp-content\/uploads\/865e6e19235918b93d20e6560196f9db04396311.jpeg?fit=1140%2C690&ssl=1&resize=1050%2C600 3x"},"classes":[]},{"id":42085,"url":"https:\/\/larevistadigital.com.ar\/blog\/horror-en-gonzalez-catan-una-madre-fue-detenida-acusada-de-asesinar-a-su-bebe\/","url_meta":{"origin":41393,"position":2},"title":"Horror en Gonz\u00e1lez Cat\u00e1n: una madre fue detenida acusada de asesinar a su beb\u00e9","author":"Alejandro Sosa Ruda","date":"19 octubre, 2025","format":false,"excerpt":"El hecho ocurri\u00f3 en una vivienda del barrio Villa Dorrego. La mujer, de 37 a\u00f1os, fue hallada junto al cuerpo sin vida de su hijo de dos meses dentro de un balde con agua. La Justicia investiga su estado mental. 19 de Octubre de 2025 Gonz\u00e1lez Cat\u00e1n.- BUENOS AIRES -\u00a0\u2026","rel":"","context":"En \u00abPOLICIALES\u00bb","block_context":{"text":"POLICIALES","link":"https:\/\/larevistadigital.com.ar\/blog\/category\/policiales\/"},"img":{"alt_text":"Policia","src":"https:\/\/i0.wp.com\/larevistadigital.com.ar\/blog\/wp-content\/uploads\/9cbd904e9763bc4a3e20cf7957a64d14ee37bd3a.jpeg?fit=1140%2C710&ssl=1&resize=350%2C200","width":350,"height":200,"srcset":"https:\/\/i0.wp.com\/larevistadigital.com.ar\/blog\/wp-content\/uploads\/9cbd904e9763bc4a3e20cf7957a64d14ee37bd3a.jpeg?fit=1140%2C710&ssl=1&resize=350%2C200 1x, https:\/\/i0.wp.com\/larevistadigital.com.ar\/blog\/wp-content\/uploads\/9cbd904e9763bc4a3e20cf7957a64d14ee37bd3a.jpeg?fit=1140%2C710&ssl=1&resize=525%2C300 1.5x, https:\/\/i0.wp.com\/larevistadigital.com.ar\/blog\/wp-content\/uploads\/9cbd904e9763bc4a3e20cf7957a64d14ee37bd3a.jpeg?fit=1140%2C710&ssl=1&resize=700%2C400 2x, https:\/\/i0.wp.com\/larevistadigital.com.ar\/blog\/wp-content\/uploads\/9cbd904e9763bc4a3e20cf7957a64d14ee37bd3a.jpeg?fit=1140%2C710&ssl=1&resize=1050%2C600 3x"},"classes":[]},{"id":27846,"url":"https:\/\/larevistadigital.com.ar\/blog\/intento-de-femicidio-en-del-viso-joven-de-22-anos-fue-prendida-fuego-por-su-pareja\/","url_meta":{"origin":41393,"position":3},"title":"INTENTO DE FEMICIDIO EN DEL VISO: JOVEN DE 22 A\u00d1OS FUE PRENDIDA FUEGO POR SU PAREJA","author":"Alejandro Sosa Ruda","date":"18 septiembre, 2022","format":false,"excerpt":"Una mujer joven de 22 a\u00f1os result\u00f3 con graves quemaduras en distintas partes del cuerpo tras una discusi\u00f3n que mantuvo en su casa de Del Viso con su pareja, quien fue detenida. 18 de septiembre de 2022 DEL VISO -\u00a0 El hecho ocurri\u00f3 en una casa de la calle Valent\u00edn\u2026","rel":"","context":"En \u00abINTERES GENERAL\u00bb","block_context":{"text":"INTERES GENERAL","link":"https:\/\/larevistadigital.com.ar\/blog\/category\/interes-general\/"},"img":{"alt_text":"","src":"https:\/\/i0.wp.com\/larevistadigital.com.ar\/blog\/wp-content\/uploads\/20220918160452_mujer-joven-quemada.jpg?fit=880%2C512&ssl=1&resize=350%2C200","width":350,"height":200,"srcset":"https:\/\/i0.wp.com\/larevistadigital.com.ar\/blog\/wp-content\/uploads\/20220918160452_mujer-joven-quemada.jpg?fit=880%2C512&ssl=1&resize=350%2C200 1x, https:\/\/i0.wp.com\/larevistadigital.com.ar\/blog\/wp-content\/uploads\/20220918160452_mujer-joven-quemada.jpg?fit=880%2C512&ssl=1&resize=525%2C300 1.5x, https:\/\/i0.wp.com\/larevistadigital.com.ar\/blog\/wp-content\/uploads\/20220918160452_mujer-joven-quemada.jpg?fit=880%2C512&ssl=1&resize=700%2C400 2x"},"classes":[]},{"id":12715,"url":"https:\/\/larevistadigital.com.ar\/blog\/nahir-galarza-esta-embarazada-pero-no-sabe-de-quien-es-el-bebe\/","url_meta":{"origin":41393,"position":4},"title":"NAHIR GALARZA EST\u00c1 EMBARAZADA, PERO NO SABE DE QUI\u00c9N ES EL BEBE","author":"Alejandro Sosa Ruda","date":"18 octubre, 2019","format":false,"excerpt":"La joven de 21 a\u00f1os est\u00e1 condenada a prisi\u00f3n perpetua por haber matado a su novio, Fernando Pastorizzo, a fines de 2017.\u00a0 Nahir Galarza\u00a0confirm\u00f3 que est\u00e1 embarazada de cinco meses. La joven de 21 a\u00f1os condenada a prisi\u00f3n perpetua por el crimen de su novio,\u00a0Fernando Pastorizzo, cometido en 2017, asegur\u00f3\u2026","rel":"","context":"En \u00abINTERES GENERAL\u00bb","block_context":{"text":"INTERES GENERAL","link":"https:\/\/larevistadigital.com.ar\/blog\/category\/interes-general\/"},"img":{"alt_text":"","src":"https:\/\/i0.wp.com\/larevistadigital.com.ar\/blog\/wp-content\/uploads\/Nahir-Galarza.jpg?fit=758%2C496&ssl=1&resize=350%2C200","width":350,"height":200,"srcset":"https:\/\/i0.wp.com\/larevistadigital.com.ar\/blog\/wp-content\/uploads\/Nahir-Galarza.jpg?fit=758%2C496&ssl=1&resize=350%2C200 1x, https:\/\/i0.wp.com\/larevistadigital.com.ar\/blog\/wp-content\/uploads\/Nahir-Galarza.jpg?fit=758%2C496&ssl=1&resize=525%2C300 1.5x, https:\/\/i0.wp.com\/larevistadigital.com.ar\/blog\/wp-content\/uploads\/Nahir-Galarza.jpg?fit=758%2C496&ssl=1&resize=700%2C400 2x"},"classes":[]},{"id":35165,"url":"https:\/\/larevistadigital.com.ar\/blog\/la-plata-como-no-pudo-matar-con-veneno-a-su-novio-decidio-apunalarlo\/","url_meta":{"origin":41393,"position":5},"title":"LA PLATA: COMO NO PUDO MATAR CON VENENO A SU NOVIO, DECIDI\u00d3 APU\u00d1ALARLO","author":"Alejandro Sosa Ruda","date":"5 febrero, 2024","format":false,"excerpt":"La v\u00edctima tiene 45 a\u00f1os y lleg\u00f3 a un hospital de La Plata con una gran herida en su pecho y signos de intoxicaci\u00f3n. Culpa a su novia de 36. 5 de febrero de 2023 LA PLATA\u00a0 \u00a0-\u00a0 Fue detenida\u00a0una mujer de 36 a\u00f1os\u00a0acusada de apu\u00f1alar a su novio luego\u2026","rel":"","context":"En \u00abPOLICIALES\u00bb","block_context":{"text":"POLICIALES","link":"https:\/\/larevistadigital.com.ar\/blog\/category\/policiales\/"},"img":{"alt_text":"","src":"https:\/\/i0.wp.com\/larevistadigital.com.ar\/blog\/wp-content\/uploads\/Captura-de-pantalla-2024-02-05-202336.png?fit=906%2C508&ssl=1&resize=350%2C200","width":350,"height":200,"srcset":"https:\/\/i0.wp.com\/larevistadigital.com.ar\/blog\/wp-content\/uploads\/Captura-de-pantalla-2024-02-05-202336.png?fit=906%2C508&ssl=1&resize=350%2C200 1x, https:\/\/i0.wp.com\/larevistadigital.com.ar\/blog\/wp-content\/uploads\/Captura-de-pantalla-2024-02-05-202336.png?fit=906%2C508&ssl=1&resize=525%2C300 1.5x, https:\/\/i0.wp.com\/larevistadigital.com.ar\/blog\/wp-content\/uploads\/Captura-de-pantalla-2024-02-05-202336.png?fit=906%2C508&ssl=1&resize=700%2C400 2x"},"classes":[]}],"_links":{"self":[{"href":"https:\/\/larevistadigital.com.ar\/blog\/wp-json\/wp\/v2\/posts\/41393","targetHints":{"allow":["GET"]}}],"collection":[{"href":"https:\/\/larevistadigital.com.ar\/blog\/wp-json\/wp\/v2\/posts"}],"about":[{"href":"https:\/\/larevistadigital.com.ar\/blog\/wp-json\/wp\/v2\/types\/post"}],"author":[{"embeddable":true,"href":"https:\/\/larevistadigital.com.ar\/blog\/wp-json\/wp\/v2\/users\/3"}],"replies":[{"embeddable":true,"href":"https:\/\/larevistadigital.com.ar\/blog\/wp-json\/wp\/v2\/comments?post=41393"}],"version-history":[{"count":1,"href":"https:\/\/larevistadigital.com.ar\/blog\/wp-json\/wp\/v2\/posts\/41393\/revisions"}],"predecessor-version":[{"id":41394,"href":"https:\/\/larevistadigital.com.ar\/blog\/wp-json\/wp\/v2\/posts\/41393\/revisions\/41394"}],"wp:featuredmedia":[{"embeddable":true,"href":"https:\/\/larevistadigital.com.ar\/blog\/wp-json\/wp\/v2\/media\/29411"}],"wp:attachment":[{"href":"https:\/\/larevistadigital.com.ar\/blog\/wp-json\/wp\/v2\/media?parent=41393"}],"wp:term":[{"taxonomy":"category","embeddable":true,"href":"https:\/\/larevistadigital.com.ar\/blog\/wp-json\/wp\/v2\/categories?post=41393"},{"taxonomy":"post_tag","embeddable":true,"href":"https:\/\/larevistadigital.com.ar\/blog\/wp-json\/wp\/v2\/tags?post=41393"}],"curies":[{"name":"wp","href":"https:\/\/api.w.org\/{rel}","templated":true}]}}