{"id":41395,"date":"2025-09-10T20:00:44","date_gmt":"2025-09-10T23:00:44","guid":{"rendered":"https:\/\/larevistadigital.com.ar\/blog\/?p=41395"},"modified":"2025-09-10T20:00:44","modified_gmt":"2025-09-10T23:00:44","slug":"suipacha-julian-rosales-delfino-con-25-anos-es-el-concejal-electo-fp-mas-joven-de-la-provincia","status":"publish","type":"post","link":"https:\/\/larevistadigital.com.ar\/blog\/suipacha-julian-rosales-delfino-con-25-anos-es-el-concejal-electo-fp-mas-joven-de-la-provincia\/","title":{"rendered":"Suipacha: Juli\u00e1n Rosales Delfino, con 25 a\u00f1os, es el Concejal electo (FP) m\u00e1s joven de la provincia"},"content":{"rendered":"<h3 class=\"fparrafo ctext fz18 lh25\">El joven dirigente peronista, Juli\u00e1n Rosales Delfino, de 25 a\u00f1os, sobrino nieto de Tony Delfino, ex jefe comunal de la ciudad bonaerense de Suipacha, encabez\u00f3 la lista de concejales por Fuerza Patria, y se convirti\u00f3 en el edil electo m\u00e1s joven de la historia del distrito y de la Provincia de Buenos Airees, al menos en esta elecci\u00f3n del pasado domingo 7 de septiembre. En el podio de los m\u00e1s j\u00f3venes, lo sigue ocho meses mayor, Cipriano Zabala Fern\u00e1ndez, Concejal electo en Carlos Tejedor, tambi\u00e9n por el mismo espacio pol\u00edtico.<\/h3>\n<p>10 de septiembre de 2025<\/p>\n<p><strong>SUIPACHA &#8211;\u00a0 Juli\u00e1n Rosales Delfino<\/strong>, flamante concejal electo por el peronismo de Suipacha, destac\u00f3 que su postulaci\u00f3n surgi\u00f3 de un acuerdo amplio dentro de su espacio pol\u00edtico.<\/p>\n<blockquote>\n<h3 class=\"selectionShareable\">En di\u00e1logo con FM Santa Mar\u00eda 88.1 de Mercedes, asegur\u00f3 que su compromiso con la militancia viene desde la infancia, marcado por la tradici\u00f3n pol\u00edtica de su familia.<em> \u201cFue algo que se fue construyendo a lo largo de los a\u00f1os. Me honra la designaci\u00f3n para encabezar la lista en estas elecciones legislativas\u201d<\/em>, se\u00f1al\u00f3.<\/h3>\n<\/blockquote>\n<p class=\"selectionShareable\"><strong>Rosales Delfino<\/strong>, quien acaba de cumplir 25 a\u00f1os, es sobrino nieto de Tony Delfino, hist\u00f3rico dirigente que gobern\u00f3 el distrito durante 24 a\u00f1os. <strong>\u201cTony tuvo la humildad de abrir paso a nuevas generaciones, como Luis Mancini, nuestro actual intendente, y ahora me toca a m\u00ed\u201d<\/strong>, afirm\u00f3.<\/p>\n<blockquote>\n<h3 class=\"selectionShareable\">Sobre su nominaci\u00f3n, remarc\u00f3 que fue producto del entendimiento entre el intendente Mancini, referentes del Frente Renovador, de Suipacha para Todos y del Partido Justicialista local. \u201cFue un consenso de todos los sectores\u201d, indic\u00f3.<\/h3>\n<\/blockquote>\n<p class=\"selectionShareable\">Consultado por la situaci\u00f3n del distrito, el candidato sostuvo que, pese a las dificultades econ\u00f3micas y la falta de asistencia nacional, Suipacha sigue creciendo gracias al respaldo de la Provincia. Tambi\u00e9n valor\u00f3 los avances en la autopista Mercedes\u2013Suipacha, una obra largamente reclamada por la comunidad.<\/p>\n<blockquote>\n<h3 class=\"selectionShareable\">Respecto de la crisis de la empresa l\u00e1ctea La Suipachense, Rosales Delfino expres\u00f3 preocupaci\u00f3n por el futuro de los 140 trabajadores. <em>\u201cEs una situaci\u00f3n muy delicada, pero conf\u00edo en que saldr\u00e1 adelante como en otras oportunidades, porque es fundamental para nuestra econom\u00eda local\u201d<\/em>, concluy\u00f3.<\/h3>\n<\/blockquote>\n<p class=\"selectionShareable\"><span style=\"color: #ff0000\"><b>Carlos Tejedor<\/b><\/span><\/p>\n<p class=\"selectionShareable\">En Carlos Tejedor, Cipriano Zabala Fern\u00e1ndez, tambi\u00e9n de 25 a\u00f1os, pero ocho meses mayor que el suipachense, ser\u00e1 el segundo Concejal (FP) m\u00e1s joven electo de la provincia<\/p>\n<blockquote>\n<h3 class=\"selectionShareable\">Cipriano, nacido el 29 de diciembre de 1999, lider\u00f3 la boleta de Fuerza Patria en el partido bonaerense de Carlos Tejedor, donde obtuvo un triunfo contundente.<\/h3>\n<\/blockquote>\n<p class=\"selectionShareable\">Seg\u00fan reporta La Noticia1, en la cuarta secci\u00f3n electoral alcanz\u00f3 un resultado hist\u00f3rico: fue el candidato m\u00e1s votado en t\u00e9rminos porcentuales, sac\u00e1ndole cerca de 40 puntos a las otras dos listas locales.<\/p>\n<p class=\"selectionShareable\">Se trata de la mayor diferencia registrada en una elecci\u00f3n legislativa en la historia del distrito, un hito que consolida el protagonismo de Fuerza Patria en la regi\u00f3n.<b>(InfoGEI)Jd<\/b><\/p>\n","protected":false},"excerpt":{"rendered":"<div class=\"mh-excerpt\"><p>El joven dirigente peronista, Juli\u00e1n Rosales Delfino, de 25 a\u00f1os, sobrino nieto de Tony Delfino, ex jefe comunal de la ciudad bonaerense de Suipacha, encabez\u00f3 la lista de concejales por Fuerza Patria, y se convirti\u00f3 <a class=\"mh-excerpt-more\" href=\"https:\/\/larevistadigital.com.ar\/blog\/suipacha-julian-rosales-delfino-con-25-anos-es-el-concejal-electo-fp-mas-joven-de-la-provincia\/\" title=\"Suipacha: Juli\u00e1n Rosales Delfino, con 25 a\u00f1os, es el Concejal electo (FP) m\u00e1s joven de la provincia\">[Leer M\u00e1s]<\/a><\/p>\n<\/div>","protected":false},"author":3,"featured_media":41396,"comment_status":"open","ping_status":"open","sticky":false,"template":"","format":"standard","meta":{"_jetpack_memberships_contains_paid_content":false,"footnotes":"","jetpack_publicize_message":"","jetpack_publicize_feature_enabled":true,"jetpack_social_post_already_shared":true,"jetpack_social_options":{"image_generator_settings":{"template":"highway","default_image_id":0,"font":"","enabled":false},"version":2}},"categories":[24,51],"tags":[],"class_list":{"0":"post-41395","1":"post","2":"type-post","3":"status-publish","4":"format-standard","5":"has-post-thumbnail","7":"category-politica-provincial","8":"category-regionales"},"jetpack_publicize_connections":[],"jetpack_featured_media_url":"https:\/\/i0.wp.com\/larevistadigital.com.ar\/blog\/wp-content\/uploads\/20250910191331_julian-rosales-delfino-suipacha.jpg?fit=880%2C512&ssl=1","jetpack_sharing_enabled":true,"jetpack_shortlink":"https:\/\/wp.me\/p8qtrQ-aLF","jetpack-related-posts":[{"id":34765,"url":"https:\/\/larevistadigital.com.ar\/blog\/de-terror-secuestran-y-golpean-a-un-joven-en-merlo-y-lo-liberan-en-suipacha\/","url_meta":{"origin":41395,"position":0},"title":"DE TERROR: SECUESTRAN Y GOLPEAN A UN JOVEN EN MERLO Y LO LIBERAN EN SUIPACHA.","author":"Alejandro Sosa Ruda","date":"5 diciembre, 2023","format":false,"excerpt":"Fue secuestrado en la zona del Hospital Malvinas Argentinas de Merlo por dos individuos con los rostros cubiertos con pasamonta\u00f1as que lo obligaron a subir a un veh\u00edculo tipo Trafic. Tras ser sometido a golpes, fue liberado en Ruta 5. 5 de diciembre de 2023 BUENOS AIRES -\u00a0 Una noche\u2026","rel":"","context":"En \u00abPOLICIALES\u00bb","block_context":{"text":"POLICIALES","link":"https:\/\/larevistadigital.com.ar\/blog\/category\/policiales\/"},"img":{"alt_text":"","src":"https:\/\/i0.wp.com\/larevistadigital.com.ar\/blog\/wp-content\/uploads\/Captura-de-pantalla-2023-12-05-110233.png?fit=968%2C539&ssl=1&resize=350%2C200","width":350,"height":200,"srcset":"https:\/\/i0.wp.com\/larevistadigital.com.ar\/blog\/wp-content\/uploads\/Captura-de-pantalla-2023-12-05-110233.png?fit=968%2C539&ssl=1&resize=350%2C200 1x, https:\/\/i0.wp.com\/larevistadigital.com.ar\/blog\/wp-content\/uploads\/Captura-de-pantalla-2023-12-05-110233.png?fit=968%2C539&ssl=1&resize=525%2C300 1.5x, https:\/\/i0.wp.com\/larevistadigital.com.ar\/blog\/wp-content\/uploads\/Captura-de-pantalla-2023-12-05-110233.png?fit=968%2C539&ssl=1&resize=700%2C400 2x"},"classes":[]},{"id":13175,"url":"https:\/\/larevistadigital.com.ar\/blog\/mar-del-plata-bonfatti-sera-el-secretario-de-gobierno-de-guillermo-montenegro\/","url_meta":{"origin":41395,"position":1},"title":"MAR DEL PLATA: BONFATTI SER\u00c1 EL SECRETARIO DE GOBIERNO DE GUILLERMO MONTENEGRO","author":"Alejandro Sosa Ruda","date":"12 noviembre, 2019","format":false,"excerpt":"Lo anunciar\u00e1 el intendente electo. El concejal, que termina su mandato el 10 de diciembre, tendr\u00e1 un rol protag\u00f3nico en la futura administraci\u00f3n. MAR DEL PLATA - Santiago Bonifatti terminar\u00e1 su mandato de concejal el 10 de diciembre pero no se alejar\u00e1 de la Municipalidad: el intendente electo, Guillermo Montenegro,\u00a0lo\u2026","rel":"","context":"En \u00abREGIONALES\u00bb","block_context":{"text":"REGIONALES","link":"https:\/\/larevistadigital.com.ar\/blog\/category\/regionales\/"},"img":{"alt_text":"","src":"https:\/\/i0.wp.com\/larevistadigital.com.ar\/blog\/wp-content\/uploads\/Screenshot_1-64.jpg?fit=1008%2C714&ssl=1&resize=350%2C200","width":350,"height":200,"srcset":"https:\/\/i0.wp.com\/larevistadigital.com.ar\/blog\/wp-content\/uploads\/Screenshot_1-64.jpg?fit=1008%2C714&ssl=1&resize=350%2C200 1x, https:\/\/i0.wp.com\/larevistadigital.com.ar\/blog\/wp-content\/uploads\/Screenshot_1-64.jpg?fit=1008%2C714&ssl=1&resize=525%2C300 1.5x, https:\/\/i0.wp.com\/larevistadigital.com.ar\/blog\/wp-content\/uploads\/Screenshot_1-64.jpg?fit=1008%2C714&ssl=1&resize=700%2C400 2x"},"classes":[]},{"id":3479,"url":"https:\/\/larevistadigital.com.ar\/blog\/chascomus-jose-ochoa-aseguro-que-si-es-electo-concejal-tiene-la-solucion-para-implementar-el-transporte-publico\/","url_meta":{"origin":41395,"position":2},"title":"CHASCOM\u00daS: JOS\u00c9 OCHOA ASEGUR\u00d3 QUE SI ES ELECTO CONCEJAL, TIENE LA SOLUCI\u00d3N PARA IMPLEMENTAR EL TRANSPORTE P\u00daBLICO","author":"Alejandro Sosa Ruda","date":"12 octubre, 2017","format":false,"excerpt":"Jos\u00e9 Ochoa, candidato a concejal por el partido Juntos por Chascom\u00fas, asegur\u00f3 que tiene el proyecto que solucionar\u00eda de una vez por todas uno de los problemas m\u00e1s grandes y de m\u00e1s larga data en la ciudad: El transporte p\u00fablico. Ochoa, dijo que su proyecto de transporte p\u00fablico municipal se\u2026","rel":"","context":"En \u00abDESTACADAS\u00bb","block_context":{"text":"DESTACADAS","link":"https:\/\/larevistadigital.com.ar\/blog\/category\/destacadas\/"},"img":{"alt_text":"","src":"https:\/\/i0.wp.com\/larevistadigital.com.ar\/blog\/wp-content\/uploads\/2017\/10\/CHASCOSUBE.jpg?fit=1200%2C630&ssl=1&resize=350%2C200","width":350,"height":200,"srcset":"https:\/\/i0.wp.com\/larevistadigital.com.ar\/blog\/wp-content\/uploads\/2017\/10\/CHASCOSUBE.jpg?fit=1200%2C630&ssl=1&resize=350%2C200 1x, https:\/\/i0.wp.com\/larevistadigital.com.ar\/blog\/wp-content\/uploads\/2017\/10\/CHASCOSUBE.jpg?fit=1200%2C630&ssl=1&resize=525%2C300 1.5x, https:\/\/i0.wp.com\/larevistadigital.com.ar\/blog\/wp-content\/uploads\/2017\/10\/CHASCOSUBE.jpg?fit=1200%2C630&ssl=1&resize=700%2C400 2x, https:\/\/i0.wp.com\/larevistadigital.com.ar\/blog\/wp-content\/uploads\/2017\/10\/CHASCOSUBE.jpg?fit=1200%2C630&ssl=1&resize=1050%2C600 3x"},"classes":[]},{"id":34706,"url":"https:\/\/larevistadigital.com.ar\/blog\/olavarria-el-intendente-electo-anuncio-una-importante-reduccion-de-cargos-municipales\/","url_meta":{"origin":41395,"position":3},"title":"OLAVARR\u00cdA: EL INTENDENTE ELECTO ANUNCI\u00d3 UNA IMPORTANTE REDUCCI\u00d3N DE CARGOS MUNICIPALES","author":"Alejandro Sosa Ruda","date":"4 diciembre, 2023","format":false,"excerpt":"Maximiliano Wesner, renunci\u00f3 a su banca como concejal y anunci\u00f3 una reducci\u00f3n en el organigrama municipal. Eliminar\u00e1 22 direcciones . 04 de Diciembre de 2023 OLAVARR\u00cdA -\u00a0 Maximiliano Wesner renunci\u00f3 a su banca como concejal para poder asumir como intendente de Olavarria el pr\u00f3ximo 10 de diciembre. En su \u00faltima\u2026","rel":"","context":"En \u00abPOLITICA\u00bb","block_context":{"text":"POLITICA","link":"https:\/\/larevistadigital.com.ar\/blog\/category\/politica\/"},"img":{"alt_text":"","src":"https:\/\/i0.wp.com\/larevistadigital.com.ar\/blog\/wp-content\/uploads\/20231203175806_olavarriawesner.jpg?fit=880%2C512&ssl=1&resize=350%2C200","width":350,"height":200,"srcset":"https:\/\/i0.wp.com\/larevistadigital.com.ar\/blog\/wp-content\/uploads\/20231203175806_olavarriawesner.jpg?fit=880%2C512&ssl=1&resize=350%2C200 1x, https:\/\/i0.wp.com\/larevistadigital.com.ar\/blog\/wp-content\/uploads\/20231203175806_olavarriawesner.jpg?fit=880%2C512&ssl=1&resize=525%2C300 1.5x, https:\/\/i0.wp.com\/larevistadigital.com.ar\/blog\/wp-content\/uploads\/20231203175806_olavarriawesner.jpg?fit=880%2C512&ssl=1&resize=700%2C400 2x"},"classes":[]},{"id":4676,"url":"https:\/\/larevistadigital.com.ar\/blog\/lezama-concejal-del-pro-renuncio-dieta\/","url_meta":{"origin":41395,"position":4},"title":"LEZAMA: CONCEJAL DEL PRO RENUNCI\u00d3 A SU DIETA","author":"Alejandro Sosa Ruda","date":"29 enero, 2018","format":false,"excerpt":"El concejal del PRO, Lucas Iturri, que integra el bloque de concejales del \"Frente Uni\u00f3n por Lezama\", hizo saber a trav\u00e9s de una nota que present\u00f3 al Presidente del Concejo Deliberante de Lezama, en la que comunica su decisi\u00f3n de renunciar a la dieta\u00a0que le corresponde por ejercer el cargo\u2026","rel":"","context":"En \u00abLEZAMA\u00bb","block_context":{"text":"LEZAMA","link":"https:\/\/larevistadigital.com.ar\/blog\/category\/lezama\/"},"img":{"alt_text":"","src":"https:\/\/i0.wp.com\/larevistadigital.com.ar\/blog\/wp-content\/uploads\/2018\/01\/LUCAS-ITURRI.jpg?fit=650%2C576&ssl=1&resize=350%2C200","width":350,"height":200,"srcset":"https:\/\/i0.wp.com\/larevistadigital.com.ar\/blog\/wp-content\/uploads\/2018\/01\/LUCAS-ITURRI.jpg?fit=650%2C576&ssl=1&resize=350%2C200 1x, https:\/\/i0.wp.com\/larevistadigital.com.ar\/blog\/wp-content\/uploads\/2018\/01\/LUCAS-ITURRI.jpg?fit=650%2C576&ssl=1&resize=525%2C300 1.5x"},"classes":[]},{"id":35062,"url":"https:\/\/larevistadigital.com.ar\/blog\/conmocion-en-la-costa-encontraron-muerto-a-concejal-de-la-libertad-avanza\/","url_meta":{"origin":41395,"position":5},"title":"CONMOCI\u00d3N EN LA COSTA: ENCONTRARON MUERTO A CONCEJAL DE LA LIBERTAD AVANZA","author":"Alejandro Sosa Ruda","date":"21 enero, 2024","format":false,"excerpt":"Lo encontraron por la ma\u00f1ana de hoy, domingo 21\/1. Se habr\u00eda quitado la vida. 21 de enero de 2023 LA COSTA -\u00a0 \u00a0Seg\u00fan inform\u00f3 el sitio \"miradacentral.com\", hoy por la ma\u00f1ana fue encontrado muerto el concejal electo por la Libertad Avanza, Gonzalo Rojo.\u00a0La novedad conmocion\u00f3 a la pol\u00edtica costera ante\u2026","rel":"","context":"En \u00abPOLITICA\u00bb","block_context":{"text":"POLITICA","link":"https:\/\/larevistadigital.com.ar\/blog\/category\/politica\/"},"img":{"alt_text":"","src":"https:\/\/i0.wp.com\/larevistadigital.com.ar\/blog\/wp-content\/uploads\/Captura-de-pantalla-2024-01-21-154300.png?fit=747%2C444&ssl=1&resize=350%2C200","width":350,"height":200,"srcset":"https:\/\/i0.wp.com\/larevistadigital.com.ar\/blog\/wp-content\/uploads\/Captura-de-pantalla-2024-01-21-154300.png?fit=747%2C444&ssl=1&resize=350%2C200 1x, https:\/\/i0.wp.com\/larevistadigital.com.ar\/blog\/wp-content\/uploads\/Captura-de-pantalla-2024-01-21-154300.png?fit=747%2C444&ssl=1&resize=525%2C300 1.5x, https:\/\/i0.wp.com\/larevistadigital.com.ar\/blog\/wp-content\/uploads\/Captura-de-pantalla-2024-01-21-154300.png?fit=747%2C444&ssl=1&resize=700%2C400 2x"},"classes":[]}],"_links":{"self":[{"href":"https:\/\/larevistadigital.com.ar\/blog\/wp-json\/wp\/v2\/posts\/41395","targetHints":{"allow":["GET"]}}],"collection":[{"href":"https:\/\/larevistadigital.com.ar\/blog\/wp-json\/wp\/v2\/posts"}],"about":[{"href":"https:\/\/larevistadigital.com.ar\/blog\/wp-json\/wp\/v2\/types\/post"}],"author":[{"embeddable":true,"href":"https:\/\/larevistadigital.com.ar\/blog\/wp-json\/wp\/v2\/users\/3"}],"replies":[{"embeddable":true,"href":"https:\/\/larevistadigital.com.ar\/blog\/wp-json\/wp\/v2\/comments?post=41395"}],"version-history":[{"count":1,"href":"https:\/\/larevistadigital.com.ar\/blog\/wp-json\/wp\/v2\/posts\/41395\/revisions"}],"predecessor-version":[{"id":41397,"href":"https:\/\/larevistadigital.com.ar\/blog\/wp-json\/wp\/v2\/posts\/41395\/revisions\/41397"}],"wp:featuredmedia":[{"embeddable":true,"href":"https:\/\/larevistadigital.com.ar\/blog\/wp-json\/wp\/v2\/media\/41396"}],"wp:attachment":[{"href":"https:\/\/larevistadigital.com.ar\/blog\/wp-json\/wp\/v2\/media?parent=41395"}],"wp:term":[{"taxonomy":"category","embeddable":true,"href":"https:\/\/larevistadigital.com.ar\/blog\/wp-json\/wp\/v2\/categories?post=41395"},{"taxonomy":"post_tag","embeddable":true,"href":"https:\/\/larevistadigital.com.ar\/blog\/wp-json\/wp\/v2\/tags?post=41395"}],"curies":[{"name":"wp","href":"https:\/\/api.w.org\/{rel}","templated":true}]}}