{"id":41398,"date":"2025-09-10T22:29:04","date_gmt":"2025-09-11T01:29:04","guid":{"rendered":"https:\/\/larevistadigital.com.ar\/blog\/?p=41398"},"modified":"2025-09-10T22:29:04","modified_gmt":"2025-09-11T01:29:04","slug":"el-influencer-trumpista-de-31-anos-charlie-kirk-fue-asesinado-durante-un-acto-universitario-en-utah-bajada","status":"publish","type":"post","link":"https:\/\/larevistadigital.com.ar\/blog\/el-influencer-trumpista-de-31-anos-charlie-kirk-fue-asesinado-durante-un-acto-universitario-en-utah-bajada\/","title":{"rendered":"El influencer \u00abTrumpista\u00bb de 31 a\u00f1os Charlie Kirk, fu\u00e9 asesinado durante un acto universitario en Utah  Bajada"},"content":{"rendered":"<h3>El activista conservador y cofundador de Turning Point USA falleci\u00f3 tras recibir un disparo en el cuello durante un evento en Utah Valley University. Un sujeto fue interrogado y liberado; el caso es investigado como un asesinato pol\u00edtico.<\/h3>\n<p>10 de Septiembre de 2025<\/p>\n<p><strong>EEUU &#8211;<\/strong> El activista pol\u00edtico conservador <strong data-start=\"475\" data-end=\"491\">Charlie Kirk<\/strong>, cofundador del grupo <em data-start=\"514\" data-end=\"533\">Turning Point USA<\/em>, fue <strong data-start=\"539\" data-end=\"581\">asesinado este mi\u00e9rcoles a los 31 a\u00f1os<\/strong> mientras participaba de un evento en la <strong data-start=\"622\" data-end=\"648\">Utah Valley University<\/strong>. El ataque ocurri\u00f3 aproximadamente quince minutos despu\u00e9s de iniciado el foro, cuando recibi\u00f3 un disparo en el cuello que le result\u00f3 fatal poco despu\u00e9s.<\/p>\n<p data-start=\"803\" data-end=\"1181\">Im\u00e1genes de celulares muestran el momento exacto del disparo:<strong> Kirk cay\u00f3 abruptamente de espaldas, mientras el p\u00fablico entr\u00f3 en p\u00e1nico<\/strong>. Las autoridades confirmaron que el disparo fue efectuado desde un edificio cercano, aproximadamente a 60 metros, y que en un primer momento detuvieron a un sospechoso que luego fue liberado. Hasta ahora <strong data-start=\"1141\" data-end=\"1180\">no hay ning\u00fan culpable identificado<\/strong>.<\/p>\n<blockquote>\n<h3 data-start=\"1183\" data-end=\"1506\">El gobernador de Utah, <strong data-start=\"1206\" data-end=\"1221\">Spencer Cox<\/strong>, calific\u00f3 el crimen como un \u201c<strong data-start=\"1251\" data-end=\"1273\">asesinato pol\u00edtico<\/strong>\u201d. En tanto, el presidente Donald Trump expres\u00f3 p\u00fablicamente su dolor: public\u00f3 en Truth Social que \u201cEl gran, e incluso legendario, Charlie Kirk ha muerto&#8230; te queremos\u201d. Orden\u00f3 adem\u00e1s bajar las banderas a media asta en todo el pa\u00eds.<\/h3>\n<\/blockquote>\n<p data-start=\"1508\" data-end=\"1833\">El FBI y la ATF se encuentran investigando el caso, mientras que l\u00edderes de ambos partidos \u2014como el vicepresidente <strong data-start=\"1623\" data-end=\"1637\">J.D. Vance<\/strong>, la exvicepresidenta <strong data-start=\"1659\" data-end=\"1676\">Kamala Harris<\/strong> y el expresidente <strong data-start=\"1695\" data-end=\"1708\">Joe Biden<\/strong>\u2014 condenaron el ataque y agradecieron la investigaci\u00f3n como un paso necesario para evitar nuevos actos de violencia pol\u00edtica.<\/p>\n","protected":false},"excerpt":{"rendered":"<div class=\"mh-excerpt\"><p>El activista conservador y cofundador de Turning Point USA falleci\u00f3 tras recibir un disparo en el cuello durante un evento en Utah Valley University. Un sujeto fue interrogado y liberado; el caso es investigado como <a class=\"mh-excerpt-more\" href=\"https:\/\/larevistadigital.com.ar\/blog\/el-influencer-trumpista-de-31-anos-charlie-kirk-fue-asesinado-durante-un-acto-universitario-en-utah-bajada\/\" title=\"El influencer \u00abTrumpista\u00bb de 31 a\u00f1os Charlie Kirk, fu\u00e9 asesinado durante un acto universitario en Utah  Bajada\">[Leer M\u00e1s]<\/a><\/p>\n<\/div>","protected":false},"author":3,"featured_media":41399,"comment_status":"open","ping_status":"open","sticky":false,"template":"","format":"standard","meta":{"_jetpack_memberships_contains_paid_content":false,"footnotes":"","jetpack_publicize_message":"","jetpack_publicize_feature_enabled":true,"jetpack_social_post_already_shared":true,"jetpack_social_options":{"image_generator_settings":{"template":"highway","default_image_id":0,"font":"","enabled":false},"version":2}},"categories":[41,44],"tags":[],"class_list":{"0":"post-41398","1":"post","2":"type-post","3":"status-publish","4":"format-standard","5":"has-post-thumbnail","7":"category-destacadas","8":"category-policiales"},"jetpack_publicize_connections":[],"jetpack_featured_media_url":"https:\/\/i0.wp.com\/larevistadigital.com.ar\/blog\/wp-content\/uploads\/Captura-de-pantalla-2025-09-10-222711.jpg?fit=865%2C499&ssl=1","jetpack_sharing_enabled":true,"jetpack_shortlink":"https:\/\/wp.me\/p8qtrQ-aLI","jetpack-related-posts":[{"id":20310,"url":"https:\/\/larevistadigital.com.ar\/blog\/matan-a-policia-que-intento-desbaratar-una-fiesta-clandestina\/","url_meta":{"origin":41398,"position":0},"title":"MATAN A POLIC\u00cdA QUE INTENT\u00d3 DESBARATAR UNA FIESTA CLANDESTINA","author":"Alejandro Sosa Ruda","date":"17 mayo, 2021","format":false,"excerpt":"Por el hecho hay un hombre de 69 a\u00f1os detenido. MAR DEL PLATA - En medio de los fuertes controles que se realizan en Mar del Plata para evitar las fiestas clandestinas en el marco de las restricciones sanitarias por el coronavirus, un oficial de polic\u00eda fue asesinado de un\u2026","rel":"","context":"En \u00abPOLICIALES\u00bb","block_context":{"text":"POLICIALES","link":"https:\/\/larevistadigital.com.ar\/blog\/category\/policiales\/"},"img":{"alt_text":"","src":"https:\/\/i0.wp.com\/larevistadigital.com.ar\/blog\/wp-content\/uploads\/0e3b814f5ca89533f208c5fd5ed329a903abcc77.jpeg?fit=1140%2C855&ssl=1&resize=350%2C200","width":350,"height":200,"srcset":"https:\/\/i0.wp.com\/larevistadigital.com.ar\/blog\/wp-content\/uploads\/0e3b814f5ca89533f208c5fd5ed329a903abcc77.jpeg?fit=1140%2C855&ssl=1&resize=350%2C200 1x, https:\/\/i0.wp.com\/larevistadigital.com.ar\/blog\/wp-content\/uploads\/0e3b814f5ca89533f208c5fd5ed329a903abcc77.jpeg?fit=1140%2C855&ssl=1&resize=525%2C300 1.5x, https:\/\/i0.wp.com\/larevistadigital.com.ar\/blog\/wp-content\/uploads\/0e3b814f5ca89533f208c5fd5ed329a903abcc77.jpeg?fit=1140%2C855&ssl=1&resize=700%2C400 2x, https:\/\/i0.wp.com\/larevistadigital.com.ar\/blog\/wp-content\/uploads\/0e3b814f5ca89533f208c5fd5ed329a903abcc77.jpeg?fit=1140%2C855&ssl=1&resize=1050%2C600 3x"},"classes":[]},{"id":18604,"url":"https:\/\/larevistadigital.com.ar\/blog\/mar-del-plata-asesinan-de-un-tiro-en-la-cabeza-a-musico-cuando-bajaba-de-su-camioneta\/","url_meta":{"origin":41398,"position":1},"title":"MAR DEL PLATA: ASESINAN DE UN TIRO EN LA CABEZA A MUSICO CUANDO BAJABA DE SU CAMIONETA","author":"Alejandro Sosa Ruda","date":"14 enero, 2021","format":false,"excerpt":"Se trata de un hombre de 58 a\u00f1os que fue herido de un disparo en Gasc\u00f3n y Jujuy. Se desconocen las circunstancias del ataque y en un principio no se descarta la hip\u00f3tesis de un intento de robo. MAR DEL PLATA - Un m\u00fasico de 58 a\u00f1os oriundo de la\u2026","rel":"","context":"En \u00abPOLICIALES\u00bb","block_context":{"text":"POLICIALES","link":"https:\/\/larevistadigital.com.ar\/blog\/category\/policiales\/"},"img":{"alt_text":"","src":"https:\/\/i0.wp.com\/larevistadigital.com.ar\/blog\/wp-content\/uploads\/Screenshot_1-195.jpg?fit=1014%2C591&ssl=1&resize=350%2C200","width":350,"height":200,"srcset":"https:\/\/i0.wp.com\/larevistadigital.com.ar\/blog\/wp-content\/uploads\/Screenshot_1-195.jpg?fit=1014%2C591&ssl=1&resize=350%2C200 1x, https:\/\/i0.wp.com\/larevistadigital.com.ar\/blog\/wp-content\/uploads\/Screenshot_1-195.jpg?fit=1014%2C591&ssl=1&resize=525%2C300 1.5x, https:\/\/i0.wp.com\/larevistadigital.com.ar\/blog\/wp-content\/uploads\/Screenshot_1-195.jpg?fit=1014%2C591&ssl=1&resize=700%2C400 2x"},"classes":[]},{"id":30174,"url":"https:\/\/larevistadigital.com.ar\/blog\/balean-a-un-agente-para-robarle-la-moto-en-lomas-de-zamora\/","url_meta":{"origin":41398,"position":2},"title":"BALEAN A UN AGENTE PARA ROBARLE LA MOTO EN LOMAS DE ZAMORA","author":"Alejandro Sosa Ruda","date":"15 febrero, 2023","format":false,"excerpt":"Gustavo Bombace\u00a0fue sorprendido por dos delincuentes\u00a0que intentaron robarle su moto. Durante el ataque recibi\u00f3 un disparo en la cadera. La v\u00edctima fue trasladada al Hospital Gandulfo. Ocurri\u00f3 poco despu\u00e9s del asesinato de\u00a0otra Polic\u00eda de la Ciudad en Retiro. 15 de febrero de 2023 LOMAS DE ZAMORA -\u00a0 Un efectivo de\u2026","rel":"","context":"En \u00abPOLICIALES\u00bb","block_context":{"text":"POLICIALES","link":"https:\/\/larevistadigital.com.ar\/blog\/category\/policiales\/"},"img":{"alt_text":"","src":"https:\/\/i0.wp.com\/larevistadigital.com.ar\/blog\/wp-content\/uploads\/hospital-gandulfo.jpg?fit=750%2C499&ssl=1&resize=350%2C200","width":350,"height":200,"srcset":"https:\/\/i0.wp.com\/larevistadigital.com.ar\/blog\/wp-content\/uploads\/hospital-gandulfo.jpg?fit=750%2C499&ssl=1&resize=350%2C200 1x, https:\/\/i0.wp.com\/larevistadigital.com.ar\/blog\/wp-content\/uploads\/hospital-gandulfo.jpg?fit=750%2C499&ssl=1&resize=525%2C300 1.5x, https:\/\/i0.wp.com\/larevistadigital.com.ar\/blog\/wp-content\/uploads\/hospital-gandulfo.jpg?fit=750%2C499&ssl=1&resize=700%2C400 2x"},"classes":[]},{"id":12673,"url":"https:\/\/larevistadigital.com.ar\/blog\/mar-del-plata-asesinan-a-comerciante-durante-un-robo\/","url_meta":{"origin":41398,"position":3},"title":"MAR DEL PLATA: ASESINAN A COMERCIANTE DURANTE UN ROBO","author":"Alejandro Sosa Ruda","date":"17 octubre, 2019","format":false,"excerpt":"Sucedi\u00f3 el mi\u00e9rcoles a la noche en 9 de Julio casi Mitre. Al menos tres sujetos le robaron la recaudaci\u00f3n y le dispararon antes de huir a Gerard Borja Pastrana, de\u00a028 a\u00f1os. Un\u00a0comerciante fue asesinado\u00a0este mi\u00e9rcoles por la noche, cuando al menos tres delincuentes ingresaron a su local en el\u2026","rel":"","context":"En \u00abREGIONALES\u00bb","block_context":{"text":"REGIONALES","link":"https:\/\/larevistadigital.com.ar\/blog\/category\/regionales\/"},"img":{"alt_text":"","src":"https:\/\/i0.wp.com\/larevistadigital.com.ar\/blog\/wp-content\/uploads\/1571310675181.jpeg?fit=790%2C444&ssl=1&resize=350%2C200","width":350,"height":200,"srcset":"https:\/\/i0.wp.com\/larevistadigital.com.ar\/blog\/wp-content\/uploads\/1571310675181.jpeg?fit=790%2C444&ssl=1&resize=350%2C200 1x, https:\/\/i0.wp.com\/larevistadigital.com.ar\/blog\/wp-content\/uploads\/1571310675181.jpeg?fit=790%2C444&ssl=1&resize=525%2C300 1.5x, https:\/\/i0.wp.com\/larevistadigital.com.ar\/blog\/wp-content\/uploads\/1571310675181.jpeg?fit=790%2C444&ssl=1&resize=700%2C400 2x"},"classes":[]},{"id":24667,"url":"https:\/\/larevistadigital.com.ar\/blog\/le-pego-tres-tiros-a-su-pareja-y-se-suicido\/","url_meta":{"origin":41398,"position":4},"title":"LE PEG\u00d3 TRES TIROS A SU PAREJA Y SE SUICID\u00d3","author":"Alejandro Sosa Ruda","date":"18 marzo, 2022","format":false,"excerpt":"Ocurri\u00f3 este viernes en Bat\u00e1n. La v\u00edctima, de 77 a\u00f1os, fue baleada en el hombro y en el cuello y se encuentra internada en el Hospital Interzonal, fuera de peligro. Por su parte el hombre, de 80 a\u00f1os, fue hallado sin vida, con un disparo en la cabeza y el\u2026","rel":"","context":"En \u00abPOLICIALES\u00bb","block_context":{"text":"POLICIALES","link":"https:\/\/larevistadigital.com.ar\/blog\/category\/policiales\/"},"img":{"alt_text":"","src":"https:\/\/i0.wp.com\/larevistadigital.com.ar\/blog\/wp-content\/uploads\/Patrullero-La-Plata-Berisso-Policia.jpg?fit=882%2C492&ssl=1&resize=350%2C200","width":350,"height":200,"srcset":"https:\/\/i0.wp.com\/larevistadigital.com.ar\/blog\/wp-content\/uploads\/Patrullero-La-Plata-Berisso-Policia.jpg?fit=882%2C492&ssl=1&resize=350%2C200 1x, https:\/\/i0.wp.com\/larevistadigital.com.ar\/blog\/wp-content\/uploads\/Patrullero-La-Plata-Berisso-Policia.jpg?fit=882%2C492&ssl=1&resize=525%2C300 1.5x, https:\/\/i0.wp.com\/larevistadigital.com.ar\/blog\/wp-content\/uploads\/Patrullero-La-Plata-Berisso-Policia.jpg?fit=882%2C492&ssl=1&resize=700%2C400 2x"},"classes":[]},{"id":12234,"url":"https:\/\/larevistadigital.com.ar\/blog\/muere-un-joven-por-un-disparo-en-confuso-episodio\/","url_meta":{"origin":41398,"position":5},"title":"MUERE UN JOVEN POR UN DISPARO EN CONFUSO EPISODIO","author":"Alejandro Sosa Ruda","date":"22 septiembre, 2019","format":false,"excerpt":"La v\u00edctima fue identificada como Michel Palavecino, de 24 a\u00f1os. Recibi\u00f3 un disparo en la pierna y falleci\u00f3 en el Hospital. Un amigo que lo llev\u00f3 al nosocomio explic\u00f3 que mientras \"jugaban\" con unas armas se les escap\u00f3 el disparo. Mar del Plata - Un joven de 24 a\u00f1os\u00a0falleci\u00f3 esta\u2026","rel":"","context":"En \u00abPOLICIALES\u00bb","block_context":{"text":"POLICIALES","link":"https:\/\/larevistadigital.com.ar\/blog\/category\/policiales\/"},"img":{"alt_text":"","src":"https:\/\/i0.wp.com\/larevistadigital.com.ar\/blog\/wp-content\/uploads\/Screenshot_2-41.jpg?fit=1001%2C575&ssl=1&resize=350%2C200","width":350,"height":200,"srcset":"https:\/\/i0.wp.com\/larevistadigital.com.ar\/blog\/wp-content\/uploads\/Screenshot_2-41.jpg?fit=1001%2C575&ssl=1&resize=350%2C200 1x, https:\/\/i0.wp.com\/larevistadigital.com.ar\/blog\/wp-content\/uploads\/Screenshot_2-41.jpg?fit=1001%2C575&ssl=1&resize=525%2C300 1.5x, https:\/\/i0.wp.com\/larevistadigital.com.ar\/blog\/wp-content\/uploads\/Screenshot_2-41.jpg?fit=1001%2C575&ssl=1&resize=700%2C400 2x"},"classes":[]}],"_links":{"self":[{"href":"https:\/\/larevistadigital.com.ar\/blog\/wp-json\/wp\/v2\/posts\/41398","targetHints":{"allow":["GET"]}}],"collection":[{"href":"https:\/\/larevistadigital.com.ar\/blog\/wp-json\/wp\/v2\/posts"}],"about":[{"href":"https:\/\/larevistadigital.com.ar\/blog\/wp-json\/wp\/v2\/types\/post"}],"author":[{"embeddable":true,"href":"https:\/\/larevistadigital.com.ar\/blog\/wp-json\/wp\/v2\/users\/3"}],"replies":[{"embeddable":true,"href":"https:\/\/larevistadigital.com.ar\/blog\/wp-json\/wp\/v2\/comments?post=41398"}],"version-history":[{"count":1,"href":"https:\/\/larevistadigital.com.ar\/blog\/wp-json\/wp\/v2\/posts\/41398\/revisions"}],"predecessor-version":[{"id":41400,"href":"https:\/\/larevistadigital.com.ar\/blog\/wp-json\/wp\/v2\/posts\/41398\/revisions\/41400"}],"wp:featuredmedia":[{"embeddable":true,"href":"https:\/\/larevistadigital.com.ar\/blog\/wp-json\/wp\/v2\/media\/41399"}],"wp:attachment":[{"href":"https:\/\/larevistadigital.com.ar\/blog\/wp-json\/wp\/v2\/media?parent=41398"}],"wp:term":[{"taxonomy":"category","embeddable":true,"href":"https:\/\/larevistadigital.com.ar\/blog\/wp-json\/wp\/v2\/categories?post=41398"},{"taxonomy":"post_tag","embeddable":true,"href":"https:\/\/larevistadigital.com.ar\/blog\/wp-json\/wp\/v2\/tags?post=41398"}],"curies":[{"name":"wp","href":"https:\/\/api.w.org\/{rel}","templated":true}]}}