{"id":41454,"date":"2025-09-15T19:31:43","date_gmt":"2025-09-15T22:31:43","guid":{"rendered":"https:\/\/larevistadigital.com.ar\/blog\/?p=41454"},"modified":"2025-09-15T19:31:43","modified_gmt":"2025-09-15T22:31:43","slug":"chascomus-se-corrieron-los-21k","status":"publish","type":"post","link":"https:\/\/larevistadigital.com.ar\/blog\/chascomus-se-corrieron-los-21k\/","title":{"rendered":"Chascom\u00fas: Se corrieron los 21K"},"content":{"rendered":"<h3 class=\"excerpt\">M\u00e1s de 250 corredores participaron de la carrera de calle organizada por la Municipalidad de Chascom\u00fas.<\/h3>\n<p>15 de septirmbre de 2025<\/p>\n<div id=\"miDiv1\" class=\"text\">\n<p><strong>CHASCOM\u00daS\u00a0 &#8211;<\/strong>\u00a0 \u00a0Gran convocatoria en la carrera m\u00e1s importante de running que organiza el \u00e1rea de Deportes municipal. Los corredores largaron desde Mitre y Cramer para recorrer distancias de 5K, 10K y, en el evento central, los 21K por las calles del centro y Av. Costanera.<\/p>\n<p>Estuvieron presentes el intendente <strong>Javier Gast\u00f3n<\/strong>, el secretario de Cultura, Deportes y Relaciones, <strong>Pablo N\u00e1poli<\/strong>; y el subsecretario de Deportes, <strong>Pablo Francese<\/strong>. El p\u00fablico acompa\u00f1\u00f3 a lo largo del recorrido desde distintos puntos. Cabe una menci\u00f3n especial a los trabajadores y trabajadoras del \u00e1rea que con gran dedicaci\u00f3n hicieron del evento una verdadera fiesta.<\/p>\n<p><span style=\"color: #ff0000\"><strong>Podios:<\/strong><\/span><\/p>\n<p><strong>21K<\/strong><\/p>\n<p>1 &#8211; 328 Gonz\u00e1lez Aldana Paula<\/p>\n<p>2 &#8211; 469 del Valle Maria Jimena<\/p>\n<p>3 &#8211; 338 Ram\u00edrez Mart\u00ednez Tamara Belen<\/p>\n<p>1 &#8211; 385 Castro Nicolas<\/p>\n<p>2 &#8211; 455 Castro Braian<\/p>\n<p>3 &#8211; 361 Miguens Pablo<\/p>\n<p><strong>10K<\/strong><\/p>\n<p>1 &#8211; 297 Luque Miriam<\/p>\n<p>2 &#8211; 241 Barbieri Julieta<\/p>\n<p>3 &#8211; 231 Casco Estefan\u00eda<\/p>\n<p>1 &#8211; 253 Pelizza Federico Gabriel<\/p>\n<p>2 &#8211; 269 Girado Gustavo<\/p>\n<p>3 &#8211; 272 Catt\u00e1neo Sim\u00f3n<\/p>\n<p><strong>5K<\/strong><\/p>\n<p>1 &#8211; 19 Lopez Flavia<\/p>\n<p>2 &#8211; 54 Falomir Monserrat<\/p>\n<p>3 &#8211; 21 Ochoa Yamila<\/p>\n<p>1 &#8211; Mart\u00ednez Valent\u00edn<\/p>\n<p>2 &#8211; Pe\u00f1alva Aaron<\/p>\n<p>3 &#8211; Bonadeo Julio Mauricio<\/p>\n<\/div>\n","protected":false},"excerpt":{"rendered":"<div class=\"mh-excerpt\"><p>M\u00e1s de 250 corredores participaron de la carrera de calle organizada por la Municipalidad de Chascom\u00fas. 15 de septirmbre de 2025 CHASCOM\u00daS\u00a0 &#8211;\u00a0 \u00a0Gran convocatoria en la carrera m\u00e1s importante de running que organiza el <a class=\"mh-excerpt-more\" href=\"https:\/\/larevistadigital.com.ar\/blog\/chascomus-se-corrieron-los-21k\/\" title=\"Chascom\u00fas: Se corrieron los 21K\">[Leer M\u00e1s]<\/a><\/p>\n<\/div>","protected":false},"author":3,"featured_media":41455,"comment_status":"open","ping_status":"open","sticky":false,"template":"","format":"standard","meta":{"_jetpack_memberships_contains_paid_content":false,"footnotes":"","jetpack_publicize_message":"","jetpack_publicize_feature_enabled":true,"jetpack_social_post_already_shared":true,"jetpack_social_options":{"image_generator_settings":{"template":"highway","default_image_id":0,"font":"","enabled":false},"version":2}},"categories":[6,8],"tags":[],"class_list":{"0":"post-41454","1":"post","2":"type-post","3":"status-publish","4":"format-standard","5":"has-post-thumbnail","7":"category-chascomus","8":"category-deportes"},"jetpack_publicize_connections":[],"jetpack_featured_media_url":"https:\/\/i0.wp.com\/larevistadigital.com.ar\/blog\/wp-content\/uploads\/68c850b5e9395.png?fit=668%2C445&ssl=1","jetpack_sharing_enabled":true,"jetpack_shortlink":"https:\/\/wp.me\/p8qtrQ-aMC","jetpack-related-posts":[{"id":40774,"url":"https:\/\/larevistadigital.com.ar\/blog\/chascomus-la-ciudad-se-prepara-para-los-21k\/","url_meta":{"origin":41454,"position":0},"title":"Chascom\u00fas: La ciudad se prepara para los 21k.","author":"Alejandro Sosa Ruda","date":"5 agosto, 2025","format":false,"excerpt":"El evento m\u00e1s importante del calendario de running abrir\u00e1 inscripciones en los pr\u00f3ximos d\u00edas. 05 de Agosto de 2025 CHASCOM\u00daS -\u00a0 El pr\u00f3ximo 14 de septiembre se realizar\u00e1 uno de los eventos m\u00e1s esperados del calendario de running propuesto por la Municipalidad de Chascom\u00fas. Desde el \u00e1rea de Deportes confirman\u2026","rel":"","context":"En \u00abSin categor\u00eda\u00bb","block_context":{"text":"Sin categor\u00eda","link":"https:\/\/larevistadigital.com.ar\/blog\/category\/sin-categoria\/"},"img":{"alt_text":"","src":"https:\/\/i0.wp.com\/larevistadigital.com.ar\/blog\/wp-content\/uploads\/68923aee4d760.png?fit=668%2C445&ssl=1&resize=350%2C200","width":350,"height":200,"srcset":"https:\/\/i0.wp.com\/larevistadigital.com.ar\/blog\/wp-content\/uploads\/68923aee4d760.png?fit=668%2C445&ssl=1&resize=350%2C200 1x, https:\/\/i0.wp.com\/larevistadigital.com.ar\/blog\/wp-content\/uploads\/68923aee4d760.png?fit=668%2C445&ssl=1&resize=525%2C300 1.5x"},"classes":[]},{"id":41019,"url":"https:\/\/larevistadigital.com.ar\/blog\/abrio-la-inscripcion-a-los-21k-de-chascomus\/","url_meta":{"origin":41454,"position":1},"title":"Abri\u00f3 la inscripci\u00f3n a los 21K de Chascom\u00fas","author":"Alejandro Sosa Ruda","date":"20 agosto, 2025","format":false,"excerpt":"Ya est\u00e1 habilitado el link para ser parte del evento m\u00e1s importante del calendario de running que propone la Municipalidad de Chascom\u00fas. 20 De Agosto de 2025 CHASCOM\u00daS\u00a0 -\u00a0 \u00a0 El pr\u00f3ximo 14 de septiembre se realizar\u00e1 uno de los eventos m\u00e1s esperados del calendario de running de Chascom\u00fas. Los\u2026","rel":"","context":"En \u00abCHASCOM\u00daS\u00bb","block_context":{"text":"CHASCOM\u00daS","link":"https:\/\/larevistadigital.com.ar\/blog\/category\/chascomus\/"},"img":{"alt_text":"","src":"https:\/\/i0.wp.com\/larevistadigital.com.ar\/blog\/wp-content\/uploads\/68a5f8fada22a.png?fit=668%2C445&ssl=1&resize=350%2C200","width":350,"height":200,"srcset":"https:\/\/i0.wp.com\/larevistadigital.com.ar\/blog\/wp-content\/uploads\/68a5f8fada22a.png?fit=668%2C445&ssl=1&resize=350%2C200 1x, https:\/\/i0.wp.com\/larevistadigital.com.ar\/blog\/wp-content\/uploads\/68a5f8fada22a.png?fit=668%2C445&ssl=1&resize=525%2C300 1.5x"},"classes":[]},{"id":31609,"url":"https:\/\/larevistadigital.com.ar\/blog\/21k-chascomus-hasta-el-20-de-junio-tenes-tiempo-para-inscribirte\/","url_meta":{"origin":41454,"position":2},"title":"21K CHASCOM\u00daS: HASTA EL 20 DE JUNIO TEN\u00c9S TIEMPO PARA INSCRIBIRTE","author":"Alejandro Sosa Ruda","date":"16 mayo, 2023","format":false,"excerpt":"El domingo 25 de junio se llevar\u00e1 adelante la carrera de 21 kil\u00f3metros donde los participantes recorrer\u00e1n lugares emblem\u00e1ticos, espacios naturales y puntos hist\u00f3ricos de nuestra ciudad. 16 de mayo de 2023 CHASCOM\u00daS\u00a0 -\u00a0 La inscripci\u00f3n finaliza el 20 de junio y es \u00fanicamente online a trav\u00e9s del sitio de\u2026","rel":"","context":"En \u00abCHASCOM\u00daS\u00bb","block_context":{"text":"CHASCOM\u00daS","link":"https:\/\/larevistadigital.com.ar\/blog\/category\/chascomus\/"},"img":{"alt_text":"","src":"https:\/\/i0.wp.com\/larevistadigital.com.ar\/blog\/wp-content\/uploads\/2023_05_17_00_49_47_5428261.jpg?fit=800%2C533&ssl=1&resize=350%2C200","width":350,"height":200,"srcset":"https:\/\/i0.wp.com\/larevistadigital.com.ar\/blog\/wp-content\/uploads\/2023_05_17_00_49_47_5428261.jpg?fit=800%2C533&ssl=1&resize=350%2C200 1x, https:\/\/i0.wp.com\/larevistadigital.com.ar\/blog\/wp-content\/uploads\/2023_05_17_00_49_47_5428261.jpg?fit=800%2C533&ssl=1&resize=525%2C300 1.5x, https:\/\/i0.wp.com\/larevistadigital.com.ar\/blog\/wp-content\/uploads\/2023_05_17_00_49_47_5428261.jpg?fit=800%2C533&ssl=1&resize=700%2C400 2x"},"classes":[]},{"id":33715,"url":"https:\/\/larevistadigital.com.ar\/blog\/chascomus-1-500-corredores-de-todo-el-pais-disfrutaron-de-una-carrera-de-aventura-a-orilla-de-la-laguna\/","url_meta":{"origin":41454,"position":3},"title":"CHASCOM\u00daS: 1.500 CORREDORES DE TODO EL PA\u00cdS DISFRUTARON DE UNA CARRERA DE AVENTURA A ORILLA DE LA LAGUNA","author":"Alejandro Sosa Ruda","date":"3 octubre, 2023","format":false,"excerpt":"Este domingo se desarroll\u00f3 la 7ma edici\u00f3n de la EcotrailChallenge en nuestra ciudad. CHASCOM\u00daS -\u00a0 \u201cEs la s\u00e9ptima edici\u00f3n de la EcotrailChallenge con 1500 corredores, un \u00e9xito total. Chascom\u00fas bati\u00f3 todos los records de esta carrera y estamos muy felices por el acompa\u00f1amiento de siempre del Intendente Javier Gast\u00f3n y\u2026","rel":"","context":"En \u00abCHASCOM\u00daS\u00bb","block_context":{"text":"CHASCOM\u00daS","link":"https:\/\/larevistadigital.com.ar\/blog\/category\/chascomus\/"},"img":{"alt_text":"","src":"https:\/\/i0.wp.com\/larevistadigital.com.ar\/blog\/wp-content\/uploads\/gg.jpg?fit=800%2C500&ssl=1&resize=350%2C200","width":350,"height":200,"srcset":"https:\/\/i0.wp.com\/larevistadigital.com.ar\/blog\/wp-content\/uploads\/gg.jpg?fit=800%2C500&ssl=1&resize=350%2C200 1x, https:\/\/i0.wp.com\/larevistadigital.com.ar\/blog\/wp-content\/uploads\/gg.jpg?fit=800%2C500&ssl=1&resize=525%2C300 1.5x, https:\/\/i0.wp.com\/larevistadigital.com.ar\/blog\/wp-content\/uploads\/gg.jpg?fit=800%2C500&ssl=1&resize=700%2C400 2x"},"classes":[]},{"id":37852,"url":"https:\/\/larevistadigital.com.ar\/blog\/running-se-desarrollo-la-ultima-carrera-del-ano\/","url_meta":{"origin":41454,"position":4},"title":"Running: se desarroll\u00f3 la \u00faltima carrera del a\u00f1o","author":"Alejandro Sosa Ruda","date":"12 noviembre, 2024","format":false,"excerpt":"Gran convocatoria en el circuito de 5 y 15 km de la ciudad. 12 De Noviembre de 2024 CHASCOM\u00daS -\u00a0 El domingo se corri\u00f3 la \u00faltima carrera de calle del calendario running 2024 organizado por la Municipalidad de Chascom\u00fas a trav\u00e9s de la Subsecretar\u00eda de Deportes. La misma se disput\u00f3\u2026","rel":"","context":"En \u00abDEPORTES\u00bb","block_context":{"text":"DEPORTES","link":"https:\/\/larevistadigital.com.ar\/blog\/category\/deportes\/"},"img":{"alt_text":"","src":"https:\/\/i0.wp.com\/larevistadigital.com.ar\/blog\/wp-content\/uploads\/673397c9ab93c.png?fit=668%2C445&ssl=1&resize=350%2C200","width":350,"height":200,"srcset":"https:\/\/i0.wp.com\/larevistadigital.com.ar\/blog\/wp-content\/uploads\/673397c9ab93c.png?fit=668%2C445&ssl=1&resize=350%2C200 1x, https:\/\/i0.wp.com\/larevistadigital.com.ar\/blog\/wp-content\/uploads\/673397c9ab93c.png?fit=668%2C445&ssl=1&resize=525%2C300 1.5x"},"classes":[]},{"id":40019,"url":"https:\/\/larevistadigital.com.ar\/blog\/chascomus-se-corrio-la-segunda-carrera-de-calle-del-ano\/","url_meta":{"origin":41454,"position":5},"title":"Chascom\u00fas: Se corri\u00f3 la segunda carrera de calle del a\u00f1o","author":"Alejandro Sosa Ruda","date":"9 junio, 2025","format":false,"excerpt":"Ayer por la ma\u00f1ana m\u00e1s de 150 corredores recorrieron el circuito sobre de Av. Costanera Gran convocatoria en la segunda Carrera de Calle del a\u00f1o, que organiza la Municipalidad de Chascom\u00fas a trav\u00e9s de la Subsecretar\u00eda de Deportes. Con recorridos de 5 y 15 km, hubo chascomunenses en el podio.\u2026","rel":"","context":"En \u00abCHASCOM\u00daS\u00bb","block_context":{"text":"CHASCOM\u00daS","link":"https:\/\/larevistadigital.com.ar\/blog\/category\/chascomus\/"},"img":{"alt_text":"","src":"https:\/\/i0.wp.com\/larevistadigital.com.ar\/blog\/wp-content\/uploads\/6847191f1e8c4.png?fit=668%2C445&ssl=1&resize=350%2C200","width":350,"height":200,"srcset":"https:\/\/i0.wp.com\/larevistadigital.com.ar\/blog\/wp-content\/uploads\/6847191f1e8c4.png?fit=668%2C445&ssl=1&resize=350%2C200 1x, https:\/\/i0.wp.com\/larevistadigital.com.ar\/blog\/wp-content\/uploads\/6847191f1e8c4.png?fit=668%2C445&ssl=1&resize=525%2C300 1.5x"},"classes":[]}],"_links":{"self":[{"href":"https:\/\/larevistadigital.com.ar\/blog\/wp-json\/wp\/v2\/posts\/41454","targetHints":{"allow":["GET"]}}],"collection":[{"href":"https:\/\/larevistadigital.com.ar\/blog\/wp-json\/wp\/v2\/posts"}],"about":[{"href":"https:\/\/larevistadigital.com.ar\/blog\/wp-json\/wp\/v2\/types\/post"}],"author":[{"embeddable":true,"href":"https:\/\/larevistadigital.com.ar\/blog\/wp-json\/wp\/v2\/users\/3"}],"replies":[{"embeddable":true,"href":"https:\/\/larevistadigital.com.ar\/blog\/wp-json\/wp\/v2\/comments?post=41454"}],"version-history":[{"count":1,"href":"https:\/\/larevistadigital.com.ar\/blog\/wp-json\/wp\/v2\/posts\/41454\/revisions"}],"predecessor-version":[{"id":41456,"href":"https:\/\/larevistadigital.com.ar\/blog\/wp-json\/wp\/v2\/posts\/41454\/revisions\/41456"}],"wp:featuredmedia":[{"embeddable":true,"href":"https:\/\/larevistadigital.com.ar\/blog\/wp-json\/wp\/v2\/media\/41455"}],"wp:attachment":[{"href":"https:\/\/larevistadigital.com.ar\/blog\/wp-json\/wp\/v2\/media?parent=41454"}],"wp:term":[{"taxonomy":"category","embeddable":true,"href":"https:\/\/larevistadigital.com.ar\/blog\/wp-json\/wp\/v2\/categories?post=41454"},{"taxonomy":"post_tag","embeddable":true,"href":"https:\/\/larevistadigital.com.ar\/blog\/wp-json\/wp\/v2\/tags?post=41454"}],"curies":[{"name":"wp","href":"https:\/\/api.w.org\/{rel}","templated":true}]}}