{"id":41559,"date":"2025-09-19T20:48:15","date_gmt":"2025-09-19T23:48:15","guid":{"rendered":"https:\/\/larevistadigital.com.ar\/blog\/?p=41559"},"modified":"2025-09-19T20:48:15","modified_gmt":"2025-09-19T23:48:15","slug":"whatsapp-prepara-una-actualizacion-con-publicidad-y-suscripciones","status":"publish","type":"post","link":"https:\/\/larevistadigital.com.ar\/blog\/whatsapp-prepara-una-actualizacion-con-publicidad-y-suscripciones\/","title":{"rendered":"WhatsApp prepara una actualizaci\u00f3n con publicidad y suscripciones"},"content":{"rendered":"<h3 class=\"fparrafo ctext fz18 lh25\">WhatsApp, la aplicaci\u00f3n de mensajer\u00eda m\u00e1s usada del mundo, ultima una nueva actualizaci\u00f3n que promete cambios profundos en su funcionamiento. La plataforma de Meta, que ya re\u00fane a miles de millones de usuarios, busca renovar su propuesta incorporando funciones in\u00e9ditas que modificar\u00e1n la manera en que interactuamos con la app.<\/h3>\n<p>19 de Septiembre de 2025<\/p>\n<p class=\"selectionShareable\">Entre las novedades m\u00e1s destacadas figuran la posible inclusi\u00f3n de publicidad, la creaci\u00f3n de sistemas de suscripci\u00f3n paga y la ampliaci\u00f3n de la pesta\u00f1a \u201cNovedades\u201d, que se convertir\u00e1 en el centro de anuncios, canales y contenidos destacados.<\/p>\n<blockquote>\n<h3 class=\"selectionShareable\">En esta secci\u00f3n se habilitar\u00e1n suscripciones exclusivas que permitir\u00e1n a marcas y creadores monetizar dentro de WhatsApp, junto con canales promocionales pagos para ampliar visibilidad, en l\u00ednea con lo que ofrecen otras redes sociales. Adem\u00e1s, los estados incluir\u00e1n avisos publicitarios, al estilo de las \u201cstories\u201d de Instagram, transformando a la app en un nuevo espacio para el marketing digital.<\/h3>\n<\/blockquote>\n<p class=\"selectionShareable\">Si bien todav\u00eda no hay una fecha confirmada de lanzamiento, se espera que las funciones lleguen con la pr\u00f3xima actualizaci\u00f3n y que, como suele ocurrir, primero est\u00e9n disponibles en versiones beta antes de implementarse de manera global y gradual.<\/p>\n<p class=\"selectionShareable\">Con estos cambios, WhatsApp busca evolucionar hacia un ecosistema m\u00e1s completo, donde la comunicaci\u00f3n se combine con nuevos modelos de consumo de contenidos y publicidad.\u00a0<b>(InfoGEI)Ac<\/b><\/p>\n","protected":false},"excerpt":{"rendered":"<div class=\"mh-excerpt\"><p>WhatsApp, la aplicaci\u00f3n de mensajer\u00eda m\u00e1s usada del mundo, ultima una nueva actualizaci\u00f3n que promete cambios profundos en su funcionamiento. La plataforma de Meta, que ya re\u00fane a miles de millones de usuarios, busca renovar <a class=\"mh-excerpt-more\" href=\"https:\/\/larevistadigital.com.ar\/blog\/whatsapp-prepara-una-actualizacion-con-publicidad-y-suscripciones\/\" title=\"WhatsApp prepara una actualizaci\u00f3n con publicidad y suscripciones\">[Leer M\u00e1s]<\/a><\/p>\n<\/div>","protected":false},"author":3,"featured_media":41560,"comment_status":"open","ping_status":"open","sticky":false,"template":"","format":"standard","meta":{"_jetpack_memberships_contains_paid_content":false,"footnotes":"","jetpack_publicize_message":"","jetpack_publicize_feature_enabled":true,"jetpack_social_post_already_shared":true,"jetpack_social_options":{"image_generator_settings":{"template":"highway","default_image_id":0,"font":"","enabled":false},"version":2}},"categories":[50],"tags":[],"class_list":{"0":"post-41559","1":"post","2":"type-post","3":"status-publish","4":"format-standard","5":"has-post-thumbnail","7":"category-interes-general"},"jetpack_publicize_connections":[],"jetpack_featured_media_url":"https:\/\/i0.wp.com\/larevistadigital.com.ar\/blog\/wp-content\/uploads\/20250919110153_novedades-actualizacion-whatsapp.jpg?fit=880%2C512&ssl=1","jetpack_sharing_enabled":true,"jetpack_shortlink":"https:\/\/wp.me\/p8qtrQ-aOj","jetpack-related-posts":[{"id":43879,"url":"https:\/\/larevistadigital.com.ar\/blog\/estafa-digital-en-general-madariaga-se-hicieron-pasar-por-un-banco-y-robaron-mas-de-425-000\/","url_meta":{"origin":41559,"position":0},"title":"Estafa digital en General Madariaga: se hicieron pasar por un banco y robaron m\u00e1s de $425.000","author":"Alejandro Sosa Ruda","date":"8 febrero, 2026","format":false,"excerpt":"El enga\u00f1o comenz\u00f3 en Facebook y continu\u00f3 por WhatsApp. Madre e hija transfirieron dinero creyendo tramitar un cr\u00e9dito. 08 de febrero de 2026 GENERAL MADARIAGA -\u00a0 \u00a0Un nuevo caso de estafa digital se registr\u00f3 en General Madariaga, donde una mujer y su hija fueron v\u00edctimas de delincuentes que se hicieron\u2026","rel":"","context":"En \u00abPOLICIALES\u00bb","block_context":{"text":"POLICIALES","link":"https:\/\/larevistadigital.com.ar\/blog\/category\/policiales\/"},"img":{"alt_text":"","src":"https:\/\/i0.wp.com\/larevistadigital.com.ar\/blog\/wp-content\/uploads\/Captura-de-pantalla-2026-02-08-170426.jpg?fit=1200%2C561&ssl=1&resize=350%2C200","width":350,"height":200,"srcset":"https:\/\/i0.wp.com\/larevistadigital.com.ar\/blog\/wp-content\/uploads\/Captura-de-pantalla-2026-02-08-170426.jpg?fit=1200%2C561&ssl=1&resize=350%2C200 1x, https:\/\/i0.wp.com\/larevistadigital.com.ar\/blog\/wp-content\/uploads\/Captura-de-pantalla-2026-02-08-170426.jpg?fit=1200%2C561&ssl=1&resize=525%2C300 1.5x, https:\/\/i0.wp.com\/larevistadigital.com.ar\/blog\/wp-content\/uploads\/Captura-de-pantalla-2026-02-08-170426.jpg?fit=1200%2C561&ssl=1&resize=700%2C400 2x, https:\/\/i0.wp.com\/larevistadigital.com.ar\/blog\/wp-content\/uploads\/Captura-de-pantalla-2026-02-08-170426.jpg?fit=1200%2C561&ssl=1&resize=1050%2C600 3x"},"classes":[]},{"id":43654,"url":"https:\/\/larevistadigital.com.ar\/blog\/chascomus-canales-para-prevenir-y-alertar-sobre-situaciones-de-seguridad\/","url_meta":{"origin":41559,"position":1},"title":"Chascom\u00fas: Canales para prevenir y alertar sobre situaciones de seguridad","author":"Alejandro Sosa Ruda","date":"30 enero, 2026","format":false,"excerpt":"La Municipalidad de Chascom\u00fas ofrece a la comunidad diversas herramientas para fortalecer la prevenci\u00f3n del delito. 29 de enero de 2026 CHASCOM\u00daS -\u00a0 \u00a0En el marco del Plan Integral de Seguridad, los vecinos y vecinas tienen a su disposici\u00f3n herramientas tecnol\u00f3gicas y de participaci\u00f3n comunitaria para prevenir y alertar sobre\u2026","rel":"","context":"En \u00abCHASCOM\u00daS\u00bb","block_context":{"text":"CHASCOM\u00daS","link":"https:\/\/larevistadigital.com.ar\/blog\/category\/chascomus\/"},"img":{"alt_text":"","src":"https:\/\/i0.wp.com\/larevistadigital.com.ar\/blog\/wp-content\/uploads\/697b909b5c5d4.png?fit=668%2C445&ssl=1&resize=350%2C200","width":350,"height":200,"srcset":"https:\/\/i0.wp.com\/larevistadigital.com.ar\/blog\/wp-content\/uploads\/697b909b5c5d4.png?fit=668%2C445&ssl=1&resize=350%2C200 1x, https:\/\/i0.wp.com\/larevistadigital.com.ar\/blog\/wp-content\/uploads\/697b909b5c5d4.png?fit=668%2C445&ssl=1&resize=525%2C300 1.5x"},"classes":[]},{"id":14956,"url":"https:\/\/larevistadigital.com.ar\/blog\/cuidado-circulan-contenidos-falsos-de-bonos-alimentos-y-subsidios\/","url_meta":{"origin":41559,"position":2},"title":"\u00a1CUIDADO! CIRCULAN CONTENIDOS FALSOS DE BONOS, ALIMENTOS Y SUBSIDIOS","author":"Alejandro Sosa Ruda","date":"27 marzo, 2020","format":false,"excerpt":"Desde el sitio Chequeado.com, advierten de falsos contenidos que est\u00e1n circulando en estos momentos por las redes. En WhatsApp se difunden cadenas que ofrecen sumas de dinero, alimentos de supermercados o inscripciones a subsidios estatales por formularios de Google. Se trata de anuncios falsos y el objetivo de los contenidos\u2026","rel":"","context":"En \u00abINTERES GENERAL\u00bb","block_context":{"text":"INTERES GENERAL","link":"https:\/\/larevistadigital.com.ar\/blog\/category\/interes-general\/"},"img":{"alt_text":"","src":"https:\/\/i0.wp.com\/larevistadigital.com.ar\/blog\/wp-content\/uploads\/Plantilla-desinformacion-5-1280x549-1.png?fit=1200%2C515&ssl=1&resize=350%2C200","width":350,"height":200,"srcset":"https:\/\/i0.wp.com\/larevistadigital.com.ar\/blog\/wp-content\/uploads\/Plantilla-desinformacion-5-1280x549-1.png?fit=1200%2C515&ssl=1&resize=350%2C200 1x, https:\/\/i0.wp.com\/larevistadigital.com.ar\/blog\/wp-content\/uploads\/Plantilla-desinformacion-5-1280x549-1.png?fit=1200%2C515&ssl=1&resize=525%2C300 1.5x, https:\/\/i0.wp.com\/larevistadigital.com.ar\/blog\/wp-content\/uploads\/Plantilla-desinformacion-5-1280x549-1.png?fit=1200%2C515&ssl=1&resize=700%2C400 2x, https:\/\/i0.wp.com\/larevistadigital.com.ar\/blog\/wp-content\/uploads\/Plantilla-desinformacion-5-1280x549-1.png?fit=1200%2C515&ssl=1&resize=1050%2C600 3x"},"classes":[]},{"id":11685,"url":"https:\/\/larevistadigital.com.ar\/blog\/whatsapp-incorpora-el-modo-oscuro-de-que-se-trata\/","url_meta":{"origin":41559,"position":3},"title":"WHATSAPP INCORPORA EL \u00abMODO OSCURO\u00bb. \u00bfDE QU\u00c9 SE TRATA?","author":"Alejandro Sosa Ruda","date":"2 agosto, 2019","format":false,"excerpt":"Es una funci\u00f3n muy reclamada por usuarios de la mensajer\u00eda WhatsApp anunci\u00f3 que en la pr\u00f3xima actualizaci\u00f3n la aplicaci\u00f3n habilitar\u00e1 el\u201cmodo oscuro\u201d. Se trata de un reclamo de varios usuarios, en especial los que utilizan mucho el servicio de mensajer\u00eda de noche. Esta funci\u00f3n permite\u00a0ahorrar energ\u00eda y ayuda a no\u2026","rel":"","context":"En \u00abINTERES GENERAL\u00bb","block_context":{"text":"INTERES GENERAL","link":"https:\/\/larevistadigital.com.ar\/blog\/category\/interes-general\/"},"img":{"alt_text":"","src":"https:\/\/i0.wp.com\/larevistadigital.com.ar\/blog\/wp-content\/uploads\/Screenshot_3-12.jpg?fit=1039%2C579&ssl=1&resize=350%2C200","width":350,"height":200,"srcset":"https:\/\/i0.wp.com\/larevistadigital.com.ar\/blog\/wp-content\/uploads\/Screenshot_3-12.jpg?fit=1039%2C579&ssl=1&resize=350%2C200 1x, https:\/\/i0.wp.com\/larevistadigital.com.ar\/blog\/wp-content\/uploads\/Screenshot_3-12.jpg?fit=1039%2C579&ssl=1&resize=525%2C300 1.5x, https:\/\/i0.wp.com\/larevistadigital.com.ar\/blog\/wp-content\/uploads\/Screenshot_3-12.jpg?fit=1039%2C579&ssl=1&resize=700%2C400 2x"},"classes":[]},{"id":38851,"url":"https:\/\/larevistadigital.com.ar\/blog\/canales-para-prevenir-y-alertar-sobre-situaciones-de-seguridad\/","url_meta":{"origin":41559,"position":4},"title":"Canales para prevenir y alertar sobre situaciones de seguridad","author":"Alejandro Sosa Ruda","date":"27 febrero, 2025","format":false,"excerpt":"La Municipalidad de Chascom\u00fas cuenta con diversas herramientas para fortalecer la prevenci\u00f3n del delito. En el marco del Plan Integral de Seguridad, los vecinos y vecinas tienen a su disposici\u00f3n herramientas tecnol\u00f3gicas y de participaci\u00f3n comunitaria para prevenir y alertar sobre hechos de inseguridad. La l\u00ednea 103, que funciona durante\u2026","rel":"","context":"En \u00abCHASCOM\u00daS\u00bb","block_context":{"text":"CHASCOM\u00daS","link":"https:\/\/larevistadigital.com.ar\/blog\/category\/chascomus\/"},"img":{"alt_text":"","src":"https:\/\/i0.wp.com\/larevistadigital.com.ar\/blog\/wp-content\/uploads\/67bf4a658edce.png?fit=668%2C445&ssl=1&resize=350%2C200","width":350,"height":200,"srcset":"https:\/\/i0.wp.com\/larevistadigital.com.ar\/blog\/wp-content\/uploads\/67bf4a658edce.png?fit=668%2C445&ssl=1&resize=350%2C200 1x, https:\/\/i0.wp.com\/larevistadigital.com.ar\/blog\/wp-content\/uploads\/67bf4a658edce.png?fit=668%2C445&ssl=1&resize=525%2C300 1.5x"},"classes":[]},{"id":19428,"url":"https:\/\/larevistadigital.com.ar\/blog\/atencion-mercado-libre-advirtio-sobre-un-falso-mensaje-de-whatsapp-para-robar-datos-personales\/","url_meta":{"origin":41559,"position":5},"title":"\u00a1ATENCI\u00d3N! MERCADO LIBRE ADVIRTI\u00d3 SOBRE UN FALSO MENSAJE DE WHATSAPP PARA ROBAR DATOS PERSONALES","author":"Alejandro Sosa Ruda","date":"25 marzo, 2021","format":false,"excerpt":"La empresa emiti\u00f3 un comunicado para advertir a los usuarios sobre la maniobra para quedarse con la informaci\u00f3n. La empresa Mercado Libre advirti\u00f3 sobre un falso mensaje enviado a trav\u00e9s de la plataforma WhatsApp con el objetivo de robar los datos de los usuarios del servicio. \u201cCelebraci\u00f3n del 20 aniversario:\u2026","rel":"","context":"En \u00abINTERES GENERAL\u00bb","block_context":{"text":"INTERES GENERAL","link":"https:\/\/larevistadigital.com.ar\/blog\/category\/interes-general\/"},"img":{"alt_text":"","src":"https:\/\/i0.wp.com\/larevistadigital.com.ar\/blog\/wp-content\/uploads\/804369db9324c785fa35f6141e4f8ae0104a5144.jpg?fit=1140%2C732&ssl=1&resize=350%2C200","width":350,"height":200,"srcset":"https:\/\/i0.wp.com\/larevistadigital.com.ar\/blog\/wp-content\/uploads\/804369db9324c785fa35f6141e4f8ae0104a5144.jpg?fit=1140%2C732&ssl=1&resize=350%2C200 1x, https:\/\/i0.wp.com\/larevistadigital.com.ar\/blog\/wp-content\/uploads\/804369db9324c785fa35f6141e4f8ae0104a5144.jpg?fit=1140%2C732&ssl=1&resize=525%2C300 1.5x, https:\/\/i0.wp.com\/larevistadigital.com.ar\/blog\/wp-content\/uploads\/804369db9324c785fa35f6141e4f8ae0104a5144.jpg?fit=1140%2C732&ssl=1&resize=700%2C400 2x, https:\/\/i0.wp.com\/larevistadigital.com.ar\/blog\/wp-content\/uploads\/804369db9324c785fa35f6141e4f8ae0104a5144.jpg?fit=1140%2C732&ssl=1&resize=1050%2C600 3x"},"classes":[]}],"_links":{"self":[{"href":"https:\/\/larevistadigital.com.ar\/blog\/wp-json\/wp\/v2\/posts\/41559","targetHints":{"allow":["GET"]}}],"collection":[{"href":"https:\/\/larevistadigital.com.ar\/blog\/wp-json\/wp\/v2\/posts"}],"about":[{"href":"https:\/\/larevistadigital.com.ar\/blog\/wp-json\/wp\/v2\/types\/post"}],"author":[{"embeddable":true,"href":"https:\/\/larevistadigital.com.ar\/blog\/wp-json\/wp\/v2\/users\/3"}],"replies":[{"embeddable":true,"href":"https:\/\/larevistadigital.com.ar\/blog\/wp-json\/wp\/v2\/comments?post=41559"}],"version-history":[{"count":1,"href":"https:\/\/larevistadigital.com.ar\/blog\/wp-json\/wp\/v2\/posts\/41559\/revisions"}],"predecessor-version":[{"id":41561,"href":"https:\/\/larevistadigital.com.ar\/blog\/wp-json\/wp\/v2\/posts\/41559\/revisions\/41561"}],"wp:featuredmedia":[{"embeddable":true,"href":"https:\/\/larevistadigital.com.ar\/blog\/wp-json\/wp\/v2\/media\/41560"}],"wp:attachment":[{"href":"https:\/\/larevistadigital.com.ar\/blog\/wp-json\/wp\/v2\/media?parent=41559"}],"wp:term":[{"taxonomy":"category","embeddable":true,"href":"https:\/\/larevistadigital.com.ar\/blog\/wp-json\/wp\/v2\/categories?post=41559"},{"taxonomy":"post_tag","embeddable":true,"href":"https:\/\/larevistadigital.com.ar\/blog\/wp-json\/wp\/v2\/tags?post=41559"}],"curies":[{"name":"wp","href":"https:\/\/api.w.org\/{rel}","templated":true}]}}