{"id":41563,"date":"2025-09-20T18:11:20","date_gmt":"2025-09-20T21:11:20","guid":{"rendered":"https:\/\/larevistadigital.com.ar\/blog\/?p=41563"},"modified":"2025-09-20T18:11:20","modified_gmt":"2025-09-20T21:11:20","slug":"bahia-blanca-detuvieron-a-un-joven-de-24-anos-tras-intentar-robar-cables-en-loma-paraguaya","status":"publish","type":"post","link":"https:\/\/larevistadigital.com.ar\/blog\/bahia-blanca-detuvieron-a-un-joven-de-24-anos-tras-intentar-robar-cables-en-loma-paraguaya\/","title":{"rendered":"Bah\u00eda Blanca: Detuvieron a un joven de 24 a\u00f1os tras intentar robar cables en Loma Paraguaya"},"content":{"rendered":"<h3>El hombre fue identificado por vecinos cuando intentaba sustraer material industrial y qued\u00f3 aprehendido en Arturo Vidal al 900.<\/h3>\n<p>20 de Septiembre de 2025<\/p>\n<p data-start=\"360\" data-end=\"563\"><strong>BAH\u00cdA BLANCA &#8211;\u00a0<\/strong> \u00a0Un joven de 24 a\u00f1os fue detenido este s\u00e1bado por la tarde tras ser sorprendido mientras intentaba robar cables en la empresa <strong data-start=\"497\" data-end=\"530\">Neuhel Servicios Industriales<\/strong>, en la zona de Loma Paraguaya.<\/p>\n<blockquote>\n<h3 data-start=\"565\" data-end=\"808\">El sujeto, identificado como <strong data-start=\"594\" data-end=\"618\">Luis Antonio Navarro<\/strong>, fue advertido por una persona en el momento en que intentaba sustraer el material. Ante la situaci\u00f3n, emprendi\u00f3 la huida descartando lo robado en una ex dependencia municipal del barrio.<\/h3>\n<\/blockquote>\n<p data-start=\"810\" data-end=\"1004\">En su escape, Navarro ingres\u00f3 a distintas propiedades para intentar esconderse, lo que gener\u00f3 preocupaci\u00f3n en los vecinos de la zona, quienes dieron aviso inmediato a las fuerzas de seguridad.<\/p>\n<blockquote>\n<h3 data-start=\"1006\" data-end=\"1165\">Finalmente, personal del <strong data-start=\"1031\" data-end=\"1055\">Comando de Patrullas<\/strong> logr\u00f3 detenerlo en la calle Arturo Vidal al 900, evitando as\u00ed que pudiera continuar con su intento de fuga.<\/h3>\n<\/blockquote>\n<p data-start=\"1167\" data-end=\"1370\">El caso volvi\u00f3 a poner en relieve la importancia de la colaboraci\u00f3n vecinal en la tarea de prevenci\u00f3n y seguridad, ya que la intervenci\u00f3n de los vecinos fue clave para la r\u00e1pida captura del sospechoso.<\/p>\n","protected":false},"excerpt":{"rendered":"<div class=\"mh-excerpt\"><p>El hombre fue identificado por vecinos cuando intentaba sustraer material industrial y qued\u00f3 aprehendido en Arturo Vidal al 900. 20 de Septiembre de 2025 BAH\u00cdA BLANCA &#8211;\u00a0 \u00a0Un joven de 24 a\u00f1os fue detenido este <a class=\"mh-excerpt-more\" href=\"https:\/\/larevistadigital.com.ar\/blog\/bahia-blanca-detuvieron-a-un-joven-de-24-anos-tras-intentar-robar-cables-en-loma-paraguaya\/\" title=\"Bah\u00eda Blanca: Detuvieron a un joven de 24 a\u00f1os tras intentar robar cables en Loma Paraguaya\">[Leer M\u00e1s]<\/a><\/p>\n<\/div>","protected":false},"author":3,"featured_media":41564,"comment_status":"open","ping_status":"open","sticky":false,"template":"","format":"standard","meta":{"_jetpack_memberships_contains_paid_content":false,"footnotes":"","jetpack_publicize_message":"","jetpack_publicize_feature_enabled":true,"jetpack_social_post_already_shared":true,"jetpack_social_options":{"image_generator_settings":{"template":"highway","default_image_id":0,"font":"","enabled":false},"version":2}},"categories":[44,51],"tags":[],"class_list":{"0":"post-41563","1":"post","2":"type-post","3":"status-publish","4":"format-standard","5":"has-post-thumbnail","7":"category-policiales","8":"category-regionales"},"jetpack_publicize_connections":[],"jetpack_featured_media_url":"https:\/\/i0.wp.com\/larevistadigital.com.ar\/blog\/wp-content\/uploads\/Captura-de-pantalla-2025-09-20-181036.jpg?fit=683%2C416&ssl=1","jetpack_sharing_enabled":true,"jetpack_shortlink":"https:\/\/wp.me\/p8qtrQ-aOn","jetpack-related-posts":[{"id":24100,"url":"https:\/\/larevistadigital.com.ar\/blog\/amenazaba-con-un-cuchillo-a-los-vecinos-quiso-robar-una-moto-y-lo-detuvieron\/","url_meta":{"origin":41563,"position":0},"title":"AMENAZABA CON UN CUCHILLO A LOS VECINOS, QUISO ROBAR UNA MOTO Y LO DETUVIERON","author":"Alejandro Sosa Ruda","date":"18 febrero, 2022","format":false,"excerpt":"Ocurri\u00f3 en las \u00faltimas horas en Altos de San Lorenzo. La Polic\u00eda recibi\u00f3 varias denuncias y lo fue a buscar. Lo capturaron\u00a0mientras intentaba escapar corriendo. LA PLATA -\u00a0 Un joven de 17 a\u00f1os que estaba\u00a0armado con un cuchillo\u00a0fue detenido\u00a0y puesto a disposici\u00f3n de la justicia acusado de amenazar a transe\u00fantes,\u2026","rel":"","context":"En \u00abPOLICIALES\u00bb","block_context":{"text":"POLICIALES","link":"https:\/\/larevistadigital.com.ar\/blog\/category\/policiales\/"},"img":{"alt_text":"","src":"https:\/\/i0.wp.com\/larevistadigital.com.ar\/blog\/wp-content\/uploads\/Polic%C3%ADa-Bonaerense-Patrulleros-3.jpg?fit=772%2C434&ssl=1&resize=350%2C200","width":350,"height":200,"srcset":"https:\/\/i0.wp.com\/larevistadigital.com.ar\/blog\/wp-content\/uploads\/Polic%C3%ADa-Bonaerense-Patrulleros-3.jpg?fit=772%2C434&ssl=1&resize=350%2C200 1x, https:\/\/i0.wp.com\/larevistadigital.com.ar\/blog\/wp-content\/uploads\/Polic%C3%ADa-Bonaerense-Patrulleros-3.jpg?fit=772%2C434&ssl=1&resize=525%2C300 1.5x, https:\/\/i0.wp.com\/larevistadigital.com.ar\/blog\/wp-content\/uploads\/Polic%C3%ADa-Bonaerense-Patrulleros-3.jpg?fit=772%2C434&ssl=1&resize=700%2C400 2x"},"classes":[]},{"id":37314,"url":"https:\/\/larevistadigital.com.ar\/blog\/chascomus-detienen-a-un-joven-cuando-intentaba-robar-una-moto\/","url_meta":{"origin":41563,"position":1},"title":"CHASCOM\u00daS: Detienen a un joven cuando intentaba robar una moto","author":"Alejandro Sosa Ruda","date":"25 septiembre, 2024","format":false,"excerpt":"El detenido tiene 18 a\u00f1os de edad y qued\u00f3 alojado en la Comisar\u00eda 1ra. 25 de Septiembre de 2024 CHASCOM\u00daS -\u00a0 En horas del mediodia del dia Domingo, personal policial de E.P.C. Chascomus 1ra. procedio a aprehender a un muchacho de 18 a\u00f1os, en momentos en que el mismo intentaba\u2026","rel":"","context":"En \u00abINTERES GENERAL\u00bb","block_context":{"text":"INTERES GENERAL","link":"https:\/\/larevistadigital.com.ar\/blog\/category\/interes-general\/"},"img":{"alt_text":"","src":"https:\/\/i0.wp.com\/larevistadigital.com.ar\/blog\/wp-content\/uploads\/20220821171121_auto-policial-bernal.jpg?fit=880%2C512&ssl=1&resize=350%2C200","width":350,"height":200,"srcset":"https:\/\/i0.wp.com\/larevistadigital.com.ar\/blog\/wp-content\/uploads\/20220821171121_auto-policial-bernal.jpg?fit=880%2C512&ssl=1&resize=350%2C200 1x, https:\/\/i0.wp.com\/larevistadigital.com.ar\/blog\/wp-content\/uploads\/20220821171121_auto-policial-bernal.jpg?fit=880%2C512&ssl=1&resize=525%2C300 1.5x, https:\/\/i0.wp.com\/larevistadigital.com.ar\/blog\/wp-content\/uploads\/20220821171121_auto-policial-bernal.jpg?fit=880%2C512&ssl=1&resize=700%2C400 2x"},"classes":[]},{"id":33614,"url":"https:\/\/larevistadigital.com.ar\/blog\/la-policia-comunal-recibio-un-llamado-y-aprehendio-a-un-joven-de-17-anos-que-intentaba-robar-una-moto\/","url_meta":{"origin":41563,"position":2},"title":"LA POLIC\u00cdA COMUNAL RECIBI\u00d3 UN LLAMADO Y APREHENDI\u00d3 A UN JOVEN DE 17 A\u00d1OS QUE INTENTABA ROBAR UNA MOTO.","author":"Alejandro Sosa Ruda","date":"25 septiembre, 2023","format":false,"excerpt":"La justicia penal juvenil dispuso reintegrarlo a sus padres. 25 de Septiembre de 2023 CHASCOM\u00daS -\u00a0 En horas de la madrugada del d\u00eda domingo 24, personal policial se encontraba recorriendo la jurisdicci\u00f3n cuando tom\u00f3 conocimiento de la sustracci\u00f3n de una motocicleta que se encontraba en un domicilio de calle Tucum\u00e1n.\u2026","rel":"","context":"En \u00abPOLICIALES\u00bb","block_context":{"text":"POLICIALES","link":"https:\/\/larevistadigital.com.ar\/blog\/category\/policiales\/"},"img":{"alt_text":"","src":"https:\/\/i0.wp.com\/larevistadigital.com.ar\/blog\/wp-content\/uploads\/WhatsApp-Image-2023-09-25-at-20.16.26-2.jpeg?fit=675%2C1200&ssl=1&resize=350%2C200","width":350,"height":200,"srcset":"https:\/\/i0.wp.com\/larevistadigital.com.ar\/blog\/wp-content\/uploads\/WhatsApp-Image-2023-09-25-at-20.16.26-2.jpeg?fit=675%2C1200&ssl=1&resize=350%2C200 1x, https:\/\/i0.wp.com\/larevistadigital.com.ar\/blog\/wp-content\/uploads\/WhatsApp-Image-2023-09-25-at-20.16.26-2.jpeg?fit=675%2C1200&ssl=1&resize=525%2C300 1.5x"},"classes":[]},{"id":23363,"url":"https:\/\/larevistadigital.com.ar\/blog\/video-vecinos-atrapan-a-ladron-cuando-intentaba-robar\/","url_meta":{"origin":41563,"position":3},"title":"[VIDEO] VECINOS ATRAPAN A LADR\u00d3N CUANDO INTENTABA ROBAR","author":"Alejandro Sosa Ruda","date":"14 enero, 2022","format":false,"excerpt":"Durante la jornada, un conocido delincuente menor de edad, fue descubierto por los vecinos cuando pretend\u00eda cometer un il\u00edcito, lo que desat\u00f3 la furia de la gente, que pudo detener al ladr\u00f3n. Luego de golpearlo y reducirlo, llamaron a la polic\u00eda que detuvo al caco, quedando el mismo internado como\u2026","rel":"","context":"En \u00abCHASCOM\u00daS\u00bb","block_context":{"text":"CHASCOM\u00daS","link":"https:\/\/larevistadigital.com.ar\/blog\/category\/chascomus\/"},"img":{"alt_text":"","src":"https:\/\/i0.wp.com\/larevistadigital.com.ar\/blog\/wp-content\/uploads\/Captura-36.png?fit=767%2C793&ssl=1&resize=350%2C200","width":350,"height":200,"srcset":"https:\/\/i0.wp.com\/larevistadigital.com.ar\/blog\/wp-content\/uploads\/Captura-36.png?fit=767%2C793&ssl=1&resize=350%2C200 1x, https:\/\/i0.wp.com\/larevistadigital.com.ar\/blog\/wp-content\/uploads\/Captura-36.png?fit=767%2C793&ssl=1&resize=525%2C300 1.5x, https:\/\/i0.wp.com\/larevistadigital.com.ar\/blog\/wp-content\/uploads\/Captura-36.png?fit=767%2C793&ssl=1&resize=700%2C400 2x"},"classes":[]},{"id":35256,"url":"https:\/\/larevistadigital.com.ar\/blog\/chascomus-la-policia-comunal-aprehendio-a-un-sujeto-que-intentaba-robar-un-auto\/","url_meta":{"origin":41563,"position":4},"title":"CHASCOM\u00daS: LA POLIC\u00cdA COMUNAL APREHENDI\u00d3 A UN SUJETO QUE INTENTABA ROBAR UN AUTO","author":"Alejandro Sosa Ruda","date":"14 febrero, 2024","format":false,"excerpt":"La aprehensi\u00f3n se transform\u00f3 en detenci\u00f3n y el sujeto est\u00e1 alojado en la comisar\u00eda primera. CHASCOM\u00daS -\u00a0 En el dia de ayer en horas de la ma\u00f1ana, personal policial de E.P.C. Chascomus 1ra. procedi\u00f3 a aprehender a una persona mayor de esta localidad, en momentos en que el mismo intentaba\u2026","rel":"","context":"En \u00abDESTACADAS\u00bb","block_context":{"text":"DESTACADAS","link":"https:\/\/larevistadigital.com.ar\/blog\/category\/destacadas\/"},"img":{"alt_text":"","src":"https:\/\/i0.wp.com\/larevistadigital.com.ar\/blog\/wp-content\/uploads\/WhatsApp-Image-2024-02-14-at-20.12.05-e1707953058506.jpeg?fit=874%2C512&ssl=1&resize=350%2C200","width":350,"height":200,"srcset":"https:\/\/i0.wp.com\/larevistadigital.com.ar\/blog\/wp-content\/uploads\/WhatsApp-Image-2024-02-14-at-20.12.05-e1707953058506.jpeg?fit=874%2C512&ssl=1&resize=350%2C200 1x, https:\/\/i0.wp.com\/larevistadigital.com.ar\/blog\/wp-content\/uploads\/WhatsApp-Image-2024-02-14-at-20.12.05-e1707953058506.jpeg?fit=874%2C512&ssl=1&resize=525%2C300 1.5x, https:\/\/i0.wp.com\/larevistadigital.com.ar\/blog\/wp-content\/uploads\/WhatsApp-Image-2024-02-14-at-20.12.05-e1707953058506.jpeg?fit=874%2C512&ssl=1&resize=700%2C400 2x"},"classes":[]},{"id":38874,"url":"https:\/\/larevistadigital.com.ar\/blog\/chascomus-personal-de-la-patrulla-de-prevencion-municipal-descubre-un-joven-que-intentaba-robar-un-auto-y-la-policia-lo-detuvo\/","url_meta":{"origin":41563,"position":5},"title":"Chascom\u00fas: Personal de la patrulla de prevenci\u00f3n municipal descubre un joven que intentaba robar un auto, y la polic\u00eda lo detuvo.","author":"Alejandro Sosa Ruda","date":"27 febrero, 2025","format":false,"excerpt":"Se trat\u00f3 de un joven de 17 a\u00f1os, que fue entregado a sus padres... 27 de Febrero de 2025 CHASCOM\u00daS -\u00a0 En horas de la madrugada del d\u00eda de la fecha, personal de la Patrulla de Prevenci\u00f3n Municipal, detect\u00f3 movimientos extra\u00f1os dentro de un veh\u00edculo estacionado en la calle Mendoza\u2026","rel":"","context":"En \u00abINTERES GENERAL\u00bb","block_context":{"text":"INTERES GENERAL","link":"https:\/\/larevistadigital.com.ar\/blog\/category\/interes-general\/"},"img":{"alt_text":"","src":"https:\/\/i0.wp.com\/larevistadigital.com.ar\/blog\/wp-content\/uploads\/policia-24-9-2021-4.jpg?fit=1199%2C1200&ssl=1&resize=350%2C200","width":350,"height":200,"srcset":"https:\/\/i0.wp.com\/larevistadigital.com.ar\/blog\/wp-content\/uploads\/policia-24-9-2021-4.jpg?fit=1199%2C1200&ssl=1&resize=350%2C200 1x, https:\/\/i0.wp.com\/larevistadigital.com.ar\/blog\/wp-content\/uploads\/policia-24-9-2021-4.jpg?fit=1199%2C1200&ssl=1&resize=525%2C300 1.5x, https:\/\/i0.wp.com\/larevistadigital.com.ar\/blog\/wp-content\/uploads\/policia-24-9-2021-4.jpg?fit=1199%2C1200&ssl=1&resize=700%2C400 2x, https:\/\/i0.wp.com\/larevistadigital.com.ar\/blog\/wp-content\/uploads\/policia-24-9-2021-4.jpg?fit=1199%2C1200&ssl=1&resize=1050%2C600 3x"},"classes":[]}],"_links":{"self":[{"href":"https:\/\/larevistadigital.com.ar\/blog\/wp-json\/wp\/v2\/posts\/41563","targetHints":{"allow":["GET"]}}],"collection":[{"href":"https:\/\/larevistadigital.com.ar\/blog\/wp-json\/wp\/v2\/posts"}],"about":[{"href":"https:\/\/larevistadigital.com.ar\/blog\/wp-json\/wp\/v2\/types\/post"}],"author":[{"embeddable":true,"href":"https:\/\/larevistadigital.com.ar\/blog\/wp-json\/wp\/v2\/users\/3"}],"replies":[{"embeddable":true,"href":"https:\/\/larevistadigital.com.ar\/blog\/wp-json\/wp\/v2\/comments?post=41563"}],"version-history":[{"count":1,"href":"https:\/\/larevistadigital.com.ar\/blog\/wp-json\/wp\/v2\/posts\/41563\/revisions"}],"predecessor-version":[{"id":41565,"href":"https:\/\/larevistadigital.com.ar\/blog\/wp-json\/wp\/v2\/posts\/41563\/revisions\/41565"}],"wp:featuredmedia":[{"embeddable":true,"href":"https:\/\/larevistadigital.com.ar\/blog\/wp-json\/wp\/v2\/media\/41564"}],"wp:attachment":[{"href":"https:\/\/larevistadigital.com.ar\/blog\/wp-json\/wp\/v2\/media?parent=41563"}],"wp:term":[{"taxonomy":"category","embeddable":true,"href":"https:\/\/larevistadigital.com.ar\/blog\/wp-json\/wp\/v2\/categories?post=41563"},{"taxonomy":"post_tag","embeddable":true,"href":"https:\/\/larevistadigital.com.ar\/blog\/wp-json\/wp\/v2\/tags?post=41563"}],"curies":[{"name":"wp","href":"https:\/\/api.w.org\/{rel}","templated":true}]}}