{"id":41566,"date":"2025-09-20T18:17:10","date_gmt":"2025-09-20T21:17:10","guid":{"rendered":"https:\/\/larevistadigital.com.ar\/blog\/?p=41566"},"modified":"2025-09-20T18:17:10","modified_gmt":"2025-09-20T21:17:10","slug":"bahia-blanca-un-hombre-fue-detenido-tras-agredir-a-su-expareja-y-amenazarla-con-un-hacha","status":"publish","type":"post","link":"https:\/\/larevistadigital.com.ar\/blog\/bahia-blanca-un-hombre-fue-detenido-tras-agredir-a-su-expareja-y-amenazarla-con-un-hacha\/","title":{"rendered":"Bah\u00eda Blanca: Un hombre fue detenido tras agredir a su expareja y amenazarla con un hacha"},"content":{"rendered":"<h3>El episodio ocurri\u00f3 anoche en la zona de Herminia Abat al 3500; el agresor de 43 a\u00f1os fue arrestado luego de resistirse al procedimiento policial.<\/h3>\n<p>20 de Septiembre de 2025<\/p>\n<p data-start=\"380\" data-end=\"561\"><strong>BAH\u00cdA BLANCA &#8211;<\/strong>\u00a0 \u00a0Un violento episodio de violencia de g\u00e9nero ocurri\u00f3 anoche en la ciudad, cuando un hombre de 43 a\u00f1os fue arrestado tras atacar a su expareja y amenazarla con un hacha.<\/p>\n<blockquote>\n<h3 data-start=\"563\" data-end=\"826\">El hecho se registr\u00f3 poco antes de las 20 horas, cuando un llamado al 911 alert\u00f3 a las fuerzas de seguridad sobre la situaci\u00f3n. Personal del <strong data-start=\"704\" data-end=\"728\">Comando de Patrullas<\/strong> se dirigi\u00f3 de inmediato a la zona de <strong data-start=\"766\" data-end=\"791\">Herminia Abat al 3500<\/strong>, donde interceptaron al acusado.<\/h3>\n<\/blockquote>\n<p data-start=\"828\" data-end=\"1050\">Seg\u00fan informaron las fuentes oficiales, el hombre hab\u00eda agredido a la mujer con golpes de pu\u00f1o y luego la amenaz\u00f3 con la herramienta. Al momento de ser abordado por la polic\u00eda intent\u00f3 huir y se resisti\u00f3 al procedimiento.<\/p>\n<blockquote>\n<h3 data-start=\"1052\" data-end=\"1273\">Finalmente, fue reducido y trasladado a la dependencia correspondiente. Por el caso se iniciaron actuaciones judiciales bajo las car\u00e1tulas de <strong data-start=\"1194\" data-end=\"1270\">desobediencia, resistencia a la autoridad, lesiones y amenazas agravadas<\/strong>.<\/h3>\n<\/blockquote>\n<p data-start=\"1275\" data-end=\"1473\">El episodio vuelve a poner en agenda la necesidad de reforzar los mecanismos de prevenci\u00f3n y contenci\u00f3n en situaciones de violencia de g\u00e9nero, un problema que persiste con gravedad en la sociedad.<\/p>\n","protected":false},"excerpt":{"rendered":"<div class=\"mh-excerpt\"><p>El episodio ocurri\u00f3 anoche en la zona de Herminia Abat al 3500; el agresor de 43 a\u00f1os fue arrestado luego de resistirse al procedimiento policial. 20 de Septiembre de 2025 BAH\u00cdA BLANCA &#8211;\u00a0 \u00a0Un violento <a class=\"mh-excerpt-more\" href=\"https:\/\/larevistadigital.com.ar\/blog\/bahia-blanca-un-hombre-fue-detenido-tras-agredir-a-su-expareja-y-amenazarla-con-un-hacha\/\" title=\"Bah\u00eda Blanca: Un hombre fue detenido tras agredir a su expareja y amenazarla con un hacha\">[Leer M\u00e1s]<\/a><\/p>\n<\/div>","protected":false},"author":3,"featured_media":14492,"comment_status":"open","ping_status":"open","sticky":false,"template":"","format":"standard","meta":{"_jetpack_memberships_contains_paid_content":false,"footnotes":"","jetpack_publicize_message":"","jetpack_publicize_feature_enabled":true,"jetpack_social_post_already_shared":true,"jetpack_social_options":{"image_generator_settings":{"template":"highway","default_image_id":0,"font":"","enabled":false},"version":2}},"categories":[44,51],"tags":[],"class_list":{"0":"post-41566","1":"post","2":"type-post","3":"status-publish","4":"format-standard","5":"has-post-thumbnail","7":"category-policiales","8":"category-regionales"},"jetpack_publicize_connections":[],"jetpack_featured_media_url":"https:\/\/i0.wp.com\/larevistadigital.com.ar\/blog\/wp-content\/uploads\/Polic%C3%ADa-Bonaerense-Patrulleros-3.jpg?fit=772%2C434&ssl=1","jetpack_sharing_enabled":true,"jetpack_shortlink":"https:\/\/wp.me\/p8qtrQ-aOq","jetpack-related-posts":[{"id":44523,"url":"https:\/\/larevistadigital.com.ar\/blog\/femicidio-en-general-lavalle-una-mujer-fue-asesinada-y-detuvieron-a-su-expareja\/","url_meta":{"origin":41566,"position":0},"title":"Femicidio en General Lavalle: una mujer fue asesinada y detuvieron a su expareja","author":"Alejandro Sosa Ruda","date":"16 marzo, 2026","format":false,"excerpt":"La v\u00edctima ten\u00eda 43 a\u00f1os y trabajaba en el municipio. El principal sospechoso fue detenido tras presentar manchas de sangre y lesiones en su cuerpo. 16 de marzo de 2026 GENERAL LAVALLE -\u00a0 \u00a0Un brutal femicidio conmociona por estas horas a la comunidad de General Lavalle, donde una mujer de\u2026","rel":"","context":"En \u00abPOLICIALES\u00bb","block_context":{"text":"POLICIALES","link":"https:\/\/larevistadigital.com.ar\/blog\/category\/policiales\/"},"img":{"alt_text":"","src":"https:\/\/i0.wp.com\/larevistadigital.com.ar\/blog\/wp-content\/uploads\/3c2a9039716f4573c7e9084d9ee765cb8f251475.jpg?fit=1140%2C759&ssl=1&resize=350%2C200","width":350,"height":200,"srcset":"https:\/\/i0.wp.com\/larevistadigital.com.ar\/blog\/wp-content\/uploads\/3c2a9039716f4573c7e9084d9ee765cb8f251475.jpg?fit=1140%2C759&ssl=1&resize=350%2C200 1x, https:\/\/i0.wp.com\/larevistadigital.com.ar\/blog\/wp-content\/uploads\/3c2a9039716f4573c7e9084d9ee765cb8f251475.jpg?fit=1140%2C759&ssl=1&resize=525%2C300 1.5x, https:\/\/i0.wp.com\/larevistadigital.com.ar\/blog\/wp-content\/uploads\/3c2a9039716f4573c7e9084d9ee765cb8f251475.jpg?fit=1140%2C759&ssl=1&resize=700%2C400 2x, https:\/\/i0.wp.com\/larevistadigital.com.ar\/blog\/wp-content\/uploads\/3c2a9039716f4573c7e9084d9ee765cb8f251475.jpg?fit=1140%2C759&ssl=1&resize=1050%2C600 3x"},"classes":[]},{"id":31858,"url":"https:\/\/larevistadigital.com.ar\/blog\/bahia-blanca-una-ambulancia-choco-cuando-trasladaba-a-un-paciente-de-urgencia\/","url_meta":{"origin":41566,"position":1},"title":"BAH\u00cdA BLANCA: UNA AMBULANCIA CHOC\u00d3 CUANDO TRASLADABA A UN PACIENTE DE URGENCIA","author":"Alejandro Sosa Ruda","date":"5 junio, 2023","format":false,"excerpt":"Un joven de 19 a\u00f1os estaba siendo trasladado tras volcar con su camioneta. En el trayecto, la ambulancia colision\u00f3 contra un veh\u00edculo. 4 de Junio de 2023 BAH\u00cdA BLANCA -\u00a0 Un paciente grave, que hab\u00eda volcado con su camioneta junto a su esposa e hijo de 3 meses, fue trasladado\u2026","rel":"","context":"En \u00abPOLICIALES\u00bb","block_context":{"text":"POLICIALES","link":"https:\/\/larevistadigital.com.ar\/blog\/category\/policiales\/"},"img":{"alt_text":"","src":"https:\/\/i0.wp.com\/larevistadigital.com.ar\/blog\/wp-content\/uploads\/ambu.jpg?fit=1200%2C720&ssl=1&resize=350%2C200","width":350,"height":200,"srcset":"https:\/\/i0.wp.com\/larevistadigital.com.ar\/blog\/wp-content\/uploads\/ambu.jpg?fit=1200%2C720&ssl=1&resize=350%2C200 1x, https:\/\/i0.wp.com\/larevistadigital.com.ar\/blog\/wp-content\/uploads\/ambu.jpg?fit=1200%2C720&ssl=1&resize=525%2C300 1.5x, https:\/\/i0.wp.com\/larevistadigital.com.ar\/blog\/wp-content\/uploads\/ambu.jpg?fit=1200%2C720&ssl=1&resize=700%2C400 2x, https:\/\/i0.wp.com\/larevistadigital.com.ar\/blog\/wp-content\/uploads\/ambu.jpg?fit=1200%2C720&ssl=1&resize=1050%2C600 3x"},"classes":[]},{"id":32632,"url":"https:\/\/larevistadigital.com.ar\/blog\/hecho-macabro-en-bahia-blanca-un-hombre-murio-de-un-paro-cardiaco-y-fue-mutilado-por-sus-propios-perros\/","url_meta":{"origin":41566,"position":2},"title":"HECHO MACABRO EN BAH\u00cdA BLANCA: UN HOMBRE MURI\u00d3 DE UN PARO CARD\u00cdACO Y FUE MUTILADO POR SUS PROPIOS PERROS","author":"Alejandro Sosa Ruda","date":"28 julio, 2023","format":false,"excerpt":"La v\u00edctima, de 76 a\u00f1os, fue hallada por un vecino. Al parecer como los animales se quedaron sin alimento, le comieron parte de sus brazos y la cabeza a su due\u00f1o. 27 de julio de 2023 BAH\u00cdA BLANCA\u00a0 -\u00a0 \u00a0En las \u00faltimas horas, ocurri\u00f3 un aberrante hecho en una casa\u2026","rel":"","context":"En \u00abPOLICIALES\u00bb","block_context":{"text":"POLICIALES","link":"https:\/\/larevistadigital.com.ar\/blog\/category\/policiales\/"},"img":{"alt_text":"","src":"https:\/\/i0.wp.com\/larevistadigital.com.ar\/blog\/wp-content\/uploads\/20230726175858_pol.jpg?fit=880%2C512&ssl=1&resize=350%2C200","width":350,"height":200,"srcset":"https:\/\/i0.wp.com\/larevistadigital.com.ar\/blog\/wp-content\/uploads\/20230726175858_pol.jpg?fit=880%2C512&ssl=1&resize=350%2C200 1x, https:\/\/i0.wp.com\/larevistadigital.com.ar\/blog\/wp-content\/uploads\/20230726175858_pol.jpg?fit=880%2C512&ssl=1&resize=525%2C300 1.5x, https:\/\/i0.wp.com\/larevistadigital.com.ar\/blog\/wp-content\/uploads\/20230726175858_pol.jpg?fit=880%2C512&ssl=1&resize=700%2C400 2x"},"classes":[]},{"id":23841,"url":"https:\/\/larevistadigital.com.ar\/blog\/pastor-evangelico-fue-enviado-a-juicio-por-abuso-de-la-hija-de-su-ex-pareja\/","url_meta":{"origin":41566,"position":3},"title":"PASTOR EVANG\u00c9LICO FUE ENVIADO A JUICIO POR ABUSO DE LA HIJA DE SU EX PAREJA","author":"Alejandro Sosa Ruda","date":"5 febrero, 2022","format":false,"excerpt":"Un pastor evang\u00e9lico ser\u00e1 juzgado por el abuso de la hija de su expareja en un juicio por jurados que llevar\u00e1 a cabo un Tribunal en lo Criminal de Bah\u00eda Blanca, entre el 18 y 22 de abril. La causa estuvo a cargo de la agente fiscal de Delitos Sexuales,\u2026","rel":"","context":"En \u00abINTERES GENERAL\u00bb","block_context":{"text":"INTERES GENERAL","link":"https:\/\/larevistadigital.com.ar\/blog\/category\/interes-general\/"},"img":{"alt_text":"","src":"https:\/\/i0.wp.com\/larevistadigital.com.ar\/blog\/wp-content\/uploads\/20220204102151_pastor-evangelico-abuso-hija-expareja.jpg?fit=880%2C512&ssl=1&resize=350%2C200","width":350,"height":200,"srcset":"https:\/\/i0.wp.com\/larevistadigital.com.ar\/blog\/wp-content\/uploads\/20220204102151_pastor-evangelico-abuso-hija-expareja.jpg?fit=880%2C512&ssl=1&resize=350%2C200 1x, https:\/\/i0.wp.com\/larevistadigital.com.ar\/blog\/wp-content\/uploads\/20220204102151_pastor-evangelico-abuso-hija-expareja.jpg?fit=880%2C512&ssl=1&resize=525%2C300 1.5x, https:\/\/i0.wp.com\/larevistadigital.com.ar\/blog\/wp-content\/uploads\/20220204102151_pastor-evangelico-abuso-hija-expareja.jpg?fit=880%2C512&ssl=1&resize=700%2C400 2x"},"classes":[]},{"id":41563,"url":"https:\/\/larevistadigital.com.ar\/blog\/bahia-blanca-detuvieron-a-un-joven-de-24-anos-tras-intentar-robar-cables-en-loma-paraguaya\/","url_meta":{"origin":41566,"position":4},"title":"Bah\u00eda Blanca: Detuvieron a un joven de 24 a\u00f1os tras intentar robar cables en Loma Paraguaya","author":"Alejandro Sosa Ruda","date":"20 septiembre, 2025","format":false,"excerpt":"El hombre fue identificado por vecinos cuando intentaba sustraer material industrial y qued\u00f3 aprehendido en Arturo Vidal al 900. 20 de Septiembre de 2025 BAH\u00cdA BLANCA -\u00a0 \u00a0Un joven de 24 a\u00f1os fue detenido este s\u00e1bado por la tarde tras ser sorprendido mientras intentaba robar cables en la empresa Neuhel\u2026","rel":"","context":"En \u00abPOLICIALES\u00bb","block_context":{"text":"POLICIALES","link":"https:\/\/larevistadigital.com.ar\/blog\/category\/policiales\/"},"img":{"alt_text":"","src":"https:\/\/i0.wp.com\/larevistadigital.com.ar\/blog\/wp-content\/uploads\/Captura-de-pantalla-2025-09-20-181036.jpg?fit=683%2C416&ssl=1&resize=350%2C200","width":350,"height":200,"srcset":"https:\/\/i0.wp.com\/larevistadigital.com.ar\/blog\/wp-content\/uploads\/Captura-de-pantalla-2025-09-20-181036.jpg?fit=683%2C416&ssl=1&resize=350%2C200 1x, https:\/\/i0.wp.com\/larevistadigital.com.ar\/blog\/wp-content\/uploads\/Captura-de-pantalla-2025-09-20-181036.jpg?fit=683%2C416&ssl=1&resize=525%2C300 1.5x"},"classes":[]},{"id":27965,"url":"https:\/\/larevistadigital.com.ar\/blog\/bahia-blanca-un-hombre-cayo-de-4-metros-de-altura\/","url_meta":{"origin":41566,"position":5},"title":"BAH\u00cdA BLANCA: UN HOMBRE CAY\u00d3 DE 4 METROS DE ALTURA","author":"Alejandro Sosa Ruda","date":"21 septiembre, 2022","format":false,"excerpt":"El hecho ocurri\u00f3 a las 10.50 en Zelarrayan y Rodr\u00edguez. Afortunadamente sobrevivi\u00f3 a la ca\u00edda. 21 de septiembre de 2022 BAH\u00cdA BLANCA -\u00a0 Se trata de un obrero de 35 a\u00f1os que estaba haciendo trabajos de reparaci\u00f3n en el techo de un local. Fue trasladado consciente con dolores lumbar y\u2026","rel":"","context":"En \u00abPOLICIALES\u00bb","block_context":{"text":"POLICIALES","link":"https:\/\/larevistadigital.com.ar\/blog\/category\/policiales\/"},"img":{"alt_text":"","src":"https:\/\/i0.wp.com\/larevistadigital.com.ar\/blog\/wp-content\/uploads\/WhatsApp-Image-2022-09-20-at-14.27.13.jpeg?fit=720%2C471&ssl=1&resize=350%2C200","width":350,"height":200,"srcset":"https:\/\/i0.wp.com\/larevistadigital.com.ar\/blog\/wp-content\/uploads\/WhatsApp-Image-2022-09-20-at-14.27.13.jpeg?fit=720%2C471&ssl=1&resize=350%2C200 1x, https:\/\/i0.wp.com\/larevistadigital.com.ar\/blog\/wp-content\/uploads\/WhatsApp-Image-2022-09-20-at-14.27.13.jpeg?fit=720%2C471&ssl=1&resize=525%2C300 1.5x, https:\/\/i0.wp.com\/larevistadigital.com.ar\/blog\/wp-content\/uploads\/WhatsApp-Image-2022-09-20-at-14.27.13.jpeg?fit=720%2C471&ssl=1&resize=700%2C400 2x"},"classes":[]}],"_links":{"self":[{"href":"https:\/\/larevistadigital.com.ar\/blog\/wp-json\/wp\/v2\/posts\/41566","targetHints":{"allow":["GET"]}}],"collection":[{"href":"https:\/\/larevistadigital.com.ar\/blog\/wp-json\/wp\/v2\/posts"}],"about":[{"href":"https:\/\/larevistadigital.com.ar\/blog\/wp-json\/wp\/v2\/types\/post"}],"author":[{"embeddable":true,"href":"https:\/\/larevistadigital.com.ar\/blog\/wp-json\/wp\/v2\/users\/3"}],"replies":[{"embeddable":true,"href":"https:\/\/larevistadigital.com.ar\/blog\/wp-json\/wp\/v2\/comments?post=41566"}],"version-history":[{"count":1,"href":"https:\/\/larevistadigital.com.ar\/blog\/wp-json\/wp\/v2\/posts\/41566\/revisions"}],"predecessor-version":[{"id":41567,"href":"https:\/\/larevistadigital.com.ar\/blog\/wp-json\/wp\/v2\/posts\/41566\/revisions\/41567"}],"wp:featuredmedia":[{"embeddable":true,"href":"https:\/\/larevistadigital.com.ar\/blog\/wp-json\/wp\/v2\/media\/14492"}],"wp:attachment":[{"href":"https:\/\/larevistadigital.com.ar\/blog\/wp-json\/wp\/v2\/media?parent=41566"}],"wp:term":[{"taxonomy":"category","embeddable":true,"href":"https:\/\/larevistadigital.com.ar\/blog\/wp-json\/wp\/v2\/categories?post=41566"},{"taxonomy":"post_tag","embeddable":true,"href":"https:\/\/larevistadigital.com.ar\/blog\/wp-json\/wp\/v2\/tags?post=41566"}],"curies":[{"name":"wp","href":"https:\/\/api.w.org\/{rel}","templated":true}]}}