{"id":41568,"date":"2025-09-20T18:32:11","date_gmt":"2025-09-20T21:32:11","guid":{"rendered":"https:\/\/larevistadigital.com.ar\/blog\/?p=41568"},"modified":"2025-09-20T18:32:11","modified_gmt":"2025-09-20T21:32:11","slug":"de-bahia-a-la-celeste-y-blanca-la-increible-historia-de-guadalupe-mancini-en-el-beach-handball","status":"publish","type":"post","link":"https:\/\/larevistadigital.com.ar\/blog\/de-bahia-a-la-celeste-y-blanca-la-increible-historia-de-guadalupe-mancini-en-el-beach-handball\/","title":{"rendered":"De Bah\u00eda a la celeste y blanca: la incre\u00edble historia de Guadalupe Mancini en el beach handball"},"content":{"rendered":"<h3>La jugadora de Universitario comenz\u00f3 el a\u00f1o jugando un torneo recreativo en la arena y, pocos meses despu\u00e9s, fue convocada por la selecci\u00f3n argentina de beach handball.<\/h3>\n<p>20 de Septiembre de 2025<\/p>\n<p data-start=\"537\" data-end=\"861\"><strong>BAH\u00cdA BLANCA &#8211;\u00a0<\/strong> \u00a0El deporte amateur suele guardar historias sorprendentes y una de ellas es la de <strong data-start=\"630\" data-end=\"651\">Guadalupe Mancini<\/strong>, jugadora bahiense de handball en Universitario. Lo que empez\u00f3 como un simple torneo de verano termin\u00f3 convirti\u00e9ndose en el inicio de un sue\u00f1o: vestir la camiseta de la selecci\u00f3n argentina de beach handball.<\/p>\n<blockquote>\n<h3 data-start=\"863\" data-end=\"1285\">En enero de este a\u00f1o, Guadalupe particip\u00f3 por primera vez en un certamen de beach en el balneario El C\u00f3ndor. La experiencia fue m\u00e1s recreativa que competitiva: su equipo qued\u00f3 \u00faltimo, pero el entusiasmo y la diversi\u00f3n marcaron el inicio de un inesperado camino. Lo que no imaginaba era que entre los partidos transmitidos por YouTube, la entrenadora nacional <strong data-start=\"1222\" data-end=\"1241\">Leticia Brunati<\/strong> la hab\u00eda observado y decidi\u00f3 contactarla.<\/h3>\n<\/blockquote>\n<p data-start=\"1287\" data-end=\"1697\">Tras algunos intercambios de mensajes y la comunicaci\u00f3n con su entrenador, Guadalupe fue convocada a un campus en el Cenard. Desde entonces viaja peri\u00f3dicamente a Buenos Aires para entrenar con el plantel. En julio, tuvo la oportunidad de ponerse por primera vez la camiseta argentina en una serie de amistosos frente a Paraguay. \u201cSent\u00ed que era como una armadura, m\u00e1s all\u00e1 de que fuese un amistoso\u201d, confes\u00f3.<\/p>\n<blockquote>\n<h3 data-start=\"1699\" data-end=\"2001\">El recorrido de Mancini est\u00e1 marcado por el esfuerzo y la perseverancia. En paralelo a su compromiso con la selecci\u00f3n, sigue defendiendo los colores de Universitario, con quien recientemente disput\u00f3 el Nacional B en Comodoro Rivadavia, donde lograron ubicarse entre los seis mejores equipos del pa\u00eds.<\/h3>\n<\/blockquote>\n<p data-start=\"2003\" data-end=\"2269\">Su historia refleja el valor del deporte amateur, donde la pasi\u00f3n y la constancia pueden abrir puertas inesperadas. En su caso, la oportunidad de representar al pa\u00eds lleg\u00f3 sin propon\u00e9rselo, demostrando que a veces los sue\u00f1os encuentran a quienes se animan a jugar.<\/p>\n","protected":false},"excerpt":{"rendered":"<div class=\"mh-excerpt\"><p>La jugadora de Universitario comenz\u00f3 el a\u00f1o jugando un torneo recreativo en la arena y, pocos meses despu\u00e9s, fue convocada por la selecci\u00f3n argentina de beach handball. 20 de Septiembre de 2025 BAH\u00cdA BLANCA &#8211;\u00a0 <a class=\"mh-excerpt-more\" href=\"https:\/\/larevistadigital.com.ar\/blog\/de-bahia-a-la-celeste-y-blanca-la-increible-historia-de-guadalupe-mancini-en-el-beach-handball\/\" title=\"De Bah\u00eda a la celeste y blanca: la incre\u00edble historia de Guadalupe Mancini en el beach handball\">[Leer M\u00e1s]<\/a><\/p>\n<\/div>","protected":false},"author":3,"featured_media":41569,"comment_status":"open","ping_status":"open","sticky":false,"template":"","format":"standard","meta":{"_jetpack_memberships_contains_paid_content":false,"footnotes":"","jetpack_publicize_message":"","jetpack_publicize_feature_enabled":true,"jetpack_social_post_already_shared":true,"jetpack_social_options":{"image_generator_settings":{"template":"highway","default_image_id":0,"font":"","enabled":false},"version":2}},"categories":[1],"tags":[],"class_list":{"0":"post-41568","1":"post","2":"type-post","3":"status-publish","4":"format-standard","5":"has-post-thumbnail","7":"category-sin-categoria"},"jetpack_publicize_connections":[],"jetpack_featured_media_url":"https:\/\/i0.wp.com\/larevistadigital.com.ar\/blog\/wp-content\/uploads\/guada1.jpg?fit=807%2C454&ssl=1","jetpack_sharing_enabled":true,"jetpack_shortlink":"https:\/\/wp.me\/p8qtrQ-aOs","jetpack-related-posts":[{"id":4847,"url":"https:\/\/larevistadigital.com.ar\/blog\/profundo-pesar-handball-la-muerte-joven-jugador\/","url_meta":{"origin":41568,"position":0},"title":"PROFUNDO PESAR EN EL HANDBALL POR LA MUERTE DE UN J\u00d3VEN JUGADOR","author":"Alejandro Sosa Ruda","date":"11 febrero, 2018","format":false,"excerpt":"El cuerpo del jugador argentino de 27 a\u00f1os fue encontrado en una zona de acantilados cercanas al puerto de Tenerife, Espa\u00f1a.\u00a0Investigan si se trat\u00f3 de un accidente. Una terrible noticia, ha causado hondo pesar y dolor el el handball argentino, ya que nuestro compatriota jugador en el Balonmano Bola\u00f1os de\u2026","rel":"","context":"En \u00abDEPORTES\u00bb","block_context":{"text":"DEPORTES","link":"https:\/\/larevistadigital.com.ar\/blog\/category\/deportes\/"},"img":{"alt_text":"","src":"https:\/\/i0.wp.com\/larevistadigital.com.ar\/blog\/wp-content\/uploads\/2018\/02\/0211_cozzi_g_tyc.jpg?fit=728%2C500&ssl=1&resize=350%2C200","width":350,"height":200,"srcset":"https:\/\/i0.wp.com\/larevistadigital.com.ar\/blog\/wp-content\/uploads\/2018\/02\/0211_cozzi_g_tyc.jpg?fit=728%2C500&ssl=1&resize=350%2C200 1x, https:\/\/i0.wp.com\/larevistadigital.com.ar\/blog\/wp-content\/uploads\/2018\/02\/0211_cozzi_g_tyc.jpg?fit=728%2C500&ssl=1&resize=525%2C300 1.5x, https:\/\/i0.wp.com\/larevistadigital.com.ar\/blog\/wp-content\/uploads\/2018\/02\/0211_cozzi_g_tyc.jpg?fit=728%2C500&ssl=1&resize=700%2C400 2x"},"classes":[]},{"id":42296,"url":"https:\/\/larevistadigital.com.ar\/blog\/tragedia-en-quilmes-fallecio-benicio-farji-el-nino-de-8-anos-golpeado-por-un-arco-de-handball\/","url_meta":{"origin":41568,"position":1},"title":"Tragedia en Quilmes: falleci\u00f3 Benicio Farji, el ni\u00f1o de 8 a\u00f1os golpeado por un arco de handball","author":"Alejandro Sosa Ruda","date":"30 octubre, 2025","format":false,"excerpt":"El peque\u00f1o, jugador de b\u00e1squet infantil del Club Argentino de Quilmes, permanec\u00eda internado con muerte cerebral tras el accidente ocurrido el martes. La comunidad deportiva y educativa expres\u00f3 su dolor y acompa\u00f1amiento a la familia. 30 de Octubre de 2025 El Club Atl\u00e9tico Argentino de Quilmes confirm\u00f3 este jueves el\u2026","rel":"","context":"En \u00abREGIONALES\u00bb","block_context":{"text":"REGIONALES","link":"https:\/\/larevistadigital.com.ar\/blog\/category\/regionales\/"},"img":{"alt_text":"","src":"https:\/\/i0.wp.com\/larevistadigital.com.ar\/blog\/wp-content\/uploads\/f57c689e9b2bfb258dbb582cfeea6d97474d7d07.png?fit=1140%2C636&ssl=1&resize=350%2C200","width":350,"height":200,"srcset":"https:\/\/i0.wp.com\/larevistadigital.com.ar\/blog\/wp-content\/uploads\/f57c689e9b2bfb258dbb582cfeea6d97474d7d07.png?fit=1140%2C636&ssl=1&resize=350%2C200 1x, https:\/\/i0.wp.com\/larevistadigital.com.ar\/blog\/wp-content\/uploads\/f57c689e9b2bfb258dbb582cfeea6d97474d7d07.png?fit=1140%2C636&ssl=1&resize=525%2C300 1.5x, https:\/\/i0.wp.com\/larevistadigital.com.ar\/blog\/wp-content\/uploads\/f57c689e9b2bfb258dbb582cfeea6d97474d7d07.png?fit=1140%2C636&ssl=1&resize=700%2C400 2x, https:\/\/i0.wp.com\/larevistadigital.com.ar\/blog\/wp-content\/uploads\/f57c689e9b2bfb258dbb582cfeea6d97474d7d07.png?fit=1140%2C636&ssl=1&resize=1050%2C600 3x"},"classes":[]},{"id":29178,"url":"https:\/\/larevistadigital.com.ar\/blog\/bahia-blanca-encontraron-muerta-a-una-soldado-y-detienen-a-su-novio-tambien-soldado-por-el-femicidio\/","url_meta":{"origin":41568,"position":2},"title":"BAH\u00cdA BLANCA: ENCONTRARON MUERTA A UNA SOLDADO Y DETIENEN A SU NOVIO, TAMBI\u00c9N SOLDADO POR EL FEMICIDIO","author":"Alejandro Sosa Ruda","date":"30 noviembre, 2022","format":false,"excerpt":"Tras confesar el crimen en una comisar\u00eda, el femicida Jorge Rojas qued\u00f3 detenido a la espera de ser indagado. Agustina Yoselie Nadal Herrera era buscada tras una denuncia debido a que no se hab\u00eda presentado a trabajar en la Base Aeronaval Comandante Espora, donde ambos se desempe\u00f1aban como soldados voluntarios.\u2026","rel":"","context":"En \u00abPOLICIALES\u00bb","block_context":{"text":"POLICIALES","link":"https:\/\/larevistadigital.com.ar\/blog\/category\/policiales\/"},"img":{"alt_text":"","src":"https:\/\/i0.wp.com\/larevistadigital.com.ar\/blog\/wp-content\/uploads\/20221130182141_agus.jpg?fit=880%2C512&ssl=1&resize=350%2C200","width":350,"height":200,"srcset":"https:\/\/i0.wp.com\/larevistadigital.com.ar\/blog\/wp-content\/uploads\/20221130182141_agus.jpg?fit=880%2C512&ssl=1&resize=350%2C200 1x, https:\/\/i0.wp.com\/larevistadigital.com.ar\/blog\/wp-content\/uploads\/20221130182141_agus.jpg?fit=880%2C512&ssl=1&resize=525%2C300 1.5x, https:\/\/i0.wp.com\/larevistadigital.com.ar\/blog\/wp-content\/uploads\/20221130182141_agus.jpg?fit=880%2C512&ssl=1&resize=700%2C400 2x"},"classes":[]},{"id":32953,"url":"https:\/\/larevistadigital.com.ar\/blog\/bahia-blanca-una-empresa-comienza-a-producir-insumos-para-la-industria-del-litio\/","url_meta":{"origin":41568,"position":3},"title":"BAH\u00cdA BLANCA: UNA EMPRESA COMIENZA A PRODUCIR INSUMOS PARA LA INDUSTRIA DEL LITIO","author":"Alejandro Sosa Ruda","date":"21 agosto, 2023","format":false,"excerpt":"La compa\u00f1\u00eda invirti\u00f3 en mejorar la seguridad, confiabilidad y competitividad de su planta en el pa\u00eds, lo que le permiti\u00f3 ampliar durante los \u00faltimos meses su capacidad de producci\u00f3n de cloro. 21 de agosto de 2023 BAH\u00cdA BLANCA -\u00a0 \u00a0La empresa petroqu\u00edmica Unipar ubicada en Bah\u00eda Blanca anunci\u00f3 que a\u2026","rel":"","context":"En \u00abREGIONALES\u00bb","block_context":{"text":"REGIONALES","link":"https:\/\/larevistadigital.com.ar\/blog\/category\/regionales\/"},"img":{"alt_text":"","src":"https:\/\/i0.wp.com\/larevistadigital.com.ar\/blog\/wp-content\/uploads\/20230821171215_unipar.jpg?fit=880%2C512&ssl=1&resize=350%2C200","width":350,"height":200,"srcset":"https:\/\/i0.wp.com\/larevistadigital.com.ar\/blog\/wp-content\/uploads\/20230821171215_unipar.jpg?fit=880%2C512&ssl=1&resize=350%2C200 1x, https:\/\/i0.wp.com\/larevistadigital.com.ar\/blog\/wp-content\/uploads\/20230821171215_unipar.jpg?fit=880%2C512&ssl=1&resize=525%2C300 1.5x, https:\/\/i0.wp.com\/larevistadigital.com.ar\/blog\/wp-content\/uploads\/20230821171215_unipar.jpg?fit=880%2C512&ssl=1&resize=700%2C400 2x"},"classes":[]},{"id":39687,"url":"https:\/\/larevistadigital.com.ar\/blog\/continua-abierta-la-inscripcion-a-los-juegos-bonaerenses\/","url_meta":{"origin":41568,"position":4},"title":"Contin\u00faa abierta la inscripci\u00f3n a los Juegos Bonaerenses","author":"Alejandro Sosa Ruda","date":"6 mayo, 2025","format":false,"excerpt":"Hay tiempo hasta el 18 de mayo para inscribirse y poder participar de la competencia provincial 06 de Mayo de 2025 CHASCOM\u00daS -\u00a0 \u00a0Una gran oportunidad para representar a Chascom\u00fas en tu disciplina deportiva o cultural en los Juegos Bonaerenses, la competencia que convoca a los 135 distritos de la\u2026","rel":"","context":"En \u00abSin categor\u00eda\u00bb","block_context":{"text":"Sin categor\u00eda","link":"https:\/\/larevistadigital.com.ar\/blog\/category\/sin-categoria\/"},"img":{"alt_text":"","src":"https:\/\/i0.wp.com\/larevistadigital.com.ar\/blog\/wp-content\/uploads\/681a4098aaef6.png?fit=668%2C445&ssl=1&resize=350%2C200","width":350,"height":200,"srcset":"https:\/\/i0.wp.com\/larevistadigital.com.ar\/blog\/wp-content\/uploads\/681a4098aaef6.png?fit=668%2C445&ssl=1&resize=350%2C200 1x, https:\/\/i0.wp.com\/larevistadigital.com.ar\/blog\/wp-content\/uploads\/681a4098aaef6.png?fit=668%2C445&ssl=1&resize=525%2C300 1.5x"},"classes":[]},{"id":32879,"url":"https:\/\/larevistadigital.com.ar\/blog\/bahia-blanca-cayo-un-narco-luego-de-ser-denunciado-por-su-vecino-en-un-programa-de-radio\/","url_meta":{"origin":41568,"position":5},"title":"BAH\u00cdA BLANCA: CAY\u00d3 UN NARCO, LUEGO DE SER DENUNCIADO POR SU VECINO EN UN PROGRAMA DE RADIO.","author":"Alejandro Sosa Ruda","date":"16 agosto, 2023","format":false,"excerpt":"La causa inici\u00f3 el 3 de mayo de 2023, tras una informaci\u00f3n aportada por un oyente de un medio de comunicaci\u00f3n de Bah\u00eda Blanca, donde hace referencia a que \u201cFerreyra era uno de los soldaditos de Vidal R\u00edos y actualmente se dedica a la venta de estupefacientes\u201d. 16 de agosto\u2026","rel":"","context":"En \u00abCURIOSAS\u00bb","block_context":{"text":"CURIOSAS","link":"https:\/\/larevistadigital.com.ar\/blog\/category\/curiosas\/"},"img":{"alt_text":"","src":"https:\/\/i0.wp.com\/larevistadigital.com.ar\/blog\/wp-content\/uploads\/20230815161705_drogayarmadeguerra.png?fit=880%2C512&ssl=1&resize=350%2C200","width":350,"height":200,"srcset":"https:\/\/i0.wp.com\/larevistadigital.com.ar\/blog\/wp-content\/uploads\/20230815161705_drogayarmadeguerra.png?fit=880%2C512&ssl=1&resize=350%2C200 1x, https:\/\/i0.wp.com\/larevistadigital.com.ar\/blog\/wp-content\/uploads\/20230815161705_drogayarmadeguerra.png?fit=880%2C512&ssl=1&resize=525%2C300 1.5x, https:\/\/i0.wp.com\/larevistadigital.com.ar\/blog\/wp-content\/uploads\/20230815161705_drogayarmadeguerra.png?fit=880%2C512&ssl=1&resize=700%2C400 2x"},"classes":[]}],"_links":{"self":[{"href":"https:\/\/larevistadigital.com.ar\/blog\/wp-json\/wp\/v2\/posts\/41568","targetHints":{"allow":["GET"]}}],"collection":[{"href":"https:\/\/larevistadigital.com.ar\/blog\/wp-json\/wp\/v2\/posts"}],"about":[{"href":"https:\/\/larevistadigital.com.ar\/blog\/wp-json\/wp\/v2\/types\/post"}],"author":[{"embeddable":true,"href":"https:\/\/larevistadigital.com.ar\/blog\/wp-json\/wp\/v2\/users\/3"}],"replies":[{"embeddable":true,"href":"https:\/\/larevistadigital.com.ar\/blog\/wp-json\/wp\/v2\/comments?post=41568"}],"version-history":[{"count":1,"href":"https:\/\/larevistadigital.com.ar\/blog\/wp-json\/wp\/v2\/posts\/41568\/revisions"}],"predecessor-version":[{"id":41570,"href":"https:\/\/larevistadigital.com.ar\/blog\/wp-json\/wp\/v2\/posts\/41568\/revisions\/41570"}],"wp:featuredmedia":[{"embeddable":true,"href":"https:\/\/larevistadigital.com.ar\/blog\/wp-json\/wp\/v2\/media\/41569"}],"wp:attachment":[{"href":"https:\/\/larevistadigital.com.ar\/blog\/wp-json\/wp\/v2\/media?parent=41568"}],"wp:term":[{"taxonomy":"category","embeddable":true,"href":"https:\/\/larevistadigital.com.ar\/blog\/wp-json\/wp\/v2\/categories?post=41568"},{"taxonomy":"post_tag","embeddable":true,"href":"https:\/\/larevistadigital.com.ar\/blog\/wp-json\/wp\/v2\/tags?post=41568"}],"curies":[{"name":"wp","href":"https:\/\/api.w.org\/{rel}","templated":true}]}}