{"id":41571,"date":"2025-09-20T20:00:46","date_gmt":"2025-09-20T23:00:46","guid":{"rendered":"https:\/\/larevistadigital.com.ar\/blog\/?p=41571"},"modified":"2025-09-20T20:00:46","modified_gmt":"2025-09-20T23:00:46","slug":"upsra-inauguro-su-sede-gremial-en-bahia-blanca-con-obra-social-y-centro-de-formacion-para-trabajadores-de-seguridad","status":"publish","type":"post","link":"https:\/\/larevistadigital.com.ar\/blog\/upsra-inauguro-su-sede-gremial-en-bahia-blanca-con-obra-social-y-centro-de-formacion-para-trabajadores-de-seguridad\/","title":{"rendered":"UPSRA inaugur\u00f3 su sede gremial en Bah\u00eda Blanca con obra social y centro de formaci\u00f3n para trabajadores de seguridad"},"content":{"rendered":"<h3>El sindicato que nuclea a los trabajadores de seguridad privada abri\u00f3 oficialmente su delegaci\u00f3n en la ciudad, con cobertura m\u00e9dica, capacitaci\u00f3n y representaci\u00f3n sindical.<\/h3>\n<p>20 de septiembre de 2025<\/p>\n<p data-start=\"629\" data-end=\"1003\"><strong>BAH\u00cdA BLANCA &#8211;\u00a0<\/strong> \u00a0La <strong data-start=\"644\" data-end=\"713\">Uni\u00f3n del Personal de Seguridad de la Rep\u00fablica Argentina (UPSRA)<\/strong> inaugur\u00f3 oficialmente su sede gremial en <strong data-start=\"755\" data-end=\"771\">Bah\u00eda Blanca<\/strong>, marcando una nueva etapa de crecimiento y organizaci\u00f3n en la ciudad. El espacio busca acercar herramientas concretas a los trabajadores del sector, que incluyen atenci\u00f3n gremial, cobertura de obra social y formaci\u00f3n profesional.<\/p>\n<blockquote>\n<p data-start=\"1005\" data-end=\"1376\">Uno de los hitos m\u00e1s destacados es la instalaci\u00f3n de la <strong data-start=\"1061\" data-end=\"1119\">Obra Social del Personal de Seguridad Privada (OSPSIP)<\/strong>, que ya comenz\u00f3 a brindar servicios m\u00e9dicos directos y personalizados en la regi\u00f3n. Adem\u00e1s, se puso en marcha el <strong data-start=\"1233\" data-end=\"1271\">Centro de Formaci\u00f3n Laboral N\u00ba 418<\/strong>, donde los trabajadores y sus familias podr\u00e1n capacitarse y acceder a programas de profesionalizaci\u00f3n.<\/p>\n<\/blockquote>\n<p data-start=\"1378\" data-end=\"1775\">El acto inaugural fue encabezado por el secretario general <strong data-start=\"1437\" data-end=\"1461\">\u00c1ngel Alberto Garc\u00eda<\/strong>, junto al secretario adjunto <strong data-start=\"1491\" data-end=\"1507\">Diego Garc\u00eda<\/strong>, miembros de la comisi\u00f3n directiva nacional, autoridades locales, empresarios y representantes de otras delegaciones gremiales del pa\u00eds, adem\u00e1s del delegado de la regi\u00f3n, <strong>Diego R\u00edos<\/strong>. Tambi\u00e9n participaron trabajadores de empresas de seguridad como Securion, Prosegur, Guardman y Rayo, entre otras firmas locales.<\/p>\n<blockquote>\n<p data-start=\"1777\" data-end=\"2117\"><strong>UPSRA<\/strong> reafirm\u00f3 en el encuentro su pertenencia a la <strong data-start=\"1828\" data-end=\"1857\">CGT Regional Bah\u00eda Blanca<\/strong>, consolidando presencia en espacios de representaci\u00f3n sindical y en la defensa de los derechos laborales. La apertura de la sede se enmarca en una estrategia nacional de consolidaci\u00f3n territorial que busca fortalecer la organizaci\u00f3n gremial en todo el pa\u00eds.<\/p>\n<\/blockquote>\n<p data-start=\"2119\" data-end=\"2312\">Con esta nueva sede, Bah\u00eda Blanca se suma a la red de representaci\u00f3n sindical del sector, ofreciendo un punto de referencia concreto para la atenci\u00f3n de los trabajadores de seguridad privada.<\/p>\n","protected":false},"excerpt":{"rendered":"<div class=\"mh-excerpt\"><p>El sindicato que nuclea a los trabajadores de seguridad privada abri\u00f3 oficialmente su delegaci\u00f3n en la ciudad, con cobertura m\u00e9dica, capacitaci\u00f3n y representaci\u00f3n sindical. 20 de septiembre de 2025 BAH\u00cdA BLANCA &#8211;\u00a0 \u00a0La Uni\u00f3n del <a class=\"mh-excerpt-more\" href=\"https:\/\/larevistadigital.com.ar\/blog\/upsra-inauguro-su-sede-gremial-en-bahia-blanca-con-obra-social-y-centro-de-formacion-para-trabajadores-de-seguridad\/\" title=\"UPSRA inaugur\u00f3 su sede gremial en Bah\u00eda Blanca con obra social y centro de formaci\u00f3n para trabajadores de seguridad\">[Leer M\u00e1s]<\/a><\/p>\n<\/div>","protected":false},"author":3,"featured_media":41572,"comment_status":"open","ping_status":"open","sticky":false,"template":"","format":"standard","meta":{"_jetpack_memberships_contains_paid_content":false,"footnotes":"","jetpack_publicize_message":"","jetpack_publicize_feature_enabled":true,"jetpack_social_post_already_shared":true,"jetpack_social_options":{"image_generator_settings":{"template":"highway","default_image_id":0,"font":"","enabled":false},"version":2}},"categories":[10,50],"tags":[],"class_list":{"0":"post-41571","1":"post","2":"type-post","3":"status-publish","4":"format-standard","5":"has-post-thumbnail","7":"category-gremiales","8":"category-interes-general"},"jetpack_publicize_connections":[],"jetpack_featured_media_url":"https:\/\/i0.wp.com\/larevistadigital.com.ar\/blog\/wp-content\/uploads\/Captura-de-pantalla-2025-09-20-195645.jpg?fit=837%2C601&ssl=1","jetpack_sharing_enabled":true,"jetpack_shortlink":"https:\/\/wp.me\/p8qtrQ-aOv","jetpack-related-posts":[{"id":15528,"url":"https:\/\/larevistadigital.com.ar\/blog\/dirigente-gremial-de-la-seguridad-a-los-trabajadores-no-se-dejen-amenazar-con-despidos\/","url_meta":{"origin":41571,"position":0},"title":"DIRIGENTE GREMIAL DE LA SEGURIDAD A LOS TRABAJADORES: \u00abNO SE DEJEN AMENAZAR CON DESPIDOS\u00bb","author":"Alejandro Sosa Ruda","date":"8 junio, 2020","format":false,"excerpt":"En el marco de las medidas de prevenci\u00f3n y protocolo sanitario que deben llevar adelante las empresas y dependencias oficiales para evitar contagios de Coronavirus, los trabajadores de la seguridad privada pasaron a ser parte de las tareas consideradas esenciales para la continuidad de la prestaci\u00f3n de determinados servicios. Pese\u2026","rel":"","context":"En \u00abGREMIALES\u00bb","block_context":{"text":"GREMIALES","link":"https:\/\/larevistadigital.com.ar\/blog\/category\/gremiales\/"},"img":{"alt_text":"","src":"https:\/\/i0.wp.com\/larevistadigital.com.ar\/blog\/wp-content\/uploads\/PABLO-OTERO.jpg?fit=600%2C840&ssl=1&resize=350%2C200","width":350,"height":200,"srcset":"https:\/\/i0.wp.com\/larevistadigital.com.ar\/blog\/wp-content\/uploads\/PABLO-OTERO.jpg?fit=600%2C840&ssl=1&resize=350%2C200 1x, https:\/\/i0.wp.com\/larevistadigital.com.ar\/blog\/wp-content\/uploads\/PABLO-OTERO.jpg?fit=600%2C840&ssl=1&resize=525%2C300 1.5x"},"classes":[]},{"id":18634,"url":"https:\/\/larevistadigital.com.ar\/blog\/gestiones-del-secretario-general-de-upsra-leo-requelme-con-el-ministro-gines-gonzalez-garcia-por-la-vacuna-de-covid-para-los-vigiladores-privados\/","url_meta":{"origin":41571,"position":1},"title":"GESTIONES DEL SECRETARIO GENERAL DE UPSRA, LEO REQUELME CON EL MINISTRO GINES GONZALEZ GARC\u00cdA, POR LA VACUNA DE COVID PARA LOS VIGILADORES PRIVADOS","author":"Alejandro Sosa Ruda","date":"15 enero, 2021","format":false,"excerpt":"Los Vigiladores Privados, hicieron llegar por una nota del apoderado de\u00a0la\u00a0Uni\u00f3n Personal de Seguridad de la Rep\u00fablica Argentina\u00a0(UPSRA),\u00a0Pablo Otero, al director\u00a0provincial para la\u00a0gesti\u00f3n\u00a0de la Seguridad Privada,\u00a0Marcelo Montero, se solicit\u00f3 que trabajadoras y trabajadores de dicha actividad sean tenidos en cuenta en el plan de vacunaci\u00f3n contra el COVID-19. \u201cAnte la\u2026","rel":"","context":"En \u00abGREMIALES\u00bb","block_context":{"text":"GREMIALES","link":"https:\/\/larevistadigital.com.ar\/blog\/category\/gremiales\/"},"img":{"alt_text":"","src":"https:\/\/i0.wp.com\/larevistadigital.com.ar\/blog\/wp-content\/uploads\/3305255w1033.jpg?fit=1033%2C688&ssl=1&resize=350%2C200","width":350,"height":200,"srcset":"https:\/\/i0.wp.com\/larevistadigital.com.ar\/blog\/wp-content\/uploads\/3305255w1033.jpg?fit=1033%2C688&ssl=1&resize=350%2C200 1x, https:\/\/i0.wp.com\/larevistadigital.com.ar\/blog\/wp-content\/uploads\/3305255w1033.jpg?fit=1033%2C688&ssl=1&resize=525%2C300 1.5x, https:\/\/i0.wp.com\/larevistadigital.com.ar\/blog\/wp-content\/uploads\/3305255w1033.jpg?fit=1033%2C688&ssl=1&resize=700%2C400 2x"},"classes":[]},{"id":17626,"url":"https:\/\/larevistadigital.com.ar\/blog\/upsra-junto-al-bloque-de-concejales-del-frente-de-todos-en-defensa-de-los-trabajadores-de-seguridad-privada-de-la-plata\/","url_meta":{"origin":41571,"position":2},"title":"UPSRA JUNTO AL BLOQUE DE CONCEJALES DEL FRENTE DE TODOS EN DEFENSA DE LOS TRABAJADORES DE SEGURIDAD PRIVADA DE LA PLATA","author":"Alejandro Sosa Ruda","date":"11 noviembre, 2020","format":false,"excerpt":"En raz\u00f3n del mandato del Secretario General del Gremio, Leonidas Garc\u00eda y la importancia que ha tomado la reuni\u00f3n del Concejo Deliberante platense, donde se tratar\u00e1 por iniciativa de la concejal Victoria Tolosa Paz se hicieron presentes en el lugar el Delegado Regional y miembro de la CD Nacional Pablo\u2026","rel":"","context":"En \u00abGREMIALES\u00bb","block_context":{"text":"GREMIALES","link":"https:\/\/larevistadigital.com.ar\/blog\/category\/gremiales\/"},"img":{"alt_text":"","src":"https:\/\/i0.wp.com\/larevistadigital.com.ar\/blog\/wp-content\/uploads\/UPSRA-EN-LA-PLATA.jpg?fit=1000%2C580&ssl=1&resize=350%2C200","width":350,"height":200,"srcset":"https:\/\/i0.wp.com\/larevistadigital.com.ar\/blog\/wp-content\/uploads\/UPSRA-EN-LA-PLATA.jpg?fit=1000%2C580&ssl=1&resize=350%2C200 1x, https:\/\/i0.wp.com\/larevistadigital.com.ar\/blog\/wp-content\/uploads\/UPSRA-EN-LA-PLATA.jpg?fit=1000%2C580&ssl=1&resize=525%2C300 1.5x, https:\/\/i0.wp.com\/larevistadigital.com.ar\/blog\/wp-content\/uploads\/UPSRA-EN-LA-PLATA.jpg?fit=1000%2C580&ssl=1&resize=700%2C400 2x"},"classes":[]},{"id":13391,"url":"https:\/\/larevistadigital.com.ar\/blog\/leo-requelme-ya-fija-su-impronta-en-la-conduccion-de-u-p-s-r-a\/","url_meta":{"origin":41571,"position":3},"title":"LEO REQUELME, YA FIJA SU IMPRONTA EN LA CONDUCCI\u00d3N DE U.P.S.R.A.","author":"Alejandro Sosa Ruda","date":"30 noviembre, 2019","format":false,"excerpt":"El flamante\u00a0 Secretario General de la Uni\u00f3n del personal de Seguridad de la Rep\u00fablica Argentina, Leonidas Requelme, y la Comisi\u00f3n Directiva que conduce, han hecho llegar un comunicado que publicaron para los trabajadores desde el Frente Upsra Federal, que los nuclea. En el mismo, se informa que durante la jornada\u2026","rel":"","context":"En \u00abDESTACADAS\u00bb","block_context":{"text":"DESTACADAS","link":"https:\/\/larevistadigital.com.ar\/blog\/category\/destacadas\/"},"img":{"alt_text":"","src":"https:\/\/i0.wp.com\/larevistadigital.com.ar\/blog\/wp-content\/uploads\/75332719_2575164602809249_2818612368634806272_n.jpg?fit=960%2C720&ssl=1&resize=350%2C200","width":350,"height":200,"srcset":"https:\/\/i0.wp.com\/larevistadigital.com.ar\/blog\/wp-content\/uploads\/75332719_2575164602809249_2818612368634806272_n.jpg?fit=960%2C720&ssl=1&resize=350%2C200 1x, https:\/\/i0.wp.com\/larevistadigital.com.ar\/blog\/wp-content\/uploads\/75332719_2575164602809249_2818612368634806272_n.jpg?fit=960%2C720&ssl=1&resize=525%2C300 1.5x, https:\/\/i0.wp.com\/larevistadigital.com.ar\/blog\/wp-content\/uploads\/75332719_2575164602809249_2818612368634806272_n.jpg?fit=960%2C720&ssl=1&resize=700%2C400 2x"},"classes":[]},{"id":36615,"url":"https:\/\/larevistadigital.com.ar\/blog\/paritarias-en-seguridad-privada-upsra-logro-un-acuerdo-y-el-bruto-inicial-supera-el-millon-de-pesos\/","url_meta":{"origin":41571,"position":4},"title":"PARITARIAS EN SEGURIDAD PRIVADA: UPSRA LOGR\u00d3 UN ACUERDO Y EL BRUTO INICIAL SUPERA EL MILL\u00d3N DE PESOS","author":"Alejandro Sosa Ruda","date":"7 julio, 2024","format":false,"excerpt":"Se trata de un aumento significativo del gremio conducido por Angel Garc\u00eda,\u00a0 posicionando a la actividad nuevamente por sobre los n\u00fameros de indigencia. 8 de Julio de 2024 La Union de Personal de Seguridad de la Rep\u00fablica Argentina, (U.P.S.R.A.), conducida por\u00a0\u00c1ngel Alberto Garc\u00eda, inform\u00f3 que logr\u00f3 un acuerdo paritario con\u2026","rel":"","context":"En \u00abGREMIALES\u00bb","block_context":{"text":"GREMIALES","link":"https:\/\/larevistadigital.com.ar\/blog\/category\/gremiales\/"},"img":{"alt_text":"","src":"https:\/\/i0.wp.com\/larevistadigital.com.ar\/blog\/wp-content\/uploads\/Captura-de-pantalla-2024-07-07-234001.png?fit=698%2C414&ssl=1&resize=350%2C200","width":350,"height":200,"srcset":"https:\/\/i0.wp.com\/larevistadigital.com.ar\/blog\/wp-content\/uploads\/Captura-de-pantalla-2024-07-07-234001.png?fit=698%2C414&ssl=1&resize=350%2C200 1x, https:\/\/i0.wp.com\/larevistadigital.com.ar\/blog\/wp-content\/uploads\/Captura-de-pantalla-2024-07-07-234001.png?fit=698%2C414&ssl=1&resize=525%2C300 1.5x"},"classes":[]},{"id":41639,"url":"https:\/\/larevistadigital.com.ar\/blog\/upsra-cerro-la-paritaria-de-fin-de-ano-y-garantiza-nuevos-aumentos-para-los-vigiladores-privados\/","url_meta":{"origin":41571,"position":5},"title":"UPSRA cerr\u00f3 la paritaria de fin de a\u00f1o y garantiza nuevos aumentos para los vigiladores privados","author":"Alejandro Sosa Ruda","date":"24 septiembre, 2025","format":false,"excerpt":"El sindicato que conduce \u00c1ngel Garc\u00eda logr\u00f3 un acuerdo con la c\u00e1mara empresaria que asegura incrementos salariales hasta diciembre y una cl\u00e1usula de revisi\u00f3n para proteger los ingresos del sector. 24 de Septiembre de 2025 La Uni\u00f3n Personal de la Seguridad Privada (UPSRA) anunci\u00f3 el cierre de la paritaria correspondiente\u2026","rel":"","context":"En \u00abGREMIALES\u00bb","block_context":{"text":"GREMIALES","link":"https:\/\/larevistadigital.com.ar\/blog\/category\/gremiales\/"},"img":{"alt_text":"","src":"https:\/\/i0.wp.com\/larevistadigital.com.ar\/blog\/wp-content\/uploads\/UPSRA.jpg?fit=724%2C399&ssl=1&resize=350%2C200","width":350,"height":200,"srcset":"https:\/\/i0.wp.com\/larevistadigital.com.ar\/blog\/wp-content\/uploads\/UPSRA.jpg?fit=724%2C399&ssl=1&resize=350%2C200 1x, https:\/\/i0.wp.com\/larevistadigital.com.ar\/blog\/wp-content\/uploads\/UPSRA.jpg?fit=724%2C399&ssl=1&resize=525%2C300 1.5x, https:\/\/i0.wp.com\/larevistadigital.com.ar\/blog\/wp-content\/uploads\/UPSRA.jpg?fit=724%2C399&ssl=1&resize=700%2C400 2x"},"classes":[]}],"_links":{"self":[{"href":"https:\/\/larevistadigital.com.ar\/blog\/wp-json\/wp\/v2\/posts\/41571","targetHints":{"allow":["GET"]}}],"collection":[{"href":"https:\/\/larevistadigital.com.ar\/blog\/wp-json\/wp\/v2\/posts"}],"about":[{"href":"https:\/\/larevistadigital.com.ar\/blog\/wp-json\/wp\/v2\/types\/post"}],"author":[{"embeddable":true,"href":"https:\/\/larevistadigital.com.ar\/blog\/wp-json\/wp\/v2\/users\/3"}],"replies":[{"embeddable":true,"href":"https:\/\/larevistadigital.com.ar\/blog\/wp-json\/wp\/v2\/comments?post=41571"}],"version-history":[{"count":1,"href":"https:\/\/larevistadigital.com.ar\/blog\/wp-json\/wp\/v2\/posts\/41571\/revisions"}],"predecessor-version":[{"id":41573,"href":"https:\/\/larevistadigital.com.ar\/blog\/wp-json\/wp\/v2\/posts\/41571\/revisions\/41573"}],"wp:featuredmedia":[{"embeddable":true,"href":"https:\/\/larevistadigital.com.ar\/blog\/wp-json\/wp\/v2\/media\/41572"}],"wp:attachment":[{"href":"https:\/\/larevistadigital.com.ar\/blog\/wp-json\/wp\/v2\/media?parent=41571"}],"wp:term":[{"taxonomy":"category","embeddable":true,"href":"https:\/\/larevistadigital.com.ar\/blog\/wp-json\/wp\/v2\/categories?post=41571"},{"taxonomy":"post_tag","embeddable":true,"href":"https:\/\/larevistadigital.com.ar\/blog\/wp-json\/wp\/v2\/tags?post=41571"}],"curies":[{"name":"wp","href":"https:\/\/api.w.org\/{rel}","templated":true}]}}