{"id":41575,"date":"2025-09-21T20:19:52","date_gmt":"2025-09-21T23:19:52","guid":{"rendered":"https:\/\/larevistadigital.com.ar\/blog\/?p=41575"},"modified":"2025-09-21T20:24:48","modified_gmt":"2025-09-21T23:24:48","slug":"un-medico-murio-en-un-choque-frontal-en-la-ruta-11-entre-punta-medanos-y-costa-esmeralda","status":"publish","type":"post","link":"https:\/\/larevistadigital.com.ar\/blog\/un-medico-murio-en-un-choque-frontal-en-la-ruta-11-entre-punta-medanos-y-costa-esmeralda\/","title":{"rendered":"Un m\u00e9dico muri\u00f3 en un choque frontal en la Ruta 11 entre Punta M\u00e9danos y Costa Esmeralda"},"content":{"rendered":"<h3 data-start=\"206\" data-end=\"357\">La v\u00edctima fue identificada como Lucio Reinaldo Sanabria, de 57 a\u00f1os. Dos hombres que viajaban en la otra camioneta resultaron heridos.<\/h3>\n<p data-start=\"359\" data-end=\"651\">21 de septiembre de 2025<\/p>\n<p data-start=\"359\" data-end=\"651\"><strong>BUENOS AIRES &#8211;\u00a0 \u00a0<\/strong>Un tr\u00e1gico accidente vial ocurri\u00f3 este viernes por la ma\u00f1ana en la <strong data-start=\"438\" data-end=\"460\">Ruta Provincial 11<\/strong>, a la altura del kil\u00f3metro 376, entre <strong data-start=\"499\" data-end=\"534\">Punta M\u00e9danos y Costa Esmeralda<\/strong>. El siniestro dej\u00f3 como saldo la muerte del m\u00e9dico <strong data-start=\"586\" data-end=\"613\">Lucio Reinaldo Sanabria<\/strong>, de 57 a\u00f1os, y dos j\u00f3venes heridos.<\/p>\n<blockquote>\n<h3 data-start=\"653\" data-end=\"924\">Seg\u00fan se inform\u00f3, el veh\u00edculo que conduc\u00eda Sanabria, un <strong data-start=\"709\" data-end=\"724\">Fiat Cronos<\/strong>, colision\u00f3 de frente contra una camioneta <strong data-start=\"767\" data-end=\"781\">Ford F-100<\/strong> en la que viajaban dos hombres desde Santa Teresita. El impacto ocurri\u00f3 alrededor de las 9.30 y las causas a\u00fan son materia de investigaci\u00f3n.<\/h3>\n<\/blockquote>\n<p data-start=\"926\" data-end=\"1216\">Bomberos Voluntarios de Mar de Aj\u00f3 trabajaron varios minutos para rescatar al m\u00e9dico, que hab\u00eda quedado atrapado entre los hierros del auto. Fue trasladado de urgencia al hospital de General Madariaga con m\u00faltiples traumatismos, pero falleci\u00f3 poco despu\u00e9s por la gravedad de las lesiones.<\/p>\n<blockquote>\n<h3 data-start=\"1218\" data-end=\"1415\">El conductor de la camioneta, de 28 a\u00f1os, sufri\u00f3 una fractura de clav\u00edcula y recibi\u00f3 atenci\u00f3n m\u00e9dica, mientras que su acompa\u00f1ante, de 36, solo present\u00f3 golpes leves y fue derivado por precauci\u00f3n.<\/h3>\n<\/blockquote>\n<p data-start=\"1417\" data-end=\"1792\">La causa qued\u00f3 en manos de la <strong data-start=\"1447\" data-end=\"1476\">UFIJ N\u00b011 de Mar del Tuy\u00fa<\/strong>, a cargo del fiscal <strong data-start=\"1497\" data-end=\"1515\">Pablo Gamaleri<\/strong>, quien orden\u00f3 peritajes para establecer si el accidente estuvo vinculado a una maniobra de sobrepaso en un tramo con asfalto mojado y calzada de un carril por sentido. El tr\u00e1nsito permaneci\u00f3 interrumpido por m\u00e1s de cuatro horas mientras se realizaban las tareas en el lugar.<\/p>\n","protected":false},"excerpt":{"rendered":"<div class=\"mh-excerpt\"><p>La v\u00edctima fue identificada como Lucio Reinaldo Sanabria, de 57 a\u00f1os. Dos hombres que viajaban en la otra camioneta resultaron heridos. 21 de septiembre de 2025 BUENOS AIRES &#8211;\u00a0 \u00a0Un tr\u00e1gico accidente vial ocurri\u00f3 este <a class=\"mh-excerpt-more\" href=\"https:\/\/larevistadigital.com.ar\/blog\/un-medico-murio-en-un-choque-frontal-en-la-ruta-11-entre-punta-medanos-y-costa-esmeralda\/\" title=\"Un m\u00e9dico muri\u00f3 en un choque frontal en la Ruta 11 entre Punta M\u00e9danos y Costa Esmeralda\">[Leer M\u00e1s]<\/a><\/p>\n<\/div>","protected":false},"author":3,"featured_media":41576,"comment_status":"open","ping_status":"open","sticky":false,"template":"","format":"standard","meta":{"_jetpack_memberships_contains_paid_content":false,"footnotes":"","jetpack_publicize_message":"","jetpack_publicize_feature_enabled":true,"jetpack_social_post_already_shared":true,"jetpack_social_options":{"image_generator_settings":{"template":"highway","default_image_id":0,"font":"","enabled":false},"version":2}},"categories":[44,51],"tags":[],"class_list":{"0":"post-41575","1":"post","2":"type-post","3":"status-publish","4":"format-standard","5":"has-post-thumbnail","7":"category-policiales","8":"category-regionales"},"jetpack_publicize_connections":[],"jetpack_featured_media_url":"https:\/\/i0.wp.com\/larevistadigital.com.ar\/blog\/wp-content\/uploads\/auto-victima.webp?fit=1200%2C675&ssl=1","jetpack_sharing_enabled":true,"jetpack_shortlink":"https:\/\/wp.me\/p8qtrQ-aOz","jetpack-related-posts":[{"id":40865,"url":"https:\/\/larevistadigital.com.ar\/blog\/tragedia-y-caos-en-ruta-11-choque-multiple-por-perros-sueltos-dejo-cinco-heridos\/","url_meta":{"origin":41575,"position":0},"title":"Tragedia y caos en Ruta 11: choque m\u00faltiple por perros sueltos dej\u00f3 cinco heridos","author":"Alejandro Sosa Ruda","date":"13 agosto, 2025","format":false,"excerpt":"Un ins\u00f3lito accidente involucr\u00f3 a tres veh\u00edculos y provoc\u00f3 horas de demoras. Dos animales murieron en el acto. 13 de Agosto de 2025 BUENOS AIRES\u00a0 -\u00a0 \u00a0 La calma de la costa atl\u00e1ntica se vio interrumpida este martes por la tarde, cuando la Ruta Provincial N\u00b011, a la altura del\u2026","rel":"","context":"En \u00abPOLICIALES\u00bb","block_context":{"text":"POLICIALES","link":"https:\/\/larevistadigital.com.ar\/blog\/category\/policiales\/"},"img":{"alt_text":"","src":"https:\/\/i0.wp.com\/larevistadigital.com.ar\/blog\/wp-content\/uploads\/ACCIDENTE-MULTIPLE.jpg?fit=481%2C351&ssl=1&resize=350%2C200","width":350,"height":200},"classes":[]},{"id":37343,"url":"https:\/\/larevistadigital.com.ar\/blog\/terrible-accidente-en-la-ruta-11-con-el-saldo-de-un-muerto-y-un-herido\/","url_meta":{"origin":41575,"position":1},"title":"Terrible accidente en la ruta 11 con el saldo de un muerto y un herido","author":"Alejandro Sosa Ruda","date":"29 septiembre, 2024","format":false,"excerpt":"Se investigan las causas que originaron el siniestro. 29 de Septiembre de 2024 BUENOS AIRES -\u00a0 Todo ocurri\u00f3 hoy, domingo entre las localidades de Nueva Atlantis y Punta M\u00e9danos en el Partido de la Costa, en la ruta 11 a la altura del kil\u00f3metro 359. Se investigan las causas que\u2026","rel":"","context":"En \u00abPOLICIALES\u00bb","block_context":{"text":"POLICIALES","link":"https:\/\/larevistadigital.com.ar\/blog\/category\/policiales\/"},"img":{"alt_text":"","src":"https:\/\/i0.wp.com\/larevistadigital.com.ar\/blog\/wp-content\/uploads\/b3aac0b0bdde8dd8bc9f955bad1d16499fed129e.jpg?fit=1140%2C670&ssl=1&resize=350%2C200","width":350,"height":200,"srcset":"https:\/\/i0.wp.com\/larevistadigital.com.ar\/blog\/wp-content\/uploads\/b3aac0b0bdde8dd8bc9f955bad1d16499fed129e.jpg?fit=1140%2C670&ssl=1&resize=350%2C200 1x, https:\/\/i0.wp.com\/larevistadigital.com.ar\/blog\/wp-content\/uploads\/b3aac0b0bdde8dd8bc9f955bad1d16499fed129e.jpg?fit=1140%2C670&ssl=1&resize=525%2C300 1.5x, https:\/\/i0.wp.com\/larevistadigital.com.ar\/blog\/wp-content\/uploads\/b3aac0b0bdde8dd8bc9f955bad1d16499fed129e.jpg?fit=1140%2C670&ssl=1&resize=700%2C400 2x, https:\/\/i0.wp.com\/larevistadigital.com.ar\/blog\/wp-content\/uploads\/b3aac0b0bdde8dd8bc9f955bad1d16499fed129e.jpg?fit=1140%2C670&ssl=1&resize=1050%2C600 3x"},"classes":[]},{"id":34453,"url":"https:\/\/larevistadigital.com.ar\/blog\/un-micro-fue-consumido-por-las-llamas-en-plena-ruta-11\/","url_meta":{"origin":41575,"position":2},"title":"UN MICRO FUE CONSUMIDO POR LAS LLAMAS EN PLENA RUTA 11","author":"Alejandro Sosa Ruda","date":"8 noviembre, 2023","format":false,"excerpt":"Ocurri\u00f3 en el kil\u00f3metro 370, a la altura de Punta M\u00e9danos. Los 5 pasajeros y el chofer resultaron ilesos. 8 de Noviembre de 2023 PUNTA M\u00c9DANOS -\u00a0 \u00a0 Un micro de dos pisos de larga distancia se incendi\u00f3 el martes por la tarde en la Ruta Provincial N\u00ba 11, en\u2026","rel":"","context":"En \u00abREGIONALES\u00bb","block_context":{"text":"REGIONALES","link":"https:\/\/larevistadigital.com.ar\/blog\/category\/regionales\/"},"img":{"alt_text":"","src":"https:\/\/i0.wp.com\/larevistadigital.com.ar\/blog\/wp-content\/uploads\/20231108165533_micro.png?fit=880%2C512&ssl=1&resize=350%2C200","width":350,"height":200,"srcset":"https:\/\/i0.wp.com\/larevistadigital.com.ar\/blog\/wp-content\/uploads\/20231108165533_micro.png?fit=880%2C512&ssl=1&resize=350%2C200 1x, https:\/\/i0.wp.com\/larevistadigital.com.ar\/blog\/wp-content\/uploads\/20231108165533_micro.png?fit=880%2C512&ssl=1&resize=525%2C300 1.5x, https:\/\/i0.wp.com\/larevistadigital.com.ar\/blog\/wp-content\/uploads\/20231108165533_micro.png?fit=880%2C512&ssl=1&resize=700%2C400 2x"},"classes":[]},{"id":14291,"url":"https:\/\/larevistadigital.com.ar\/blog\/toro-suelto-causa-accidente-en-la-ruta-2-hay-3-heridos\/","url_meta":{"origin":41575,"position":3},"title":"TORO SUELTO CAUSA ACCIDENTE EN LA RUTA 2: HAY 3 HERIDOS","author":"Alejandro Sosa Ruda","date":"23 enero, 2020","format":false,"excerpt":"Ocurri\u00f3 en horas de la madrugada de este jueves. Una camioneta embisti\u00f3 al animal, que qued\u00f3 tendido en la calzada y luego tambi\u00e9n fue impactado por un cami\u00f3n, que a su vez colision\u00f3 con una ambulancia y volc\u00f3. Un toro suelto caus\u00f3 un triple choque en la ruta 2 y\u2026","rel":"","context":"En \u00abDESTACADAS\u00bb","block_context":{"text":"DESTACADAS","link":"https:\/\/larevistadigital.com.ar\/blog\/category\/destacadas\/"},"img":{"alt_text":"","src":"https:\/\/i0.wp.com\/larevistadigital.com.ar\/blog\/wp-content\/uploads\/Screenshot_1-87.jpg?fit=843%2C472&ssl=1&resize=350%2C200","width":350,"height":200,"srcset":"https:\/\/i0.wp.com\/larevistadigital.com.ar\/blog\/wp-content\/uploads\/Screenshot_1-87.jpg?fit=843%2C472&ssl=1&resize=350%2C200 1x, https:\/\/i0.wp.com\/larevistadigital.com.ar\/blog\/wp-content\/uploads\/Screenshot_1-87.jpg?fit=843%2C472&ssl=1&resize=525%2C300 1.5x, https:\/\/i0.wp.com\/larevistadigital.com.ar\/blog\/wp-content\/uploads\/Screenshot_1-87.jpg?fit=843%2C472&ssl=1&resize=700%2C400 2x"},"classes":[]},{"id":37301,"url":"https:\/\/larevistadigital.com.ar\/blog\/costa-del-este-accidente-y-vuelco-con-cinco-heridos-en-la-ruta-11\/","url_meta":{"origin":41575,"position":4},"title":"COSTA DEL ESTE: ACCIDENTE Y VUELCO CON CINCO HERIDOS EN LA RUTA 11","author":"Alejandro Sosa Ruda","date":"22 septiembre, 2024","format":false,"excerpt":"Los cinco ocupantes del veh\u00edculo sufrieron heridas de consideraci\u00f3n. 22 de Septiembre de 2024 COSTA DEL ESTE\u00a0 -\u00a0 Este mediod\u00eda se registr\u00f3 un accidente de tr\u00e1nsito en el kil\u00f3metro 333 de la Ruta 11, a la altura del acceso a la localidad de Costa del Este. El siniestro ocurri\u00f3 cuando\u2026","rel":"","context":"En \u00abPOLICIALES\u00bb","block_context":{"text":"POLICIALES","link":"https:\/\/larevistadigital.com.ar\/blog\/category\/policiales\/"},"img":{"alt_text":"","src":"https:\/\/i0.wp.com\/larevistadigital.com.ar\/blog\/wp-content\/uploads\/54eea37df4aa00a3057a0fd0bc96e0d4ff948ca7.jpg?fit=1140%2C872&ssl=1&resize=350%2C200","width":350,"height":200,"srcset":"https:\/\/i0.wp.com\/larevistadigital.com.ar\/blog\/wp-content\/uploads\/54eea37df4aa00a3057a0fd0bc96e0d4ff948ca7.jpg?fit=1140%2C872&ssl=1&resize=350%2C200 1x, https:\/\/i0.wp.com\/larevistadigital.com.ar\/blog\/wp-content\/uploads\/54eea37df4aa00a3057a0fd0bc96e0d4ff948ca7.jpg?fit=1140%2C872&ssl=1&resize=525%2C300 1.5x, https:\/\/i0.wp.com\/larevistadigital.com.ar\/blog\/wp-content\/uploads\/54eea37df4aa00a3057a0fd0bc96e0d4ff948ca7.jpg?fit=1140%2C872&ssl=1&resize=700%2C400 2x, https:\/\/i0.wp.com\/larevistadigital.com.ar\/blog\/wp-content\/uploads\/54eea37df4aa00a3057a0fd0bc96e0d4ff948ca7.jpg?fit=1140%2C872&ssl=1&resize=1050%2C600 3x"},"classes":[]},{"id":45078,"url":"https:\/\/larevistadigital.com.ar\/blog\/choque-frontal-fatal-murio-un-conductor-y-hay-dos-heridos-tras-un-violento-impacto\/","url_meta":{"origin":41575,"position":5},"title":"Choque frontal fatal: muri\u00f3 un conductor y hay dos heridos tras un violento impacto","author":"Alejandro Sosa Ruda","date":"12 abril, 2026","format":false,"excerpt":"El siniestro ocurri\u00f3 durante la madrugada en el km 36 de la ruta 74, jurisdicci\u00f3n de Gral. Madariaga y gener\u00f3 un amplio operativo de rescate. Investigan las causas. 12 de abril de 2026 GENERAL MADARIAGA -\u00a0 \u00a0 Un tr\u00e1gico accidente vial dej\u00f3 como saldo un muerto y dos heridos tras\u2026","rel":"","context":"En \u00abPOLICIALES\u00bb","block_context":{"text":"POLICIALES","link":"https:\/\/larevistadigital.com.ar\/blog\/category\/policiales\/"},"img":{"alt_text":"","src":"https:\/\/i0.wp.com\/larevistadigital.com.ar\/blog\/wp-content\/uploads\/CHOQUE-RUTA-74.jpg?fit=700%2C273&ssl=1&resize=350%2C200","width":350,"height":200,"srcset":"https:\/\/i0.wp.com\/larevistadigital.com.ar\/blog\/wp-content\/uploads\/CHOQUE-RUTA-74.jpg?fit=700%2C273&ssl=1&resize=350%2C200 1x, https:\/\/i0.wp.com\/larevistadigital.com.ar\/blog\/wp-content\/uploads\/CHOQUE-RUTA-74.jpg?fit=700%2C273&ssl=1&resize=525%2C300 1.5x, https:\/\/i0.wp.com\/larevistadigital.com.ar\/blog\/wp-content\/uploads\/CHOQUE-RUTA-74.jpg?fit=700%2C273&ssl=1&resize=700%2C400 2x"},"classes":[]}],"_links":{"self":[{"href":"https:\/\/larevistadigital.com.ar\/blog\/wp-json\/wp\/v2\/posts\/41575","targetHints":{"allow":["GET"]}}],"collection":[{"href":"https:\/\/larevistadigital.com.ar\/blog\/wp-json\/wp\/v2\/posts"}],"about":[{"href":"https:\/\/larevistadigital.com.ar\/blog\/wp-json\/wp\/v2\/types\/post"}],"author":[{"embeddable":true,"href":"https:\/\/larevistadigital.com.ar\/blog\/wp-json\/wp\/v2\/users\/3"}],"replies":[{"embeddable":true,"href":"https:\/\/larevistadigital.com.ar\/blog\/wp-json\/wp\/v2\/comments?post=41575"}],"version-history":[{"count":1,"href":"https:\/\/larevistadigital.com.ar\/blog\/wp-json\/wp\/v2\/posts\/41575\/revisions"}],"predecessor-version":[{"id":41577,"href":"https:\/\/larevistadigital.com.ar\/blog\/wp-json\/wp\/v2\/posts\/41575\/revisions\/41577"}],"wp:featuredmedia":[{"embeddable":true,"href":"https:\/\/larevistadigital.com.ar\/blog\/wp-json\/wp\/v2\/media\/41576"}],"wp:attachment":[{"href":"https:\/\/larevistadigital.com.ar\/blog\/wp-json\/wp\/v2\/media?parent=41575"}],"wp:term":[{"taxonomy":"category","embeddable":true,"href":"https:\/\/larevistadigital.com.ar\/blog\/wp-json\/wp\/v2\/categories?post=41575"},{"taxonomy":"post_tag","embeddable":true,"href":"https:\/\/larevistadigital.com.ar\/blog\/wp-json\/wp\/v2\/tags?post=41575"}],"curies":[{"name":"wp","href":"https:\/\/api.w.org\/{rel}","templated":true}]}}