{"id":41585,"date":"2025-09-22T11:22:00","date_gmt":"2025-09-22T14:22:00","guid":{"rendered":"https:\/\/larevistadigital.com.ar\/blog\/?p=41585"},"modified":"2025-09-22T11:44:52","modified_gmt":"2025-09-22T14:44:52","slug":"un-intendente-del-pro-consiguio-que-milei-retome-unas-obras-claves-para-su-municipio","status":"publish","type":"post","link":"https:\/\/larevistadigital.com.ar\/blog\/un-intendente-del-pro-consiguio-que-milei-retome-unas-obras-claves-para-su-municipio\/","title":{"rendered":"Un intendente del PRO consigui\u00f3 que Milei retome unas obras claves para su municipio"},"content":{"rendered":"<div class=\"embed-twitter\">\n<blockquote class=\"twitter-tweet\" data-width=\"500\" data-dnt=\"true\">\n<p lang=\"es\" dir=\"ltr\">Hoy recibimos con entusiasmo un cambio de postura y una respuesta positiva en el escrito judicial del Gobierno Nacional sobre la obra del paso bajo nivel. En el documento se comunic\u00f3 la intenci\u00f3n de continuarla y atender, en principio, el reclamo que venimos sosteniendo desde\u2026 <a href=\"https:\/\/t.co\/HyVp6SUSl5\">pic.twitter.com\/HyVp6SUSl5<\/a><\/p>\n<p>&mdash; Pablo Petrecca (@petreccapablo) <a href=\"https:\/\/twitter.com\/petreccapablo\/status\/1968768993243652297?ref_src=twsrc%5Etfw\">September 18, 2025<\/a><\/p><\/blockquote>\n<p><script async src=\"https:\/\/platform.twitter.com\/widgets.js\" charset=\"utf-8\"><\/script><\/div>\n<p>&nbsp;<\/p>\n<p>&nbsp;<\/p>\n<p>https:\/\/publish.twitter.com\/?url=https:\/\/twitter.com\/petreccapablo\/status\/1968768993243652297#<\/p>\n","protected":false},"excerpt":{"rendered":"<div class=\"mh-excerpt\"><p>&nbsp; &nbsp; https:\/\/publish.twitter.com\/?url=https:\/\/twitter.com\/petreccapablo\/status\/1968768993243652297#<\/p>\n<\/div>","protected":false},"author":3,"featured_media":0,"comment_status":"open","ping_status":"open","sticky":false,"template":"","format":"standard","meta":{"_jetpack_memberships_contains_paid_content":false,"footnotes":"","jetpack_publicize_message":"","jetpack_publicize_feature_enabled":true,"jetpack_social_post_already_shared":true,"jetpack_social_options":{"image_generator_settings":{"template":"highway","default_image_id":0,"font":"","enabled":false},"version":2}},"categories":[35],"tags":[],"class_list":{"0":"post-41585","1":"post","2":"type-post","3":"status-publish","4":"format-standard","6":"category-mujer"},"jetpack_publicize_connections":[],"jetpack_featured_media_url":"","jetpack_sharing_enabled":true,"jetpack_shortlink":"https:\/\/wp.me\/p8qtrQ-aOJ","jetpack-related-posts":[{"id":24690,"url":"https:\/\/larevistadigital.com.ar\/blog\/formuna-1-uno-dos-de-ferrari-en-bahrein-hamilton-tercero-y-red-bull-no-sumo\/","url_meta":{"origin":41585,"position":0},"title":"FORMUNA 1: UNO-DOS DE FERRARI EN BAHREIN, HAMILTON TERCERO Y RED BULL NO SUM\u00d3","author":"Alejandro Sosa Ruda","date":"20 marzo, 2022","format":false,"excerpt":"Charles Leclerc gan\u00f3 por delante del espa\u00f1ol Carlos Sainz y Lewis Hamilton. Verstappen abandon\u00f3 por problemas mec\u00e1nicos. Alonso termin\u00f3 noveno y, de momento, \u201cEl Plan\u201d no funciona. La F\u00f3rmula 1 de 2022 no pudo empezar mejor para unos y peor para otros. Ferrari logr\u00f3 el doblete con\u00a0Leclerc en cabeza por\u2026","rel":"","context":"En \u00abDEPORTES\u00bb","block_context":{"text":"DEPORTES","link":"https:\/\/larevistadigital.com.ar\/blog\/category\/deportes\/"},"img":{"alt_text":"","src":"https:\/\/i0.wp.com\/larevistadigital.com.ar\/blog\/wp-content\/uploads\/f1-bahrain-gp-2018-sebastian-vettel-ferrari-sf71h-8027884.jpg?fit=800%2C533&ssl=1&resize=350%2C200","width":350,"height":200,"srcset":"https:\/\/i0.wp.com\/larevistadigital.com.ar\/blog\/wp-content\/uploads\/f1-bahrain-gp-2018-sebastian-vettel-ferrari-sf71h-8027884.jpg?fit=800%2C533&ssl=1&resize=350%2C200 1x, https:\/\/i0.wp.com\/larevistadigital.com.ar\/blog\/wp-content\/uploads\/f1-bahrain-gp-2018-sebastian-vettel-ferrari-sf71h-8027884.jpg?fit=800%2C533&ssl=1&resize=525%2C300 1.5x, https:\/\/i0.wp.com\/larevistadigital.com.ar\/blog\/wp-content\/uploads\/f1-bahrain-gp-2018-sebastian-vettel-ferrari-sf71h-8027884.jpg?fit=800%2C533&ssl=1&resize=700%2C400 2x"},"classes":[]},{"id":10836,"url":"https:\/\/larevistadigital.com.ar\/blog\/copa-america-brasil-sufrio-y-paso-a-paraguay-por-penales\/","url_meta":{"origin":41585,"position":1},"title":"COPA AM\u00c9RICA: BRASIL SUFRI\u00d3 Y PAS\u00d3 A PARAGUAY POR PENALES","author":"Alejandro Sosa Ruda","date":"28 junio, 2019","format":false,"excerpt":"Empataron sin goles y desde los doce pasos fue 4 a 3 para el local. El equipo dirigido por Eduardo Berizzo estuvo m\u00e1s de media hora con diez jugadores por la expulsi\u00f3n de Balbuena. Brasil elimin\u00f3 a Paraguay por 4 a 3\u00a0en definici\u00f3n por tiros penales tras una \u00faltima conversi\u00f3n\u2026","rel":"","context":"En \u00abDEPORTES\u00bb","block_context":{"text":"DEPORTES","link":"https:\/\/larevistadigital.com.ar\/blog\/category\/deportes\/"},"img":{"alt_text":"","src":"https:\/\/i0.wp.com\/larevistadigital.com.ar\/blog\/wp-content\/uploads\/Screenshot_1-12.jpg?fit=1153%2C795&ssl=1&resize=350%2C200","width":350,"height":200,"srcset":"https:\/\/i0.wp.com\/larevistadigital.com.ar\/blog\/wp-content\/uploads\/Screenshot_1-12.jpg?fit=1153%2C795&ssl=1&resize=350%2C200 1x, https:\/\/i0.wp.com\/larevistadigital.com.ar\/blog\/wp-content\/uploads\/Screenshot_1-12.jpg?fit=1153%2C795&ssl=1&resize=525%2C300 1.5x, https:\/\/i0.wp.com\/larevistadigital.com.ar\/blog\/wp-content\/uploads\/Screenshot_1-12.jpg?fit=1153%2C795&ssl=1&resize=700%2C400 2x, https:\/\/i0.wp.com\/larevistadigital.com.ar\/blog\/wp-content\/uploads\/Screenshot_1-12.jpg?fit=1153%2C795&ssl=1&resize=1050%2C600 3x"},"classes":[]},{"id":19313,"url":"https:\/\/larevistadigital.com.ar\/blog\/video-asi-aparecio-maia-y-su-captor-la-nena-esta-bien\/","url_meta":{"origin":41585,"position":2},"title":"[VIDEO] AS\u00cd APARECI\u00d3 MAIA Y SU CAPTOR. EN PRINCIPIO, LA NENA EST\u00c1 BIEN","author":"Alejandro Sosa Ruda","date":"18 marzo, 2021","format":false,"excerpt":"Un video muestra c\u00f3mo la chiquita de 7 a\u00f1os fue hallado por personal policial, junto a su secuestrador. La menor estaba vestida con una chomba negra, presuntamente de su captor. Luego de 3 d\u00edas de desesperada b\u00fasqueda, apareci\u00f3\u00a0Maia Beloso, la nena de 7 a\u00f1os que fue secuestrada durante 3 d\u00edas\u2026","rel":"","context":"En \u00abDESTACADAS\u00bb","block_context":{"text":"DESTACADAS","link":"https:\/\/larevistadigital.com.ar\/blog\/category\/destacadas\/"},"img":{"alt_text":"","src":"https:\/\/i0.wp.com\/larevistadigital.com.ar\/blog\/wp-content\/uploads\/Captura-1.jpg?fit=800%2C730&ssl=1&resize=350%2C200","width":350,"height":200,"srcset":"https:\/\/i0.wp.com\/larevistadigital.com.ar\/blog\/wp-content\/uploads\/Captura-1.jpg?fit=800%2C730&ssl=1&resize=350%2C200 1x, https:\/\/i0.wp.com\/larevistadigital.com.ar\/blog\/wp-content\/uploads\/Captura-1.jpg?fit=800%2C730&ssl=1&resize=525%2C300 1.5x, https:\/\/i0.wp.com\/larevistadigital.com.ar\/blog\/wp-content\/uploads\/Captura-1.jpg?fit=800%2C730&ssl=1&resize=700%2C400 2x"},"classes":[]},{"id":33556,"url":"https:\/\/larevistadigital.com.ar\/blog\/ruta-2-un-micro-que-regresaba-a-mar-del-plata-se-incendio-totalmente\/","url_meta":{"origin":41585,"position":3},"title":"RUTA 2: UN MICRO QUE REGRESABA A MAR DEL PLATA SE INCENDI\u00d3 TOTALMENTE","author":"Alejandro Sosa Ruda","date":"23 septiembre, 2023","format":false,"excerpt":"Sucedi\u00f3 a la altura del km.77, y las llamas destruyeron totalmente al veh\u00edculo. Afortunadamente no hubo v\u00edctimas. 23 de Septiembre de 2023 BUENOS AIRES -\u00a0\u00a0Pasadas las 14 hs. de este s\u00e1bado, un micro de una empresa marplatense se prendi\u00f3 fuego sobre la ruta 2, a la altura del kil\u00f3metro 77,\u2026","rel":"","context":"En \u00abDESTACADAS\u00bb","block_context":{"text":"DESTACADAS","link":"https:\/\/larevistadigital.com.ar\/blog\/category\/destacadas\/"},"img":{"alt_text":"","src":"https:\/\/i0.wp.com\/larevistadigital.com.ar\/blog\/wp-content\/uploads\/micro-ruta.jpg?fit=720%2C722&ssl=1&resize=350%2C200","width":350,"height":200,"srcset":"https:\/\/i0.wp.com\/larevistadigital.com.ar\/blog\/wp-content\/uploads\/micro-ruta.jpg?fit=720%2C722&ssl=1&resize=350%2C200 1x, https:\/\/i0.wp.com\/larevistadigital.com.ar\/blog\/wp-content\/uploads\/micro-ruta.jpg?fit=720%2C722&ssl=1&resize=525%2C300 1.5x, https:\/\/i0.wp.com\/larevistadigital.com.ar\/blog\/wp-content\/uploads\/micro-ruta.jpg?fit=720%2C722&ssl=1&resize=700%2C400 2x"},"classes":[]},{"id":8293,"url":"https:\/\/larevistadigital.com.ar\/blog\/plumifero-feminista-panico-por-pajaro-que-ataca-solo-a-los-hombres\/","url_meta":{"origin":41585,"position":4},"title":"\u00a1PLUM\u00cdFERO FEMINISTA! P\u00c1NICO POR P\u00c1JARO QUE ATACA SOLO A LOS HOMBRES","author":"Alejandro Sosa Ruda","date":"10 febrero, 2019","format":false,"excerpt":"La temible ave picotea a las personas del g\u00e9nero masculino que pasan por la puerta de un hotel en Lima, Per\u00fa. Denuncias que son varios los casos.\u00a0\u00a1No te pierdas el video! Una usuaria de Twitter\u00a0comparti\u00f3 varios videos en los que se observa c\u00f3mo un p\u00e1jaro ataca a hombres en la\u2026","rel":"","context":"En \u00abCURIOSAS\u00bb","block_context":{"text":"CURIOSAS","link":"https:\/\/larevistadigital.com.ar\/blog\/category\/curiosas\/"},"img":{"alt_text":"","src":"https:\/\/i0.wp.com\/larevistadigital.com.ar\/blog\/wp-content\/uploads\/2019\/02\/pajarito.jpg_1734428432.jpg?fit=970%2C546&ssl=1&resize=350%2C200","width":350,"height":200,"srcset":"https:\/\/i0.wp.com\/larevistadigital.com.ar\/blog\/wp-content\/uploads\/2019\/02\/pajarito.jpg_1734428432.jpg?fit=970%2C546&ssl=1&resize=350%2C200 1x, https:\/\/i0.wp.com\/larevistadigital.com.ar\/blog\/wp-content\/uploads\/2019\/02\/pajarito.jpg_1734428432.jpg?fit=970%2C546&ssl=1&resize=525%2C300 1.5x, https:\/\/i0.wp.com\/larevistadigital.com.ar\/blog\/wp-content\/uploads\/2019\/02\/pajarito.jpg_1734428432.jpg?fit=970%2C546&ssl=1&resize=700%2C400 2x"},"classes":[]},{"id":18747,"url":"https:\/\/larevistadigital.com.ar\/blog\/video-insolita-agresion-caminaba-por-la-calle-y-lo-noquearon-de-una-trompada\/","url_meta":{"origin":41585,"position":5},"title":"[VIDEO] INS\u00d3LITA AGRESI\u00d3N: CAMINABA POR LA CALLE Y LO  NOQUEARON DE UNA TROMPADA","author":"Alejandro Sosa Ruda","date":"6 febrero, 2021","format":false,"excerpt":"La\u00a0Polic\u00eda de Los \u00c1ngeles (EE.UU.)\u00a0busca a un hombre\u00a0que agredi\u00f3 a\u00a0un transe\u00fante en plena calle\u00a0el pasado 16 de enero,\u00a0informa\u00a0CBS Los Angeles. El \u00f3rgano de seguridad\u00a0public\u00f3 el video captado por las c\u00e1maras de seguridad, en \u00e9l se ve al delincuente golpear al transe\u00fante despu\u00e9s de que los hombres tengan un altercado verbal.\u00a0Tras\u2026","rel":"","context":"En \u00abCURIOSAS\u00bb","block_context":{"text":"CURIOSAS","link":"https:\/\/larevistadigital.com.ar\/blog\/category\/curiosas\/"},"img":{"alt_text":"","src":"https:\/\/i0.wp.com\/larevistadigital.com.ar\/blog\/wp-content\/uploads\/Captura-2.png?fit=900%2C495&ssl=1&resize=350%2C200","width":350,"height":200,"srcset":"https:\/\/i0.wp.com\/larevistadigital.com.ar\/blog\/wp-content\/uploads\/Captura-2.png?fit=900%2C495&ssl=1&resize=350%2C200 1x, https:\/\/i0.wp.com\/larevistadigital.com.ar\/blog\/wp-content\/uploads\/Captura-2.png?fit=900%2C495&ssl=1&resize=525%2C300 1.5x, https:\/\/i0.wp.com\/larevistadigital.com.ar\/blog\/wp-content\/uploads\/Captura-2.png?fit=900%2C495&ssl=1&resize=700%2C400 2x"},"classes":[]}],"_links":{"self":[{"href":"https:\/\/larevistadigital.com.ar\/blog\/wp-json\/wp\/v2\/posts\/41585","targetHints":{"allow":["GET"]}}],"collection":[{"href":"https:\/\/larevistadigital.com.ar\/blog\/wp-json\/wp\/v2\/posts"}],"about":[{"href":"https:\/\/larevistadigital.com.ar\/blog\/wp-json\/wp\/v2\/types\/post"}],"author":[{"embeddable":true,"href":"https:\/\/larevistadigital.com.ar\/blog\/wp-json\/wp\/v2\/users\/3"}],"replies":[{"embeddable":true,"href":"https:\/\/larevistadigital.com.ar\/blog\/wp-json\/wp\/v2\/comments?post=41585"}],"version-history":[{"count":16,"href":"https:\/\/larevistadigital.com.ar\/blog\/wp-json\/wp\/v2\/posts\/41585\/revisions"}],"predecessor-version":[{"id":41595,"href":"https:\/\/larevistadigital.com.ar\/blog\/wp-json\/wp\/v2\/posts\/41585\/revisions\/41595"}],"wp:attachment":[{"href":"https:\/\/larevistadigital.com.ar\/blog\/wp-json\/wp\/v2\/media?parent=41585"}],"wp:term":[{"taxonomy":"category","embeddable":true,"href":"https:\/\/larevistadigital.com.ar\/blog\/wp-json\/wp\/v2\/categories?post=41585"},{"taxonomy":"post_tag","embeddable":true,"href":"https:\/\/larevistadigital.com.ar\/blog\/wp-json\/wp\/v2\/tags?post=41585"}],"curies":[{"name":"wp","href":"https:\/\/api.w.org\/{rel}","templated":true}]}}