{"id":416,"date":"2017-02-23T13:51:57","date_gmt":"2017-02-23T13:51:57","guid":{"rendered":"https:\/\/larevistadigital.com.ar\/blog\/?p=416"},"modified":"2017-02-23T13:51:57","modified_gmt":"2017-02-23T13:51:57","slug":"las-medias-piezas-sobran-las-recetas","status":"publish","type":"post","link":"https:\/\/larevistadigital.com.ar\/blog\/las-medias-piezas-sobran-las-recetas\/","title":{"rendered":"\u00bfQu\u00e9 hacer con las medias piezas que sobran de las recetas?"},"content":{"rendered":"<h3>El jugo de medio lim\u00f3n, tres rodajas de pi\u00f1a y medio aguacate&#8230; Pero, \u00bfqu\u00e9 hago con lo que me ha sobrado de mi receta?<\/h3>\n<p class=\"byline\">por ANDREA ANTOL\u00cdN<\/p>\n<p class=\"fecha\"><time>20 FEB 2017<\/time><\/p>\n<div class=\"entradilla\">\n<p>Me encuentro un d\u00eda en la casa de mi hermana, ella est\u00e1 leyendo una receta y empieza a enumerar los ingredientes (o mejor dicho, los medios ingredientes):<\/p>\n<p id=\"U211752372091W9H\">&#8211; Un vaso de agua de coco, medio aguacate, tres rodajas de pi\u00f1a natural&#8230; Suena bonito pero \u00bfqu\u00e9 hago con lo que me sobra de la receta?<\/p>\n<p>Casi todas las recetas cuentan con porciones divididas de frutas y verduras, queda muy llamativo en las fotograf\u00edas pero, <strong>\u00bfqu\u00e9 hacemos con el resto de los ingredientes que nos han sobrado?<\/strong><\/p>\n<p>Puede ser que est\u00e9s siguiendo una dieta y la receta de turno especifique que tiene que ser medio pl\u00e1tano as\u00ed que, a no ser que tu &#8216;media naranja&#8217; se haga la misma receta para acabar con las sobras, te decimos algunos consejos para no tirar lo que nos sobre ni <strong>acab\u00e1rnoslo porque \u00absi no se pone malo\u00bb.<\/strong><\/p>\n<p>Algunas piezas duran mucho tiempo en el frigor\u00edfico, otras las puedes congelar, pero para no tener ese medio aguacate llam\u00e1ndote para clavarle una cucharilla, encuentra las alternativas para darles una nueva vida.<\/p>\n<h3 class=\"ladillo\">Medio lim\u00f3n<\/h3>\n<p>Empezamos bien, pues medio lim\u00f3n, a parte de durar mucho (pero que mucho) en el frigor\u00edfico puedes tom\u00e1rtelo exprimido en un vaso de agua templada nada m\u00e1s levantarte. Est\u00e1 permitido (e incluso recomendado) en todas las dietas as\u00ed que no sufras por el medio lim\u00f3n.<\/p>\n<h3 class=\"ladillo\">Medio aguacate<\/h3>\n<p>S\u00ed, son grasas buenas pero siguen siendo grasas por lo que no es del todo saludable tener que acabarte con el medio aguacate cuando ya has utilizado el otro medio en tu receta \u00abhealthy\u00bb. Te proponemos una alternativa beauty: medio aguacate maduro, 2 cucharadas de miel y media cucharadita de aceite de coco. Cuando consigas una masa homog\u00e9nea esti\u00e9ndela sobre la cabello h\u00famedo durante 10-15 minutos y depu\u00e9s acl\u00e1ralo con agua tibia. \u00a1Como nueva!<\/p>\n<h3 class=\"ladillo\">Media pi\u00f1a<\/h3>\n<p>Corta la pi\u00f1a que te ha sobrado en cubitos y m\u00e9tela al congelador. Puedes conservarla durante estos meses hasta que comiencen los d\u00edas de calor y as\u00ed para cuando quieras un smoothie s\u00f3lo tendr\u00e1s que coger una segunda fruta (la que m\u00e1s te guste), un vaso de leche y un ingrediente que espese nuestro batido como yogur, k\u00e9fir, helado, semillas de ch\u00eda o copos de avena. Trit\u00faralo (con los trozos peque\u00f1os de pi\u00f1a sin descongelar) y tendr\u00e1s un refrescante smooothie para el verano.<\/p>\n<h3 class=\"ladillo\">Medio pl\u00e1tano<\/h3>\n<p>Las mascarillas caseras vuelven al rescate con esta nueva f\u00f3rmula: medio pl\u00e1tano, \u00bc de yogur y una cucharadita de miel. Volvemos a conseguir una masa homog\u00e9nea y lo estendemos por la cara evitando los ojos durante 15 minutos. Es un antiaging perfecto ya que te reafirma la piel de forma natural. Para potenciar sus efectos coloca un pa\u00f1o h\u00famedo templado sobre la cara cuando est\u00e9s con la mascarilla.<\/p>\n<p><a href=\"https:\/\/i0.wp.com\/larevistadigital.com.ar\/blog\/wp-content\/uploads\/2017\/02\/medias-limon.jpg?ssl=1\"><img data-recalc-dims=\"1\" loading=\"lazy\" decoding=\"async\" class=\"alignnone size-medium wp-image-417\" src=\"https:\/\/i0.wp.com\/larevistadigital.com.ar\/blog\/wp-content\/uploads\/2017\/02\/medias-limon.jpg?resize=300%2C225&#038;ssl=1\" alt=\"\" width=\"300\" height=\"225\" srcset=\"https:\/\/i0.wp.com\/larevistadigital.com.ar\/blog\/wp-content\/uploads\/2017\/02\/medias-limon.jpg?resize=300%2C225&amp;ssl=1 300w, https:\/\/i0.wp.com\/larevistadigital.com.ar\/blog\/wp-content\/uploads\/2017\/02\/medias-limon.jpg?resize=326%2C245&amp;ssl=1 326w, https:\/\/i0.wp.com\/larevistadigital.com.ar\/blog\/wp-content\/uploads\/2017\/02\/medias-limon.jpg?resize=80%2C60&amp;ssl=1 80w, https:\/\/i0.wp.com\/larevistadigital.com.ar\/blog\/wp-content\/uploads\/2017\/02\/medias-limon.jpg?w=644&amp;ssl=1 644w\" sizes=\"auto, (max-width: 300px) 100vw, 300px\" \/><\/a><\/p>\n<\/div>\n","protected":false},"excerpt":{"rendered":"<div class=\"mh-excerpt\"><p>El jugo de medio lim\u00f3n, tres rodajas de pi\u00f1a y medio aguacate&#8230; Pero, \u00bfqu\u00e9 hago con lo que me ha sobrado de mi receta? por ANDREA ANTOL\u00cdN 20 FEB 2017 Me encuentro un d\u00eda en <a class=\"mh-excerpt-more\" href=\"https:\/\/larevistadigital.com.ar\/blog\/las-medias-piezas-sobran-las-recetas\/\" title=\"\u00bfQu\u00e9 hacer con las medias piezas que sobran de las recetas?\">[Leer M\u00e1s]<\/a><\/p>\n<\/div>","protected":false},"author":2,"featured_media":417,"comment_status":"open","ping_status":"open","sticky":false,"template":"","format":"standard","meta":{"_jetpack_memberships_contains_paid_content":false,"footnotes":"","jetpack_publicize_message":"\u00bfQu\u00e9 hacer con las medias piezas que sobran de las recetas?","jetpack_publicize_feature_enabled":true,"jetpack_social_post_already_shared":true,"jetpack_social_options":{"image_generator_settings":{"template":"highway","default_image_id":0,"font":"","enabled":false},"version":2}},"categories":[35,31],"tags":[],"class_list":{"0":"post-416","1":"post","2":"type-post","3":"status-publish","4":"format-standard","5":"has-post-thumbnail","7":"category-mujer","8":"category-suplementos"},"jetpack_publicize_connections":[],"jetpack_featured_media_url":"https:\/\/i0.wp.com\/larevistadigital.com.ar\/blog\/wp-content\/uploads\/2017\/02\/medias-limon.jpg?fit=644%2C482&ssl=1","jetpack_sharing_enabled":true,"jetpack_shortlink":"https:\/\/wp.me\/p8qtrQ-6I","jetpack-related-posts":[{"id":396,"url":"https:\/\/larevistadigital.com.ar\/blog\/garbanzos-espinacas-receta\/","url_meta":{"origin":416,"position":0},"title":"GARBANZOS CON ESPINACAS receta","author":"editor","date":"23 febrero, 2017","format":false,"excerpt":"\u00a0 Garbanzos con espinacas es una de esas recetas\u00a0complet\u00edsimas. Especialmente en los d\u00edas de oto\u00f1o e invierno. Plato caliente, nutritivo, lleno de las prote\u00ednas de los garbanzos, que pueden alcanzar los 20g por cada 100g de esta legumbre y de la vitamina C y el calcio de las espinacas. Adem\u00e1s,\u00a0tambi\u00e9n\u2026","rel":"","context":"En \u00abCOCINA\u00bb","block_context":{"text":"COCINA","link":"https:\/\/larevistadigital.com.ar\/blog\/category\/suplementos\/cocina\/"},"img":{"alt_text":"","src":"https:\/\/i0.wp.com\/larevistadigital.com.ar\/blog\/wp-content\/uploads\/2017\/02\/garbanzos-con-espinacas.jpg?fit=600%2C337&ssl=1&resize=350%2C200","width":350,"height":200,"srcset":"https:\/\/i0.wp.com\/larevistadigital.com.ar\/blog\/wp-content\/uploads\/2017\/02\/garbanzos-con-espinacas.jpg?fit=600%2C337&ssl=1&resize=350%2C200 1x, https:\/\/i0.wp.com\/larevistadigital.com.ar\/blog\/wp-content\/uploads\/2017\/02\/garbanzos-con-espinacas.jpg?fit=600%2C337&ssl=1&resize=525%2C300 1.5x"},"classes":[]},{"id":15484,"url":"https:\/\/larevistadigital.com.ar\/blog\/video-recetas-en-cuarentena-hoy-clasica-receta-italiana-de-pasta-y-alubias-pasta-e-fagioli\/","url_meta":{"origin":416,"position":1},"title":"[VIDEO] (RECETAS EN CUARENTENA) HOY: CL\u00c1SICA RECETA ITALIANA DE PASTA Y ALUBIAS (\u00abPasta e Fagioli)","author":"Alejandro Sosa Ruda","date":"2 junio, 2020","format":false,"excerpt":"Para hacer m\u00e1s llevadera esta cuarentena, comenzamos con distintas entregas que tienen que ver con recetas, y otras cosas interesantes que se pueden encontrar en internet. Hoy arrancamos con una receta bien casera y f\u00e1cil, que es riqu\u00edsima e ideal para el invierno y el fr\u00edo. Aqu\u00ed la receta completa:\u2026","rel":"","context":"En \u00abCOCINA\u00bb","block_context":{"text":"COCINA","link":"https:\/\/larevistadigital.com.ar\/blog\/category\/suplementos\/cocina\/"},"img":{"alt_text":"","src":"https:\/\/i0.wp.com\/larevistadigital.com.ar\/blog\/wp-content\/uploads\/Pasta-e-fagioli-6-1200x1200-1.jpg?fit=1200%2C1200&ssl=1&resize=350%2C200","width":350,"height":200,"srcset":"https:\/\/i0.wp.com\/larevistadigital.com.ar\/blog\/wp-content\/uploads\/Pasta-e-fagioli-6-1200x1200-1.jpg?fit=1200%2C1200&ssl=1&resize=350%2C200 1x, https:\/\/i0.wp.com\/larevistadigital.com.ar\/blog\/wp-content\/uploads\/Pasta-e-fagioli-6-1200x1200-1.jpg?fit=1200%2C1200&ssl=1&resize=525%2C300 1.5x, https:\/\/i0.wp.com\/larevistadigital.com.ar\/blog\/wp-content\/uploads\/Pasta-e-fagioli-6-1200x1200-1.jpg?fit=1200%2C1200&ssl=1&resize=700%2C400 2x, https:\/\/i0.wp.com\/larevistadigital.com.ar\/blog\/wp-content\/uploads\/Pasta-e-fagioli-6-1200x1200-1.jpg?fit=1200%2C1200&ssl=1&resize=1050%2C600 3x"},"classes":[]},{"id":20477,"url":"https:\/\/larevistadigital.com.ar\/blog\/con-video-hummus-tips-para-cocinar-esta-clasica-receta-de-medio-oriente\/","url_meta":{"origin":416,"position":2},"title":"[CON VIDEO] HUMMUS: TIPS PARA COCINAR ESTA CL\u00c1SICA RECETA DE MEDIO ORIENTE","author":"Alejandro Sosa Ruda","date":"26 mayo, 2021","format":false,"excerpt":"Te contamos acerca de esta exquisita pasta de garbanzos y te damos consejos para que te salga de diez. Hace un par de d\u00e9cadas, casi nadie sab\u00eda lo que era el hummus, el exquisito pur\u00e9 de garbanzos t\u00edpico del Mediterr\u00e1neo Oriental. Pero ahora no s\u00f3lo es conocido y est\u00e1 de\u2026","rel":"","context":"En \u00abCOCINA\u00bb","block_context":{"text":"COCINA","link":"https:\/\/larevistadigital.com.ar\/blog\/category\/suplementos\/cocina\/"},"img":{"alt_text":"","src":"https:\/\/i0.wp.com\/larevistadigital.com.ar\/blog\/wp-content\/uploads\/Hummus-casero.jpg?fit=1200%2C800&ssl=1&resize=350%2C200","width":350,"height":200,"srcset":"https:\/\/i0.wp.com\/larevistadigital.com.ar\/blog\/wp-content\/uploads\/Hummus-casero.jpg?fit=1200%2C800&ssl=1&resize=350%2C200 1x, https:\/\/i0.wp.com\/larevistadigital.com.ar\/blog\/wp-content\/uploads\/Hummus-casero.jpg?fit=1200%2C800&ssl=1&resize=525%2C300 1.5x, https:\/\/i0.wp.com\/larevistadigital.com.ar\/blog\/wp-content\/uploads\/Hummus-casero.jpg?fit=1200%2C800&ssl=1&resize=700%2C400 2x, https:\/\/i0.wp.com\/larevistadigital.com.ar\/blog\/wp-content\/uploads\/Hummus-casero.jpg?fit=1200%2C800&ssl=1&resize=1050%2C600 3x"},"classes":[]},{"id":16138,"url":"https:\/\/larevistadigital.com.ar\/blog\/cocina-marinadas-los-distintos-tipos-y-para-que-sirven-incluye-receta-de-pollo-marinado\/","url_meta":{"origin":416,"position":3},"title":"COCINA: \u00abMARINADAS\u00bb LOS DISTINTOS TIPOS, Y PARA QU\u00c9 SIRVEN (incluye receta de pollo marinado)","author":"Alejandro Sosa Ruda","date":"26 agosto, 2020","format":false,"excerpt":"Es una t\u00e9cnica que le da mucho sabor a una variedad interesante de comidas. Las\u00a0marinadas\u00a0son un viejo recurso de la gastronom\u00eda, que lamentablemente en ocasiones no se emplea porque requiere de un proceso m\u00e1s o menos largo, pero que resulta muy funcional para saborizar y tiernizar carnes, pescados, aves y\u2026","rel":"","context":"En \u00abCOCINA\u00bb","block_context":{"text":"COCINA","link":"https:\/\/larevistadigital.com.ar\/blog\/category\/suplementos\/cocina\/"},"img":{"alt_text":"","src":"https:\/\/i0.wp.com\/larevistadigital.com.ar\/blog\/wp-content\/uploads\/pollo-marinado-con-miel-mostaza-y-soya.jpg?fit=600%2C374&ssl=1&resize=350%2C200","width":350,"height":200,"srcset":"https:\/\/i0.wp.com\/larevistadigital.com.ar\/blog\/wp-content\/uploads\/pollo-marinado-con-miel-mostaza-y-soya.jpg?fit=600%2C374&ssl=1&resize=350%2C200 1x, https:\/\/i0.wp.com\/larevistadigital.com.ar\/blog\/wp-content\/uploads\/pollo-marinado-con-miel-mostaza-y-soya.jpg?fit=600%2C374&ssl=1&resize=525%2C300 1.5x"},"classes":[]},{"id":15850,"url":"https:\/\/larevistadigital.com.ar\/blog\/video-receta-noquis-a-la-romana-faciles-rapidos-y-para-lucirse\/","url_meta":{"origin":416,"position":4},"title":"[VIDEO RECETA] \u00d1OQUIS A LA ROMANA (F\u00c1CILES, R\u00c1PIDOS Y PARA LUCIRSE)","author":"Alejandro Sosa Ruda","date":"10 julio, 2020","format":false,"excerpt":"Hoy te acercamos una nueva receta: Los exquisitos \"\u00d1oquis de s\u00e9mola\" o \"Noquis a la Romana\". Una receta muy f\u00e1cil, pero muy sabrosa que va a ser la delicia de tus seres queridos. La hac\u00e9s en un rato y te luc\u00eds! Tomada del canal de Youtube \"El pastificio de Nicola\"\u2026","rel":"","context":"En \u00abCOCINA\u00bb","block_context":{"text":"COCINA","link":"https:\/\/larevistadigital.com.ar\/blog\/category\/suplementos\/cocina\/"},"img":{"alt_text":"","src":"https:\/\/i0.wp.com\/larevistadigital.com.ar\/blog\/wp-content\/uploads\/3090281s1280h960.jpg?fit=1200%2C900&ssl=1&resize=350%2C200","width":350,"height":200,"srcset":"https:\/\/i0.wp.com\/larevistadigital.com.ar\/blog\/wp-content\/uploads\/3090281s1280h960.jpg?fit=1200%2C900&ssl=1&resize=350%2C200 1x, https:\/\/i0.wp.com\/larevistadigital.com.ar\/blog\/wp-content\/uploads\/3090281s1280h960.jpg?fit=1200%2C900&ssl=1&resize=525%2C300 1.5x, https:\/\/i0.wp.com\/larevistadigital.com.ar\/blog\/wp-content\/uploads\/3090281s1280h960.jpg?fit=1200%2C900&ssl=1&resize=700%2C400 2x, https:\/\/i0.wp.com\/larevistadigital.com.ar\/blog\/wp-content\/uploads\/3090281s1280h960.jpg?fit=1200%2C900&ssl=1&resize=1050%2C600 3x"},"classes":[]},{"id":405,"url":"https:\/\/larevistadigital.com.ar\/blog\/pollo-la-naranja-al-horno\/","url_meta":{"origin":416,"position":5},"title":"POLLO A LA NARANJA AL HORNO","author":"editor","date":"23 febrero, 2017","format":false,"excerpt":"Pollo a la naranja al horno. Esta receta, es t\u00edpica de las gastronom\u00eda francesa. Aunque es m\u00e1s t\u00edpica hacerla con pato que con pollo -si quieres puedes prepararla con pato- aqu\u00ed la haremos con pollo ya que es mucho m\u00e1s asequible para todos los bolsillos. Adem\u00e1s, lo acompa\u00f1aremos con una\u2026","rel":"","context":"En \u00abCOCINA\u00bb","block_context":{"text":"COCINA","link":"https:\/\/larevistadigital.com.ar\/blog\/category\/suplementos\/cocina\/"},"img":{"alt_text":"","src":"https:\/\/i0.wp.com\/larevistadigital.com.ar\/blog\/wp-content\/uploads\/2017\/02\/pollo-a-la-naranja-al-horno.jpg?fit=600%2C337&ssl=1&resize=350%2C200","width":350,"height":200,"srcset":"https:\/\/i0.wp.com\/larevistadigital.com.ar\/blog\/wp-content\/uploads\/2017\/02\/pollo-a-la-naranja-al-horno.jpg?fit=600%2C337&ssl=1&resize=350%2C200 1x, https:\/\/i0.wp.com\/larevistadigital.com.ar\/blog\/wp-content\/uploads\/2017\/02\/pollo-a-la-naranja-al-horno.jpg?fit=600%2C337&ssl=1&resize=525%2C300 1.5x"},"classes":[]}],"_links":{"self":[{"href":"https:\/\/larevistadigital.com.ar\/blog\/wp-json\/wp\/v2\/posts\/416","targetHints":{"allow":["GET"]}}],"collection":[{"href":"https:\/\/larevistadigital.com.ar\/blog\/wp-json\/wp\/v2\/posts"}],"about":[{"href":"https:\/\/larevistadigital.com.ar\/blog\/wp-json\/wp\/v2\/types\/post"}],"author":[{"embeddable":true,"href":"https:\/\/larevistadigital.com.ar\/blog\/wp-json\/wp\/v2\/users\/2"}],"replies":[{"embeddable":true,"href":"https:\/\/larevistadigital.com.ar\/blog\/wp-json\/wp\/v2\/comments?post=416"}],"version-history":[{"count":1,"href":"https:\/\/larevistadigital.com.ar\/blog\/wp-json\/wp\/v2\/posts\/416\/revisions"}],"predecessor-version":[{"id":418,"href":"https:\/\/larevistadigital.com.ar\/blog\/wp-json\/wp\/v2\/posts\/416\/revisions\/418"}],"wp:featuredmedia":[{"embeddable":true,"href":"https:\/\/larevistadigital.com.ar\/blog\/wp-json\/wp\/v2\/media\/417"}],"wp:attachment":[{"href":"https:\/\/larevistadigital.com.ar\/blog\/wp-json\/wp\/v2\/media?parent=416"}],"wp:term":[{"taxonomy":"category","embeddable":true,"href":"https:\/\/larevistadigital.com.ar\/blog\/wp-json\/wp\/v2\/categories?post=416"},{"taxonomy":"post_tag","embeddable":true,"href":"https:\/\/larevistadigital.com.ar\/blog\/wp-json\/wp\/v2\/tags?post=416"}],"curies":[{"name":"wp","href":"https:\/\/api.w.org\/{rel}","templated":true}]}}