{"id":41603,"date":"2025-09-23T18:36:39","date_gmt":"2025-09-23T21:36:39","guid":{"rendered":"https:\/\/larevistadigital.com.ar\/blog\/?p=41603"},"modified":"2025-09-23T18:36:39","modified_gmt":"2025-09-23T21:36:39","slug":"gabriela-manzoni-nego-rotundamente-trascendidos-sobre-un-posible-cambio-de-espacio-asumi-con-fredy-no-entre-para-pasar-de-un-lado-a-otro","status":"publish","type":"post","link":"https:\/\/larevistadigital.com.ar\/blog\/gabriela-manzoni-nego-rotundamente-trascendidos-sobre-un-posible-cambio-de-espacio-asumi-con-fredy-no-entre-para-pasar-de-un-lado-a-otro\/","title":{"rendered":"Gabriela Manzoni neg\u00f3 rotundamente trascendidos sobre un posible cambio de espacio \u00abasum\u00ed con Fredy, no entre para pasar de un lado a otro\u00bb."},"content":{"rendered":"<h2 data-start=\"278\" data-end=\"556\">La concejal electa, no se call\u00f3 nada y contest\u00f3 todas las preguntas en una muy interesante nota.<\/h2>\n<p data-start=\"278\" data-end=\"556\">23 de Septiembre de 2025<\/p>\n<p data-start=\"278\" data-end=\"556\"><strong>CHASCOM\u00daS &#8211;\u00a0 \u00a0<\/strong>La concejal recientemente electa por <em data-start=\"315\" data-end=\"335\">La Libertad Avanza<\/em> en Chascom\u00fas, <strong>Gabriela Manzoni<\/strong>, dialog\u00f3 con <strong>Alejandro \u201cEl Tano\u201d Sosa<\/strong> en el programa <strong>Ataque de Radio \u2013 Home Office, transmitido en vivo por La Revista Digital a trav\u00e9s de Facebook y por La Radio Digital en la web.<\/strong><\/p>\n<blockquote>\n<h3 data-start=\"558\" data-end=\"891\"><strong>Manzoni<\/strong> sostuvo que el resultado electoral no la sorprendi\u00f3, ya que confiaba en el trabajo realizado por su espacio. Agradeci\u00f3 especialmente al equipo que lideran <strong>Lito Fern\u00e1ndez<\/strong> y <strong>Javier Hartmann<\/strong>, y confirm\u00f3 que seguir\u00e1n recorriendo los barrios y mantendr\u00e1n abierto el local partidario en calle Belgrano para atender a los vecinos.<\/h3>\n<\/blockquote>\n<p data-start=\"893\" data-end=\"1087\">En cuanto a su rol dentro del Concejo, aclar\u00f3:<strong><em> \u201cYo no voy a entrar para ser contra de nadie. Lo que me parezca que est\u00e1 bien, lo voy a apoyar, y lo que crea que no sirve para la ciudad, no\u201d.<\/em><\/strong><\/p>\n<blockquote>\n<h3 data-start=\"1089\" data-end=\"1292\">La concejal tambi\u00e9n desminti\u00f3 los rumores sobre un posible pase a <em data-start=\"1155\" data-end=\"1174\">Chascom\u00fas Primero<\/em>: <strong><em data-start=\"1176\" data-end=\"1289\">\u201cYo lo aprecio mucho a Ramiro (Ferrante), pero estoy con Fredy (Toledo). No entr\u00e9 para pasar de un lado a otro\u201d<\/em>.<\/strong><\/h3>\n<\/blockquote>\n<p data-start=\"1294\" data-end=\"1544\">Respecto a la presidencia del Concejo Deliberante, consider\u00f3 que le gustar\u00eda que fuera <strong>Fredy Toledo<\/strong>, aunque reconoci\u00f3 que, por los resultados de la elecci\u00f3n, el cargo podr\u00eda corresponder a <strong>Lucio Alfons\u00edn<\/strong>. <strong>\u201cEso debe resolverse en el bloque\u201d<\/strong>, aclar\u00f3.<\/p>\n<p data-start=\"1546\" data-end=\"1707\">Finalmente, subray\u00f3 que la bancada que integrar\u00e1 tendr\u00e1 un papel clave en la pr\u00f3xima gesti\u00f3n: <strong><em data-start=\"1640\" data-end=\"1696\">\u201cNos van a buscar, porque ahora somos como el comod\u00edn\u201d<\/em><\/strong>, se\u00f1al\u00f3.<\/p>\n","protected":false},"excerpt":{"rendered":"<div class=\"mh-excerpt\"><p>La concejal electa, no se call\u00f3 nada y contest\u00f3 todas las preguntas en una muy interesante nota. 23 de Septiembre de 2025 CHASCOM\u00daS &#8211;\u00a0 \u00a0La concejal recientemente electa por La Libertad Avanza en Chascom\u00fas, Gabriela <a class=\"mh-excerpt-more\" href=\"https:\/\/larevistadigital.com.ar\/blog\/gabriela-manzoni-nego-rotundamente-trascendidos-sobre-un-posible-cambio-de-espacio-asumi-con-fredy-no-entre-para-pasar-de-un-lado-a-otro\/\" title=\"Gabriela Manzoni neg\u00f3 rotundamente trascendidos sobre un posible cambio de espacio \u00abasum\u00ed con Fredy, no entre para pasar de un lado a otro\u00bb.\">[Leer M\u00e1s]<\/a><\/p>\n<\/div>","protected":false},"author":3,"featured_media":41604,"comment_status":"open","ping_status":"open","sticky":false,"template":"","format":"standard","meta":{"_jetpack_memberships_contains_paid_content":false,"footnotes":"","jetpack_publicize_message":"","jetpack_publicize_feature_enabled":true,"jetpack_social_post_already_shared":true,"jetpack_social_options":{"image_generator_settings":{"template":"highway","default_image_id":0,"font":"","enabled":false},"version":2}},"categories":[41,23],"tags":[],"class_list":{"0":"post-41603","1":"post","2":"type-post","3":"status-publish","4":"format-standard","5":"has-post-thumbnail","7":"category-destacadas","8":"category-politica-local"},"jetpack_publicize_connections":[],"jetpack_featured_media_url":"https:\/\/i0.wp.com\/larevistadigital.com.ar\/blog\/wp-content\/uploads\/NOTA-CON-GABI-MANZONI.jpg?fit=859%2C484&ssl=1","jetpack_sharing_enabled":true,"jetpack_shortlink":"https:\/\/wp.me\/p8qtrQ-aP1","jetpack-related-posts":[{"id":41331,"url":"https:\/\/larevistadigital.com.ar\/blog\/chascomus-lucio-alfonsin-se-impuso-por-amplio-margen-en-los-comicios-para-concejal\/","url_meta":{"origin":41603,"position":0},"title":"Chascom\u00fas: Lucio Alfons\u00edn se impuso por amplio m\u00e1rgen en los comicios para concejal","author":"Alejandro Sosa Ruda","date":"7 septiembre, 2025","format":false,"excerpt":"Gan\u00f3 la elecci\u00f3n por casi diez puntos de distancia sobre su inmediato perseguidor, Santiago Dos Santos, que solo pudo sacarle 22 votos de diferencia al Dr, Toledo, de La Libertad Avanza. Santiago Casalins, qued\u00f3\u00a0 cuarto, a 492 votos de diferencia. 7 de Septirmbre de 2025 CHASCOM\u00daS -\u00a0 Luego de una\u2026","rel":"","context":"En \u00abCHASCOM\u00daS\u00bb","block_context":{"text":"CHASCOM\u00daS","link":"https:\/\/larevistadigital.com.ar\/blog\/category\/chascomus\/"},"img":{"alt_text":"","src":"https:\/\/i0.wp.com\/larevistadigital.com.ar\/blog\/wp-content\/uploads\/WhatsApp-Image-2025-09-07-at-12.23.18.jpeg?fit=1200%2C798&ssl=1&resize=350%2C200","width":350,"height":200,"srcset":"https:\/\/i0.wp.com\/larevistadigital.com.ar\/blog\/wp-content\/uploads\/WhatsApp-Image-2025-09-07-at-12.23.18.jpeg?fit=1200%2C798&ssl=1&resize=350%2C200 1x, https:\/\/i0.wp.com\/larevistadigital.com.ar\/blog\/wp-content\/uploads\/WhatsApp-Image-2025-09-07-at-12.23.18.jpeg?fit=1200%2C798&ssl=1&resize=525%2C300 1.5x, https:\/\/i0.wp.com\/larevistadigital.com.ar\/blog\/wp-content\/uploads\/WhatsApp-Image-2025-09-07-at-12.23.18.jpeg?fit=1200%2C798&ssl=1&resize=700%2C400 2x, https:\/\/i0.wp.com\/larevistadigital.com.ar\/blog\/wp-content\/uploads\/WhatsApp-Image-2025-09-07-at-12.23.18.jpeg?fit=1200%2C798&ssl=1&resize=1050%2C600 3x"},"classes":[]},{"id":40976,"url":"https:\/\/larevistadigital.com.ar\/blog\/tres-candidatas-a-concejalas-debatieron-en-vivo-sobre-los-desafios-de-chascomus\/","url_meta":{"origin":41603,"position":1},"title":"Tres candidatas a concejalas debatieron en vivo sobre los desaf\u00edos de Chascom\u00fas","author":"Alejandro Sosa Ruda","date":"19 agosto, 2025","format":false,"excerpt":"En una transmisi\u00f3n especial de La Revista Digital, el programa Ataque de Radio reuni\u00f3 a tres candidatas a concejales, quienes debatieron en una mesa abierta con intercambio de ideas, cruces y coincidencias sobre los problemas que preocupan a los vecinos de la ciudad. 19 de agosto de 2025 CHASCOM\u00daS\u00a0 -\u00a0\u2026","rel":"","context":"En \u00abATAQUE DE RADIO\u00bb","block_context":{"text":"ATAQUE DE RADIO","link":"https:\/\/larevistadigital.com.ar\/blog\/category\/ataque-de-radio\/"},"img":{"alt_text":"","src":"https:\/\/i0.wp.com\/larevistadigital.com.ar\/blog\/wp-content\/uploads\/MESA-DE-CANDIDATAS.jpg?fit=1200%2C776&ssl=1&resize=350%2C200","width":350,"height":200,"srcset":"https:\/\/i0.wp.com\/larevistadigital.com.ar\/blog\/wp-content\/uploads\/MESA-DE-CANDIDATAS.jpg?fit=1200%2C776&ssl=1&resize=350%2C200 1x, https:\/\/i0.wp.com\/larevistadigital.com.ar\/blog\/wp-content\/uploads\/MESA-DE-CANDIDATAS.jpg?fit=1200%2C776&ssl=1&resize=525%2C300 1.5x, https:\/\/i0.wp.com\/larevistadigital.com.ar\/blog\/wp-content\/uploads\/MESA-DE-CANDIDATAS.jpg?fit=1200%2C776&ssl=1&resize=700%2C400 2x, https:\/\/i0.wp.com\/larevistadigital.com.ar\/blog\/wp-content\/uploads\/MESA-DE-CANDIDATAS.jpg?fit=1200%2C776&ssl=1&resize=1050%2C600 3x"},"classes":[]},{"id":40537,"url":"https:\/\/larevistadigital.com.ar\/blog\/chascomus-la-lista-completa-que-competira-de-la-libertad-avanza\/","url_meta":{"origin":41603,"position":2},"title":"Chascom\u00fas: La lista completa que competir\u00e1 de La Libertad Avanza","author":"Alejandro Sosa Ruda","date":"19 julio, 2025","format":false,"excerpt":"Desde La Libertad avanza, nos hicieron llegar un comunicado de prensa, donde informan la conformaci\u00f3n de la lista que competir\u00e1 en Chascom\u00fas, en las elecciones de Septiembre pr\u00f3ximo. A continuaci\u00f3n la reproducimos: COMUNICADO OFICIAL La Libertad Avanza Chascom\u00fas tiene el agrado de comunicar la lista que competir\u00e1 en las elecciones\u2026","rel":"","context":"En \u00abCHASCOM\u00daS\u00bb","block_context":{"text":"CHASCOM\u00daS","link":"https:\/\/larevistadigital.com.ar\/blog\/category\/chascomus\/"},"img":{"alt_text":"","src":"https:\/\/i0.wp.com\/larevistadigital.com.ar\/blog\/wp-content\/uploads\/LLA.jpg?fit=712%2C412&ssl=1&resize=350%2C200","width":350,"height":200,"srcset":"https:\/\/i0.wp.com\/larevistadigital.com.ar\/blog\/wp-content\/uploads\/LLA.jpg?fit=712%2C412&ssl=1&resize=350%2C200 1x, https:\/\/i0.wp.com\/larevistadigital.com.ar\/blog\/wp-content\/uploads\/LLA.jpg?fit=712%2C412&ssl=1&resize=525%2C300 1.5x, https:\/\/i0.wp.com\/larevistadigital.com.ar\/blog\/wp-content\/uploads\/LLA.jpg?fit=712%2C412&ssl=1&resize=700%2C400 2x"},"classes":[]},{"id":40700,"url":"https:\/\/larevistadigital.com.ar\/blog\/dirigentes-y-candidatos-de-la-libertad-avanza-de-chascomus-estuvieron-en-la-presentacion-de-la-lista-en-dolores\/","url_meta":{"origin":41603,"position":3},"title":"Dirigentes y candidatos de La Libertad Avanza de Chascom\u00fas, estuvieron en la presentaci\u00f3n de la lista en Dolores.","author":"Alejandro Sosa Ruda","date":"1 agosto, 2025","format":false,"excerpt":"El evento cont\u00f3 con la presencia de distintos dirigentes, incluyendo al candidato a 1er. Senador de la 5ta secci\u00f3n, Guillermo Montenegro. 01 de Agosto de 2025 DOLORES\u00a0 -\u00a0 \u00a0En el d\u00eda de ayer, se realiz\u00f3 la presentaci\u00f3n de candidatos de La Libertad Avanza en la ciudad de Dolores, donde adem\u00e1s\u2026","rel":"","context":"En \u00abINTERES GENERAL\u00bb","block_context":{"text":"INTERES GENERAL","link":"https:\/\/larevistadigital.com.ar\/blog\/category\/interes-general\/"},"img":{"alt_text":"","src":"https:\/\/i0.wp.com\/larevistadigital.com.ar\/blog\/wp-content\/uploads\/WhatsApp-Image-2025-08-01-at-11.12.24.jpeg?fit=814%2C543&ssl=1&resize=350%2C200","width":350,"height":200,"srcset":"https:\/\/i0.wp.com\/larevistadigital.com.ar\/blog\/wp-content\/uploads\/WhatsApp-Image-2025-08-01-at-11.12.24.jpeg?fit=814%2C543&ssl=1&resize=350%2C200 1x, https:\/\/i0.wp.com\/larevistadigital.com.ar\/blog\/wp-content\/uploads\/WhatsApp-Image-2025-08-01-at-11.12.24.jpeg?fit=814%2C543&ssl=1&resize=525%2C300 1.5x, https:\/\/i0.wp.com\/larevistadigital.com.ar\/blog\/wp-content\/uploads\/WhatsApp-Image-2025-08-01-at-11.12.24.jpeg?fit=814%2C543&ssl=1&resize=700%2C400 2x"},"classes":[]},{"id":42803,"url":"https:\/\/larevistadigital.com.ar\/blog\/chascomus-renovacion-de-bancas-y-autoridades-en-el-concejo-deliberante\/","url_meta":{"origin":41603,"position":4},"title":"Chascom\u00fas: Renovaci\u00f3n de bancas y autoridades en el Concejo Deliberante","author":"Alejandro Sosa Ruda","date":"10 diciembre, 2025","format":false,"excerpt":"Juraron los nuevos ediles y se defini\u00f3 la conducci\u00f3n del cuerpo para el per\u00edodo 2025-2027. 10 de Diciembre de 2025 CHASCOM\u00daS -\u00a0 Este mi\u00e9rcoles se llev\u00f3 a cabo la Sesi\u00f3n Preparatoria en la que asumieron los ocho nuevos concejales votados en las elecciones legislativas del 7 de septiembre pasado. Luego\u2026","rel":"","context":"En \u00abDESTACADAS\u00bb","block_context":{"text":"DESTACADAS","link":"https:\/\/larevistadigital.com.ar\/blog\/category\/destacadas\/"},"img":{"alt_text":"","src":"https:\/\/i0.wp.com\/larevistadigital.com.ar\/blog\/wp-content\/uploads\/6939b305a3e7a.png?fit=668%2C445&ssl=1&resize=350%2C200","width":350,"height":200,"srcset":"https:\/\/i0.wp.com\/larevistadigital.com.ar\/blog\/wp-content\/uploads\/6939b305a3e7a.png?fit=668%2C445&ssl=1&resize=350%2C200 1x, https:\/\/i0.wp.com\/larevistadigital.com.ar\/blog\/wp-content\/uploads\/6939b305a3e7a.png?fit=668%2C445&ssl=1&resize=525%2C300 1.5x"},"classes":[]},{"id":41415,"url":"https:\/\/larevistadigital.com.ar\/blog\/antonio-lito-fernandez-de-lla-le-ganamos-a-redruello-y-ferrante-juntos-y-estuvimos-a-veinte-votos-de-dos-santos-que-estaba-instalado-hace-tiempo\/","url_meta":{"origin":41603,"position":5},"title":"Antonio \u00abLito\u00bb Fern\u00e1ndez de LLA: \u00abLe ganamos a Redruello y Ferrante juntos, y estuvimos a veinte votos de Dos Santos, que estaba instalado hace tiempo\u00bb","author":"Alejandro Sosa Ruda","date":"12 septiembre, 2025","format":false,"excerpt":"Contento, pero mostr\u00e1ndose comprometido, el referente y coordinador de LLA en Chascom\u00fas agradeci\u00f3 el acompa\u00f1amiento que le permiti\u00f3 ingresar dos concejales, y una consejera escolar. 12 de Septiembre de 2025 CHASCOM\u00daS -\u00a0 \u00a0El coordinador de La Libertad Avanza en Chascom\u00fas, Antonio \u201cLito\u201d Fern\u00e1ndez fue entrevistado por Alejandro \u201cEl Tano\u201d Sosa\u2026","rel":"","context":"En \u00abINTERES GENERAL\u00bb","block_context":{"text":"INTERES GENERAL","link":"https:\/\/larevistadigital.com.ar\/blog\/category\/interes-general\/"},"img":{"alt_text":"","src":"https:\/\/i0.wp.com\/larevistadigital.com.ar\/blog\/wp-content\/uploads\/WhatsApp-Image-2025-09-12-at-15.51.34-1.jpeg?fit=1200%2C817&ssl=1&resize=350%2C200","width":350,"height":200,"srcset":"https:\/\/i0.wp.com\/larevistadigital.com.ar\/blog\/wp-content\/uploads\/WhatsApp-Image-2025-09-12-at-15.51.34-1.jpeg?fit=1200%2C817&ssl=1&resize=350%2C200 1x, https:\/\/i0.wp.com\/larevistadigital.com.ar\/blog\/wp-content\/uploads\/WhatsApp-Image-2025-09-12-at-15.51.34-1.jpeg?fit=1200%2C817&ssl=1&resize=525%2C300 1.5x, https:\/\/i0.wp.com\/larevistadigital.com.ar\/blog\/wp-content\/uploads\/WhatsApp-Image-2025-09-12-at-15.51.34-1.jpeg?fit=1200%2C817&ssl=1&resize=700%2C400 2x, https:\/\/i0.wp.com\/larevistadigital.com.ar\/blog\/wp-content\/uploads\/WhatsApp-Image-2025-09-12-at-15.51.34-1.jpeg?fit=1200%2C817&ssl=1&resize=1050%2C600 3x"},"classes":[]}],"_links":{"self":[{"href":"https:\/\/larevistadigital.com.ar\/blog\/wp-json\/wp\/v2\/posts\/41603","targetHints":{"allow":["GET"]}}],"collection":[{"href":"https:\/\/larevistadigital.com.ar\/blog\/wp-json\/wp\/v2\/posts"}],"about":[{"href":"https:\/\/larevistadigital.com.ar\/blog\/wp-json\/wp\/v2\/types\/post"}],"author":[{"embeddable":true,"href":"https:\/\/larevistadigital.com.ar\/blog\/wp-json\/wp\/v2\/users\/3"}],"replies":[{"embeddable":true,"href":"https:\/\/larevistadigital.com.ar\/blog\/wp-json\/wp\/v2\/comments?post=41603"}],"version-history":[{"count":1,"href":"https:\/\/larevistadigital.com.ar\/blog\/wp-json\/wp\/v2\/posts\/41603\/revisions"}],"predecessor-version":[{"id":41605,"href":"https:\/\/larevistadigital.com.ar\/blog\/wp-json\/wp\/v2\/posts\/41603\/revisions\/41605"}],"wp:featuredmedia":[{"embeddable":true,"href":"https:\/\/larevistadigital.com.ar\/blog\/wp-json\/wp\/v2\/media\/41604"}],"wp:attachment":[{"href":"https:\/\/larevistadigital.com.ar\/blog\/wp-json\/wp\/v2\/media?parent=41603"}],"wp:term":[{"taxonomy":"category","embeddable":true,"href":"https:\/\/larevistadigital.com.ar\/blog\/wp-json\/wp\/v2\/categories?post=41603"},{"taxonomy":"post_tag","embeddable":true,"href":"https:\/\/larevistadigital.com.ar\/blog\/wp-json\/wp\/v2\/tags?post=41603"}],"curies":[{"name":"wp","href":"https:\/\/api.w.org\/{rel}","templated":true}]}}