{"id":41608,"date":"2025-09-23T22:58:08","date_gmt":"2025-09-24T01:58:08","guid":{"rendered":"https:\/\/larevistadigital.com.ar\/blog\/?p=41608"},"modified":"2025-09-23T22:58:08","modified_gmt":"2025-09-24T01:58:08","slug":"acusan-a-grandes-alimenticias-de-remarcar-sin-justificacion-y-apuestan-a-las-pymes-como-alternativa","status":"publish","type":"post","link":"https:\/\/larevistadigital.com.ar\/blog\/acusan-a-grandes-alimenticias-de-remarcar-sin-justificacion-y-apuestan-a-las-pymes-como-alternativa\/","title":{"rendered":"Acusan a grandes alimenticias de remarcar sin justificaci\u00f3n y apuestan a las PYMES como alternativa"},"content":{"rendered":"<h3 class=\"fparrafo ctext fz18 lh25\">La Federaci\u00f3n de Almaceneros de la Provincia de Buenos Aires (FABA), lanz\u00f3 una advertencia contra las grandes empresas alimenticias, a las que acusan de aplicar subas de hasta 9% luego del reciente incremento del d\u00f3lar. Seg\u00fan su presidente, Fernando Savore, estas remarcaciones responden a pr\u00e1cticas especulativas y no a un aumento real en los costos de producci\u00f3n.<\/h3>\n<p>23 de septiembre de 2025<\/p>\n<p class=\"selectionShareable\"><strong>BUENOS AIRES &#8211;\u00a0<\/strong> \u00a0 <em><strong>\u201cYa vivimos esta historia: cuando sube el d\u00f3lar, suben los precios; cuando baja, nadie retrocede\u201d<\/strong><\/em>, critic\u00f3<strong> Savore<\/strong>, quien tambi\u00e9n ocupa la vicepresidencia de la Confederaci\u00f3n General Almacenera Nacional. El dirigente inform\u00f3 que m\u00e1s de 60.000 comercios de todo el pa\u00eds se comprometieron a no comprar productos a las empresas que apliquen aumentos injustificados.<\/p>\n<blockquote>\n<h3 class=\"selectionShareable\">El referente de los almaceneros mencion\u00f3 particularmente a una \u201cempresa cordobesa de cinco letras\u201d, que traslad\u00f3 el 9% de incremento a toda su l\u00ednea, desde fideos y galletitas hasta mermeladas y enlatados. Otras compa\u00f1\u00edas avanzaron con subas de entre 5% y 6%, aunque reconoci\u00f3 que hay firmas importantes que a\u00fan no remarcaron.<\/h3>\n<\/blockquote>\n<p class=\"selectionShareable\"><span style=\"color: #ff0000\"><b>PYMES ganan lugar en las g\u00f3ndolas<\/b><\/span><\/p>\n<p class=\"selectionShareable\">Savore, autodefinido como \u201cmilitante de las PYMES\u201d, resalt\u00f3 que estas empresas se est\u00e1n consolidando como una alternativa clave frente a las primeras marcas. Como ejemplo, se\u00f1al\u00f3 que un pan lactal l\u00edder cuesta $6.500, mientras que un producto similar de una PYME se ofrece a $2.500. \u201cUna diferencia de $4.000 es m\u00e1s que significativa\u201d, subray\u00f3.<\/p>\n<p class=\"selectionShareable\"><span style=\"color: #ff0000\"><b>Cambio de h\u00e1bito<\/b><\/span><\/p>\n<p class=\"selectionShareable\">El cambio en los h\u00e1bitos de consumo tambi\u00e9n se refleja en las elecciones de los clientes. \u201cEl argentino siempre fue muy marquista, pero hoy do\u00f1a Rosa viene y se lleva el pur\u00e9 de tomate a $800, sin importar la marca\u201d, explic\u00f3 el dirigente.<\/p>\n<p class=\"selectionShareable\"><span style=\"color: #ff0000\"><b>Presi\u00f3n sobre las familias<\/b><\/span><\/p>\n<p class=\"selectionShareable\">M\u00e1s all\u00e1 de los alimentos, Savore advirti\u00f3 sobre el impacto de otros gastos cotidianos: transporte, energ\u00eda, internet y gas. \u201cEl costo operativo de una familia en Argentina es alt\u00edsimo por la carga impositiva. Eso est\u00e1 modificando el comportamiento del consumidor, que hoy decide con m\u00e1s cuidado qu\u00e9 comprar\u201d, analiz\u00f3.<\/p>\n<p class=\"selectionShareable\"><span style=\"color: #ff0000\"><b>La estrategia de resistencia<\/b><\/span><\/p>\n<p class=\"selectionShareable\">Desde la Federaci\u00f3n sostienen que la clave para enfrentar las remarcaciones est\u00e1 en el propio mercado: \u201cEn definitiva, el que regula es el consumidor. El que dice s\u00ed o no es quien compra\u201d. Bajo esa premisa, los almaceneros planean reforzar su alianza con las PYMES y resistir los aumentos de las grandes alimenticias, priorizando la accesibilidad de los productos b\u00e1sicos.\u00a0<b>(InfoGEI)Jd<\/b><\/p>\n","protected":false},"excerpt":{"rendered":"<div class=\"mh-excerpt\"><p>La Federaci\u00f3n de Almaceneros de la Provincia de Buenos Aires (FABA), lanz\u00f3 una advertencia contra las grandes empresas alimenticias, a las que acusan de aplicar subas de hasta 9% luego del reciente incremento del d\u00f3lar. <a class=\"mh-excerpt-more\" href=\"https:\/\/larevistadigital.com.ar\/blog\/acusan-a-grandes-alimenticias-de-remarcar-sin-justificacion-y-apuestan-a-las-pymes-como-alternativa\/\" title=\"Acusan a grandes alimenticias de remarcar sin justificaci\u00f3n y apuestan a las PYMES como alternativa\">[Leer M\u00e1s]<\/a><\/p>\n<\/div>","protected":false},"author":3,"featured_media":41609,"comment_status":"open","ping_status":"open","sticky":false,"template":"","format":"standard","meta":{"_jetpack_memberships_contains_paid_content":false,"footnotes":"","jetpack_publicize_message":"","jetpack_publicize_feature_enabled":true,"jetpack_social_post_already_shared":true,"jetpack_social_options":{"image_generator_settings":{"template":"highway","default_image_id":0,"font":"","enabled":false},"version":2}},"categories":[50],"tags":[],"class_list":{"0":"post-41608","1":"post","2":"type-post","3":"status-publish","4":"format-standard","5":"has-post-thumbnail","7":"category-interes-general"},"jetpack_publicize_connections":[],"jetpack_featured_media_url":"https:\/\/i0.wp.com\/larevistadigital.com.ar\/blog\/wp-content\/uploads\/20250923163707_fernando-savore-faba-almaceneros.jpg?fit=880%2C512&ssl=1","jetpack_sharing_enabled":true,"jetpack_shortlink":"https:\/\/wp.me\/p8qtrQ-aP6","jetpack-related-posts":[{"id":26188,"url":"https:\/\/larevistadigital.com.ar\/blog\/nuevo-record-del-dolar-blue-que-arana-los-240\/","url_meta":{"origin":41608,"position":0},"title":"NUEVO R\u00c9CORD DEL DOLAR BLUE QUE ARA\u00d1A LOS $240.-","author":"Alejandro Sosa Ruda","date":"28 junio, 2022","format":false,"excerpt":"La moneda estadounidense, por las nubes. El d\u00f3lar blue lleg\u00f3 a\u00a0un nuevo m\u00e1ximo hist\u00f3rico de $239\u00a0en la punta vendedora y los tipos de cambio financieros alcanzaron tambi\u00e9n a cotizaciones r\u00e9cords, seg\u00fan los principales indicadores del mercado cambiario. El d\u00f3lar paralelo mantuvo la tendencia alcista por tercera rueda consecutiva, aument\u00f3 seis\u2026","rel":"","context":"En \u00abINTERES GENERAL\u00bb","block_context":{"text":"INTERES GENERAL","link":"https:\/\/larevistadigital.com.ar\/blog\/category\/interes-general\/"},"img":{"alt_text":"","src":"https:\/\/i0.wp.com\/larevistadigital.com.ar\/blog\/wp-content\/uploads\/dolar-20220105-1293977.jpg?fit=900%2C900&ssl=1&resize=350%2C200","width":350,"height":200,"srcset":"https:\/\/i0.wp.com\/larevistadigital.com.ar\/blog\/wp-content\/uploads\/dolar-20220105-1293977.jpg?fit=900%2C900&ssl=1&resize=350%2C200 1x, https:\/\/i0.wp.com\/larevistadigital.com.ar\/blog\/wp-content\/uploads\/dolar-20220105-1293977.jpg?fit=900%2C900&ssl=1&resize=525%2C300 1.5x, https:\/\/i0.wp.com\/larevistadigital.com.ar\/blog\/wp-content\/uploads\/dolar-20220105-1293977.jpg?fit=900%2C900&ssl=1&resize=700%2C400 2x"},"classes":[]},{"id":11269,"url":"https:\/\/larevistadigital.com.ar\/blog\/un-fallo-obliga-a-las-apps-de-repartos-a-formalizar-a-los-trabajadores\/","url_meta":{"origin":41608,"position":1},"title":"UN FALLO OBLIGA A LAS APPS DE REPARTOS A FORMALIZAR A LOS TRABAJADORES","author":"Alejandro Sosa Ruda","date":"13 julio, 2019","format":false,"excerpt":"Se conoci\u00f3 una sentencia de segunda instancia que, entre otras medidas, impone a Rappi, Glovo y otras a inscribir a los conductores en un registro espec\u00edfico de la Ciudad. El gobierno porte\u00f1o se negaba.\u00a0 Un fallo de la justicia porte\u00f1a avanz\u00f3 en la formalizaci\u00f3n de la relaci\u00f3n laboral de los\u2026","rel":"","context":"En \u00abGREMIALES\u00bb","block_context":{"text":"GREMIALES","link":"https:\/\/larevistadigital.com.ar\/blog\/category\/gremiales\/"},"img":{"alt_text":"","src":"https:\/\/i0.wp.com\/larevistadigital.com.ar\/blog\/wp-content\/uploads\/Screenshot_1-29.jpg?fit=959%2C632&ssl=1&resize=350%2C200","width":350,"height":200,"srcset":"https:\/\/i0.wp.com\/larevistadigital.com.ar\/blog\/wp-content\/uploads\/Screenshot_1-29.jpg?fit=959%2C632&ssl=1&resize=350%2C200 1x, https:\/\/i0.wp.com\/larevistadigital.com.ar\/blog\/wp-content\/uploads\/Screenshot_1-29.jpg?fit=959%2C632&ssl=1&resize=525%2C300 1.5x, https:\/\/i0.wp.com\/larevistadigital.com.ar\/blog\/wp-content\/uploads\/Screenshot_1-29.jpg?fit=959%2C632&ssl=1&resize=700%2C400 2x"},"classes":[]},{"id":37543,"url":"https:\/\/larevistadigital.com.ar\/blog\/buenos-aires-cuando-termina-el-ciclo-lectivo-y-cuantos-dias-de-clases-se-cumpliran-en-este-2024\/","url_meta":{"origin":41608,"position":2},"title":"Buenos Aires: cu\u00e1ndo termina el ciclo lectivo y cu\u00e1ntos d\u00edas de clases se cumplir\u00e1n en este 2024","author":"Alejandro Sosa Ruda","date":"17 octubre, 2024","format":false,"excerpt":"Cuanto queda realmente para la finalizaci\u00f3n del ciclo lectivo. Los detalles. 17 de Octubre de 2024 BUENOS AIRES -\u00a0 Aunque esto desilucione a los chicos que esperan con ansias las vacaciones, la realidad es que las clases en la Provincia de Buenos Aires se prolongar\u00e1n hasta cerca de fin de\u2026","rel":"","context":"En \u00abPROVINCIALES\u00bb","block_context":{"text":"PROVINCIALES","link":"https:\/\/larevistadigital.com.ar\/blog\/category\/gremiales\/provinciales\/"},"img":{"alt_text":"","src":"https:\/\/i0.wp.com\/larevistadigital.com.ar\/blog\/wp-content\/uploads\/Clases-protocolo-DEF-rotated-1.jpg?fit=1200%2C800&ssl=1&resize=350%2C200","width":350,"height":200,"srcset":"https:\/\/i0.wp.com\/larevistadigital.com.ar\/blog\/wp-content\/uploads\/Clases-protocolo-DEF-rotated-1.jpg?fit=1200%2C800&ssl=1&resize=350%2C200 1x, https:\/\/i0.wp.com\/larevistadigital.com.ar\/blog\/wp-content\/uploads\/Clases-protocolo-DEF-rotated-1.jpg?fit=1200%2C800&ssl=1&resize=525%2C300 1.5x, https:\/\/i0.wp.com\/larevistadigital.com.ar\/blog\/wp-content\/uploads\/Clases-protocolo-DEF-rotated-1.jpg?fit=1200%2C800&ssl=1&resize=700%2C400 2x, https:\/\/i0.wp.com\/larevistadigital.com.ar\/blog\/wp-content\/uploads\/Clases-protocolo-DEF-rotated-1.jpg?fit=1200%2C800&ssl=1&resize=1050%2C600 3x"},"classes":[]},{"id":13044,"url":"https:\/\/larevistadigital.com.ar\/blog\/acusan-a-policia-de-matar-a-un-hombre-arrojandolo-a-las-vias-del-tren\/","url_meta":{"origin":41608,"position":3},"title":"ACUSAN A POLIC\u00cdA DE MATAR A UN HOMBRE, ARROJ\u00c1NDOLO A LAS V\u00cdAS DEL TREN","author":"Alejandro Sosa Ruda","date":"5 noviembre, 2019","format":false,"excerpt":"Esta madrugada un polic\u00eda quedo detenido, acusado por la muerte de un hombre al que habr\u00eda tirado de una formaci\u00f3n de tren en la estaci\u00f3n Ezeiza del ferrocarril Roca cuando intent\u00f3 robarle el arma reglamentaria, seg\u00fan declararon fuentes policiales. El hecho ocurri\u00f3 a las 0.30 de este martes en una\u2026","rel":"","context":"En \u00abPOLICIALES\u00bb","block_context":{"text":"POLICIALES","link":"https:\/\/larevistadigital.com.ar\/blog\/category\/policiales\/"},"img":{"alt_text":"","src":"https:\/\/i0.wp.com\/larevistadigital.com.ar\/blog\/wp-content\/uploads\/el-hecho-ocurrio-en-una___qNjyOsAB_1256x620__1.jpg?fit=1200%2C592&ssl=1&resize=350%2C200","width":350,"height":200,"srcset":"https:\/\/i0.wp.com\/larevistadigital.com.ar\/blog\/wp-content\/uploads\/el-hecho-ocurrio-en-una___qNjyOsAB_1256x620__1.jpg?fit=1200%2C592&ssl=1&resize=350%2C200 1x, https:\/\/i0.wp.com\/larevistadigital.com.ar\/blog\/wp-content\/uploads\/el-hecho-ocurrio-en-una___qNjyOsAB_1256x620__1.jpg?fit=1200%2C592&ssl=1&resize=525%2C300 1.5x, https:\/\/i0.wp.com\/larevistadigital.com.ar\/blog\/wp-content\/uploads\/el-hecho-ocurrio-en-una___qNjyOsAB_1256x620__1.jpg?fit=1200%2C592&ssl=1&resize=700%2C400 2x, https:\/\/i0.wp.com\/larevistadigital.com.ar\/blog\/wp-content\/uploads\/el-hecho-ocurrio-en-una___qNjyOsAB_1256x620__1.jpg?fit=1200%2C592&ssl=1&resize=1050%2C600 3x"},"classes":[]},{"id":41368,"url":"https:\/\/larevistadigital.com.ar\/blog\/como-seran-las-retenciones-de-ingresos-brutos-a-billeteras-virtuales-en-la-provincia-de-buenos-aires\/","url_meta":{"origin":41608,"position":4},"title":"C\u00f3mo ser\u00e1n las retenciones de ingresos Brutos a billeteras virtuales en la Provincia de Buenos Aires","author":"Alejandro Sosa Ruda","date":"10 septiembre, 2025","format":false,"excerpt":"La medida alcanzar\u00e1 a monotributistas, comerciantes y empresas que operen con cuentas en Mercado Pago, Personal Pay y otras plataformas similares. 10 de Septiembre de 2025 BUENOS AIRES\u00a0 -\u00a0 A partir del 1\u00b0 de octubre, los contribuyentes bonaerenses que utilicen billeteras virtuales comenzar\u00e1n a estar sujetos a retenciones de Ingresos\u2026","rel":"","context":"En \u00abINTERES GENERAL\u00bb","block_context":{"text":"INTERES GENERAL","link":"https:\/\/larevistadigital.com.ar\/blog\/category\/interes-general\/"},"img":{"alt_text":"","src":"https:\/\/i0.wp.com\/larevistadigital.com.ar\/blog\/wp-content\/uploads\/840_560.jpeg?fit=840%2C560&ssl=1&resize=350%2C200","width":350,"height":200,"srcset":"https:\/\/i0.wp.com\/larevistadigital.com.ar\/blog\/wp-content\/uploads\/840_560.jpeg?fit=840%2C560&ssl=1&resize=350%2C200 1x, https:\/\/i0.wp.com\/larevistadigital.com.ar\/blog\/wp-content\/uploads\/840_560.jpeg?fit=840%2C560&ssl=1&resize=525%2C300 1.5x, https:\/\/i0.wp.com\/larevistadigital.com.ar\/blog\/wp-content\/uploads\/840_560.jpeg?fit=840%2C560&ssl=1&resize=700%2C400 2x"},"classes":[]},{"id":43510,"url":"https:\/\/larevistadigital.com.ar\/blog\/cronograma-2026-confirmado-cuando-arrancan-las-clases-en-la-provincia-de-buenos-aires\/","url_meta":{"origin":41608,"position":5},"title":"Cronograma 2026 confirmado: cu\u00e1ndo arrancan las clases en la Provincia de Buenos Aires","author":"Alejandro Sosa Ruda","date":"20 enero, 2026","format":false,"excerpt":"Las clases arrancar\u00e1n en marzo y se confirm\u00f3 en qu\u00e9 fecha los niveles obligatorios tendr\u00e1n el receso invernal. El cronograma alcanza a todas las modalidades y prev\u00e9 190 d\u00edas de clases en el territorio bonaerense. 20 de enero de 2026 La\u00a0provincia de Buenos Aires\u00a0ya defini\u00f3 el\u00a0calendario escolar 2026, que establece\u2026","rel":"","context":"En \u00abINTERES GENERAL\u00bb","block_context":{"text":"INTERES GENERAL","link":"https:\/\/larevistadigital.com.ar\/blog\/category\/interes-general\/"},"img":{"alt_text":"","src":"https:\/\/i0.wp.com\/larevistadigital.com.ar\/blog\/wp-content\/uploads\/Captura-de-pantalla-2026-01-20-200900.jpg?fit=792%2C451&ssl=1&resize=350%2C200","width":350,"height":200,"srcset":"https:\/\/i0.wp.com\/larevistadigital.com.ar\/blog\/wp-content\/uploads\/Captura-de-pantalla-2026-01-20-200900.jpg?fit=792%2C451&ssl=1&resize=350%2C200 1x, https:\/\/i0.wp.com\/larevistadigital.com.ar\/blog\/wp-content\/uploads\/Captura-de-pantalla-2026-01-20-200900.jpg?fit=792%2C451&ssl=1&resize=525%2C300 1.5x, https:\/\/i0.wp.com\/larevistadigital.com.ar\/blog\/wp-content\/uploads\/Captura-de-pantalla-2026-01-20-200900.jpg?fit=792%2C451&ssl=1&resize=700%2C400 2x"},"classes":[]}],"_links":{"self":[{"href":"https:\/\/larevistadigital.com.ar\/blog\/wp-json\/wp\/v2\/posts\/41608","targetHints":{"allow":["GET"]}}],"collection":[{"href":"https:\/\/larevistadigital.com.ar\/blog\/wp-json\/wp\/v2\/posts"}],"about":[{"href":"https:\/\/larevistadigital.com.ar\/blog\/wp-json\/wp\/v2\/types\/post"}],"author":[{"embeddable":true,"href":"https:\/\/larevistadigital.com.ar\/blog\/wp-json\/wp\/v2\/users\/3"}],"replies":[{"embeddable":true,"href":"https:\/\/larevistadigital.com.ar\/blog\/wp-json\/wp\/v2\/comments?post=41608"}],"version-history":[{"count":1,"href":"https:\/\/larevistadigital.com.ar\/blog\/wp-json\/wp\/v2\/posts\/41608\/revisions"}],"predecessor-version":[{"id":41610,"href":"https:\/\/larevistadigital.com.ar\/blog\/wp-json\/wp\/v2\/posts\/41608\/revisions\/41610"}],"wp:featuredmedia":[{"embeddable":true,"href":"https:\/\/larevistadigital.com.ar\/blog\/wp-json\/wp\/v2\/media\/41609"}],"wp:attachment":[{"href":"https:\/\/larevistadigital.com.ar\/blog\/wp-json\/wp\/v2\/media?parent=41608"}],"wp:term":[{"taxonomy":"category","embeddable":true,"href":"https:\/\/larevistadigital.com.ar\/blog\/wp-json\/wp\/v2\/categories?post=41608"},{"taxonomy":"post_tag","embeddable":true,"href":"https:\/\/larevistadigital.com.ar\/blog\/wp-json\/wp\/v2\/tags?post=41608"}],"curies":[{"name":"wp","href":"https:\/\/api.w.org\/{rel}","templated":true}]}}