{"id":41636,"date":"2025-09-24T18:59:38","date_gmt":"2025-09-24T21:59:38","guid":{"rendered":"https:\/\/larevistadigital.com.ar\/blog\/?p=41636"},"modified":"2025-09-24T18:59:38","modified_gmt":"2025-09-24T21:59:38","slug":"kicillof-cruzo-a-caputo-es-un-caradura-y-mentiroso-no-hay-ningun-impuesto-nuevo-en-la-provincia","status":"publish","type":"post","link":"https:\/\/larevistadigital.com.ar\/blog\/kicillof-cruzo-a-caputo-es-un-caradura-y-mentiroso-no-hay-ningun-impuesto-nuevo-en-la-provincia\/","title":{"rendered":"Kicillof cruz\u00f3 a Caputo: \u201cEs un caradura y mentiroso, no hay ning\u00fan impuesto nuevo en la provincia\u00bb"},"content":{"rendered":"<h3>El gobernador bonaerense sostuvo que es otra \u201crepugnante mentira\u201d del Gobierno Nacional que busca \u201cgenerar confusi\u00f3n y rascar votos\u201d en las pr\u00f3ximas elecciones.<\/h3>\n<p>24 de septiembre de 2025<\/p>\n<p><strong>BUENOS AIRES &#8211;\u00a0<\/strong> \u00a0El gobernador de la provincia de Buenos Aires, <strong>Axel<\/strong> <strong>Kicillof<\/strong>, cruz\u00f3 al ministro de Econom\u00eda de la Naci\u00f3n, <strong>Luis Caputo<\/strong> y lo calific\u00f3 de \u201ccaradura y mentiroso\u201d porque <strong><em>\u201cno hay ning\u00fan impuesto nuevo en la provincia de Buenos Aires\u201d<\/em><\/strong>, desmintiendo lo que asegur\u00f3 el funcionario, d\u00edas atr\u00e1s, en varios medios.<\/p>\n<blockquote><p>El mandatario se refiri\u00f3 al supuesto \u201cimpuesto\u201d que, seg\u00fan La Libertad Avanza (LLA) el Gobierno bonaerense habr\u00eda incluido en el uso de las billeteras virtuales:<em> \u201cEs otra repugnante mentira que busca generar confusi\u00f3n y rascar algunos votos en las pr\u00f3ximas elecciones\u201d<\/em>, a\u00f1adi\u00f3.<\/p><\/blockquote>\n<p><strong><em>\u201cLo vuelvo a desmentir: En la provincia de Buenos Aires no hay ning\u00fan impuestazo, no hay ning\u00fan impuesto nuevo, no creamos ning\u00fan impuesto a las billeteras digitales. Lo dicen para conseguir un voto, est\u00e1n mintiendo y si alguien lo quiere cobrar, los est\u00e1n estafando, no hay ning\u00fan impuesto nuevo, nadie tiene que pagarle nada a la provincia de Buenos Aires por usar su billetera virtual, ni con Cuenta DNI, ni con Mercado Pago, ni con Modo ni con nada\u201d<\/em><\/strong>, reiter\u00f3<strong> Kicillof<\/strong>.<\/p>\n","protected":false},"excerpt":{"rendered":"<div class=\"mh-excerpt\"><p>El gobernador bonaerense sostuvo que es otra \u201crepugnante mentira\u201d del Gobierno Nacional que busca \u201cgenerar confusi\u00f3n y rascar votos\u201d en las pr\u00f3ximas elecciones. 24 de septiembre de 2025 BUENOS AIRES &#8211;\u00a0 \u00a0El gobernador de la <a class=\"mh-excerpt-more\" href=\"https:\/\/larevistadigital.com.ar\/blog\/kicillof-cruzo-a-caputo-es-un-caradura-y-mentiroso-no-hay-ningun-impuesto-nuevo-en-la-provincia\/\" title=\"Kicillof cruz\u00f3 a Caputo: \u201cEs un caradura y mentiroso, no hay ning\u00fan impuesto nuevo en la provincia\u00bb\">[Leer M\u00e1s]<\/a><\/p>\n<\/div>","protected":false},"author":3,"featured_media":41637,"comment_status":"open","ping_status":"open","sticky":false,"template":"","format":"standard","meta":{"_jetpack_memberships_contains_paid_content":false,"footnotes":"","jetpack_publicize_message":"","jetpack_publicize_feature_enabled":true,"jetpack_social_post_already_shared":true,"jetpack_social_options":{"image_generator_settings":{"template":"highway","default_image_id":0,"font":"","enabled":false},"version":2}},"categories":[50,12],"tags":[],"class_list":{"0":"post-41636","1":"post","2":"type-post","3":"status-publish","4":"format-standard","5":"has-post-thumbnail","7":"category-interes-general","8":"category-politica"},"jetpack_publicize_connections":[],"jetpack_featured_media_url":"https:\/\/i0.wp.com\/larevistadigital.com.ar\/blog\/wp-content\/uploads\/Captura-de-pantalla-2025-09-24-185654.jpg?fit=624%2C353&ssl=1","jetpack_sharing_enabled":true,"jetpack_shortlink":"https:\/\/wp.me\/p8qtrQ-aPy","jetpack-related-posts":[{"id":34283,"url":"https:\/\/larevistadigital.com.ar\/blog\/destacan-el-notable-acompanamiento-migrante-al-gobernador-kicillof-en-la-pcia-de-bs-as\/","url_meta":{"origin":41636,"position":0},"title":"DESTACAN EL \u00abNOTABLE ACOMPA\u00d1AMIENTO MIGRANTE\u00bb AL GOBERNADOR KICILLOF EN LA PCIA. DE BS.AS.","author":"Alejandro Sosa Ruda","date":"31 octubre, 2023","format":false,"excerpt":"As\u00ed lo expres\u00f3 la directora de Migraciones Internacionales bonaerense, Manuela Hoya. Record\u00f3 que en territorio provincial, \"hay un mill\u00f3n de electores\" extranjeros \"tienen derecho a votar a todos los cuerpos provinciales\". 31 de Octubre de 2023 BUENOS AIRES -\u00a0 Manuela Hoya, la directora de Migraciones Internacionales de la provincia de\u2026","rel":"","context":"En \u00abDESTACADAS\u00bb","block_context":{"text":"DESTACADAS","link":"https:\/\/larevistadigital.com.ar\/blog\/category\/destacadas\/"},"img":{"alt_text":"","src":"https:\/\/i0.wp.com\/larevistadigital.com.ar\/blog\/wp-content\/uploads\/Captura-de-pantalla-2023-10-31-143707.png?fit=1060%2C529&ssl=1&resize=350%2C200","width":350,"height":200,"srcset":"https:\/\/i0.wp.com\/larevistadigital.com.ar\/blog\/wp-content\/uploads\/Captura-de-pantalla-2023-10-31-143707.png?fit=1060%2C529&ssl=1&resize=350%2C200 1x, https:\/\/i0.wp.com\/larevistadigital.com.ar\/blog\/wp-content\/uploads\/Captura-de-pantalla-2023-10-31-143707.png?fit=1060%2C529&ssl=1&resize=525%2C300 1.5x, https:\/\/i0.wp.com\/larevistadigital.com.ar\/blog\/wp-content\/uploads\/Captura-de-pantalla-2023-10-31-143707.png?fit=1060%2C529&ssl=1&resize=700%2C400 2x, https:\/\/i0.wp.com\/larevistadigital.com.ar\/blog\/wp-content\/uploads\/Captura-de-pantalla-2023-10-31-143707.png?fit=1060%2C529&ssl=1&resize=1050%2C600 3x"},"classes":[]},{"id":39331,"url":"https:\/\/larevistadigital.com.ar\/blog\/kicillof-desdobla-las-elecciones-en-la-provincia-seran-el-7-de-septiembre-y-busca-suspender-las-paso\/","url_meta":{"origin":41636,"position":1},"title":"Kicillof desdobla las elecciones en la Provincia: ser\u00e1n el 7 de septiembre y busca suspender las PASO","author":"Alejandro Sosa Ruda","date":"7 abril, 2025","format":false,"excerpt":"\"No soy a nada, pero me comprometo a militar en ambas elecciones para frenar la motosierra de Milei\", lanz\u00f3 el gobernador, en una decisi\u00f3n que marca un quiebre en el peronismo. 07 de Abril de 2025 BUENOS AIRES -\u00a0 Axel Kicillof pate\u00f3 el tablero.En medio de fuertes tensiones internas, el\u2026","rel":"","context":"En \u00abINTERES GENERAL\u00bb","block_context":{"text":"INTERES GENERAL","link":"https:\/\/larevistadigital.com.ar\/blog\/category\/interes-general\/"},"img":{"alt_text":"","src":"https:\/\/i0.wp.com\/larevistadigital.com.ar\/blog\/wp-content\/uploads\/Captura-de-pantalla-2025-04-07-201010.jpg?fit=653%2C432&ssl=1&resize=350%2C200","width":350,"height":200,"srcset":"https:\/\/i0.wp.com\/larevistadigital.com.ar\/blog\/wp-content\/uploads\/Captura-de-pantalla-2025-04-07-201010.jpg?fit=653%2C432&ssl=1&resize=350%2C200 1x, https:\/\/i0.wp.com\/larevistadigital.com.ar\/blog\/wp-content\/uploads\/Captura-de-pantalla-2025-04-07-201010.jpg?fit=653%2C432&ssl=1&resize=525%2C300 1.5x"},"classes":[]},{"id":12889,"url":"https:\/\/larevistadigital.com.ar\/blog\/contundente-triunfo-de-kicillof-que-sera-el-gobernador-de-buenos-aires\/","url_meta":{"origin":41636,"position":2},"title":"CONTUNDENTE TRIUNFO DE KICILLOF QUE SER\u00c1 EL GOBERNADOR DE BUENOS AIRES","author":"Alejandro Sosa Ruda","date":"28 octubre, 2019","format":false,"excerpt":"El candidato del Frente de Todos se impone por una amplia diferencia en la provincia m\u00e1s poblada del pa\u00eds. El peronismo vuelve a gobernar el territorio bonaerense despu\u00e9s de 4 a\u00f1os El ex ministro de Econom\u00eda y candidato del Frente de Todos,\u00a0Axel Kicillof, logra una amplia victoria sobre la gobernadora\u00a0Mar\u00eda\u2026","rel":"","context":"En \u00abINTERES GENERAL\u00bb","block_context":{"text":"INTERES GENERAL","link":"https:\/\/larevistadigital.com.ar\/blog\/category\/interes-general\/"},"img":{"alt_text":"","src":"https:\/\/i0.wp.com\/larevistadigital.com.ar\/blog\/wp-content\/uploads\/Screenshot_3-21.jpg?fit=929%2C578&ssl=1&resize=350%2C200","width":350,"height":200,"srcset":"https:\/\/i0.wp.com\/larevistadigital.com.ar\/blog\/wp-content\/uploads\/Screenshot_3-21.jpg?fit=929%2C578&ssl=1&resize=350%2C200 1x, https:\/\/i0.wp.com\/larevistadigital.com.ar\/blog\/wp-content\/uploads\/Screenshot_3-21.jpg?fit=929%2C578&ssl=1&resize=525%2C300 1.5x, https:\/\/i0.wp.com\/larevistadigital.com.ar\/blog\/wp-content\/uploads\/Screenshot_3-21.jpg?fit=929%2C578&ssl=1&resize=700%2C400 2x"},"classes":[]},{"id":32885,"url":"https:\/\/larevistadigital.com.ar\/blog\/el-gobernador-kicillof-analizo-el-resultado-de-las-paso-con-su-gabinete\/","url_meta":{"origin":41636,"position":3},"title":"EL GOBERNADOR KICILLOF ANALIZ\u00d3 EL RESULTADO DE LAS PASO CON SU GABINETE","author":"Alejandro Sosa Ruda","date":"16 agosto, 2023","format":false,"excerpt":"El gobernador bonaerense repas\u00f3 los principales hitos de la gesti\u00f3n en cada municipio y analiz\u00f3 la agenda de trabajo del pr\u00f3ximo trimestre. 16 de agosto de 2023 El gobernador bonaerense,\u00a0Axel Kicillof, analiz\u00f3 este lunes con su gabinete el resultado de las elecciones PASO en la provincia de Buenos Aires, en\u2026","rel":"","context":"En \u00abDESTACADAS\u00bb","block_context":{"text":"DESTACADAS","link":"https:\/\/larevistadigital.com.ar\/blog\/category\/destacadas\/"},"img":{"alt_text":"","src":"https:\/\/i0.wp.com\/larevistadigital.com.ar\/blog\/wp-content\/uploads\/64dabd6c54003_1200.jpg?fit=1200%2C675&ssl=1&resize=350%2C200","width":350,"height":200,"srcset":"https:\/\/i0.wp.com\/larevistadigital.com.ar\/blog\/wp-content\/uploads\/64dabd6c54003_1200.jpg?fit=1200%2C675&ssl=1&resize=350%2C200 1x, https:\/\/i0.wp.com\/larevistadigital.com.ar\/blog\/wp-content\/uploads\/64dabd6c54003_1200.jpg?fit=1200%2C675&ssl=1&resize=525%2C300 1.5x, https:\/\/i0.wp.com\/larevistadigital.com.ar\/blog\/wp-content\/uploads\/64dabd6c54003_1200.jpg?fit=1200%2C675&ssl=1&resize=700%2C400 2x, https:\/\/i0.wp.com\/larevistadigital.com.ar\/blog\/wp-content\/uploads\/64dabd6c54003_1200.jpg?fit=1200%2C675&ssl=1&resize=1050%2C600 3x"},"classes":[]},{"id":41401,"url":"https:\/\/larevistadigital.com.ar\/blog\/kicillof-tras-la-derrota-libertaria-milei-puso-todas-las-fichas-en-buenos-aires-y-perdio-en-mas-de-100-distritos\/","url_meta":{"origin":41636,"position":4},"title":"Kicillof tras la derrota libertaria: \u201cMilei puso todas las fichas en Buenos Aires y perdi\u00f3 en m\u00e1s de 100 distritos\u201d","author":"Alejandro Sosa Ruda","date":"10 septiembre, 2025","format":false,"excerpt":"El gobernador bonaerense celebr\u00f3 el triunfo del peronismo en las legislativas y calific\u00f3 la derrota de Javier Milei como un \u201csacud\u00f3n\u201d pol\u00edtico y econ\u00f3mico. Tambi\u00e9n apunt\u00f3 contra el FMI por el endeudamiento del pa\u00eds. 10 de Septiembre de 2025 BUENOS AIRES\u00a0 -\u00a0 \u00a0El gobernador de la provincia de Buenos Aires,\u2026","rel":"","context":"En \u00abINTERES GENERAL\u00bb","block_context":{"text":"INTERES GENERAL","link":"https:\/\/larevistadigital.com.ar\/blog\/category\/interes-general\/"},"img":{"alt_text":"","src":"https:\/\/i0.wp.com\/larevistadigital.com.ar\/blog\/wp-content\/uploads\/Captura-de-pantalla-2025-09-10-225347.jpg?fit=642%2C367&ssl=1&resize=350%2C200","width":350,"height":200,"srcset":"https:\/\/i0.wp.com\/larevistadigital.com.ar\/blog\/wp-content\/uploads\/Captura-de-pantalla-2025-09-10-225347.jpg?fit=642%2C367&ssl=1&resize=350%2C200 1x, https:\/\/i0.wp.com\/larevistadigital.com.ar\/blog\/wp-content\/uploads\/Captura-de-pantalla-2025-09-10-225347.jpg?fit=642%2C367&ssl=1&resize=525%2C300 1.5x"},"classes":[]},{"id":42823,"url":"https:\/\/larevistadigital.com.ar\/blog\/kicillof-tilda-a-milei-y-caputo-de-endeudadores-seriales-y-promete-no-dejarles-rematar-el-pais\/","url_meta":{"origin":41636,"position":5},"title":"Kicillof tilda a Milei y Caputo de \u201cendeudadores seriales\u201d y promete no dejarles \u201crematar el pa\u00eds\u201d","author":"Alejandro Sosa Ruda","date":"10 diciembre, 2025","format":false,"excerpt":"El gobernador cuestion\u00f3 las restricciones de la naci\u00f3n a la ley de financiamiento provincial, asegurando que los fondos solo cubren el roll over de vencimientos de deuda de Vidal. 10 De Diciembre de 2025 El gobernador de la provincia de Buenos Aires,\u00a0Axel Kicillof, elev\u00f3 el tono de su confrontaci\u00f3n con\u2026","rel":"","context":"En \u00abPOLITICA PROVINCIAL\u00bb","block_context":{"text":"POLITICA PROVINCIAL","link":"https:\/\/larevistadigital.com.ar\/blog\/category\/politica\/politica-provincial\/"},"img":{"alt_text":"","src":"https:\/\/i0.wp.com\/larevistadigital.com.ar\/blog\/wp-content\/uploads\/20251210104723_20251208172729-axel-kicillof-luis-caputo-deuda-provincia.jpg?fit=880%2C512&ssl=1&resize=350%2C200","width":350,"height":200,"srcset":"https:\/\/i0.wp.com\/larevistadigital.com.ar\/blog\/wp-content\/uploads\/20251210104723_20251208172729-axel-kicillof-luis-caputo-deuda-provincia.jpg?fit=880%2C512&ssl=1&resize=350%2C200 1x, https:\/\/i0.wp.com\/larevistadigital.com.ar\/blog\/wp-content\/uploads\/20251210104723_20251208172729-axel-kicillof-luis-caputo-deuda-provincia.jpg?fit=880%2C512&ssl=1&resize=525%2C300 1.5x, https:\/\/i0.wp.com\/larevistadigital.com.ar\/blog\/wp-content\/uploads\/20251210104723_20251208172729-axel-kicillof-luis-caputo-deuda-provincia.jpg?fit=880%2C512&ssl=1&resize=700%2C400 2x"},"classes":[]}],"_links":{"self":[{"href":"https:\/\/larevistadigital.com.ar\/blog\/wp-json\/wp\/v2\/posts\/41636","targetHints":{"allow":["GET"]}}],"collection":[{"href":"https:\/\/larevistadigital.com.ar\/blog\/wp-json\/wp\/v2\/posts"}],"about":[{"href":"https:\/\/larevistadigital.com.ar\/blog\/wp-json\/wp\/v2\/types\/post"}],"author":[{"embeddable":true,"href":"https:\/\/larevistadigital.com.ar\/blog\/wp-json\/wp\/v2\/users\/3"}],"replies":[{"embeddable":true,"href":"https:\/\/larevistadigital.com.ar\/blog\/wp-json\/wp\/v2\/comments?post=41636"}],"version-history":[{"count":1,"href":"https:\/\/larevistadigital.com.ar\/blog\/wp-json\/wp\/v2\/posts\/41636\/revisions"}],"predecessor-version":[{"id":41638,"href":"https:\/\/larevistadigital.com.ar\/blog\/wp-json\/wp\/v2\/posts\/41636\/revisions\/41638"}],"wp:featuredmedia":[{"embeddable":true,"href":"https:\/\/larevistadigital.com.ar\/blog\/wp-json\/wp\/v2\/media\/41637"}],"wp:attachment":[{"href":"https:\/\/larevistadigital.com.ar\/blog\/wp-json\/wp\/v2\/media?parent=41636"}],"wp:term":[{"taxonomy":"category","embeddable":true,"href":"https:\/\/larevistadigital.com.ar\/blog\/wp-json\/wp\/v2\/categories?post=41636"},{"taxonomy":"post_tag","embeddable":true,"href":"https:\/\/larevistadigital.com.ar\/blog\/wp-json\/wp\/v2\/tags?post=41636"}],"curies":[{"name":"wp","href":"https:\/\/api.w.org\/{rel}","templated":true}]}}