{"id":41639,"date":"2025-09-24T19:12:56","date_gmt":"2025-09-24T22:12:56","guid":{"rendered":"https:\/\/larevistadigital.com.ar\/blog\/?p=41639"},"modified":"2025-09-24T19:12:56","modified_gmt":"2025-09-24T22:12:56","slug":"upsra-cerro-la-paritaria-de-fin-de-ano-y-garantiza-nuevos-aumentos-para-los-vigiladores-privados","status":"publish","type":"post","link":"https:\/\/larevistadigital.com.ar\/blog\/upsra-cerro-la-paritaria-de-fin-de-ano-y-garantiza-nuevos-aumentos-para-los-vigiladores-privados\/","title":{"rendered":"UPSRA cerr\u00f3 la paritaria de fin de a\u00f1o y garantiza nuevos aumentos para los vigiladores privados"},"content":{"rendered":"<h3 class=\"description\">El sindicato que conduce \u00c1ngel Garc\u00eda logr\u00f3 un acuerdo con la c\u00e1mara empresaria que asegura incrementos salariales hasta diciembre y una cl\u00e1usula de revisi\u00f3n para proteger los ingresos del sector.<\/h3>\n<p>24 de Septiembre de 2025<\/p>\n<p data-start=\"517\" data-end=\"1005\">La Uni\u00f3n Personal de la Seguridad Privada (UPSRA) anunci\u00f3 el cierre de la paritaria correspondiente al trimestre octubre-diciembre, tras intensas negociaciones con la C\u00e1mara Argentina de Empresas de Seguridad e Investigaci\u00f3n (CAESI). El convenio, que ahora espera homologaci\u00f3n de la Secretar\u00eda de Trabajo, contempla un aumento cercano al 1,9% para los vigiladores privados, adem\u00e1s de una cl\u00e1usula de revisi\u00f3n que permitir\u00e1 reabrir la discusi\u00f3n frente a cambios econ\u00f3micos o electorales.<\/p>\n<p data-start=\"1007\" data-end=\"1449\">El secretario general del gremio, <strong>\u00c1ngel Garc\u00eda<\/strong>, valor\u00f3 el resultado de la negociaci\u00f3n y destac\u00f3 el esfuerzo por mantener los salarios actualizados frente a la inflaci\u00f3n. <strong><em>\u201cSiempre ha sido nuestra aspiraci\u00f3n que todo el salario sea remunerativo, pero muchas veces nos encontramos con limitaciones impuestas por el propio Ministerio de Trabajo\u201d<\/em><\/strong>, explic\u00f3, en referencia a las restricciones que buscan frenar la incorporaci\u00f3n de sumas al b\u00e1sico.<\/p>\n<blockquote>\n<h3 data-start=\"1451\" data-end=\"1850\">Desde la conducci\u00f3n remarcaron que este nuevo entendimiento se suma a los logros alcanzados en los meses previos, cuando se aplicaron incrementos escalonados en julio (1%), agosto (0,9%) y septiembre (0,8%), junto a la incorporaci\u00f3n de una suma remunerativa de $26.280 acordada en febrero. Tambi\u00e9n, se consolid\u00f3 un extra no remunerativo que desde septiembre pas\u00f3 a formar parte del salario b\u00e1sico.<\/h3>\n<\/blockquote>\n<p data-start=\"1852\" data-end=\"2178\">UPSRA resalt\u00f3 que el acuerdo representa un paso m\u00e1s en la defensa de los derechos de los trabajadores de la seguridad privada y reafirma la l\u00ednea de gesti\u00f3n que busca mejorar las condiciones laborales del sector.<strong><em> \u201cNuestro compromiso es estar siempre al lado del vigilador, cuidando su salario y su dignidad\u201d<\/em><\/strong>, subray\u00f3 <strong>Garc\u00eda<\/strong>.<\/p>\n<p>&nbsp;<\/p>\n<div class=\"block-content\">\n<div id=\"interior-zleft\" class=\"zleft\">\n<div id=\"content-media\" class=\"media textsize\">\n<div class=\"image\"><\/div>\n<\/div>\n<\/div>\n<\/div>\n","protected":false},"excerpt":{"rendered":"<div class=\"mh-excerpt\"><p>El sindicato que conduce \u00c1ngel Garc\u00eda logr\u00f3 un acuerdo con la c\u00e1mara empresaria que asegura incrementos salariales hasta diciembre y una cl\u00e1usula de revisi\u00f3n para proteger los ingresos del sector. 24 de Septiembre de 2025 <a class=\"mh-excerpt-more\" href=\"https:\/\/larevistadigital.com.ar\/blog\/upsra-cerro-la-paritaria-de-fin-de-ano-y-garantiza-nuevos-aumentos-para-los-vigiladores-privados\/\" title=\"UPSRA cerr\u00f3 la paritaria de fin de a\u00f1o y garantiza nuevos aumentos para los vigiladores privados\">[Leer M\u00e1s]<\/a><\/p>\n<\/div>","protected":false},"author":3,"featured_media":41640,"comment_status":"open","ping_status":"open","sticky":false,"template":"","format":"standard","meta":{"_jetpack_memberships_contains_paid_content":false,"footnotes":"","jetpack_publicize_message":"","jetpack_publicize_feature_enabled":true,"jetpack_social_post_already_shared":true,"jetpack_social_options":{"image_generator_settings":{"template":"highway","default_image_id":0,"font":"","enabled":false},"version":2}},"categories":[10,50],"tags":[],"class_list":{"0":"post-41639","1":"post","2":"type-post","3":"status-publish","4":"format-standard","5":"has-post-thumbnail","7":"category-gremiales","8":"category-interes-general"},"jetpack_publicize_connections":[],"jetpack_featured_media_url":"https:\/\/i0.wp.com\/larevistadigital.com.ar\/blog\/wp-content\/uploads\/UPSRA.jpg?fit=724%2C399&ssl=1","jetpack_sharing_enabled":true,"jetpack_shortlink":"https:\/\/wp.me\/p8qtrQ-aPB","jetpack-related-posts":[{"id":18634,"url":"https:\/\/larevistadigital.com.ar\/blog\/gestiones-del-secretario-general-de-upsra-leo-requelme-con-el-ministro-gines-gonzalez-garcia-por-la-vacuna-de-covid-para-los-vigiladores-privados\/","url_meta":{"origin":41639,"position":0},"title":"GESTIONES DEL SECRETARIO GENERAL DE UPSRA, LEO REQUELME CON EL MINISTRO GINES GONZALEZ GARC\u00cdA, POR LA VACUNA DE COVID PARA LOS VIGILADORES PRIVADOS","author":"Alejandro Sosa Ruda","date":"15 enero, 2021","format":false,"excerpt":"Los Vigiladores Privados, hicieron llegar por una nota del apoderado de\u00a0la\u00a0Uni\u00f3n Personal de Seguridad de la Rep\u00fablica Argentina\u00a0(UPSRA),\u00a0Pablo Otero, al director\u00a0provincial para la\u00a0gesti\u00f3n\u00a0de la Seguridad Privada,\u00a0Marcelo Montero, se solicit\u00f3 que trabajadoras y trabajadores de dicha actividad sean tenidos en cuenta en el plan de vacunaci\u00f3n contra el COVID-19. \u201cAnte la\u2026","rel":"","context":"En \u00abGREMIALES\u00bb","block_context":{"text":"GREMIALES","link":"https:\/\/larevistadigital.com.ar\/blog\/category\/gremiales\/"},"img":{"alt_text":"","src":"https:\/\/i0.wp.com\/larevistadigital.com.ar\/blog\/wp-content\/uploads\/3305255w1033.jpg?fit=1033%2C688&ssl=1&resize=350%2C200","width":350,"height":200,"srcset":"https:\/\/i0.wp.com\/larevistadigital.com.ar\/blog\/wp-content\/uploads\/3305255w1033.jpg?fit=1033%2C688&ssl=1&resize=350%2C200 1x, https:\/\/i0.wp.com\/larevistadigital.com.ar\/blog\/wp-content\/uploads\/3305255w1033.jpg?fit=1033%2C688&ssl=1&resize=525%2C300 1.5x, https:\/\/i0.wp.com\/larevistadigital.com.ar\/blog\/wp-content\/uploads\/3305255w1033.jpg?fit=1033%2C688&ssl=1&resize=700%2C400 2x"},"classes":[]},{"id":36615,"url":"https:\/\/larevistadigital.com.ar\/blog\/paritarias-en-seguridad-privada-upsra-logro-un-acuerdo-y-el-bruto-inicial-supera-el-millon-de-pesos\/","url_meta":{"origin":41639,"position":1},"title":"PARITARIAS EN SEGURIDAD PRIVADA: UPSRA LOGR\u00d3 UN ACUERDO Y EL BRUTO INICIAL SUPERA EL MILL\u00d3N DE PESOS","author":"Alejandro Sosa Ruda","date":"7 julio, 2024","format":false,"excerpt":"Se trata de un aumento significativo del gremio conducido por Angel Garc\u00eda,\u00a0 posicionando a la actividad nuevamente por sobre los n\u00fameros de indigencia. 8 de Julio de 2024 La Union de Personal de Seguridad de la Rep\u00fablica Argentina, (U.P.S.R.A.), conducida por\u00a0\u00c1ngel Alberto Garc\u00eda, inform\u00f3 que logr\u00f3 un acuerdo paritario con\u2026","rel":"","context":"En \u00abGREMIALES\u00bb","block_context":{"text":"GREMIALES","link":"https:\/\/larevistadigital.com.ar\/blog\/category\/gremiales\/"},"img":{"alt_text":"","src":"https:\/\/i0.wp.com\/larevistadigital.com.ar\/blog\/wp-content\/uploads\/Captura-de-pantalla-2024-07-07-234001.png?fit=698%2C414&ssl=1&resize=350%2C200","width":350,"height":200,"srcset":"https:\/\/i0.wp.com\/larevistadigital.com.ar\/blog\/wp-content\/uploads\/Captura-de-pantalla-2024-07-07-234001.png?fit=698%2C414&ssl=1&resize=350%2C200 1x, https:\/\/i0.wp.com\/larevistadigital.com.ar\/blog\/wp-content\/uploads\/Captura-de-pantalla-2024-07-07-234001.png?fit=698%2C414&ssl=1&resize=525%2C300 1.5x"},"classes":[]},{"id":18477,"url":"https:\/\/larevistadigital.com.ar\/blog\/los-vigiladores-privados-untan-firmas-para-declarar-persona-no-grata-a-angel-alberto-garcia-y-celestina-ferrara\/","url_meta":{"origin":41639,"position":2},"title":"LOS VIGILADORES PRIVADOS JUNTAN FIRMAS PARA DECLARAR \u00abPERSONA NO GRATA\u00bb A \u00c1NGEL ALBERTO GARC\u00cdA Y CELESTINA FERRARA","author":"Alejandro Sosa Ruda","date":"5 enero, 2021","format":false,"excerpt":"Es una iniciativa de los propios vigiladores, que no guardan un grato recuerdo de \u00c1ngel Alberto Garc\u00eda y su mujer, Celestina Ferrara quienes estuvieron al frente del Gremio y la Obra Social durante m\u00e1s de 30 a\u00f1os, llevandolos al descontrol y vaciamiento casi total. Los vigiladores privados, han tomado la\u2026","rel":"","context":"En \u00abGREMIALES\u00bb","block_context":{"text":"GREMIALES","link":"https:\/\/larevistadigital.com.ar\/blog\/category\/gremiales\/"},"img":{"alt_text":"","src":"https:\/\/i0.wp.com\/larevistadigital.com.ar\/blog\/wp-content\/uploads\/GARCIA-PERSONA-NO-GRATA.jpg?fit=1200%2C776&ssl=1&resize=350%2C200","width":350,"height":200,"srcset":"https:\/\/i0.wp.com\/larevistadigital.com.ar\/blog\/wp-content\/uploads\/GARCIA-PERSONA-NO-GRATA.jpg?fit=1200%2C776&ssl=1&resize=350%2C200 1x, https:\/\/i0.wp.com\/larevistadigital.com.ar\/blog\/wp-content\/uploads\/GARCIA-PERSONA-NO-GRATA.jpg?fit=1200%2C776&ssl=1&resize=525%2C300 1.5x, https:\/\/i0.wp.com\/larevistadigital.com.ar\/blog\/wp-content\/uploads\/GARCIA-PERSONA-NO-GRATA.jpg?fit=1200%2C776&ssl=1&resize=700%2C400 2x, https:\/\/i0.wp.com\/larevistadigital.com.ar\/blog\/wp-content\/uploads\/GARCIA-PERSONA-NO-GRATA.jpg?fit=1200%2C776&ssl=1&resize=1050%2C600 3x"},"classes":[]},{"id":17513,"url":"https:\/\/larevistadigital.com.ar\/blog\/leo-requelme-y-el-gremio-de-vigiladores-privados-se-despidio-de-norberto-tata-fernandino\/","url_meta":{"origin":41639,"position":3},"title":"LEO REQUELME, Y EL GREMIO DE VIGILADORES PRIVADOS SE DESPIDI\u00d3 DE NORBERTO \u00abTATA\u00bb FERNANDINO","author":"Alejandro Sosa Ruda","date":"8 noviembre, 2020","format":false,"excerpt":"Leonidas Requelme, Secretario General de la Uni\u00f3n del Personal de Seguridad de la Rep\u00fablica Argentina, (U.P.S.R.A.) y los integrantes de la Comisi\u00f3n Directiva,\u00a0 publicaron en su cuenta oficial de Facebook una sentida nota de despedida a Norberto \"Trata\" Fernandino\u00a0con motivo del fallecimiento de \u00e9ste \u00faltimo. Sobre todo, Pablo Otero, tambi\u00e9n\u2026","rel":"","context":"En \u00abGREMIALES\u00bb","block_context":{"text":"GREMIALES","link":"https:\/\/larevistadigital.com.ar\/blog\/category\/gremiales\/"},"img":{"alt_text":"","src":"https:\/\/i0.wp.com\/larevistadigital.com.ar\/blog\/wp-content\/uploads\/TATA-FERNANDINO.jpg?fit=1000%2C754&ssl=1&resize=350%2C200","width":350,"height":200,"srcset":"https:\/\/i0.wp.com\/larevistadigital.com.ar\/blog\/wp-content\/uploads\/TATA-FERNANDINO.jpg?fit=1000%2C754&ssl=1&resize=350%2C200 1x, https:\/\/i0.wp.com\/larevistadigital.com.ar\/blog\/wp-content\/uploads\/TATA-FERNANDINO.jpg?fit=1000%2C754&ssl=1&resize=525%2C300 1.5x, https:\/\/i0.wp.com\/larevistadigital.com.ar\/blog\/wp-content\/uploads\/TATA-FERNANDINO.jpg?fit=1000%2C754&ssl=1&resize=700%2C400 2x"},"classes":[]},{"id":7081,"url":"https:\/\/larevistadigital.com.ar\/blog\/gremio-de-seguridad-requelme-ya-se-prueba-el-traje-de-secretario-general\/","url_meta":{"origin":41639,"position":4},"title":"GREMIO DE SEGURIDAD: REQUELME YA SE PRUEBA EL TRAJE DE SECRETARIO GENERAL","author":"Alejandro Sosa Ruda","date":"5 diciembre, 2018","format":false,"excerpt":"El dirigente gremial fue invitado por la C\u00e1mara de Empresas de Seguridad de Buenos Aires, a efectos de lograr acuerdos y trabajos en conjunto para mejorar y jerarquizar el sector, en lo que ser\u00e1 su gesti\u00f3n al frente del gremio de vigiladores privados, ya que encabeza la \u00fanica lista aprobada\u2026","rel":"","context":"En \u00abGREMIALES\u00bb","block_context":{"text":"GREMIALES","link":"https:\/\/larevistadigital.com.ar\/blog\/category\/gremiales\/"},"img":{"alt_text":"","src":"https:\/\/i0.wp.com\/larevistadigital.com.ar\/blog\/wp-content\/uploads\/2018\/12\/WhatsApp-Image-2018-12-04-at-16.57.11-1.jpeg?fit=900%2C1200&ssl=1&resize=350%2C200","width":350,"height":200,"srcset":"https:\/\/i0.wp.com\/larevistadigital.com.ar\/blog\/wp-content\/uploads\/2018\/12\/WhatsApp-Image-2018-12-04-at-16.57.11-1.jpeg?fit=900%2C1200&ssl=1&resize=350%2C200 1x, https:\/\/i0.wp.com\/larevistadigital.com.ar\/blog\/wp-content\/uploads\/2018\/12\/WhatsApp-Image-2018-12-04-at-16.57.11-1.jpeg?fit=900%2C1200&ssl=1&resize=525%2C300 1.5x, https:\/\/i0.wp.com\/larevistadigital.com.ar\/blog\/wp-content\/uploads\/2018\/12\/WhatsApp-Image-2018-12-04-at-16.57.11-1.jpeg?fit=900%2C1200&ssl=1&resize=700%2C400 2x"},"classes":[]},{"id":3375,"url":"https:\/\/larevistadigital.com.ar\/blog\/leonidas-requelme-exige-la-renuncia-inmediata-de-angel-garcia-y-su-esposa-celestina-ferrara-a-la-obra-social-de-los-vigiladores-privados\/","url_meta":{"origin":41639,"position":5},"title":"LEONIDAS REQUELME EXIGE LA RENUNCIA INMEDIATA DE \u00c1NGEL GARC\u00cdA Y SU ESPOSA CELESTINA FERRARA A LA OBRA SOCIAL DE LOS VIGILADORES PRIVADOS","author":"Alejandro Sosa Ruda","date":"2 octubre, 2017","format":false,"excerpt":"EXIGI\u00d3 TAMBI\u00c9N LA CONFORMACI\u00d3N DE UNA COMISI\u00d3N HASTA TANTO SE NORMALICE LA INSTITUCI\u00d3N Y SE NOMBREN NUEVAS AUTORIDADES. En una nota brindada a la FM \u201cLa Radio\u201d 101.5 el presidente de la Agrupaci\u00f3n Sindical Juan Manuel de Rosas, Leonidas Requelme, mantuvo un extenso di\u00e1logo en el que abord\u00f3 los temas\u2026","rel":"","context":"En \u00abDESTACADAS\u00bb","block_context":{"text":"DESTACADAS","link":"https:\/\/larevistadigital.com.ar\/blog\/category\/destacadas\/"},"img":{"alt_text":"","src":"https:\/\/i0.wp.com\/larevistadigital.com.ar\/blog\/wp-content\/uploads\/2017\/09\/DSC_0395-2.jpg?fit=1200%2C795&ssl=1&resize=350%2C200","width":350,"height":200,"srcset":"https:\/\/i0.wp.com\/larevistadigital.com.ar\/blog\/wp-content\/uploads\/2017\/09\/DSC_0395-2.jpg?fit=1200%2C795&ssl=1&resize=350%2C200 1x, https:\/\/i0.wp.com\/larevistadigital.com.ar\/blog\/wp-content\/uploads\/2017\/09\/DSC_0395-2.jpg?fit=1200%2C795&ssl=1&resize=525%2C300 1.5x, https:\/\/i0.wp.com\/larevistadigital.com.ar\/blog\/wp-content\/uploads\/2017\/09\/DSC_0395-2.jpg?fit=1200%2C795&ssl=1&resize=700%2C400 2x, https:\/\/i0.wp.com\/larevistadigital.com.ar\/blog\/wp-content\/uploads\/2017\/09\/DSC_0395-2.jpg?fit=1200%2C795&ssl=1&resize=1050%2C600 3x"},"classes":[]}],"_links":{"self":[{"href":"https:\/\/larevistadigital.com.ar\/blog\/wp-json\/wp\/v2\/posts\/41639","targetHints":{"allow":["GET"]}}],"collection":[{"href":"https:\/\/larevistadigital.com.ar\/blog\/wp-json\/wp\/v2\/posts"}],"about":[{"href":"https:\/\/larevistadigital.com.ar\/blog\/wp-json\/wp\/v2\/types\/post"}],"author":[{"embeddable":true,"href":"https:\/\/larevistadigital.com.ar\/blog\/wp-json\/wp\/v2\/users\/3"}],"replies":[{"embeddable":true,"href":"https:\/\/larevistadigital.com.ar\/blog\/wp-json\/wp\/v2\/comments?post=41639"}],"version-history":[{"count":1,"href":"https:\/\/larevistadigital.com.ar\/blog\/wp-json\/wp\/v2\/posts\/41639\/revisions"}],"predecessor-version":[{"id":41641,"href":"https:\/\/larevistadigital.com.ar\/blog\/wp-json\/wp\/v2\/posts\/41639\/revisions\/41641"}],"wp:featuredmedia":[{"embeddable":true,"href":"https:\/\/larevistadigital.com.ar\/blog\/wp-json\/wp\/v2\/media\/41640"}],"wp:attachment":[{"href":"https:\/\/larevistadigital.com.ar\/blog\/wp-json\/wp\/v2\/media?parent=41639"}],"wp:term":[{"taxonomy":"category","embeddable":true,"href":"https:\/\/larevistadigital.com.ar\/blog\/wp-json\/wp\/v2\/categories?post=41639"},{"taxonomy":"post_tag","embeddable":true,"href":"https:\/\/larevistadigital.com.ar\/blog\/wp-json\/wp\/v2\/tags?post=41639"}],"curies":[{"name":"wp","href":"https:\/\/api.w.org\/{rel}","templated":true}]}}