{"id":41642,"date":"2025-09-24T21:16:02","date_gmt":"2025-09-25T00:16:02","guid":{"rendered":"https:\/\/larevistadigital.com.ar\/blog\/?p=41642"},"modified":"2025-09-24T21:16:02","modified_gmt":"2025-09-25T00:16:02","slug":"video-una-enigmatica-luz-ilumino-el-cielo-de-cordoba-y-otras-provincias","status":"publish","type":"post","link":"https:\/\/larevistadigital.com.ar\/blog\/video-una-enigmatica-luz-ilumino-el-cielo-de-cordoba-y-otras-provincias\/","title":{"rendered":"[VIDEO] Una enigm\u00e1tica luz ilumin\u00f3 el cielo de C\u00f3rdoba y otras provincias"},"content":{"rendered":"<p data-mrf-recirculation=\"Cuerpo de la nota\">Una misteriosa luz ilumin\u00f3 el cielo de\u00a0<strong>C\u00f3rdoba<\/strong>\u00a0y gener\u00f3 misterio en distintos puntos de la provincia, que fueron sorprendidos alrededor de las\u00a0<strong>5.49<\/strong>, cuando apareci\u00f3 en el cielo.<\/p>\n<blockquote>\n<h3 data-mrf-recirculation=\"Cuerpo de la nota\">Tambi\u00e9n oyentes de\u00a0<strong>Cadena 3<\/strong>\u00a0de otras provincias, como\u00a0<strong>Santa Fe<\/strong>\u00a0y\u00a0<strong>Santiago del Estero<\/strong>, reportaron al mensajero de la radio haber sido testigos del fen\u00f3meno.<\/h3>\n<\/blockquote>\n<p data-mrf-recirculation=\"Cuerpo de la nota\">Algunos vecinos dijeron haber visto que la luz era de color\u00a0<strong>plateado<\/strong>, mientras que otros aseguraron que la misma era\u00a0<strong>amarilla<\/strong>.<\/p>\n<p data-mrf-recirculation=\"Cuerpo de la nota\">Por el momento, se desconoce qu\u00e9 fue este fen\u00f3meno que asombr\u00f3 e ilumin\u00f3 el cielo.<\/p>\n<p data-mrf-recirculation=\"Cuerpo de la nota\"><strong><span style=\"color: #ff0000\">EL VIDEO<\/span><\/strong><\/p>\n<div style=\"width: 640px;\" class=\"wp-video\"><!--[if lt IE 9]><script>document.createElement('video');<\/script><![endif]-->\n<video class=\"wp-video-shortcode\" id=\"video-41642-1\" width=\"640\" height=\"360\" preload=\"metadata\" controls=\"controls\"><source type=\"video\/mp4\" src=\"https:\/\/larevistadigital.com.ar\/blog\/wp-content\/uploads\/videoplayback-1.mp4?_=1\" \/><a href=\"https:\/\/larevistadigital.com.ar\/blog\/wp-content\/uploads\/videoplayback-1.mp4\">https:\/\/larevistadigital.com.ar\/blog\/wp-content\/uploads\/videoplayback-1.mp4<\/a><\/video><\/div>\n<blockquote>\n<h3 data-mrf-recirculation=\"Cuerpo de la nota\">\u00abNo fue uno solo si no varios. Se ve\u00edan sobre la\u00a0<strong>Laguna Mar Chiquita<\/strong>\u00ab, dijo\u00a0<strong>Diego<\/strong>, un oyente a\u00a0<strong>Cadena 3<\/strong>.<\/h3>\n<\/blockquote>\n<p data-mrf-recirculation=\"Cuerpo de la nota\">El director del Observatorio de\u00a0<strong>Santa Fe<\/strong>,\u00a0<strong>Jorge Coghlan<\/strong>, explic\u00f3 a\u00a0<strong>Cadena 3<\/strong>: \u00abSeguramente se trata de materia interplanetaria que se ha desintegrado\u00bb.<\/p>\n<p data-mrf-recirculation=\"Cuerpo de la nota\">Tambi\u00e9n mencion\u00f3 la posibilidad de que fuera la desintegraci\u00f3n de un sat\u00e9lite.<\/p>\n<p data-mrf-recirculation=\"Cuerpo de la nota\"><strong>Coghlan<\/strong>\u00a0indic\u00f3 que el evento ocurri\u00f3 a una altitud de aproximadamente\u00a0<strong>85 kil\u00f3metros<\/strong>\u00a0y que fue visible en un radio de m\u00e1s de\u00a0<strong>300 kil\u00f3metros<\/strong>. \u00abAqu\u00ed en\u00a0<strong>Santa Fe<\/strong>, mucha gente tambi\u00e9n lo observ\u00f3\u00bb, destac\u00f3, a\u00f1adiendo que el fen\u00f3meno se present\u00f3 en un horario en el que muchas personas se preparaban para ir a trabajar.<\/p>\n","protected":false},"excerpt":{"rendered":"<div class=\"mh-excerpt\"><p>Una misteriosa luz ilumin\u00f3 el cielo de\u00a0C\u00f3rdoba\u00a0y gener\u00f3 misterio en distintos puntos de la provincia, que fueron sorprendidos alrededor de las\u00a05.49, cuando apareci\u00f3 en el cielo. Tambi\u00e9n oyentes de\u00a0Cadena 3\u00a0de otras provincias, como\u00a0Santa Fe\u00a0y\u00a0Santiago del <a class=\"mh-excerpt-more\" href=\"https:\/\/larevistadigital.com.ar\/blog\/video-una-enigmatica-luz-ilumino-el-cielo-de-cordoba-y-otras-provincias\/\" title=\"[VIDEO] Una enigm\u00e1tica luz ilumin\u00f3 el cielo de C\u00f3rdoba y otras provincias\">[Leer M\u00e1s]<\/a><\/p>\n<\/div>","protected":false},"author":3,"featured_media":41643,"comment_status":"open","ping_status":"open","sticky":false,"template":"","format":"standard","meta":{"_jetpack_memberships_contains_paid_content":false,"footnotes":"","jetpack_publicize_message":"","jetpack_publicize_feature_enabled":true,"jetpack_social_post_already_shared":true,"jetpack_social_options":{"image_generator_settings":{"template":"highway","default_image_id":0,"font":"","enabled":false},"version":2}},"categories":[50],"tags":[],"class_list":{"0":"post-41642","1":"post","2":"type-post","3":"status-publish","4":"format-standard","5":"has-post-thumbnail","7":"category-interes-general"},"jetpack_publicize_connections":[],"jetpack_featured_media_url":"https:\/\/i0.wp.com\/larevistadigital.com.ar\/blog\/wp-content\/uploads\/Captura-de-pantalla-2025-09-24-211421.jpg?fit=674%2C423&ssl=1","jetpack_sharing_enabled":true,"jetpack_shortlink":"https:\/\/wp.me\/p8qtrQ-aPE","jetpack-related-posts":[{"id":7442,"url":"https:\/\/larevistadigital.com.ar\/blog\/investigan-una-extrana-explosion-que-ilumino-con-luz-azul-el-cielo-de-new-york\/","url_meta":{"origin":41642,"position":0},"title":"INVESTIGAN UNA EXTRA\u00d1A EXPLOSI\u00d3N QUE ILUMIN\u00d3 CON LUZ AZUL EL CIELO DE NEW YORK","author":"Alejandro Sosa Ruda","date":"28 diciembre, 2018","format":false,"excerpt":"Las autoridades de Nueva York informaron que controlaban la explosi\u00f3n ocurrida en una planta el\u00e9ctrica que caus\u00f3\u00a0una\u00a0misteriosa luz azul en el cielo de la ciudad\u00a0este jueves a la noche. \"Las luces que vieron sobre la ciudad parecen deberse a la explosi\u00f3n de un transformador en la planta de Con Ed\u2026","rel":"","context":"En \u00abCURIOSAS\u00bb","block_context":{"text":"CURIOSAS","link":"https:\/\/larevistadigital.com.ar\/blog\/category\/curiosas\/"},"img":{"alt_text":"","src":"https:\/\/i0.wp.com\/larevistadigital.com.ar\/blog\/wp-content\/uploads\/2018\/12\/M5kWlc914_1256x620__1.jpg?fit=1200%2C592&ssl=1&resize=350%2C200","width":350,"height":200,"srcset":"https:\/\/i0.wp.com\/larevistadigital.com.ar\/blog\/wp-content\/uploads\/2018\/12\/M5kWlc914_1256x620__1.jpg?fit=1200%2C592&ssl=1&resize=350%2C200 1x, https:\/\/i0.wp.com\/larevistadigital.com.ar\/blog\/wp-content\/uploads\/2018\/12\/M5kWlc914_1256x620__1.jpg?fit=1200%2C592&ssl=1&resize=525%2C300 1.5x, https:\/\/i0.wp.com\/larevistadigital.com.ar\/blog\/wp-content\/uploads\/2018\/12\/M5kWlc914_1256x620__1.jpg?fit=1200%2C592&ssl=1&resize=700%2C400 2x, https:\/\/i0.wp.com\/larevistadigital.com.ar\/blog\/wp-content\/uploads\/2018\/12\/M5kWlc914_1256x620__1.jpg?fit=1200%2C592&ssl=1&resize=1050%2C600 3x"},"classes":[]},{"id":12655,"url":"https:\/\/larevistadigital.com.ar\/blog\/culpan-a-haarp-de-cielos-color-purpura-sobre-rusia-y-japon\/","url_meta":{"origin":41642,"position":1},"title":"CULPAN A \u00abHAARP\u00bb DE CIELOS COLOR P\u00daRPURA SOBRE RUSIA Y JAP\u00d3N","author":"Alejandro Sosa Ruda","date":"16 octubre, 2019","format":false,"excerpt":"HAARP vuelve a estar en el centro de la pol\u00e9mica. Esta vez por supuestamente provocar extra\u00f1os fen\u00f3menos en los cielos de Jap\u00f3n y Rusia. Horas antes de que el devastador tif\u00f3n Hagibis llegara a Jap\u00f3n, los ciudadanos presenciaron un extra\u00f1o fen\u00f3meno clim\u00e1tico en el cielo. Para la confusi\u00f3n de muchos,\u2026","rel":"","context":"En \u00abCURIOSAS\u00bb","block_context":{"text":"CURIOSAS","link":"https:\/\/larevistadigital.com.ar\/blog\/category\/curiosas\/"},"img":{"alt_text":"","src":"https:\/\/i0.wp.com\/larevistadigital.com.ar\/blog\/wp-content\/uploads\/purpura-japon-portada-1068x611.jpg?fit=1068%2C611&ssl=1&resize=350%2C200","width":350,"height":200,"srcset":"https:\/\/i0.wp.com\/larevistadigital.com.ar\/blog\/wp-content\/uploads\/purpura-japon-portada-1068x611.jpg?fit=1068%2C611&ssl=1&resize=350%2C200 1x, https:\/\/i0.wp.com\/larevistadigital.com.ar\/blog\/wp-content\/uploads\/purpura-japon-portada-1068x611.jpg?fit=1068%2C611&ssl=1&resize=525%2C300 1.5x, https:\/\/i0.wp.com\/larevistadigital.com.ar\/blog\/wp-content\/uploads\/purpura-japon-portada-1068x611.jpg?fit=1068%2C611&ssl=1&resize=700%2C400 2x, https:\/\/i0.wp.com\/larevistadigital.com.ar\/blog\/wp-content\/uploads\/purpura-japon-portada-1068x611.jpg?fit=1068%2C611&ssl=1&resize=1050%2C600 3x"},"classes":[]},{"id":747,"url":"https:\/\/larevistadigital.com.ar\/blog\/una-misteriosa-figura-humana-aparece-cielo-zambia\/","url_meta":{"origin":41642,"position":2},"title":"Una misteriosa figura humana aparece en el cielo de Zambia","author":"editor","date":"8 marzo, 2017","format":false,"excerpt":"Seg\u00fan informa el rotativo Daily Mail, este fin de semana, una misteriosa figura humana se cerni\u00f3 sobre el cielo de Zambia (\u00c1frica). Seg\u00fan cuentan testigos presenciales, la aparici\u00f3n, con forma de ser humano y de largas extremidades acabadas en punta, se prolong\u00f3 durante unos 30 minutos y su tama\u00f1o era\u2026","rel":"","context":"En \u00abCURIOSAS\u00bb","block_context":{"text":"CURIOSAS","link":"https:\/\/larevistadigital.com.ar\/blog\/category\/curiosas\/"},"img":{"alt_text":"","src":"https:\/\/i0.wp.com\/larevistadigital.com.ar\/blog\/wp-content\/uploads\/2017\/03\/africafigura2-focus-0-0-760-475.jpg?fit=672%2C372&ssl=1&resize=350%2C200","width":350,"height":200,"srcset":"https:\/\/i0.wp.com\/larevistadigital.com.ar\/blog\/wp-content\/uploads\/2017\/03\/africafigura2-focus-0-0-760-475.jpg?fit=672%2C372&ssl=1&resize=350%2C200 1x, https:\/\/i0.wp.com\/larevistadigital.com.ar\/blog\/wp-content\/uploads\/2017\/03\/africafigura2-focus-0-0-760-475.jpg?fit=672%2C372&ssl=1&resize=525%2C300 1.5x"},"classes":[]},{"id":43226,"url":"https:\/\/larevistadigital.com.ar\/blog\/ovni-triangulo-en-el-cielo-de-chascomus-un-lector-registro-un-llamativo-avistamiento-nocturno\/","url_meta":{"origin":41642,"position":3},"title":"\u00bfOvni tri\u00e1ngulo en el cielo de Chascom\u00fas? Un lector registr\u00f3 un llamativo avistamiento nocturno","author":"Alejandro Sosa Ruda","date":"9 enero, 2026","format":false,"excerpt":"Un vecino asegur\u00f3 haber observado un objeto de gran tama\u00f1o, con luces intensas y sin emitir sonido, que permaneci\u00f3 detenido unos segundos y luego desapareci\u00f3 a gran velocidad. El hecho ocurri\u00f3 en inmediaciones del Polideportivo. Es una foto real? 09 de enero de 2026 CHASCOM\u00daS -\u00a0 \u00a0Ayer por la tarde-noche,\u2026","rel":"","context":"En \u00abDESTACADAS\u00bb","block_context":{"text":"DESTACADAS","link":"https:\/\/larevistadigital.com.ar\/blog\/category\/destacadas\/"},"img":{"alt_text":"","src":"https:\/\/i0.wp.com\/larevistadigital.com.ar\/blog\/wp-content\/uploads\/OVNI-POLIDEPORTIVO.jpg?fit=850%2C500&ssl=1&resize=350%2C200","width":350,"height":200,"srcset":"https:\/\/i0.wp.com\/larevistadigital.com.ar\/blog\/wp-content\/uploads\/OVNI-POLIDEPORTIVO.jpg?fit=850%2C500&ssl=1&resize=350%2C200 1x, https:\/\/i0.wp.com\/larevistadigital.com.ar\/blog\/wp-content\/uploads\/OVNI-POLIDEPORTIVO.jpg?fit=850%2C500&ssl=1&resize=525%2C300 1.5x, https:\/\/i0.wp.com\/larevistadigital.com.ar\/blog\/wp-content\/uploads\/OVNI-POLIDEPORTIVO.jpg?fit=850%2C500&ssl=1&resize=700%2C400 2x"},"classes":[]},{"id":12910,"url":"https:\/\/larevistadigital.com.ar\/blog\/video-sorprendente-filmacion-de-un-ovni\/","url_meta":{"origin":41642,"position":4},"title":"[VIDEO] SORPRENDENTE FILMACI\u00d3N DE UN OVNI","author":"Alejandro Sosa Ruda","date":"28 octubre, 2019","format":false,"excerpt":"La filmaci\u00f3n la realiz\u00f3 un transe\u00fante que observ\u00f3 una luz en el cielo, y comenz\u00f3 a filmar porque le llam\u00f3 la atenci\u00f3n. El hecho, ocurri\u00f3 a plena luz del d\u00eda en la ciudad de Florida EEUU, y es probablemente uno de los mejores registros de un ovni, con una muy\u2026","rel":"","context":"En \u00abCURIOSAS\u00bb","block_context":{"text":"CURIOSAS","link":"https:\/\/larevistadigital.com.ar\/blog\/category\/curiosas\/"},"img":{"alt_text":"","src":"https:\/\/i0.wp.com\/larevistadigital.com.ar\/blog\/wp-content\/uploads\/depositphotos_52688259-stock-illustration-secret-file.jpg?fit=1024%2C1024&ssl=1&resize=350%2C200","width":350,"height":200,"srcset":"https:\/\/i0.wp.com\/larevistadigital.com.ar\/blog\/wp-content\/uploads\/depositphotos_52688259-stock-illustration-secret-file.jpg?fit=1024%2C1024&ssl=1&resize=350%2C200 1x, https:\/\/i0.wp.com\/larevistadigital.com.ar\/blog\/wp-content\/uploads\/depositphotos_52688259-stock-illustration-secret-file.jpg?fit=1024%2C1024&ssl=1&resize=525%2C300 1.5x, https:\/\/i0.wp.com\/larevistadigital.com.ar\/blog\/wp-content\/uploads\/depositphotos_52688259-stock-illustration-secret-file.jpg?fit=1024%2C1024&ssl=1&resize=700%2C400 2x"},"classes":[]},{"id":18776,"url":"https:\/\/larevistadigital.com.ar\/blog\/vieron-un-ovni-en-el-cielo-de-roque-perez\/","url_meta":{"origin":41642,"position":5},"title":"VIERON UN OVNI EN EL CIELO DE ROQUE PEREZ","author":"Alejandro Sosa Ruda","date":"8 febrero, 2021","format":false,"excerpt":"A las 12:45 del d\u00eda de este s\u00e1bado un\u00a0Ovni\u00a0fue observado en la ciudad de Roque P\u00e9rez. Varias personas se comunicaron con\u00a0Cr\u00f3nica\u00a0repitiendo la misma historia:\u00a0algo parecido a una\u00a0\u201cmedia nuez investida\u201d cruz\u00f3 el cielo del lugar. Un vecino de la zona describi\u00f3 c\u00f3mo vivi\u00f3 desde su posici\u00f3n la misteriosa observaci\u00f3n: \u201cEst\u00e1bamos en\u2026","rel":"","context":"En \u00abINTERES GENERAL\u00bb","block_context":{"text":"INTERES GENERAL","link":"https:\/\/larevistadigital.com.ar\/blog\/category\/interes-general\/"},"img":{"alt_text":"","src":"https:\/\/i0.wp.com\/larevistadigital.com.ar\/blog\/wp-content\/uploads\/Captura-4.png?fit=1184%2C651&ssl=1&resize=350%2C200","width":350,"height":200,"srcset":"https:\/\/i0.wp.com\/larevistadigital.com.ar\/blog\/wp-content\/uploads\/Captura-4.png?fit=1184%2C651&ssl=1&resize=350%2C200 1x, https:\/\/i0.wp.com\/larevistadigital.com.ar\/blog\/wp-content\/uploads\/Captura-4.png?fit=1184%2C651&ssl=1&resize=525%2C300 1.5x, https:\/\/i0.wp.com\/larevistadigital.com.ar\/blog\/wp-content\/uploads\/Captura-4.png?fit=1184%2C651&ssl=1&resize=700%2C400 2x, https:\/\/i0.wp.com\/larevistadigital.com.ar\/blog\/wp-content\/uploads\/Captura-4.png?fit=1184%2C651&ssl=1&resize=1050%2C600 3x"},"classes":[]}],"_links":{"self":[{"href":"https:\/\/larevistadigital.com.ar\/blog\/wp-json\/wp\/v2\/posts\/41642","targetHints":{"allow":["GET"]}}],"collection":[{"href":"https:\/\/larevistadigital.com.ar\/blog\/wp-json\/wp\/v2\/posts"}],"about":[{"href":"https:\/\/larevistadigital.com.ar\/blog\/wp-json\/wp\/v2\/types\/post"}],"author":[{"embeddable":true,"href":"https:\/\/larevistadigital.com.ar\/blog\/wp-json\/wp\/v2\/users\/3"}],"replies":[{"embeddable":true,"href":"https:\/\/larevistadigital.com.ar\/blog\/wp-json\/wp\/v2\/comments?post=41642"}],"version-history":[{"count":1,"href":"https:\/\/larevistadigital.com.ar\/blog\/wp-json\/wp\/v2\/posts\/41642\/revisions"}],"predecessor-version":[{"id":41645,"href":"https:\/\/larevistadigital.com.ar\/blog\/wp-json\/wp\/v2\/posts\/41642\/revisions\/41645"}],"wp:featuredmedia":[{"embeddable":true,"href":"https:\/\/larevistadigital.com.ar\/blog\/wp-json\/wp\/v2\/media\/41643"}],"wp:attachment":[{"href":"https:\/\/larevistadigital.com.ar\/blog\/wp-json\/wp\/v2\/media?parent=41642"}],"wp:term":[{"taxonomy":"category","embeddable":true,"href":"https:\/\/larevistadigital.com.ar\/blog\/wp-json\/wp\/v2\/categories?post=41642"},{"taxonomy":"post_tag","embeddable":true,"href":"https:\/\/larevistadigital.com.ar\/blog\/wp-json\/wp\/v2\/tags?post=41642"}],"curies":[{"name":"wp","href":"https:\/\/api.w.org\/{rel}","templated":true}]}}