{"id":41646,"date":"2025-09-25T16:12:49","date_gmt":"2025-09-25T19:12:49","guid":{"rendered":"https:\/\/larevistadigital.com.ar\/blog\/?p=41646"},"modified":"2025-09-25T16:15:13","modified_gmt":"2025-09-25T19:15:13","slug":"santiago-casalins-voy-a-poner-mi-profesion-al-servicio-de-los-vecinos","status":"publish","type":"post","link":"https:\/\/larevistadigital.com.ar\/blog\/santiago-casalins-voy-a-poner-mi-profesion-al-servicio-de-los-vecinos\/","title":{"rendered":"Santiago Casalins: \u201cVoy a poner mi profesi\u00f3n al servicio de los vecinos\u201d"},"content":{"rendered":"<h3>El concejal electo por <em data-start=\"221\" data-end=\"240\">Chascom\u00fas Primero<\/em> dialog\u00f3 en <em data-start=\"252\" data-end=\"269\">Ataque de Radio<\/em> sobre su rol en el Concejo Deliberante, su visi\u00f3n sobre el presupuesto y los temas que priorizar\u00e1 durante su mandato.<\/h3>\n<p data-start=\"391\" data-end=\"687\"><strong>CHASCOM\u00daS &#8211;\u00a0<\/strong> \u00a0Durante una entrevista en el programa <em data-start=\"441\" data-end=\"471\">A<\/em><strong>taque de Radio \u2013Home Office<\/strong>, el concejal electo por Chascom\u00fas Primero, <strong>Santiago Casalins<\/strong>, agradeci\u00f3 el acompa\u00f1amiento recibido en las \u00faltimas elecciones y ratific\u00f3 su compromiso de trabajar \u201cduro\u201d durante los pr\u00f3ximos cuatro a\u00f1os de gesti\u00f3n.<\/p>\n<blockquote>\n<h3 data-start=\"689\" data-end=\"1036\">El dirigente asegur\u00f3 que su principal enfoque estar\u00e1 en la revisi\u00f3n y an\u00e1lisis del presupuesto municipal, tarea en la que pondr\u00e1 en pr\u00e1ctica su experiencia como contador. En ese sentido, adelant\u00f3 que buscar\u00e1 integrar la Comisi\u00f3n de Presupuesto y Hacienda, con la idea de hacer un seguimiento riguroso de la administraci\u00f3n de los fondos p\u00fablicos.<\/h3>\n<\/blockquote>\n<p data-start=\"1038\" data-end=\"1399\">En relaci\u00f3n a la futura presidencia del Concejo Deliberante, explic\u00f3 que el tema a\u00fan no est\u00e1 resuelto y que mantuvo una charla con <strong>Santiago Dos Santos<\/strong>, aunque aclar\u00f3 que <em><strong>\u201cno me pidi\u00f3 que lo vote como presidente\u201d<\/strong><\/em>. Para <strong>Casalins<\/strong>, <strong><em>\u201cquien quiera ejercer la presidencia va a tener que juntar los votos\u201d<\/em><\/strong>, y se\u00f1al\u00f3 que no es una de sus aspiraciones ocupar ese lugar.<\/p>\n<blockquote>\n<h3 data-start=\"1401\" data-end=\"1648\">Respecto de las prioridades legislativas, el concejal remarc\u00f3 que <em>\u201cla seguridad no es responsabilidad del Concejo Deliberante\u201d<\/em>, aunque expres\u00f3 que s\u00ed pondr\u00e1 atenci\u00f3n en cuestiones vinculadas a cloacas, concesiones p\u00fablicas y ordenamiento urbano.<\/h3>\n<\/blockquote>\n<p data-start=\"1650\" data-end=\"1960\">Finalmente, <strong>Casalins<\/strong> se comprometi\u00f3 a ejercer su labor con cercan\u00eda a los vecinos y transparencia en la gesti\u00f3n: <em><strong>\u201cSiempre voy a estar a disposici\u00f3n, controlando al Ejecutivo y trabajando para que los recursos se usen de la mejor manera. Espero estar a la altura de lo que los vecinos esperan de m\u00ed\u201d<\/strong><\/em>, subray\u00f3.<\/p>\n","protected":false},"excerpt":{"rendered":"<div class=\"mh-excerpt\"><p>El concejal electo por Chascom\u00fas Primero dialog\u00f3 en Ataque de Radio sobre su rol en el Concejo Deliberante, su visi\u00f3n sobre el presupuesto y los temas que priorizar\u00e1 durante su mandato. CHASCOM\u00daS &#8211;\u00a0 \u00a0Durante una <a class=\"mh-excerpt-more\" href=\"https:\/\/larevistadigital.com.ar\/blog\/santiago-casalins-voy-a-poner-mi-profesion-al-servicio-de-los-vecinos\/\" title=\"Santiago Casalins: \u201cVoy a poner mi profesi\u00f3n al servicio de los vecinos\u201d\">[Leer M\u00e1s]<\/a><\/p>\n<\/div>","protected":false},"author":3,"featured_media":41647,"comment_status":"open","ping_status":"open","sticky":false,"template":"","format":"standard","meta":{"_jetpack_memberships_contains_paid_content":false,"footnotes":"","jetpack_publicize_message":"","jetpack_publicize_feature_enabled":true,"jetpack_social_post_already_shared":true,"jetpack_social_options":{"image_generator_settings":{"template":"highway","default_image_id":0,"font":"","enabled":false},"version":2}},"categories":[247,41,23],"tags":[],"class_list":{"0":"post-41646","1":"post","2":"type-post","3":"status-publish","4":"format-standard","5":"has-post-thumbnail","7":"category-ataque-de-radio","8":"category-destacadas","9":"category-politica-local"},"jetpack_publicize_connections":[],"jetpack_featured_media_url":"https:\/\/i0.wp.com\/larevistadigital.com.ar\/blog\/wp-content\/uploads\/WhatsApp-Image-2025-09-24-at-10.13.11.jpeg?fit=900%2C1600&ssl=1","jetpack_sharing_enabled":true,"jetpack_shortlink":"https:\/\/wp.me\/p8qtrQ-aPI","jetpack-related-posts":[{"id":3512,"url":"https:\/\/larevistadigital.com.ar\/blog\/chascomus-casalins-hablo-la-interpelacion-al-intendente-las-denuncias-salud\/","url_meta":{"origin":41646,"position":0},"title":"CHASCOM\u00daS: CASALINS HABL\u00d3 DE LA INTERPELACI\u00d3N AL INTENDENTE POR LAS DENUNCIAS EN SALUD","author":"Alejandro Sosa Ruda","date":"17 octubre, 2017","format":false,"excerpt":"\u00a0 En una nota radial con el concejal del bloque UCR-Cambiemos, Osvaldo Casalins dialog\u00f3 con el programa \u201cAtaque de Radio\u201d que se emite los s\u00e1bados de 10 a 13 por la FM 101.5, refiri\u00e9ndose al pedido de interpelaci\u00f3n al intendente comunal Javier Gast\u00f3n Casalins, dijo que se han cumplido con\u2026","rel":"","context":"En \u00abCHASCOM\u00daS\u00bb","block_context":{"text":"CHASCOM\u00daS","link":"https:\/\/larevistadigital.com.ar\/blog\/category\/chascomus\/"},"img":{"alt_text":"","src":"https:\/\/i0.wp.com\/larevistadigital.com.ar\/blog\/wp-content\/uploads\/2017\/10\/entrega-de-cheque.jpg?fit=650%2C371&ssl=1&resize=350%2C200","width":350,"height":200,"srcset":"https:\/\/i0.wp.com\/larevistadigital.com.ar\/blog\/wp-content\/uploads\/2017\/10\/entrega-de-cheque.jpg?fit=650%2C371&ssl=1&resize=350%2C200 1x, https:\/\/i0.wp.com\/larevistadigital.com.ar\/blog\/wp-content\/uploads\/2017\/10\/entrega-de-cheque.jpg?fit=650%2C371&ssl=1&resize=525%2C300 1.5x"},"classes":[]},{"id":41331,"url":"https:\/\/larevistadigital.com.ar\/blog\/chascomus-lucio-alfonsin-se-impuso-por-amplio-margen-en-los-comicios-para-concejal\/","url_meta":{"origin":41646,"position":1},"title":"Chascom\u00fas: Lucio Alfons\u00edn se impuso por amplio m\u00e1rgen en los comicios para concejal","author":"Alejandro Sosa Ruda","date":"7 septiembre, 2025","format":false,"excerpt":"Gan\u00f3 la elecci\u00f3n por casi diez puntos de distancia sobre su inmediato perseguidor, Santiago Dos Santos, que solo pudo sacarle 22 votos de diferencia al Dr, Toledo, de La Libertad Avanza. Santiago Casalins, qued\u00f3\u00a0 cuarto, a 492 votos de diferencia. 7 de Septirmbre de 2025 CHASCOM\u00daS -\u00a0 Luego de una\u2026","rel":"","context":"En \u00abCHASCOM\u00daS\u00bb","block_context":{"text":"CHASCOM\u00daS","link":"https:\/\/larevistadigital.com.ar\/blog\/category\/chascomus\/"},"img":{"alt_text":"","src":"https:\/\/i0.wp.com\/larevistadigital.com.ar\/blog\/wp-content\/uploads\/WhatsApp-Image-2025-09-07-at-12.23.18.jpeg?fit=1200%2C798&ssl=1&resize=350%2C200","width":350,"height":200,"srcset":"https:\/\/i0.wp.com\/larevistadigital.com.ar\/blog\/wp-content\/uploads\/WhatsApp-Image-2025-09-07-at-12.23.18.jpeg?fit=1200%2C798&ssl=1&resize=350%2C200 1x, https:\/\/i0.wp.com\/larevistadigital.com.ar\/blog\/wp-content\/uploads\/WhatsApp-Image-2025-09-07-at-12.23.18.jpeg?fit=1200%2C798&ssl=1&resize=525%2C300 1.5x, https:\/\/i0.wp.com\/larevistadigital.com.ar\/blog\/wp-content\/uploads\/WhatsApp-Image-2025-09-07-at-12.23.18.jpeg?fit=1200%2C798&ssl=1&resize=700%2C400 2x, https:\/\/i0.wp.com\/larevistadigital.com.ar\/blog\/wp-content\/uploads\/WhatsApp-Image-2025-09-07-at-12.23.18.jpeg?fit=1200%2C798&ssl=1&resize=1050%2C600 3x"},"classes":[]},{"id":40861,"url":"https:\/\/larevistadigital.com.ar\/blog\/recorrida-por-empresas-de-santiago-casalins-a-los-emprendedores-no-hay-que-contarles-las-costillas-ni-ponerle-tantas-trabas-hay-que-apoyar-a-los-que-generan-empleo-genuino\/","url_meta":{"origin":41646,"position":2},"title":"Recorrida por empresas de Santiago Casalins \u201cA los emprendedores no hay que contarles las costillas, ni ponerle tantas trabas. Hay que apoyar a los que generan empleo genuino\u201d","author":"Alejandro Sosa Ruda","date":"12 agosto, 2025","format":false,"excerpt":"El candidato a concejal por Alianza Potencia, recorri\u00f3 distintas empresas en la ciudad de Chascom\u00fas como parte de su plan de campa\u00f1a y posterior trabajo si es electo concejal. 12 de Agosto de 2025 Visita a Atalaya Este martes 12 de agosto, Santiago Casalins y Eugenia Iriart, candidatos a Concejales\u2026","rel":"","context":"En \u00abINTERES GENERAL\u00bb","block_context":{"text":"INTERES GENERAL","link":"https:\/\/larevistadigital.com.ar\/blog\/category\/interes-general\/"},"img":{"alt_text":"","src":"https:\/\/i0.wp.com\/larevistadigital.com.ar\/blog\/wp-content\/uploads\/WhatsApp-Image-2025-08-12-at-15.48.28-scaled.jpeg?fit=900%2C1200&ssl=1&resize=350%2C200","width":350,"height":200,"srcset":"https:\/\/i0.wp.com\/larevistadigital.com.ar\/blog\/wp-content\/uploads\/WhatsApp-Image-2025-08-12-at-15.48.28-scaled.jpeg?fit=900%2C1200&ssl=1&resize=350%2C200 1x, https:\/\/i0.wp.com\/larevistadigital.com.ar\/blog\/wp-content\/uploads\/WhatsApp-Image-2025-08-12-at-15.48.28-scaled.jpeg?fit=900%2C1200&ssl=1&resize=525%2C300 1.5x, https:\/\/i0.wp.com\/larevistadigital.com.ar\/blog\/wp-content\/uploads\/WhatsApp-Image-2025-08-12-at-15.48.28-scaled.jpeg?fit=900%2C1200&ssl=1&resize=700%2C400 2x"},"classes":[]},{"id":41090,"url":"https:\/\/larevistadigital.com.ar\/blog\/santiago-casalins-nuestra-obligacion-como-dirigentes-es-buscar-posibles-soluciones-a-los-problemas-no-podemos-limitarnos-a-senalarlos\/","url_meta":{"origin":41646,"position":3},"title":"Santiago Casalins: \u00abNuestra obligaci\u00f3n como dirigentes es buscar posibles soluciones a los problemas, no podemos limitarnos a se\u00f1alarlos\u00bb","author":"Alejandro Sosa Ruda","date":"25 agosto, 2025","format":false,"excerpt":"Santiago Casalins visit\u00f3 el municipio de Venado Tuerto acompa\u00f1ado de Gonzalo Fierro y Valentino Redruello. 25 de agosto de 2025 El candidato a concejal por la lista 2201 Potencia \u201cChascom\u00fas Primero\u201d, Santiago Casalins visit\u00f3 la ciudad de Venado Tuerto, donde mantuvo una jornada de estudio y trabajo en esta localidad\u2026","rel":"","context":"En \u00abINTERES GENERAL\u00bb","block_context":{"text":"INTERES GENERAL","link":"https:\/\/larevistadigital.com.ar\/blog\/category\/interes-general\/"},"img":{"alt_text":"","src":"https:\/\/i0.wp.com\/larevistadigital.com.ar\/blog\/wp-content\/uploads\/WhatsApp-Image-2025-08-25-at-13.40.49-scaled.jpeg?fit=1200%2C800&ssl=1&resize=350%2C200","width":350,"height":200,"srcset":"https:\/\/i0.wp.com\/larevistadigital.com.ar\/blog\/wp-content\/uploads\/WhatsApp-Image-2025-08-25-at-13.40.49-scaled.jpeg?fit=1200%2C800&ssl=1&resize=350%2C200 1x, https:\/\/i0.wp.com\/larevistadigital.com.ar\/blog\/wp-content\/uploads\/WhatsApp-Image-2025-08-25-at-13.40.49-scaled.jpeg?fit=1200%2C800&ssl=1&resize=525%2C300 1.5x, https:\/\/i0.wp.com\/larevistadigital.com.ar\/blog\/wp-content\/uploads\/WhatsApp-Image-2025-08-25-at-13.40.49-scaled.jpeg?fit=1200%2C800&ssl=1&resize=700%2C400 2x, https:\/\/i0.wp.com\/larevistadigital.com.ar\/blog\/wp-content\/uploads\/WhatsApp-Image-2025-08-25-at-13.40.49-scaled.jpeg?fit=1200%2C800&ssl=1&resize=1050%2C600 3x"},"classes":[]},{"id":3071,"url":"https:\/\/larevistadigital.com.ar\/blog\/osvaldo-casalins-es-inedito-que-la-presidencia-no-haya-elevado-al-intendente-los-proyectos-aprobados-en-una-sesion\/","url_meta":{"origin":41646,"position":4},"title":"Osvaldo Casalins: \u201cEs in\u00e9dito que la presidencia no haya elevado al Intendente los proyectos aprobados en una sesi\u00f3n\u201d","author":"admin","date":"11 agosto, 2017","format":false,"excerpt":"Uno es el nuevo Presupuesto Municipal La Presidencia del Concejo Deliberante podr\u00eda ser denunciada por falta al cumplimiento de sus responsabilidades \u2013 Afirm\u00f3 el concejal de Cambiemos \u2013 UCR que \u201cesto tiene que ver con una presi\u00f3n pol\u00edtica del bloque de Unidad por Chascom\u00fas. Si no est\u00e1n de acuerdo que\u2026","rel":"","context":"En \u00abCHASCOM\u00daS\u00bb","block_context":{"text":"CHASCOM\u00daS","link":"https:\/\/larevistadigital.com.ar\/blog\/category\/chascomus\/"},"img":{"alt_text":"","src":"https:\/\/i0.wp.com\/larevistadigital.com.ar\/blog\/wp-content\/uploads\/2017\/08\/consejo_05dejulio_elfuerte.jpg?fit=737%2C415&ssl=1&resize=350%2C200","width":350,"height":200,"srcset":"https:\/\/i0.wp.com\/larevistadigital.com.ar\/blog\/wp-content\/uploads\/2017\/08\/consejo_05dejulio_elfuerte.jpg?fit=737%2C415&ssl=1&resize=350%2C200 1x, https:\/\/i0.wp.com\/larevistadigital.com.ar\/blog\/wp-content\/uploads\/2017\/08\/consejo_05dejulio_elfuerte.jpg?fit=737%2C415&ssl=1&resize=525%2C300 1.5x, https:\/\/i0.wp.com\/larevistadigital.com.ar\/blog\/wp-content\/uploads\/2017\/08\/consejo_05dejulio_elfuerte.jpg?fit=737%2C415&ssl=1&resize=700%2C400 2x"},"classes":[]},{"id":41697,"url":"https:\/\/larevistadigital.com.ar\/blog\/lucio-alfonsin-la-presidencia-del-concejo-deberia-corresponder-a-fuerza-patria\/","url_meta":{"origin":41646,"position":5},"title":"Lucio Alfons\u00edn: \u00abla presidencia del Concejo deber\u00eda corresponder a Fuerza Patria\u00bb","author":"Alejandro Sosa Ruda","date":"2 octubre, 2025","format":false,"excerpt":"El concejal electo por Fuerza Patria habl\u00f3 de todo en Ataque de Radio. La presidencia del concejo, \u00a0los desaf\u00edos que se vienen, la situaci\u00f3n laboral en T\u00eda Maruca y su mirada sobre la pol\u00edtica nacional. 02 de octubre de 2025 CHASCOM\u00daS\u00a0 -\u00a0 \u00a0Lucio Alfons\u00edn, ganador de las \u00faltimas elecciones legislativas\u2026","rel":"","context":"En \u00abATAQUE DE RADIO\u00bb","block_context":{"text":"ATAQUE DE RADIO","link":"https:\/\/larevistadigital.com.ar\/blog\/category\/ataque-de-radio\/"},"img":{"alt_text":"","src":"https:\/\/i0.wp.com\/larevistadigital.com.ar\/blog\/wp-content\/uploads\/LUCIO-EN-ARHO.jpg?fit=959%2C492&ssl=1&resize=350%2C200","width":350,"height":200,"srcset":"https:\/\/i0.wp.com\/larevistadigital.com.ar\/blog\/wp-content\/uploads\/LUCIO-EN-ARHO.jpg?fit=959%2C492&ssl=1&resize=350%2C200 1x, https:\/\/i0.wp.com\/larevistadigital.com.ar\/blog\/wp-content\/uploads\/LUCIO-EN-ARHO.jpg?fit=959%2C492&ssl=1&resize=525%2C300 1.5x, https:\/\/i0.wp.com\/larevistadigital.com.ar\/blog\/wp-content\/uploads\/LUCIO-EN-ARHO.jpg?fit=959%2C492&ssl=1&resize=700%2C400 2x"},"classes":[]}],"_links":{"self":[{"href":"https:\/\/larevistadigital.com.ar\/blog\/wp-json\/wp\/v2\/posts\/41646","targetHints":{"allow":["GET"]}}],"collection":[{"href":"https:\/\/larevistadigital.com.ar\/blog\/wp-json\/wp\/v2\/posts"}],"about":[{"href":"https:\/\/larevistadigital.com.ar\/blog\/wp-json\/wp\/v2\/types\/post"}],"author":[{"embeddable":true,"href":"https:\/\/larevistadigital.com.ar\/blog\/wp-json\/wp\/v2\/users\/3"}],"replies":[{"embeddable":true,"href":"https:\/\/larevistadigital.com.ar\/blog\/wp-json\/wp\/v2\/comments?post=41646"}],"version-history":[{"count":2,"href":"https:\/\/larevistadigital.com.ar\/blog\/wp-json\/wp\/v2\/posts\/41646\/revisions"}],"predecessor-version":[{"id":41649,"href":"https:\/\/larevistadigital.com.ar\/blog\/wp-json\/wp\/v2\/posts\/41646\/revisions\/41649"}],"wp:featuredmedia":[{"embeddable":true,"href":"https:\/\/larevistadigital.com.ar\/blog\/wp-json\/wp\/v2\/media\/41647"}],"wp:attachment":[{"href":"https:\/\/larevistadigital.com.ar\/blog\/wp-json\/wp\/v2\/media?parent=41646"}],"wp:term":[{"taxonomy":"category","embeddable":true,"href":"https:\/\/larevistadigital.com.ar\/blog\/wp-json\/wp\/v2\/categories?post=41646"},{"taxonomy":"post_tag","embeddable":true,"href":"https:\/\/larevistadigital.com.ar\/blog\/wp-json\/wp\/v2\/tags?post=41646"}],"curies":[{"name":"wp","href":"https:\/\/api.w.org\/{rel}","templated":true}]}}