{"id":41650,"date":"2025-09-25T19:48:32","date_gmt":"2025-09-25T22:48:32","guid":{"rendered":"https:\/\/larevistadigital.com.ar\/blog\/?p=41650"},"modified":"2025-09-25T19:48:32","modified_gmt":"2025-09-25T22:48:32","slug":"familias-del-jardin-904-reclaman-al-consejo-escolar-por-una-obra-demorada-hace-mas-de-un-ano","status":"publish","type":"post","link":"https:\/\/larevistadigital.com.ar\/blog\/familias-del-jardin-904-reclaman-al-consejo-escolar-por-una-obra-demorada-hace-mas-de-un-ano\/","title":{"rendered":"Familias del Jard\u00edn 904 reclaman al Consejo Escolar por una obra demorada hace m\u00e1s de un a\u00f1o"},"content":{"rendered":"<h3>Piden al Consejo Escolar respuestas ante la falta de colocaci\u00f3n del nuevo piso en una de las salas. Los materiales ya fueron comprados, pero la mano de obra nunca se concret\u00f3.<\/h3>\n<p>25 de septiembre de 2025<\/p>\n<p data-start=\"534\" data-end=\"786\"><strong>CHASCOM\u00daS &#8211;\u00a0<\/strong> \u00a0Las familias del Jard\u00edn de Infantes N\u00b0 904 volvieron a expresar su malestar por la falta de avances en una obra comprometida <strong>hace m\u00e1s de un a\u00f1o<\/strong>, que consiste en la colocaci\u00f3n de un nuevo piso en una de las salas del establecimiento.<\/p>\n<blockquote>\n<h3 data-start=\"788\" data-end=\"984\">Seg\u00fan indicaron en un comunicado, los materiales necesarios para realizar la obra fueron adquiridos hace tiempo, pero todav\u00eda no se concret\u00f3 la mano de obra que deb\u00eda proveer el Consejo Escolar.<\/h3>\n<\/blockquote>\n<p data-start=\"986\" data-end=\"1232\"><em><strong>\u201cDurante todo este tiempo se han llevado adelante gestiones ante el Consejo Escolar, pero hasta la fecha no hemos recibido respuesta favorable\u201d<\/strong><\/em>, se\u00f1alaron las familias, que aseguran haber agotado las v\u00edas institucionales sin obtener resultados.<\/p>\n<blockquote>\n<h3 data-start=\"1234\" data-end=\"1393\">La demora, explicaron, ya gener\u00f3 el deterioro de parte de los materiales, almacenados en el SUM, lo que tambi\u00e9n ocasiona riesgos y limita el uso del espacio.<\/h3>\n<\/blockquote>\n<p data-start=\"1395\" data-end=\"1576\">Cansadas de esperar, <strong>las familias resolvieron retirar los materiales del jard\u00edn<\/strong>, al considerar que <strong>se hace inviable seguir aguardando una soluci\u00f3n<\/strong> que, hasta el momento, no llega.<\/p>\n","protected":false},"excerpt":{"rendered":"<div class=\"mh-excerpt\"><p>Piden al Consejo Escolar respuestas ante la falta de colocaci\u00f3n del nuevo piso en una de las salas. Los materiales ya fueron comprados, pero la mano de obra nunca se concret\u00f3. 25 de septiembre de <a class=\"mh-excerpt-more\" href=\"https:\/\/larevistadigital.com.ar\/blog\/familias-del-jardin-904-reclaman-al-consejo-escolar-por-una-obra-demorada-hace-mas-de-un-ano\/\" title=\"Familias del Jard\u00edn 904 reclaman al Consejo Escolar por una obra demorada hace m\u00e1s de un a\u00f1o\">[Leer M\u00e1s]<\/a><\/p>\n<\/div>","protected":false},"author":3,"featured_media":22293,"comment_status":"open","ping_status":"open","sticky":false,"template":"","format":"standard","meta":{"_jetpack_memberships_contains_paid_content":false,"footnotes":"","jetpack_publicize_message":"","jetpack_publicize_feature_enabled":true,"jetpack_social_post_already_shared":true,"jetpack_social_options":{"image_generator_settings":{"template":"highway","default_image_id":0,"font":"","enabled":false},"version":2}},"categories":[6,41,23],"tags":[],"class_list":{"0":"post-41650","1":"post","2":"type-post","3":"status-publish","4":"format-standard","5":"has-post-thumbnail","7":"category-chascomus","8":"category-destacadas","9":"category-politica-local"},"jetpack_publicize_connections":[],"jetpack_featured_media_url":"https:\/\/i0.wp.com\/larevistadigital.com.ar\/blog\/wp-content\/uploads\/consejo-escolar-chascomus.jpg?fit=900%2C507&ssl=1","jetpack_sharing_enabled":true,"jetpack_shortlink":"https:\/\/wp.me\/p8qtrQ-aPM","jetpack-related-posts":[{"id":5011,"url":"https:\/\/larevistadigital.com.ar\/blog\/presidente-del-consejo-escolar-brindo-detalles-del-estado-las-escuelas\/","url_meta":{"origin":41650,"position":0},"title":"EL PRESIDENTE DEL CONSEJO ESCOLAR BRIND\u00d3 DETALLES DEL ESTADO DE LAS ESCUELAS","author":"Alejandro Sosa Ruda","date":"23 febrero, 2018","format":false,"excerpt":"El presidente del Consejo Escolar de Chascom\u00fas, Lucio Alfons\u00edn dialog\u00f3 con la FM 101.5 acerca de los problemas edilicios de cara al pr\u00f3ximo inicio del ciclo lectivo 2018 En principio se lo consult\u00f3 acerca del caso de la detenci\u00f3n de las obras en la escuela industrial, a lo que respondi\u00f3\u2026","rel":"","context":"En \u00abCHASCOM\u00daS\u00bb","block_context":{"text":"CHASCOM\u00daS","link":"https:\/\/larevistadigital.com.ar\/blog\/category\/chascomus\/"},"img":{"alt_text":"","src":"https:\/\/i0.wp.com\/larevistadigital.com.ar\/blog\/wp-content\/uploads\/2018\/02\/26678422_142885509745953_7999852210241178965_o.jpg?fit=1200%2C675&ssl=1&resize=350%2C200","width":350,"height":200,"srcset":"https:\/\/i0.wp.com\/larevistadigital.com.ar\/blog\/wp-content\/uploads\/2018\/02\/26678422_142885509745953_7999852210241178965_o.jpg?fit=1200%2C675&ssl=1&resize=350%2C200 1x, https:\/\/i0.wp.com\/larevistadigital.com.ar\/blog\/wp-content\/uploads\/2018\/02\/26678422_142885509745953_7999852210241178965_o.jpg?fit=1200%2C675&ssl=1&resize=525%2C300 1.5x, https:\/\/i0.wp.com\/larevistadigital.com.ar\/blog\/wp-content\/uploads\/2018\/02\/26678422_142885509745953_7999852210241178965_o.jpg?fit=1200%2C675&ssl=1&resize=700%2C400 2x, https:\/\/i0.wp.com\/larevistadigital.com.ar\/blog\/wp-content\/uploads\/2018\/02\/26678422_142885509745953_7999852210241178965_o.jpg?fit=1200%2C675&ssl=1&resize=1050%2C600 3x"},"classes":[]},{"id":40031,"url":"https:\/\/larevistadigital.com.ar\/blog\/portal-provincial-del-agro-resalta-el-malestar-de-padres-por-la-falta-de-transporte-escolar-en-chascomus-denunciando-graves-errores-administrativos-en-el-consejo-escolar\/","url_meta":{"origin":41650,"position":1},"title":"Portal provincial del agro, resalta el malestar de padres por la falta de transporte escolar en Chascom\u00fas, denunciando graves errores administrativos en el Consejo Escolar","author":"Alejandro Sosa Ruda","date":"9 junio, 2025","format":false,"excerpt":"Se plantea como responsabilidad del Consejo Escolar de Chascom\u00fas, la falta de Transporte Escolar para las escuelas rurales. 09 de Junio de 2025 Un informe publicado en el portal AgroBonaerense puso en evidencia una situaci\u00f3n que genera creciente malestar entre muchas familias del distrito: las escuelas rurales de Chascom\u00fas est\u00e1n\u2026","rel":"","context":"En \u00abINTERES GENERAL\u00bb","block_context":{"text":"INTERES GENERAL","link":"https:\/\/larevistadigital.com.ar\/blog\/category\/interes-general\/"},"img":{"alt_text":"","src":"https:\/\/i0.wp.com\/larevistadigital.com.ar\/blog\/wp-content\/uploads\/20250609164300_471640799-1003779188458411-3580022856166445883-n.jpg?fit=880%2C512&ssl=1&resize=350%2C200","width":350,"height":200,"srcset":"https:\/\/i0.wp.com\/larevistadigital.com.ar\/blog\/wp-content\/uploads\/20250609164300_471640799-1003779188458411-3580022856166445883-n.jpg?fit=880%2C512&ssl=1&resize=350%2C200 1x, https:\/\/i0.wp.com\/larevistadigital.com.ar\/blog\/wp-content\/uploads\/20250609164300_471640799-1003779188458411-3580022856166445883-n.jpg?fit=880%2C512&ssl=1&resize=525%2C300 1.5x, https:\/\/i0.wp.com\/larevistadigital.com.ar\/blog\/wp-content\/uploads\/20250609164300_471640799-1003779188458411-3580022856166445883-n.jpg?fit=880%2C512&ssl=1&resize=700%2C400 2x"},"classes":[]},{"id":8350,"url":"https:\/\/larevistadigital.com.ar\/blog\/lezama-nueva-obra-en-el-jardin-901-se-convoca-a-constructores-por-renovacion-de-la-cubierta\/","url_meta":{"origin":41650,"position":2},"title":"LEZAMA: NUEVA OBRA EN EL JARD\u00cdN 901. SE CONVOCA A CONSTRUCTORES POR RENOVACI\u00d3N DE LA CUBIERTA","author":"Alejandro Sosa Ruda","date":"12 febrero, 2019","format":false,"excerpt":"Consejo Escolar de Lezama invita a quienes quieran participar de la Contrataci\u00f3n Directa 01\/2019, tendiente a lograr la ejecuci\u00f3n de la obra: cambio de cubierta en el edificio en uso del Jard\u00edn N\u00b0 901 de la ciudad de Lezama (calle Per\u00f3n) a retirar la documentaci\u00f3n y la correspondiente memoria t\u00e9cnica\u2026","rel":"","context":"En \u00abLEZAMA\u00bb","block_context":{"text":"LEZAMA","link":"https:\/\/larevistadigital.com.ar\/blog\/category\/lezama\/"},"img":{"alt_text":"","src":"https:\/\/i0.wp.com\/larevistadigital.com.ar\/blog\/wp-content\/uploads\/2019\/02\/52047674_1402212456638118_7925493410322972672_n.jpg?fit=960%2C641&ssl=1&resize=350%2C200","width":350,"height":200,"srcset":"https:\/\/i0.wp.com\/larevistadigital.com.ar\/blog\/wp-content\/uploads\/2019\/02\/52047674_1402212456638118_7925493410322972672_n.jpg?fit=960%2C641&ssl=1&resize=350%2C200 1x, https:\/\/i0.wp.com\/larevistadigital.com.ar\/blog\/wp-content\/uploads\/2019\/02\/52047674_1402212456638118_7925493410322972672_n.jpg?fit=960%2C641&ssl=1&resize=525%2C300 1.5x, https:\/\/i0.wp.com\/larevistadigital.com.ar\/blog\/wp-content\/uploads\/2019\/02\/52047674_1402212456638118_7925493410322972672_n.jpg?fit=960%2C641&ssl=1&resize=700%2C400 2x"},"classes":[]},{"id":26113,"url":"https:\/\/larevistadigital.com.ar\/blog\/informacion-del-consejo-escolar\/","url_meta":{"origin":41650,"position":3},"title":"INFORMACI\u00d3N DEL CONSEJO ESCOLAR","author":"Alejandro Sosa Ruda","date":"26 junio, 2022","format":false,"excerpt":"CHASCOM\u00daS -\u00a0 Los consejeros escolares de la UCR, Nicol\u00e1s Centenaro, Paula Gonz\u00e1lez y Marisa Echag\u00fce informaron que se entreg\u00f3 la obra completa de ba\u00f1os y direcci\u00f3n de la Escuela N\u00ba13. Al respecto destacaron que los trabajos cuentan con el final de obra de la empresa y la aprobaci\u00f3n t\u00e9cnica de\u2026","rel":"","context":"En \u00abCHASCOM\u00daS\u00bb","block_context":{"text":"CHASCOM\u00daS","link":"https:\/\/larevistadigital.com.ar\/blog\/category\/chascomus\/"},"img":{"alt_text":"","src":"https:\/\/i0.wp.com\/larevistadigital.com.ar\/blog\/wp-content\/uploads\/bano-escuela.png?fit=700%2C511&ssl=1&resize=350%2C200","width":350,"height":200,"srcset":"https:\/\/i0.wp.com\/larevistadigital.com.ar\/blog\/wp-content\/uploads\/bano-escuela.png?fit=700%2C511&ssl=1&resize=350%2C200 1x, https:\/\/i0.wp.com\/larevistadigital.com.ar\/blog\/wp-content\/uploads\/bano-escuela.png?fit=700%2C511&ssl=1&resize=525%2C300 1.5x, https:\/\/i0.wp.com\/larevistadigital.com.ar\/blog\/wp-content\/uploads\/bano-escuela.png?fit=700%2C511&ssl=1&resize=700%2C400 2x"},"classes":[]},{"id":1682,"url":"https:\/\/larevistadigital.com.ar\/blog\/concejales-y-autoridades-corroboraron-el-mal-estado-de-la-escuela-normal\/","url_meta":{"origin":41650,"position":4},"title":"CONCEJALES Y AUTORIDADES CORROBORARON EL MAL ESTADO DE LA ESCUELA NORMAL","author":"Alejandro Sosa Ruda","date":"28 marzo, 2017","format":false,"excerpt":"Ayer por la ma\u00f1ana, tuvo lugar una reuni\u00f3n en la Escuela Normal, donde se plante\u00f3 intentar brindar soluciones a las graves falencias edilicias del edificio de Presidente Alfons\u00edn y Artigas. Al respecto el concejal de la UCR-Cambiemos, Jorge Brucetta, fue entrevistado en el programa \"AM Show\" que conducen Alberto Morel\u2026","rel":"","context":"En \u00abCHASCOM\u00daS\u00bb","block_context":{"text":"CHASCOM\u00daS","link":"https:\/\/larevistadigital.com.ar\/blog\/category\/chascomus\/"},"img":{"alt_text":"","src":"https:\/\/i0.wp.com\/larevistadigital.com.ar\/blog\/wp-content\/uploads\/2017\/03\/bomba3.jpg?fit=960%2C720&ssl=1&resize=350%2C200","width":350,"height":200,"srcset":"https:\/\/i0.wp.com\/larevistadigital.com.ar\/blog\/wp-content\/uploads\/2017\/03\/bomba3.jpg?fit=960%2C720&ssl=1&resize=350%2C200 1x, https:\/\/i0.wp.com\/larevistadigital.com.ar\/blog\/wp-content\/uploads\/2017\/03\/bomba3.jpg?fit=960%2C720&ssl=1&resize=525%2C300 1.5x, https:\/\/i0.wp.com\/larevistadigital.com.ar\/blog\/wp-content\/uploads\/2017\/03\/bomba3.jpg?fit=960%2C720&ssl=1&resize=700%2C400 2x"},"classes":[]},{"id":10059,"url":"https:\/\/larevistadigital.com.ar\/blog\/lezama-se-realiza-el-cambio-de-cubierta-en-el-jardin-901\/","url_meta":{"origin":41650,"position":5},"title":"LEZAMA: SE REALIZA EL CAMBIO DE CUBIERTA EN EL JARD\u00cdN 901","author":"Alejandro Sosa Ruda","date":"8 mayo, 2019","format":false,"excerpt":"Confirm\u00f3 el Consejo Escolar que ya est\u00e1 en etapa de ejecuci\u00f3n la obra de cambio total de la cubierta en el edificio del Jard\u00edn de Infantes N\u00b0 901, ubicado en calle Presidente Per\u00f3n de nuestra ciudad. Dos meses atr\u00e1s, el organismo de educaci\u00f3n hab\u00eda realizado la convocatoria para cotizar la\u2026","rel":"","context":"En \u00abLEZAMA\u00bb","block_context":{"text":"LEZAMA","link":"https:\/\/larevistadigital.com.ar\/blog\/category\/lezama\/"},"img":{"alt_text":"","src":"https:\/\/i0.wp.com\/larevistadigital.com.ar\/blog\/wp-content\/uploads\/2019\/05\/59841988_1454352771424086_4813613338913144832_o.jpg?fit=1200%2C561&ssl=1&resize=350%2C200","width":350,"height":200,"srcset":"https:\/\/i0.wp.com\/larevistadigital.com.ar\/blog\/wp-content\/uploads\/2019\/05\/59841988_1454352771424086_4813613338913144832_o.jpg?fit=1200%2C561&ssl=1&resize=350%2C200 1x, https:\/\/i0.wp.com\/larevistadigital.com.ar\/blog\/wp-content\/uploads\/2019\/05\/59841988_1454352771424086_4813613338913144832_o.jpg?fit=1200%2C561&ssl=1&resize=525%2C300 1.5x, https:\/\/i0.wp.com\/larevistadigital.com.ar\/blog\/wp-content\/uploads\/2019\/05\/59841988_1454352771424086_4813613338913144832_o.jpg?fit=1200%2C561&ssl=1&resize=700%2C400 2x, https:\/\/i0.wp.com\/larevistadigital.com.ar\/blog\/wp-content\/uploads\/2019\/05\/59841988_1454352771424086_4813613338913144832_o.jpg?fit=1200%2C561&ssl=1&resize=1050%2C600 3x"},"classes":[]}],"_links":{"self":[{"href":"https:\/\/larevistadigital.com.ar\/blog\/wp-json\/wp\/v2\/posts\/41650","targetHints":{"allow":["GET"]}}],"collection":[{"href":"https:\/\/larevistadigital.com.ar\/blog\/wp-json\/wp\/v2\/posts"}],"about":[{"href":"https:\/\/larevistadigital.com.ar\/blog\/wp-json\/wp\/v2\/types\/post"}],"author":[{"embeddable":true,"href":"https:\/\/larevistadigital.com.ar\/blog\/wp-json\/wp\/v2\/users\/3"}],"replies":[{"embeddable":true,"href":"https:\/\/larevistadigital.com.ar\/blog\/wp-json\/wp\/v2\/comments?post=41650"}],"version-history":[{"count":1,"href":"https:\/\/larevistadigital.com.ar\/blog\/wp-json\/wp\/v2\/posts\/41650\/revisions"}],"predecessor-version":[{"id":41651,"href":"https:\/\/larevistadigital.com.ar\/blog\/wp-json\/wp\/v2\/posts\/41650\/revisions\/41651"}],"wp:featuredmedia":[{"embeddable":true,"href":"https:\/\/larevistadigital.com.ar\/blog\/wp-json\/wp\/v2\/media\/22293"}],"wp:attachment":[{"href":"https:\/\/larevistadigital.com.ar\/blog\/wp-json\/wp\/v2\/media?parent=41650"}],"wp:term":[{"taxonomy":"category","embeddable":true,"href":"https:\/\/larevistadigital.com.ar\/blog\/wp-json\/wp\/v2\/categories?post=41650"},{"taxonomy":"post_tag","embeddable":true,"href":"https:\/\/larevistadigital.com.ar\/blog\/wp-json\/wp\/v2\/tags?post=41650"}],"curies":[{"name":"wp","href":"https:\/\/api.w.org\/{rel}","templated":true}]}}