{"id":41846,"date":"2025-10-08T23:32:11","date_gmt":"2025-10-09T02:32:11","guid":{"rendered":"https:\/\/larevistadigital.com.ar\/blog\/?p=41846"},"modified":"2025-10-08T23:32:11","modified_gmt":"2025-10-09T02:32:11","slug":"robaron-un-buque-con-contenedores-mientras-navegaba-por-el-parana","status":"publish","type":"post","link":"https:\/\/larevistadigital.com.ar\/blog\/robaron-un-buque-con-contenedores-mientras-navegaba-por-el-parana\/","title":{"rendered":"Robaron un buque con contenedores mientras navegaba por el Paran\u00e1"},"content":{"rendered":"<h3 class=\"fparrafo ctext fz18 lh25\">Un nuevo hecho de inseguridad fluvial volvi\u00f3 a encender las alarmas en la hidrov\u00eda Paraguay\u2013Paran\u00e1. Durante la madrugada del 1 de octubre, el buque motor \u201cROSA\u201d, de bandera paraguaya y perteneciente a la empresa Naviship Paraguay S.A., fue abordado y asaltado mientras transitaba el r\u00edo Paran\u00e1, a la altura del kil\u00f3metro 340, en jurisdicci\u00f3n de San Nicol\u00e1s.<\/h3>\n<p>08 de Octubre de 2025<\/p>\n<p class=\"selectionShareable\">La embarcaci\u00f3n, que transportaba 2.628 toneladas de carga en contenedores desde el Puerto de Buenos Aires hacia Asunci\u00f3n, fue atacada alrededor de las 3:15 de la madrugada.<\/p>\n<p class=\"selectionShareable\"><b>La Plata, 07 Oct (Por InfoGEI).-<\/b>La embarcaci\u00f3n, que transportaba 2.628 toneladas de carga en contenedores desde el Puerto de Buenos Aires hacia Asunci\u00f3n, fue atacada alrededor de las 3:15 de la madrugada.<\/p>\n<p class=\"selectionShareable\">Seg\u00fan reporta el medio local, Cosa Cierta,<b>\u00a0<\/b>el marinero de guardia, Mat\u00edas David Pi\u00f1\u00e1nez Serv\u00edn, detect\u00f3 la presencia de intrusos a bordo durante una ronda de control. Al ser descubiertos, los delincuentes se arrojaron al agua y escaparon en una lancha roja y amarilla que estaba amarrada por la banda de estribor del buque.<\/p>\n<p class=\"selectionShareable\">Tras una inspecci\u00f3n interna, la tripulaci\u00f3n constat\u00f3 el robo de una motobomba y otros elementos menores. No se registraron heridos, aunque el incidente gener\u00f3 gran preocupaci\u00f3n entre los tripulantes y evidenci\u00f3 la falta de seguridad en la navegaci\u00f3n nocturna de esa zona del Paran\u00e1.<\/p>\n<p class=\"selectionShareable\">La Prefectura Naval Argentina \u2013 Delegaci\u00f3n San Nicol\u00e1s intervino inmediatamente tras la notificaci\u00f3n del baqueano Juan Fleitas al Centro de Control de Tr\u00e1fico (L6G). Pese al operativo de patrullaje, no se logr\u00f3 localizar la embarcaci\u00f3n utilizada por los asaltantes.<\/p>\n<p class=\"selectionShareable\"><b>Inspecci\u00f3n del barco<\/b><\/p>\n<p class=\"selectionShareable\">Posteriormente, se llev\u00f3 a cabo una inspecci\u00f3n del BM \u201cROSA\u201d (matr\u00edcula 3895-BM, de 110,70 metros de eslora) y se inici\u00f3 una investigaci\u00f3n judicial por \u201cdelito de acci\u00f3n p\u00fablica\u201d, bajo la \u00f3rbita del fiscal federal Gustavo Parigini.<\/p>\n<p class=\"selectionShareable\"><b>Falta de control<\/b><\/p>\n<p class=\"selectionShareable\">Este nuevo episodio vuelve a poner sobre la mesa la falta de control en la hidrov\u00eda, un corredor estrat\u00e9gico para el comercio exterior del Cono Sur. Desde el \u00e1mbito naviero insisten en la necesidad de intensificar los patrullajes y la cooperaci\u00f3n entre Argentina y Paraguay para evitar hechos similares, recordando que la inseguridad no solo afecta al sector econ\u00f3mico, sino tambi\u00e9n a la integridad de las tripulaciones que operan a diario sobre el r\u00edo.\u00a0<b>(InfoGEI)Ac<\/b><\/p>\n","protected":false},"excerpt":{"rendered":"<div class=\"mh-excerpt\"><p>Un nuevo hecho de inseguridad fluvial volvi\u00f3 a encender las alarmas en la hidrov\u00eda Paraguay\u2013Paran\u00e1. Durante la madrugada del 1 de octubre, el buque motor \u201cROSA\u201d, de bandera paraguaya y perteneciente a la empresa Naviship <a class=\"mh-excerpt-more\" href=\"https:\/\/larevistadigital.com.ar\/blog\/robaron-un-buque-con-contenedores-mientras-navegaba-por-el-parana\/\" title=\"Robaron un buque con contenedores mientras navegaba por el Paran\u00e1\">[Leer M\u00e1s]<\/a><\/p>\n<\/div>","protected":false},"author":3,"featured_media":41847,"comment_status":"open","ping_status":"open","sticky":false,"template":"","format":"standard","meta":{"_jetpack_memberships_contains_paid_content":false,"footnotes":"","jetpack_publicize_message":"","jetpack_publicize_feature_enabled":true,"jetpack_social_post_already_shared":true,"jetpack_social_options":{"image_generator_settings":{"template":"highway","default_image_id":0,"font":"","enabled":false},"version":2}},"categories":[44,51],"tags":[],"class_list":{"0":"post-41846","1":"post","2":"type-post","3":"status-publish","4":"format-standard","5":"has-post-thumbnail","7":"category-policiales","8":"category-regionales"},"jetpack_publicize_connections":[],"jetpack_featured_media_url":"https:\/\/i0.wp.com\/larevistadigital.com.ar\/blog\/wp-content\/uploads\/20251007185925_abordaron-robaron-buque-san-nicolas.jpg?fit=880%2C512&ssl=1","jetpack_sharing_enabled":true,"jetpack_shortlink":"https:\/\/wp.me\/p8qtrQ-aSW","jetpack-related-posts":[{"id":46140,"url":"https:\/\/larevistadigital.com.ar\/blog\/cinco-pescadores-desaparecidos-en-el-rio-de-la-plata-intenso-operativo-de-busqueda-entre-buenos-aires-y-la-plata\/","url_meta":{"origin":41846,"position":0},"title":"Cinco pescadores desaparecidos en el R\u00edo de la Plata: intenso operativo de b\u00fasqueda entre Buenos Aires y La Plata","author":"Alejandro Sosa Ruda","date":"15 junio, 2026","format":false,"excerpt":"La embarcaci\u00f3n \"Chamigo-Ho\" sali\u00f3 el domingo desde Hudson para una jornada de pesca deportiva y nunca regres\u00f3. Prefectura Naval despleg\u00f3 medios terrestres, n\u00e1uticos y a\u00e9reos para intentar localizar a los tripulantes. 15 de Junio de 2026 Momentos de profunda preocupaci\u00f3n viven familiares y allegados de cinco pescadores que permanecen desaparecidos\u2026","rel":"","context":"En \u00abPOLICIALES\u00bb","block_context":{"text":"POLICIALES","link":"https:\/\/larevistadigital.com.ar\/blog\/category\/policiales\/"},"img":{"alt_text":"","src":"https:\/\/i0.wp.com\/larevistadigital.com.ar\/blog\/wp-content\/uploads\/Captura-de-pantalla-2026-06-15-155609.jpg?fit=855%2C512&ssl=1&resize=350%2C200","width":350,"height":200,"srcset":"https:\/\/i0.wp.com\/larevistadigital.com.ar\/blog\/wp-content\/uploads\/Captura-de-pantalla-2026-06-15-155609.jpg?fit=855%2C512&ssl=1&resize=350%2C200 1x, https:\/\/i0.wp.com\/larevistadigital.com.ar\/blog\/wp-content\/uploads\/Captura-de-pantalla-2026-06-15-155609.jpg?fit=855%2C512&ssl=1&resize=525%2C300 1.5x, https:\/\/i0.wp.com\/larevistadigital.com.ar\/blog\/wp-content\/uploads\/Captura-de-pantalla-2026-06-15-155609.jpg?fit=855%2C512&ssl=1&resize=700%2C400 2x"},"classes":[]},{"id":36396,"url":"https:\/\/larevistadigital.com.ar\/blog\/impactante-vuelco-de-un-camion-en-la-ruta\/","url_meta":{"origin":41846,"position":1},"title":"IMPACTANTE VUELCO DE UN CAMI\u00d3N EN LA RUTA","author":"Alejandro Sosa Ruda","date":"21 junio, 2024","format":false,"excerpt":"Sucedi\u00f3 hoy, y fue realmente violento. Transportaba cebollas hacia Mar del Plata. 21 de Junio de 2024 BUENOS AIRES -\u00a0 El accidente, ocurri\u00f3 en el kil\u00f3metro 632 de la ruta 3, jurisdicci\u00f3n de Coronel Dorrego, se produjo el vuelco de un cami\u00f3n que transportaba cebollas desde Mayor Buratovich con destino\u2026","rel":"","context":"En \u00abPOLICIALES\u00bb","block_context":{"text":"POLICIALES","link":"https:\/\/larevistadigital.com.ar\/blog\/category\/policiales\/"},"img":{"alt_text":"","src":"https:\/\/i0.wp.com\/larevistadigital.com.ar\/blog\/wp-content\/uploads\/448802050_885210823644051_4827700571129504572_n.jpg?fit=1200%2C900&ssl=1&resize=350%2C200","width":350,"height":200,"srcset":"https:\/\/i0.wp.com\/larevistadigital.com.ar\/blog\/wp-content\/uploads\/448802050_885210823644051_4827700571129504572_n.jpg?fit=1200%2C900&ssl=1&resize=350%2C200 1x, https:\/\/i0.wp.com\/larevistadigital.com.ar\/blog\/wp-content\/uploads\/448802050_885210823644051_4827700571129504572_n.jpg?fit=1200%2C900&ssl=1&resize=525%2C300 1.5x, https:\/\/i0.wp.com\/larevistadigital.com.ar\/blog\/wp-content\/uploads\/448802050_885210823644051_4827700571129504572_n.jpg?fit=1200%2C900&ssl=1&resize=700%2C400 2x, https:\/\/i0.wp.com\/larevistadigital.com.ar\/blog\/wp-content\/uploads\/448802050_885210823644051_4827700571129504572_n.jpg?fit=1200%2C900&ssl=1&resize=1050%2C600 3x"},"classes":[]},{"id":46956,"url":"https:\/\/larevistadigital.com.ar\/blog\/choque-en-la-ruta-226-dos-camiones-colisionaron-y-un-auto-termino-volcado\/","url_meta":{"origin":41846,"position":2},"title":"Choque en la Ruta 226: dos camiones colisionaron y un auto termin\u00f3 volcado","author":"Alejandro Sosa Ruda","date":"17 agosto, 2026","format":false,"excerpt":"El siniestro ocurri\u00f3 durante la madrugada, a la altura del kil\u00f3metro 14, cerca del ingreso al Museo Jos\u00e9 Hern\u00e1ndez. Los conductores de ambos transportes resultaron ilesos. 17 de agosto de 2026 BUENOS AIRES\u00a0 -\u00a0 \u00a0Un importante accidente se registr\u00f3 durante la madrugada de este lunes en la Ruta 226, donde\u2026","rel":"","context":"En \u00abPOLICIALES\u00bb","block_context":{"text":"POLICIALES","link":"https:\/\/larevistadigital.com.ar\/blog\/category\/policiales\/"},"img":{"alt_text":"","src":"https:\/\/i0.wp.com\/larevistadigital.com.ar\/blog\/wp-content\/uploads\/Captura-de-pantalla-2026-08-17-123953.jpg?fit=796%2C446&ssl=1&resize=350%2C200","width":350,"height":200,"srcset":"https:\/\/i0.wp.com\/larevistadigital.com.ar\/blog\/wp-content\/uploads\/Captura-de-pantalla-2026-08-17-123953.jpg?fit=796%2C446&ssl=1&resize=350%2C200 1x, https:\/\/i0.wp.com\/larevistadigital.com.ar\/blog\/wp-content\/uploads\/Captura-de-pantalla-2026-08-17-123953.jpg?fit=796%2C446&ssl=1&resize=525%2C300 1.5x, https:\/\/i0.wp.com\/larevistadigital.com.ar\/blog\/wp-content\/uploads\/Captura-de-pantalla-2026-08-17-123953.jpg?fit=796%2C446&ssl=1&resize=700%2C400 2x"},"classes":[]},{"id":33770,"url":"https:\/\/larevistadigital.com.ar\/blog\/hallan-200-kg-de-cocaina-en-un-barco-que-zarpo-de-quequen-a-australia\/","url_meta":{"origin":41846,"position":3},"title":"HALLAN 200 KG. DE COCA\u00cdNA EN UN BARCO QUE ZARP\u00d3 DE QUEQU\u00c9N A AUSTRALIA","author":"Alejandro Sosa Ruda","date":"4 octubre, 2023","format":false,"excerpt":"Se trata de un buque aceitero. Descubrieron el cargamento escondido en el casco, un lugar de dif\u00edcil acceso. 04 de Octubre de 2023 El barco\u00a0Chemstar Sapphire, procedente de Necochea, fue detenido en el Puerto de Melbourne, encontrando 200 kilogramos de coca\u00edna\u00a0en un compartimento del casco, con un valor estimado en\u2026","rel":"","context":"En \u00abINTERES GENERAL\u00bb","block_context":{"text":"INTERES GENERAL","link":"https:\/\/larevistadigital.com.ar\/blog\/category\/interes-general\/"},"img":{"alt_text":"","src":"https:\/\/i0.wp.com\/larevistadigital.com.ar\/blog\/wp-content\/uploads\/Captura-de-pantalla-2023-10-04-011621.png?fit=1048%2C509&ssl=1&resize=350%2C200","width":350,"height":200,"srcset":"https:\/\/i0.wp.com\/larevistadigital.com.ar\/blog\/wp-content\/uploads\/Captura-de-pantalla-2023-10-04-011621.png?fit=1048%2C509&ssl=1&resize=350%2C200 1x, https:\/\/i0.wp.com\/larevistadigital.com.ar\/blog\/wp-content\/uploads\/Captura-de-pantalla-2023-10-04-011621.png?fit=1048%2C509&ssl=1&resize=525%2C300 1.5x, https:\/\/i0.wp.com\/larevistadigital.com.ar\/blog\/wp-content\/uploads\/Captura-de-pantalla-2023-10-04-011621.png?fit=1048%2C509&ssl=1&resize=700%2C400 2x"},"classes":[]},{"id":37381,"url":"https:\/\/larevistadigital.com.ar\/blog\/invitado-especialmente-kicillof-viajo-a-mexico-para-participar-de-la-asuncion-de-claudia-sheinbaum\/","url_meta":{"origin":41846,"position":4},"title":"Invitado especialmente: Kicillof viaj\u00f3 a M\u00e9xico para participar de la asunci\u00f3n de Claudia Sheinbaum","author":"Alejandro Sosa Ruda","date":"1 octubre, 2024","format":false,"excerpt":"El gobernador de Buenos Aires, Axel Kicillof, estar\u00e1 presente este martes 1 de octubre en la ceremonia de asunci\u00f3n de Claudia Sheinbaum, quien se convertir\u00e1 en la primera mujer en asumir la presidencia de M\u00e9xico. 01 de Octubre de 2024 Seg\u00fan fuentes del Palacio de la calle 6 en La\u2026","rel":"","context":"En \u00abDESTACADAS\u00bb","block_context":{"text":"DESTACADAS","link":"https:\/\/larevistadigital.com.ar\/blog\/category\/destacadas\/"},"img":{"alt_text":"","src":"https:\/\/i0.wp.com\/larevistadigital.com.ar\/blog\/wp-content\/uploads\/20240930185930_claudia-sheinbaum.jpg?fit=880%2C512&ssl=1&resize=350%2C200","width":350,"height":200,"srcset":"https:\/\/i0.wp.com\/larevistadigital.com.ar\/blog\/wp-content\/uploads\/20240930185930_claudia-sheinbaum.jpg?fit=880%2C512&ssl=1&resize=350%2C200 1x, https:\/\/i0.wp.com\/larevistadigital.com.ar\/blog\/wp-content\/uploads\/20240930185930_claudia-sheinbaum.jpg?fit=880%2C512&ssl=1&resize=525%2C300 1.5x, https:\/\/i0.wp.com\/larevistadigital.com.ar\/blog\/wp-content\/uploads\/20240930185930_claudia-sheinbaum.jpg?fit=880%2C512&ssl=1&resize=700%2C400 2x"},"classes":[]},{"id":34301,"url":"https:\/\/larevistadigital.com.ar\/blog\/impactante-choque-en-autopista-campora-volco-un-camion-y-murio-el-chofer\/","url_meta":{"origin":41846,"position":5},"title":"IMPACTANTE CHOQUE EN AUTOPISTA C\u00c1MPORA: VOLC\u00d3 UN CAMI\u00d3N Y MURI\u00d3 EL CHOFER","author":"Alejandro Sosa Ruda","date":"31 octubre, 2023","format":false,"excerpt":"El conductor muri\u00f3 luego de perder el control del veh\u00edculo de transporte de carga, chocar contra un poste y volcar en la autov\u00eda. 31 de Octubre de 2023 Un camionero muri\u00f3 en la madrugada de este mi\u00e9rcoles luego de perder el control del veh\u00edculo de carga que conduc\u00eda, chocar contra\u2026","rel":"","context":"En \u00abINTERES GENERAL\u00bb","block_context":{"text":"INTERES GENERAL","link":"https:\/\/larevistadigital.com.ar\/blog\/category\/interes-general\/"},"img":{"alt_text":"","src":"https:\/\/i0.wp.com\/larevistadigital.com.ar\/blog\/wp-content\/uploads\/Captura-de-pantalla-2023-10-31-163301.png?fit=602%2C359&ssl=1&resize=350%2C200","width":350,"height":200,"srcset":"https:\/\/i0.wp.com\/larevistadigital.com.ar\/blog\/wp-content\/uploads\/Captura-de-pantalla-2023-10-31-163301.png?fit=602%2C359&ssl=1&resize=350%2C200 1x, https:\/\/i0.wp.com\/larevistadigital.com.ar\/blog\/wp-content\/uploads\/Captura-de-pantalla-2023-10-31-163301.png?fit=602%2C359&ssl=1&resize=525%2C300 1.5x"},"classes":[]}],"_links":{"self":[{"href":"https:\/\/larevistadigital.com.ar\/blog\/wp-json\/wp\/v2\/posts\/41846","targetHints":{"allow":["GET"]}}],"collection":[{"href":"https:\/\/larevistadigital.com.ar\/blog\/wp-json\/wp\/v2\/posts"}],"about":[{"href":"https:\/\/larevistadigital.com.ar\/blog\/wp-json\/wp\/v2\/types\/post"}],"author":[{"embeddable":true,"href":"https:\/\/larevistadigital.com.ar\/blog\/wp-json\/wp\/v2\/users\/3"}],"replies":[{"embeddable":true,"href":"https:\/\/larevistadigital.com.ar\/blog\/wp-json\/wp\/v2\/comments?post=41846"}],"version-history":[{"count":1,"href":"https:\/\/larevistadigital.com.ar\/blog\/wp-json\/wp\/v2\/posts\/41846\/revisions"}],"predecessor-version":[{"id":41848,"href":"https:\/\/larevistadigital.com.ar\/blog\/wp-json\/wp\/v2\/posts\/41846\/revisions\/41848"}],"wp:featuredmedia":[{"embeddable":true,"href":"https:\/\/larevistadigital.com.ar\/blog\/wp-json\/wp\/v2\/media\/41847"}],"wp:attachment":[{"href":"https:\/\/larevistadigital.com.ar\/blog\/wp-json\/wp\/v2\/media?parent=41846"}],"wp:term":[{"taxonomy":"category","embeddable":true,"href":"https:\/\/larevistadigital.com.ar\/blog\/wp-json\/wp\/v2\/categories?post=41846"},{"taxonomy":"post_tag","embeddable":true,"href":"https:\/\/larevistadigital.com.ar\/blog\/wp-json\/wp\/v2\/tags?post=41846"}],"curies":[{"name":"wp","href":"https:\/\/api.w.org\/{rel}","templated":true}]}}