{"id":41954,"date":"2025-10-14T18:03:59","date_gmt":"2025-10-14T21:03:59","guid":{"rendered":"https:\/\/larevistadigital.com.ar\/blog\/?p=41954"},"modified":"2025-10-14T18:03:59","modified_gmt":"2025-10-14T21:03:59","slug":"chascomus-presentacion-de-la-diplomatura-democracia-y-parlamento-futuro","status":"publish","type":"post","link":"https:\/\/larevistadigital.com.ar\/blog\/chascomus-presentacion-de-la-diplomatura-democracia-y-parlamento-futuro\/","title":{"rendered":"Chascom\u00fas: Presentaci\u00f3n de la Diplomatura Democracia y Parlamento Futuro"},"content":{"rendered":"<h3 class=\"excerpt\">Apunta a rescatar las virtudes del sistema democr\u00e1tico y reafirmar su vigencia como modelo capaz de consolidar instituciones p\u00fablicas y organizaciones de la sociedad civil.<\/h3>\n<p>14 de Octubre de 2025<\/p>\n<div id=\"miDiv1\" class=\"text\">\n<p><strong>CHASCOM\u00daS &#8211;<\/strong>\u00a0 \u00a0En el marco del programa \u201cChascom\u00fas Km 0 de la Democracia\u201d, este mi\u00e9rcoles se presentar\u00e1 la Diplomatura en Democracia y Parlamento Futuro, desde las 11 horas, en las instalaciones de La F\u00e1brica, invit\u00e1ndose a la comunidad a formar parte de la misma.<\/p>\n<p>Contar\u00e1 con la participaci\u00f3n de Christian Gonzalo Asinelli, vicepresidente del Banco de Desarrollo de Am\u00e9rica Latina y el Caribe (CAF); Carlos Alberto \u201cCarli\u201d Bianco, ministro de Gobierno de la Provincia de Buenos Aires; y M\u00f3nica Litza, docente de la Universidad de San Mart\u00edn; quienes ser\u00e1n recibidos por el Intendente Javier Gast\u00f3n.<\/p>\n<blockquote>\n<h3>La diplomatura es una instancia de formaci\u00f3n que busca fortalecer el compromiso ciudadano con los valores democr\u00e1ticos y brindar herramientas te\u00f3ricas y pr\u00e1cticas para comprender los procesos pol\u00edticos en Argentina e Iberoam\u00e9rica.<\/h3>\n<\/blockquote>\n<p>La capacitaci\u00f3n se dicta de manera virtual desde el pasado mes de septiembre, con una duraci\u00f3n de diez clases.<\/p>\n<p>Es impulsada por el Ministerio de Gobierno de la Provincia de Buenos Aires, a trav\u00e9s de su Escuela de Gobierno, en conjunto con el Banco de Desarrollo de Am\u00e9rica Latina y el Caribe (CAF), la Universidad Nacional de San Mart\u00edn, el Instituto de Investigaci\u00f3n y Educaci\u00f3n Econ\u00f3mica I+E y la Municipalidad de Chascom\u00fas.<\/p>\n<blockquote>\n<h3>El objetivo central es promover la formaci\u00f3n de gestores p\u00fablicos y fortalecer el debate democr\u00e1tico, en un contexto internacional atravesado por la crisis de representaci\u00f3n.<\/h3>\n<\/blockquote>\n<p>Esta diplomatura constituye uno de los hitos de la primera etapa del programa \u201cChascom\u00fas Km 0 de la Democracia\u201d, que, adem\u00e1s, contempla la creaci\u00f3n de un Museo de la Democracia Ra\u00fal Alfons\u00edn, en formato virtual y presencial, un Archivo Municipal de la Memoria y un Espacio Multicultural destinado al intercambio de j\u00f3venes de todo el mundo.<\/p>\n<\/div>\n","protected":false},"excerpt":{"rendered":"<div class=\"mh-excerpt\"><p>Apunta a rescatar las virtudes del sistema democr\u00e1tico y reafirmar su vigencia como modelo capaz de consolidar instituciones p\u00fablicas y organizaciones de la sociedad civil. 14 de Octubre de 2025 CHASCOM\u00daS &#8211;\u00a0 \u00a0En el marco <a class=\"mh-excerpt-more\" href=\"https:\/\/larevistadigital.com.ar\/blog\/chascomus-presentacion-de-la-diplomatura-democracia-y-parlamento-futuro\/\" title=\"Chascom\u00fas: Presentaci\u00f3n de la Diplomatura Democracia y Parlamento Futuro\">[Leer M\u00e1s]<\/a><\/p>\n<\/div>","protected":false},"author":3,"featured_media":41955,"comment_status":"open","ping_status":"open","sticky":false,"template":"","format":"standard","meta":{"_jetpack_memberships_contains_paid_content":false,"footnotes":"","jetpack_publicize_message":"","jetpack_publicize_feature_enabled":true,"jetpack_social_post_already_shared":true,"jetpack_social_options":{"image_generator_settings":{"template":"highway","default_image_id":0,"font":"","enabled":false},"version":2}},"categories":[6,50],"tags":[],"class_list":{"0":"post-41954","1":"post","2":"type-post","3":"status-publish","4":"format-standard","5":"has-post-thumbnail","7":"category-chascomus","8":"category-interes-general"},"jetpack_publicize_connections":[],"jetpack_featured_media_url":"https:\/\/i0.wp.com\/larevistadigital.com.ar\/blog\/wp-content\/uploads\/68ee8eefa94a4.png?fit=668%2C445&ssl=1","jetpack_sharing_enabled":true,"jetpack_shortlink":"https:\/\/wp.me\/p8qtrQ-aUG","jetpack-related-posts":[{"id":42029,"url":"https:\/\/larevistadigital.com.ar\/blog\/chascomus-lanzamiento-de-la-diplomatura-democracia-y-parlamento-futuro\/","url_meta":{"origin":41954,"position":0},"title":"Chascom\u00fas: Lanzamiento de la diplomatura \u201cDemocracia y Parlamento Futuro\u201d","author":"Alejandro Sosa Ruda","date":"16 octubre, 2025","format":false,"excerpt":"La formaci\u00f3n que se realiza en el marco del programa \u201cChascom\u00fas Km 0 de la Democracia\u201d, se dicta de forma virtual y tiene 500 inscriptos de todo el pa\u00eds. 16 de Octubre de 2025 CHASCOM\u00daS -\u00a0 \u00a0El ministro de Gobierno bonaerense, Carlos Bianco, el intendente Javier Gast\u00f3n y el vicepresidente\u2026","rel":"","context":"En \u00abCHASCOM\u00daS\u00bb","block_context":{"text":"CHASCOM\u00daS","link":"https:\/\/larevistadigital.com.ar\/blog\/category\/chascomus\/"},"img":{"alt_text":"","src":"https:\/\/i0.wp.com\/larevistadigital.com.ar\/blog\/wp-content\/uploads\/68f12bebd967f.png?fit=668%2C445&ssl=1&resize=350%2C200","width":350,"height":200,"srcset":"https:\/\/i0.wp.com\/larevistadigital.com.ar\/blog\/wp-content\/uploads\/68f12bebd967f.png?fit=668%2C445&ssl=1&resize=350%2C200 1x, https:\/\/i0.wp.com\/larevistadigital.com.ar\/blog\/wp-content\/uploads\/68f12bebd967f.png?fit=668%2C445&ssl=1&resize=525%2C300 1.5x"},"classes":[]},{"id":38983,"url":"https:\/\/larevistadigital.com.ar\/blog\/convenio-entre-la-universidad-nacional-de-mar-del-plata-y-la-municipalidad-de-chascomus\/","url_meta":{"origin":41954,"position":1},"title":"Convenio entre la Universidad Nacional de Mar del Plata y la Municipalidad de Chascom\u00fas","author":"Alejandro Sosa Ruda","date":"13 marzo, 2025","format":false,"excerpt":"El acuerdo busca promover actividades acad\u00e9micas y de investigaci\u00f3n en el marco del programa Chascom\u00fas Km 0 de la Democracia. 14 de Marzo de 2025 CHASCOM\u00daS -\u00a0 El intendente Javier Gast\u00f3n y el rector de la Universidad Nacional de Mar del Plata, Alfredo Lazzeretti, firmaron un convenio de cooperaci\u00f3n entre\u2026","rel":"","context":"En \u00abCHASCOM\u00daS\u00bb","block_context":{"text":"CHASCOM\u00daS","link":"https:\/\/larevistadigital.com.ar\/blog\/category\/chascomus\/"},"img":{"alt_text":"","src":"https:\/\/i0.wp.com\/larevistadigital.com.ar\/blog\/wp-content\/uploads\/67d4637c2359e.png?fit=668%2C445&ssl=1&resize=350%2C200","width":350,"height":200,"srcset":"https:\/\/i0.wp.com\/larevistadigital.com.ar\/blog\/wp-content\/uploads\/67d4637c2359e.png?fit=668%2C445&ssl=1&resize=350%2C200 1x, https:\/\/i0.wp.com\/larevistadigital.com.ar\/blog\/wp-content\/uploads\/67d4637c2359e.png?fit=668%2C445&ssl=1&resize=525%2C300 1.5x"},"classes":[]},{"id":37849,"url":"https:\/\/larevistadigital.com.ar\/blog\/el-intendente-de-chascomus-firmo-un-convenio-de-cooperacion-con-la-organizacion-de-estados-iberoamericanos\/","url_meta":{"origin":41954,"position":2},"title":"El intendente de Chascom\u00fas, firm\u00f3 un convenio de cooperaci\u00f3n con la Organizaci\u00f3n de Estados Iberoamericanos","author":"Alejandro Sosa Ruda","date":"12 noviembre, 2024","format":false,"excerpt":"Ser\u00e1 una gran posibilidad para nuestra ciudad de promover proyectos de distintos \u00edndole, poniendo el acento en el \u201cChascom\u00fas, Km 0 de la Democracia\u201d 12 de Noviembre de CHASCOM\u00daS -\u00a0 El intendente Javier Gast\u00f3n firm\u00f3 el convenio marco de cooperaci\u00f3n con la Organizaci\u00f3n de Estados Iberoamericanos (OEI), el organismo internacional\u2026","rel":"","context":"En \u00abSin categor\u00eda\u00bb","block_context":{"text":"Sin categor\u00eda","link":"https:\/\/larevistadigital.com.ar\/blog\/category\/sin-categoria\/"},"img":{"alt_text":"","src":"https:\/\/i0.wp.com\/larevistadigital.com.ar\/blog\/wp-content\/uploads\/67337f68c8772.png?fit=668%2C445&ssl=1&resize=350%2C200","width":350,"height":200,"srcset":"https:\/\/i0.wp.com\/larevistadigital.com.ar\/blog\/wp-content\/uploads\/67337f68c8772.png?fit=668%2C445&ssl=1&resize=350%2C200 1x, https:\/\/i0.wp.com\/larevistadigital.com.ar\/blog\/wp-content\/uploads\/67337f68c8772.png?fit=668%2C445&ssl=1&resize=525%2C300 1.5x"},"classes":[]},{"id":38188,"url":"https:\/\/larevistadigital.com.ar\/blog\/javier-gaston-presento-en-lalin-el-proyecto-chascomus-km0-de-la-democracia\/","url_meta":{"origin":41954,"position":3},"title":"Javier Gast\u00f3n present\u00f3 en Lal\u00edn el proyecto \u201cChascom\u00fas KM0 de la Democracia\u201d","author":"Alejandro Sosa Ruda","date":"9 diciembre, 2024","format":false,"excerpt":"En el Concejo de la ciudad gallega, brind\u00f3 detalles de la iniciativa que busca destacar el legado de Ra\u00fal Alfons\u00edn y fortalecer los valores democr\u00e1ticos. 09 de diciembre de 2024 CHASCOM\u00daS -\u00a0 \u00a0El intendente Javier Gast\u00f3n inici\u00f3 su viaje oficial a Europa con una agenda enfocada en promover los valores\u2026","rel":"","context":"En \u00abCHASCOM\u00daS\u00bb","block_context":{"text":"CHASCOM\u00daS","link":"https:\/\/larevistadigital.com.ar\/blog\/category\/chascomus\/"},"img":{"alt_text":"","src":"https:\/\/i0.wp.com\/larevistadigital.com.ar\/blog\/wp-content\/uploads\/67572cf2a6226.png?fit=668%2C445&ssl=1&resize=350%2C200","width":350,"height":200,"srcset":"https:\/\/i0.wp.com\/larevistadigital.com.ar\/blog\/wp-content\/uploads\/67572cf2a6226.png?fit=668%2C445&ssl=1&resize=350%2C200 1x, https:\/\/i0.wp.com\/larevistadigital.com.ar\/blog\/wp-content\/uploads\/67572cf2a6226.png?fit=668%2C445&ssl=1&resize=525%2C300 1.5x"},"classes":[]},{"id":42806,"url":"https:\/\/larevistadigital.com.ar\/blog\/10-de-diciembre-dia-de-la-restauracion-de-la-democracia\/","url_meta":{"origin":41954,"position":4},"title":"10 de diciembre: D\u00eda de la Restauraci\u00f3n de la Democracia","author":"Alejandro Sosa Ruda","date":"10 diciembre, 2025","format":false,"excerpt":"Desde Chascom\u00fas Km0 de la Democracia, la tierra de Ra\u00fal Alfons\u00edn, honramos su legado y renovamos cada d\u00eda la construcci\u00f3n de una sociedad m\u00e1s justa, plural y solidaria. 10 de Diciembre de 2025 CHASCOM\u00daS -\u00a0 \u00a0Hoy es un d\u00eda muy importante, conmemoramos el D\u00eda de la Restauraci\u00f3n de la Democracia\u2026","rel":"","context":"En \u00abCHASCOM\u00daS\u00bb","block_context":{"text":"CHASCOM\u00daS","link":"https:\/\/larevistadigital.com.ar\/blog\/category\/chascomus\/"},"img":{"alt_text":"","src":"https:\/\/i0.wp.com\/larevistadigital.com.ar\/blog\/wp-content\/uploads\/6939b58701d5d.png?fit=668%2C445&ssl=1&resize=350%2C200","width":350,"height":200,"srcset":"https:\/\/i0.wp.com\/larevistadigital.com.ar\/blog\/wp-content\/uploads\/6939b58701d5d.png?fit=668%2C445&ssl=1&resize=350%2C200 1x, https:\/\/i0.wp.com\/larevistadigital.com.ar\/blog\/wp-content\/uploads\/6939b58701d5d.png?fit=668%2C445&ssl=1&resize=525%2C300 1.5x"},"classes":[]},{"id":40421,"url":"https:\/\/larevistadigital.com.ar\/blog\/inscripcion-abierta-para-cursar-la-diplomatura-en-bionegocios-en-el-centro-universitario\/","url_meta":{"origin":41954,"position":5},"title":"Inscripci\u00f3n abierta para cursar la Diplomatura en Bionegocios en el Centro Universitario","author":"Alejandro Sosa Ruda","date":"10 julio, 2025","format":false,"excerpt":"Chascom\u00fas suma una nueva propuesta acad\u00e9mica con orientaci\u00f3n ambiental. 10 de Julio de 2025 CHASCOM\u00daS -\u00a0 \u00a0Inscripci\u00f3n abierta para cursar la Diplomatura en Bionegocios en el Centro Universitario Chascom\u00fas suma una nueva propuesta acad\u00e9mica con orientaci\u00f3n ambiental. En el segundo cuatrimestre de este a\u00f1o el Centro Universitario Chascom\u00fas comenzar\u00e1 el\u2026","rel":"","context":"En \u00abINTERES GENERAL\u00bb","block_context":{"text":"INTERES GENERAL","link":"https:\/\/larevistadigital.com.ar\/blog\/category\/interes-general\/"},"img":{"alt_text":"","src":"https:\/\/i0.wp.com\/larevistadigital.com.ar\/blog\/wp-content\/uploads\/686ffa0f77262.png?fit=668%2C445&ssl=1&resize=350%2C200","width":350,"height":200,"srcset":"https:\/\/i0.wp.com\/larevistadigital.com.ar\/blog\/wp-content\/uploads\/686ffa0f77262.png?fit=668%2C445&ssl=1&resize=350%2C200 1x, https:\/\/i0.wp.com\/larevistadigital.com.ar\/blog\/wp-content\/uploads\/686ffa0f77262.png?fit=668%2C445&ssl=1&resize=525%2C300 1.5x"},"classes":[]}],"_links":{"self":[{"href":"https:\/\/larevistadigital.com.ar\/blog\/wp-json\/wp\/v2\/posts\/41954","targetHints":{"allow":["GET"]}}],"collection":[{"href":"https:\/\/larevistadigital.com.ar\/blog\/wp-json\/wp\/v2\/posts"}],"about":[{"href":"https:\/\/larevistadigital.com.ar\/blog\/wp-json\/wp\/v2\/types\/post"}],"author":[{"embeddable":true,"href":"https:\/\/larevistadigital.com.ar\/blog\/wp-json\/wp\/v2\/users\/3"}],"replies":[{"embeddable":true,"href":"https:\/\/larevistadigital.com.ar\/blog\/wp-json\/wp\/v2\/comments?post=41954"}],"version-history":[{"count":1,"href":"https:\/\/larevistadigital.com.ar\/blog\/wp-json\/wp\/v2\/posts\/41954\/revisions"}],"predecessor-version":[{"id":41956,"href":"https:\/\/larevistadigital.com.ar\/blog\/wp-json\/wp\/v2\/posts\/41954\/revisions\/41956"}],"wp:featuredmedia":[{"embeddable":true,"href":"https:\/\/larevistadigital.com.ar\/blog\/wp-json\/wp\/v2\/media\/41955"}],"wp:attachment":[{"href":"https:\/\/larevistadigital.com.ar\/blog\/wp-json\/wp\/v2\/media?parent=41954"}],"wp:term":[{"taxonomy":"category","embeddable":true,"href":"https:\/\/larevistadigital.com.ar\/blog\/wp-json\/wp\/v2\/categories?post=41954"},{"taxonomy":"post_tag","embeddable":true,"href":"https:\/\/larevistadigital.com.ar\/blog\/wp-json\/wp\/v2\/tags?post=41954"}],"curies":[{"name":"wp","href":"https:\/\/api.w.org\/{rel}","templated":true}]}}