{"id":41967,"date":"2025-10-14T18:40:12","date_gmt":"2025-10-14T21:40:12","guid":{"rendered":"https:\/\/larevistadigital.com.ar\/blog\/?p=41967"},"modified":"2025-10-14T18:40:12","modified_gmt":"2025-10-14T21:40:12","slug":"chascomus-la-patrulla-de-prevencion-municipal-recupero-una-moto-de-alta-gama-sustraida-a-un-vecino","status":"publish","type":"post","link":"https:\/\/larevistadigital.com.ar\/blog\/chascomus-la-patrulla-de-prevencion-municipal-recupero-una-moto-de-alta-gama-sustraida-a-un-vecino\/","title":{"rendered":"Chascom\u00fas: La Patrulla de Prevenci\u00f3n Municipal recuper\u00f3 una moto de alta gama sustra\u00edda a un vecino"},"content":{"rendered":"<h3 class=\"excerpt\">Las tareas preventivas que se realizan de manera continua permitieron la r\u00e1pida recuperaci\u00f3n de varios motoveh\u00edculos en los \u00faltimos meses.<\/h3>\n<p>14 de Octubre de 2025<\/p>\n<div id=\"miDiv1\" class=\"text\">\n<p><strong>CHASCOM\u00daS &#8211;\u00a0<\/strong> \u00a0Gracias al trabajo de los equipos de la Secretar\u00eda de Seguridad Ciudadana, una acci\u00f3n conjunta entre la Patrulla de Prevenci\u00f3n Municipal y el Centro de Monitoreo permiti\u00f3 recuperar una moto marca Zanella 450, que hab\u00eda sido robada de un domicilio en la calle Garay.<\/p>\n<blockquote>\n<h3>Durante la madrugada, a trav\u00e9s de las c\u00e1maras fueron observados dos j\u00f3venes realizando picadas en la Costanera y el centro, a bordo de un motoveh\u00edculo con las caracter\u00edsticas del que hab\u00eda sido sustra\u00eddo momentos antes.<\/h3>\n<\/blockquote>\n<p>De inmediato, se activ\u00f3 el operativo de b\u00fasqueda y seguimiento mediante c\u00e1maras, dando aviso a la Patrulla Municipal.<\/p>\n<p>Los j\u00f3venes abandonaron el veh\u00edculo en Estados Unidos y v\u00edas, emprendiendo la fuga a pie.<\/p>\n<blockquote>\n<h3>Gracias al trabajo coordinado de los m\u00f3viles, ambos fueron interceptados y puestos a disposici\u00f3n de la Polic\u00eda Comunal, que realiz\u00f3 la aprehensi\u00f3n y dio intervenci\u00f3n a la Justicia de Menores.<\/h3>\n<\/blockquote>\n<p>La moto, que se encontraba en buen estado, fue devuelta a su propietario.<\/p>\n<\/div>\n","protected":false},"excerpt":{"rendered":"<div class=\"mh-excerpt\"><p>Las tareas preventivas que se realizan de manera continua permitieron la r\u00e1pida recuperaci\u00f3n de varios motoveh\u00edculos en los \u00faltimos meses. 14 de Octubre de 2025 CHASCOM\u00daS &#8211;\u00a0 \u00a0Gracias al trabajo de los equipos de la <a class=\"mh-excerpt-more\" href=\"https:\/\/larevistadigital.com.ar\/blog\/chascomus-la-patrulla-de-prevencion-municipal-recupero-una-moto-de-alta-gama-sustraida-a-un-vecino\/\" title=\"Chascom\u00fas: La Patrulla de Prevenci\u00f3n Municipal recuper\u00f3 una moto de alta gama sustra\u00edda a un vecino\">[Leer M\u00e1s]<\/a><\/p>\n<\/div>","protected":false},"author":3,"featured_media":41968,"comment_status":"open","ping_status":"open","sticky":false,"template":"","format":"standard","meta":{"_jetpack_memberships_contains_paid_content":false,"footnotes":"","jetpack_publicize_message":"","jetpack_publicize_feature_enabled":true,"jetpack_social_post_already_shared":true,"jetpack_social_options":{"image_generator_settings":{"template":"highway","default_image_id":0,"font":"","enabled":false},"version":2}},"categories":[50,44],"tags":[],"class_list":{"0":"post-41967","1":"post","2":"type-post","3":"status-publish","4":"format-standard","5":"has-post-thumbnail","7":"category-interes-general","8":"category-policiales"},"jetpack_publicize_connections":[],"jetpack_featured_media_url":"https:\/\/i0.wp.com\/larevistadigital.com.ar\/blog\/wp-content\/uploads\/68ee8572861ed.png?fit=668%2C445&ssl=1","jetpack_sharing_enabled":true,"jetpack_shortlink":"https:\/\/wp.me\/p8qtrQ-aUT","jetpack-related-posts":[{"id":40025,"url":"https:\/\/larevistadigital.com.ar\/blog\/chascomus-la-intervencion-de-la-patrulla-municipal-permitio-recuperar-una-moto-robada\/","url_meta":{"origin":41967,"position":0},"title":"Chascom\u00fas:  La intervenci\u00f3n de la Patrulla Municipal permiti\u00f3 recuperar una moto robada","author":"Alejandro Sosa Ruda","date":"9 junio, 2025","format":false,"excerpt":"El hecho ocurri\u00f3 el \u00faltimo fin de semana y fue resuelto gracias al trabajo coordinado entre la patrulla, el Centro de Monitoreo, Seguridad Urbana y la Polic\u00eda Comunal. 09 de Junio de 20254 CHASCOM\u00daS\u00a0 -\u00a0 La Patrulla de Prevenci\u00f3n Municipal intervino en un hecho ocurrido durante el fin de semana,\u2026","rel":"","context":"En \u00abCHASCOM\u00daS\u00bb","block_context":{"text":"CHASCOM\u00daS","link":"https:\/\/larevistadigital.com.ar\/blog\/category\/chascomus\/"},"img":{"alt_text":"","src":"https:\/\/i0.wp.com\/larevistadigital.com.ar\/blog\/wp-content\/uploads\/684715ca76ee9.png?fit=668%2C445&ssl=1&resize=350%2C200","width":350,"height":200,"srcset":"https:\/\/i0.wp.com\/larevistadigital.com.ar\/blog\/wp-content\/uploads\/684715ca76ee9.png?fit=668%2C445&ssl=1&resize=350%2C200 1x, https:\/\/i0.wp.com\/larevistadigital.com.ar\/blog\/wp-content\/uploads\/684715ca76ee9.png?fit=668%2C445&ssl=1&resize=525%2C300 1.5x"},"classes":[]},{"id":40138,"url":"https:\/\/larevistadigital.com.ar\/blog\/chascomus-recuperaron-motos-robadas-y-detuvieron-a-dos-sospechosos-gracias-a-la-intervencion-municipal\/","url_meta":{"origin":41967,"position":1},"title":"Chascom\u00fas: Recuperaron motos robadas y detuvieron a dos sospechosos gracias a la intervenci\u00f3n municipal","author":"Alejandro Sosa Ruda","date":"23 junio, 2025","format":false,"excerpt":"La intervenci\u00f3n de la Patrulla de Prevenci\u00f3n Municipal y del Centro de Monitoreo permiti\u00f3 en los \u00faltimos d\u00edas recuperar cinco motocicletas robadas y detener a dos personas involucradas en un hecho delictivo en el barrio Lomas Altas. 23 de Junio de 2025 CHASCOM\u00daS -\u00a0 \u00a0La intervenci\u00f3n se realiz\u00f3 a partir\u2026","rel":"","context":"En \u00abCHASCOM\u00daS\u00bb","block_context":{"text":"CHASCOM\u00daS","link":"https:\/\/larevistadigital.com.ar\/blog\/category\/chascomus\/"},"img":{"alt_text":"","src":"https:\/\/i0.wp.com\/larevistadigital.com.ar\/blog\/wp-content\/uploads\/6859954f8cc54.png?fit=668%2C445&ssl=1&resize=350%2C200","width":350,"height":200,"srcset":"https:\/\/i0.wp.com\/larevistadigital.com.ar\/blog\/wp-content\/uploads\/6859954f8cc54.png?fit=668%2C445&ssl=1&resize=350%2C200 1x, https:\/\/i0.wp.com\/larevistadigital.com.ar\/blog\/wp-content\/uploads\/6859954f8cc54.png?fit=668%2C445&ssl=1&resize=525%2C300 1.5x"},"classes":[]},{"id":43974,"url":"https:\/\/larevistadigital.com.ar\/blog\/chascomus-dos-motos-recuperadas-gracias-a-la-patrulla-de-prevencion-municipal\/","url_meta":{"origin":41967,"position":2},"title":"Chascom\u00fas: Dos motos recuperadas gracias a la Patrulla de Prevenci\u00f3n Municipal","author":"Alejandro Sosa Ruda","date":"12 febrero, 2026","format":false,"excerpt":"Los procedimientos se realizaron en distintos puntos de la ciudad y permitieron detectar motoveh\u00edculos con pedido de secuestro activo por robo. 12 de febrero de 2026 CHASCOM\u00daS -\u00a0 \u00a0Durante las tareas habituales de prevenci\u00f3n que realiza diariamente, la Patrulla de Prevenci\u00f3n Municipal logr\u00f3 recuperar dos motocicletas que ten\u00edan pedido activo\u2026","rel":"","context":"En \u00abCHASCOM\u00daS\u00bb","block_context":{"text":"CHASCOM\u00daS","link":"https:\/\/larevistadigital.com.ar\/blog\/category\/chascomus\/"},"img":{"alt_text":"","src":"https:\/\/i0.wp.com\/larevistadigital.com.ar\/blog\/wp-content\/uploads\/698e13df16213.png?fit=668%2C445&ssl=1&resize=350%2C200","width":350,"height":200,"srcset":"https:\/\/i0.wp.com\/larevistadigital.com.ar\/blog\/wp-content\/uploads\/698e13df16213.png?fit=668%2C445&ssl=1&resize=350%2C200 1x, https:\/\/i0.wp.com\/larevistadigital.com.ar\/blog\/wp-content\/uploads\/698e13df16213.png?fit=668%2C445&ssl=1&resize=525%2C300 1.5x"},"classes":[]},{"id":41700,"url":"https:\/\/larevistadigital.com.ar\/blog\/chascomus-retuvieron-cuatro-motos-en-operativos-de-prevencion\/","url_meta":{"origin":41967,"position":3},"title":"Chascom\u00fas: Retuvieron cuatro motos en operativos de prevenci\u00f3n","author":"Alejandro Sosa Ruda","date":"2 octubre, 2025","format":false,"excerpt":"La Patrulla de Prevenci\u00f3n Municipal detect\u00f3 maniobras peligrosas y escapes libres en distintos puntos de la ciudad. 02 de septiembre de 2025 CHASCOM\u00daS -\u00a0 \u00a0En menos de 24 horas, la Patrulla de Prevenci\u00f3n Municipal procedi\u00f3 a la retenci\u00f3n de cuatro motocicletas que circulaban realizando picadas y generando explosiones con escapes\u2026","rel":"","context":"En \u00abCHASCOM\u00daS\u00bb","block_context":{"text":"CHASCOM\u00daS","link":"https:\/\/larevistadigital.com.ar\/blog\/category\/chascomus\/"},"img":{"alt_text":"","src":"https:\/\/i0.wp.com\/larevistadigital.com.ar\/blog\/wp-content\/uploads\/68dd5b09bbc06.png?fit=668%2C445&ssl=1&resize=350%2C200","width":350,"height":200,"srcset":"https:\/\/i0.wp.com\/larevistadigital.com.ar\/blog\/wp-content\/uploads\/68dd5b09bbc06.png?fit=668%2C445&ssl=1&resize=350%2C200 1x, https:\/\/i0.wp.com\/larevistadigital.com.ar\/blog\/wp-content\/uploads\/68dd5b09bbc06.png?fit=668%2C445&ssl=1&resize=525%2C300 1.5x"},"classes":[]},{"id":39507,"url":"https:\/\/larevistadigital.com.ar\/blog\/gracias-a-la-intervencion-de-los-equipos-de-seguridad-municipal-fue-recuperado-un-auto-robado-en-la-madrugada\/","url_meta":{"origin":41967,"position":4},"title":"Gracias a la intervenci\u00f3n de los equipos de seguridad municipal fue recuperado un auto robado en la madrugada","author":"Alejandro Sosa Ruda","date":"23 abril, 2025","format":false,"excerpt":"Tras una r\u00e1pida acci\u00f3n de la Patrulla de Prevenci\u00f3n Municipal y el Centro de Monitoreo, en conjunto con la Estaci\u00f3n de Polic\u00eda Comunal, dos menores fueron aprehendidos cuando escapaban con el veh\u00edculo. CHASCOM\u00daS -\u00a0 Durante la madrugada de este mi\u00e9rcoles, una acci\u00f3n coordinada permiti\u00f3 recuperar un auto que hab\u00eda sido\u2026","rel":"","context":"En \u00abINTERES GENERAL\u00bb","block_context":{"text":"INTERES GENERAL","link":"https:\/\/larevistadigital.com.ar\/blog\/category\/interes-general\/"},"img":{"alt_text":"","src":"https:\/\/i0.wp.com\/larevistadigital.com.ar\/blog\/wp-content\/uploads\/6809194786615.png?fit=668%2C445&ssl=1&resize=350%2C200","width":350,"height":200,"srcset":"https:\/\/i0.wp.com\/larevistadigital.com.ar\/blog\/wp-content\/uploads\/6809194786615.png?fit=668%2C445&ssl=1&resize=350%2C200 1x, https:\/\/i0.wp.com\/larevistadigital.com.ar\/blog\/wp-content\/uploads\/6809194786615.png?fit=668%2C445&ssl=1&resize=525%2C300 1.5x"},"classes":[]},{"id":44689,"url":"https:\/\/larevistadigital.com.ar\/blog\/chascomus-recuperan-dos-motos-y-una-bicicleta-robadas-durante-el-fin-de-semana\/","url_meta":{"origin":41967,"position":5},"title":"Chascom\u00fas: Recuperan dos motos y una bicicleta robadas durante el fin de semana","author":"Alejandro Sosa Ruda","date":"24 marzo, 2026","format":false,"excerpt":"El r\u00e1pido accionar de la Patrulla de Prevenci\u00f3n Municipal, el Centro de Monitoreo y la Polic\u00eda Comunal permiti\u00f3 recuperar los rodados sustra\u00eddos en distintos puntos de la ciudad. 24 de marzo de 2026 CHASCOM\u00daS -\u00a0 \u00a0Durante el \u00faltimo fin de semana, el trabajo articulado entre la Patrulla de Prevenci\u00f3n Municipal,\u2026","rel":"","context":"En \u00abINTERES GENERAL\u00bb","block_context":{"text":"INTERES GENERAL","link":"https:\/\/larevistadigital.com.ar\/blog\/category\/interes-general\/"},"img":{"alt_text":"","src":"https:\/\/i0.wp.com\/larevistadigital.com.ar\/blog\/wp-content\/uploads\/69c178448e5ba.png?fit=668%2C445&ssl=1&resize=350%2C200","width":350,"height":200,"srcset":"https:\/\/i0.wp.com\/larevistadigital.com.ar\/blog\/wp-content\/uploads\/69c178448e5ba.png?fit=668%2C445&ssl=1&resize=350%2C200 1x, https:\/\/i0.wp.com\/larevistadigital.com.ar\/blog\/wp-content\/uploads\/69c178448e5ba.png?fit=668%2C445&ssl=1&resize=525%2C300 1.5x"},"classes":[]}],"_links":{"self":[{"href":"https:\/\/larevistadigital.com.ar\/blog\/wp-json\/wp\/v2\/posts\/41967","targetHints":{"allow":["GET"]}}],"collection":[{"href":"https:\/\/larevistadigital.com.ar\/blog\/wp-json\/wp\/v2\/posts"}],"about":[{"href":"https:\/\/larevistadigital.com.ar\/blog\/wp-json\/wp\/v2\/types\/post"}],"author":[{"embeddable":true,"href":"https:\/\/larevistadigital.com.ar\/blog\/wp-json\/wp\/v2\/users\/3"}],"replies":[{"embeddable":true,"href":"https:\/\/larevistadigital.com.ar\/blog\/wp-json\/wp\/v2\/comments?post=41967"}],"version-history":[{"count":1,"href":"https:\/\/larevistadigital.com.ar\/blog\/wp-json\/wp\/v2\/posts\/41967\/revisions"}],"predecessor-version":[{"id":41969,"href":"https:\/\/larevistadigital.com.ar\/blog\/wp-json\/wp\/v2\/posts\/41967\/revisions\/41969"}],"wp:featuredmedia":[{"embeddable":true,"href":"https:\/\/larevistadigital.com.ar\/blog\/wp-json\/wp\/v2\/media\/41968"}],"wp:attachment":[{"href":"https:\/\/larevistadigital.com.ar\/blog\/wp-json\/wp\/v2\/media?parent=41967"}],"wp:term":[{"taxonomy":"category","embeddable":true,"href":"https:\/\/larevistadigital.com.ar\/blog\/wp-json\/wp\/v2\/categories?post=41967"},{"taxonomy":"post_tag","embeddable":true,"href":"https:\/\/larevistadigital.com.ar\/blog\/wp-json\/wp\/v2\/tags?post=41967"}],"curies":[{"name":"wp","href":"https:\/\/api.w.org\/{rel}","templated":true}]}}