{"id":41999,"date":"2025-10-15T21:04:06","date_gmt":"2025-10-16T00:04:06","guid":{"rendered":"https:\/\/larevistadigital.com.ar\/blog\/?p=41999"},"modified":"2025-10-15T21:04:06","modified_gmt":"2025-10-16T00:04:06","slug":"chascomus-se-intensificaran-los-controles-en-la-venta-de-alcohol","status":"publish","type":"post","link":"https:\/\/larevistadigital.com.ar\/blog\/chascomus-se-intensificaran-los-controles-en-la-venta-de-alcohol\/","title":{"rendered":"Chascom\u00fas: Se intensificar\u00e1n los controles en la venta de alcohol"},"content":{"rendered":"<h3 class=\"excerpt\">La Secretar\u00eda de Seguridad Ciudadana recuerda a los comercios las normativas vigentes y busca prevenir situaciones de riesgo en espacios p\u00fablicos.<\/h3>\n<p>15 de Octubre de 2025<\/p>\n<div id=\"miDiv1\" class=\"text\">\n<p><strong>CHASCOM\u00daS &#8211;\u00a0<\/strong> \u00a0Con la proximidad de la temporada de verano y el mayor uso del espacio p\u00fablico, la Secretar\u00eda de Seguridad Ciudadana reforzar\u00e1 los operativos de control en comercios que venden bebidas alcoh\u00f3licas.<\/p>\n<blockquote>\n<h3>Esta iniciativa tiene como objetivo recordar a los comerciantes las ordenanzas y leyes que regulan los horarios de venta y proh\u00edben el expendio a menores de 18 a\u00f1os, as\u00ed como prevenir disturbios, episodios de violencia y siniestros viales vinculados al consumo excesivo de alcohol.<\/h3>\n<\/blockquote>\n<p>Desde la Secretar\u00eda se se\u00f1al\u00f3 que la iniciativa busca no solo garantizar el cumplimiento de la ley, sino tambi\u00e9n \u201crecuperar la ciudad tranquila\u201d y reducir los consumos problem\u00e1ticos que generan riesgos para la comunidad.<\/p>\n<blockquote>\n<h3>La Ley provincial 15.402 proh\u00edbe conducir bajo los efectos del alcohol, imponiendo sanciones que incluyen multas econ\u00f3micas, retenci\u00f3n de licencias y, en casos graves, la inhabilitaci\u00f3n temporal o definitiva para manejar.<\/h3>\n<\/blockquote>\n<p>Asimismo, la Ley 11.748 establece que est\u00e1 prohibida la venta de alcohol a menores de 18 a\u00f1os en cualquier horario y lugar, obligando a los locales a exhibir un cartel visible que indique esta restricci\u00f3n.<\/p>\n<p>Por su parte, la Ley 11.825 regula los horarios de expendio: durante el per\u00edodo normal, de mayo a noviembre, la venta est\u00e1 permitida de 10:00 a 21:00, mientras que en el verano se extiende hasta las 23:00, con restricciones especiales para kioscos, estaciones de servicio y ventas ambulantes.<\/p>\n<\/div>\n","protected":false},"excerpt":{"rendered":"<div class=\"mh-excerpt\"><p>La Secretar\u00eda de Seguridad Ciudadana recuerda a los comercios las normativas vigentes y busca prevenir situaciones de riesgo en espacios p\u00fablicos. 15 de Octubre de 2025 CHASCOM\u00daS &#8211;\u00a0 \u00a0Con la proximidad de la temporada de <a class=\"mh-excerpt-more\" href=\"https:\/\/larevistadigital.com.ar\/blog\/chascomus-se-intensificaran-los-controles-en-la-venta-de-alcohol\/\" title=\"Chascom\u00fas: Se intensificar\u00e1n los controles en la venta de alcohol\">[Leer M\u00e1s]<\/a><\/p>\n<\/div>","protected":false},"author":3,"featured_media":42000,"comment_status":"open","ping_status":"open","sticky":false,"template":"","format":"standard","meta":{"_jetpack_memberships_contains_paid_content":false,"footnotes":"","jetpack_publicize_message":"","jetpack_publicize_feature_enabled":true,"jetpack_social_post_already_shared":true,"jetpack_social_options":{"image_generator_settings":{"template":"highway","default_image_id":0,"font":"","enabled":false},"version":2}},"categories":[50,44],"tags":[],"class_list":{"0":"post-41999","1":"post","2":"type-post","3":"status-publish","4":"format-standard","5":"has-post-thumbnail","7":"category-interes-general","8":"category-policiales"},"jetpack_publicize_connections":[],"jetpack_featured_media_url":"https:\/\/i0.wp.com\/larevistadigital.com.ar\/blog\/wp-content\/uploads\/68efe1d852456.png?fit=668%2C445&ssl=1","jetpack_sharing_enabled":true,"jetpack_shortlink":"https:\/\/wp.me\/p8qtrQ-aVp","jetpack-related-posts":[{"id":35984,"url":"https:\/\/larevistadigital.com.ar\/blog\/reunion-de-la-secretaria-de-seguridad-ciudadana-con-autoridades-policiales\/","url_meta":{"origin":41999,"position":0},"title":"REUNI\u00d3N DE LA SECRETARIA DE SEGURIDAD CIUDADANA CON AUTORIDADES POLICIALES","author":"Alejandro Sosa Ruda","date":"4 mayo, 2024","format":false,"excerpt":"El encuentro tuvo como objetivo fortalecer el trabajo de cooperaci\u00f3n entre la instituci\u00f3n policial y las \u00e1reas municipales de seguridad en cuanto a la prevenci\u00f3n del delito y las violencias, tanto en la zona rural como en la zona urbana. 4 de mayo de 2024 CHASCOM\u00daS -\u00a0 La secretaria de\u2026","rel":"","context":"En \u00abCHASCOM\u00daS\u00bb","block_context":{"text":"CHASCOM\u00daS","link":"https:\/\/larevistadigital.com.ar\/blog\/category\/chascomus\/"},"img":{"alt_text":"","src":"https:\/\/i0.wp.com\/larevistadigital.com.ar\/blog\/wp-content\/uploads\/2024_05_04_00_51_51_6230477.jpg?fit=600%2C450&ssl=1&resize=350%2C200","width":350,"height":200,"srcset":"https:\/\/i0.wp.com\/larevistadigital.com.ar\/blog\/wp-content\/uploads\/2024_05_04_00_51_51_6230477.jpg?fit=600%2C450&ssl=1&resize=350%2C200 1x, https:\/\/i0.wp.com\/larevistadigital.com.ar\/blog\/wp-content\/uploads\/2024_05_04_00_51_51_6230477.jpg?fit=600%2C450&ssl=1&resize=525%2C300 1.5x"},"classes":[]},{"id":29543,"url":"https:\/\/larevistadigital.com.ar\/blog\/chascomus-reunion-para-garantizar-la-seguridad-en-las-fiestas-habilitadas-para-navidad-y-ano-nuevo\/","url_meta":{"origin":41999,"position":1},"title":"CHASCOM\u00daS: REUNI\u00d3N PARA GARANTIZAR LA SEGURIDAD EN LAS FIESTAS HABILITADAS PARA NAVIDAD Y A\u00d1O NUEVO","author":"Alejandro Sosa Ruda","date":"19 diciembre, 2022","format":false,"excerpt":"Este lunes, la secretaria de Seguridad Ciudadana Mariela Moscarella mantuvo una reuni\u00f3n con los responsables de los eventos al aire libre habilitados para el 24 y el 31 de diciembre, con el fin de acordar criterios de trabajo que garantice la seguridad de los concurrentes. 19 de diciembre de 2022\u2026","rel":"","context":"En \u00abDESTACADAS\u00bb","block_context":{"text":"DESTACADAS","link":"https:\/\/larevistadigital.com.ar\/blog\/category\/destacadas\/"},"img":{"alt_text":"","src":"https:\/\/i0.wp.com\/larevistadigital.com.ar\/blog\/wp-content\/uploads\/REUNION-SEGURIDAD-FIESTAS.jpg?fit=900%2C604&ssl=1&resize=350%2C200","width":350,"height":200,"srcset":"https:\/\/i0.wp.com\/larevistadigital.com.ar\/blog\/wp-content\/uploads\/REUNION-SEGURIDAD-FIESTAS.jpg?fit=900%2C604&ssl=1&resize=350%2C200 1x, https:\/\/i0.wp.com\/larevistadigital.com.ar\/blog\/wp-content\/uploads\/REUNION-SEGURIDAD-FIESTAS.jpg?fit=900%2C604&ssl=1&resize=525%2C300 1.5x, https:\/\/i0.wp.com\/larevistadigital.com.ar\/blog\/wp-content\/uploads\/REUNION-SEGURIDAD-FIESTAS.jpg?fit=900%2C604&ssl=1&resize=700%2C400 2x"},"classes":[]},{"id":26412,"url":"https:\/\/larevistadigital.com.ar\/blog\/chascomus-la-secretaria-de-seguridad-y-la-estacion-de-policia-comunal-alertan-por-llamados-extorsivos\/","url_meta":{"origin":41999,"position":2},"title":"CHASCOM\u00daS: LA SECRETAR\u00cdA DE SEGURIDAD Y LA ESTACI\u00d3N DE POLIC\u00cdA COMUNAL ALERTAN POR LLAMADOS EXTORSIVOS","author":"Alejandro Sosa Ruda","date":"7 julio, 2022","format":false,"excerpt":"Desde la Secretar\u00eda de Seguridad y la Estaci\u00f3n de Polic\u00eda Comunal, se hace un llamado de alerta a la poblaci\u00f3n, por la proliferaci\u00f3n de este tipo de delito que se est\u00e1 produciendo con asiduidad. C\u00f3mo prevenir y c\u00f3mo actuar. CHASCOM\u00daS -\u00a0 Se difundi\u00f3 desde la Secretar\u00eda de Seguridad de Chascom\u00fas,\u2026","rel":"","context":"En \u00abCHASCOM\u00daS\u00bb","block_context":{"text":"CHASCOM\u00daS","link":"https:\/\/larevistadigital.com.ar\/blog\/category\/chascomus\/"},"img":{"alt_text":"","src":"https:\/\/i0.wp.com\/larevistadigital.com.ar\/blog\/wp-content\/uploads\/1542081283589.jpg?fit=800%2C459&ssl=1&resize=350%2C200","width":350,"height":200,"srcset":"https:\/\/i0.wp.com\/larevistadigital.com.ar\/blog\/wp-content\/uploads\/1542081283589.jpg?fit=800%2C459&ssl=1&resize=350%2C200 1x, https:\/\/i0.wp.com\/larevistadigital.com.ar\/blog\/wp-content\/uploads\/1542081283589.jpg?fit=800%2C459&ssl=1&resize=525%2C300 1.5x, https:\/\/i0.wp.com\/larevistadigital.com.ar\/blog\/wp-content\/uploads\/1542081283589.jpg?fit=800%2C459&ssl=1&resize=700%2C400 2x"},"classes":[]},{"id":3839,"url":"https:\/\/larevistadigital.com.ar\/blog\/chascomus-se-prohibira-la-venta-alcohol-las-fiestas-fin-ano\/","url_meta":{"origin":41999,"position":3},"title":"CHASCOM\u00daS: SE PROHIBIR\u00c1 LA VENTA DE ALCOHOL EN LAS FIESTAS DE FIN DE A\u00d1O","author":"Alejandro Sosa Ruda","date":"14 noviembre, 2017","format":false,"excerpt":"\u00a0 Entrevistado en la FM 101.5, el Sub Secretario de Seguridad del Municipio de Chascom\u00fas, Lucas Funes, se refiri\u00f3 a distintos temas de actualidad local. \u201cVUELTAS OL\u00cdMPICAS\u201d Respecto de las llamadas \u201cvueltas ol\u00edmpicas\u201d que realizan los estudiantes, dijo que se realiz\u00f3 una reuni\u00f3n el jueves pasado en el municipio, donde\u2026","rel":"","context":"En \u00abCHASCOM\u00daS\u00bb","block_context":{"text":"CHASCOM\u00daS","link":"https:\/\/larevistadigital.com.ar\/blog\/category\/chascomus\/"},"img":{"alt_text":"","src":"https:\/\/i0.wp.com\/larevistadigital.com.ar\/blog\/wp-content\/uploads\/2017\/11\/LEYSECA-1.jpg?fit=600%2C600&ssl=1&resize=350%2C200","width":350,"height":200,"srcset":"https:\/\/i0.wp.com\/larevistadigital.com.ar\/blog\/wp-content\/uploads\/2017\/11\/LEYSECA-1.jpg?fit=600%2C600&ssl=1&resize=350%2C200 1x, https:\/\/i0.wp.com\/larevistadigital.com.ar\/blog\/wp-content\/uploads\/2017\/11\/LEYSECA-1.jpg?fit=600%2C600&ssl=1&resize=525%2C300 1.5x"},"classes":[]},{"id":44959,"url":"https:\/\/larevistadigital.com.ar\/blog\/chascomus-comenzaron-las-capacitaciones-en-seguridad-vial-en-las-escuelas\/","url_meta":{"origin":41999,"position":4},"title":"Chascom\u00fas: Comenzaron las capacitaciones en seguridad vial en las escuelas","author":"Alejandro Sosa Ruda","date":"6 abril, 2026","format":false,"excerpt":"En el primer mes del desarrollo de esta iniciativa, las jornadas se concentraron en la Escuela Normal, haciendo especial hincapi\u00e9 en el valor de cuidar la vida. 06 de abril de 2026 CHASCOM\u00daS-\u00a0 \u00a0La Municipalidad de Chascom\u00fas informa que comenz\u00f3 a implementarse el proyecto de seguridad vial en las escuelas,\u2026","rel":"","context":"En \u00abCHASCOM\u00daS\u00bb","block_context":{"text":"CHASCOM\u00daS","link":"https:\/\/larevistadigital.com.ar\/blog\/category\/chascomus\/"},"img":{"alt_text":"","src":"https:\/\/i0.wp.com\/larevistadigital.com.ar\/blog\/wp-content\/uploads\/69d3ebd4eb32d.png?fit=668%2C445&ssl=1&resize=350%2C200","width":350,"height":200,"srcset":"https:\/\/i0.wp.com\/larevistadigital.com.ar\/blog\/wp-content\/uploads\/69d3ebd4eb32d.png?fit=668%2C445&ssl=1&resize=350%2C200 1x, https:\/\/i0.wp.com\/larevistadigital.com.ar\/blog\/wp-content\/uploads\/69d3ebd4eb32d.png?fit=668%2C445&ssl=1&resize=525%2C300 1.5x"},"classes":[]},{"id":36465,"url":"https:\/\/larevistadigital.com.ar\/blog\/chascomus-la-secretaria-de-seguridad-ciudadana-se-reunio-con-vecinos-de-la-liberata\/","url_meta":{"origin":41999,"position":5},"title":"CHASCOM\u00daS: LA SECRETARIA DE SEGURIDAD CIUDADANA SE REUNI\u00d3 CON VECINOS DE LA LIBERATA","author":"Alejandro Sosa Ruda","date":"28 junio, 2024","format":false,"excerpt":"En el encuentro, al que sumaron autoridades policiales, acordaron fortalecer la cooperaci\u00f3n y el trabajo en red. 28 de Junio de 2024 CHASCOM\u00daS -\u00a0 La secretaria de Seguridad Ciudadana, Mariela Moscarella, encabez\u00f3 un encuentro con residentes de La Liberata, en el que dialogaron sobre la actual situaci\u00f3n del barrio, en\u2026","rel":"","context":"En \u00abINTERES GENERAL\u00bb","block_context":{"text":"INTERES GENERAL","link":"https:\/\/larevistadigital.com.ar\/blog\/category\/interes-general\/"},"img":{"alt_text":"","src":"https:\/\/i0.wp.com\/larevistadigital.com.ar\/blog\/wp-content\/uploads\/2024_06_28_01_42_22_806064.jpeg?fit=600%2C398&ssl=1&resize=350%2C200","width":350,"height":200,"srcset":"https:\/\/i0.wp.com\/larevistadigital.com.ar\/blog\/wp-content\/uploads\/2024_06_28_01_42_22_806064.jpeg?fit=600%2C398&ssl=1&resize=350%2C200 1x, https:\/\/i0.wp.com\/larevistadigital.com.ar\/blog\/wp-content\/uploads\/2024_06_28_01_42_22_806064.jpeg?fit=600%2C398&ssl=1&resize=525%2C300 1.5x"},"classes":[]}],"_links":{"self":[{"href":"https:\/\/larevistadigital.com.ar\/blog\/wp-json\/wp\/v2\/posts\/41999","targetHints":{"allow":["GET"]}}],"collection":[{"href":"https:\/\/larevistadigital.com.ar\/blog\/wp-json\/wp\/v2\/posts"}],"about":[{"href":"https:\/\/larevistadigital.com.ar\/blog\/wp-json\/wp\/v2\/types\/post"}],"author":[{"embeddable":true,"href":"https:\/\/larevistadigital.com.ar\/blog\/wp-json\/wp\/v2\/users\/3"}],"replies":[{"embeddable":true,"href":"https:\/\/larevistadigital.com.ar\/blog\/wp-json\/wp\/v2\/comments?post=41999"}],"version-history":[{"count":2,"href":"https:\/\/larevistadigital.com.ar\/blog\/wp-json\/wp\/v2\/posts\/41999\/revisions"}],"predecessor-version":[{"id":42002,"href":"https:\/\/larevistadigital.com.ar\/blog\/wp-json\/wp\/v2\/posts\/41999\/revisions\/42002"}],"wp:featuredmedia":[{"embeddable":true,"href":"https:\/\/larevistadigital.com.ar\/blog\/wp-json\/wp\/v2\/media\/42000"}],"wp:attachment":[{"href":"https:\/\/larevistadigital.com.ar\/blog\/wp-json\/wp\/v2\/media?parent=41999"}],"wp:term":[{"taxonomy":"category","embeddable":true,"href":"https:\/\/larevistadigital.com.ar\/blog\/wp-json\/wp\/v2\/categories?post=41999"},{"taxonomy":"post_tag","embeddable":true,"href":"https:\/\/larevistadigital.com.ar\/blog\/wp-json\/wp\/v2\/tags?post=41999"}],"curies":[{"name":"wp","href":"https:\/\/api.w.org\/{rel}","templated":true}]}}