{"id":42003,"date":"2025-10-15T21:30:26","date_gmt":"2025-10-16T00:30:26","guid":{"rendered":"https:\/\/larevistadigital.com.ar\/blog\/?p=42003"},"modified":"2025-10-15T21:30:26","modified_gmt":"2025-10-16T00:30:26","slug":"conmocion-en-dolores-hallaron-sin-vida-a-un-padre-y-su-hijo-en-una-vivienda","status":"publish","type":"post","link":"https:\/\/larevistadigital.com.ar\/blog\/conmocion-en-dolores-hallaron-sin-vida-a-un-padre-y-su-hijo-en-una-vivienda\/","title":{"rendered":"Conmoci\u00f3n en Dolores: hallaron sin vida a un padre y su hijo en una vivienda"},"content":{"rendered":"<h3>Los cuerpos fueron encontrados tras la denuncia de vecinos por un fuerte olor proveniente de la casa. Las primeras pericias indican que llevaban fallecidos cerca de un mes. No se hallaron signos de violencia.<\/h3>\n<p>15 de Octubre de 2025<\/p>\n<p data-start=\"601\" data-end=\"926\"><strong>DOLORES &#8211;\u00a0<\/strong> \u00a0Dolores vive por estas horas una profunda conmoci\u00f3n tras el hallazgo de dos personas sin vida en una vivienda ubicada sobre la calle Esteban Facio al 2000, cerca de la Ruta 63. Las v\u00edctimas ser\u00edan un padre y su hijo, quienes, seg\u00fan las primeras estimaciones forenses, habr\u00edan muerto hace aproximadamente un mes.<\/p>\n<p data-start=\"928\" data-end=\"1256\">El hecho se conoci\u00f3 este martes al mediod\u00eda, cuando un grupo de vecinos alert\u00f3 a las autoridades por un fuerte y desagradable olor que proven\u00eda del domicilio. Una sobrina de uno de los hombres acudi\u00f3 al lugar y, al ingresar, descubri\u00f3 el tr\u00e1gico cuadro: su t\u00edo y su primo yac\u00edan sin vida en distintos ambientes de la vivienda.<\/p>\n<blockquote>\n<h3 data-start=\"1258\" data-end=\"1548\">De inmediato se dio aviso a la Polic\u00eda y a la fiscal\u00eda de turno, que inici\u00f3 las actuaciones correspondientes. Hasta el momento, no se registraron signos de violencia ni indicios de participaci\u00f3n de terceros, aunque la investigaci\u00f3n sigue abierta para determinar las causas de los decesos.<\/h3>\n<\/blockquote>\n<p data-start=\"1550\" data-end=\"1882\">Las autopsias forenses se realizar\u00e1n hoy a las 15:00 para establecer con precisi\u00f3n la fecha y el motivo de las muertes, que podr\u00edan haber ocurrido hace varias semanas. La prolongada demora en el hallazgo tambi\u00e9n forma parte de las l\u00edneas de investigaci\u00f3n, ya que los cuerpos fueron encontrados reci\u00e9n tras el aviso de los vecinos.<\/p>\n<p data-start=\"1884\" data-end=\"2067\">El episodio, que sacude a una comunidad conocida por su tranquilidad, deja entre los dolorenses una mezcla de tristeza y desconcierto ante una situaci\u00f3n tan inusual como impactante.<\/p>\n","protected":false},"excerpt":{"rendered":"<div class=\"mh-excerpt\"><p>Los cuerpos fueron encontrados tras la denuncia de vecinos por un fuerte olor proveniente de la casa. Las primeras pericias indican que llevaban fallecidos cerca de un mes. No se hallaron signos de violencia. 15 <a class=\"mh-excerpt-more\" href=\"https:\/\/larevistadigital.com.ar\/blog\/conmocion-en-dolores-hallaron-sin-vida-a-un-padre-y-su-hijo-en-una-vivienda\/\" title=\"Conmoci\u00f3n en Dolores: hallaron sin vida a un padre y su hijo en una vivienda\">[Leer M\u00e1s]<\/a><\/p>\n<\/div>","protected":false},"author":3,"featured_media":42004,"comment_status":"open","ping_status":"open","sticky":false,"template":"","format":"standard","meta":{"_jetpack_memberships_contains_paid_content":false,"footnotes":"","jetpack_publicize_message":"","jetpack_publicize_feature_enabled":true,"jetpack_social_post_already_shared":true,"jetpack_social_options":{"image_generator_settings":{"template":"highway","default_image_id":0,"font":"","enabled":false},"version":2}},"categories":[43,44,51],"tags":[],"class_list":{"0":"post-42003","1":"post","2":"type-post","3":"status-publish","4":"format-standard","5":"has-post-thumbnail","7":"category-dolores","8":"category-policiales","9":"category-regionales"},"jetpack_publicize_connections":[],"jetpack_featured_media_url":"https:\/\/i0.wp.com\/larevistadigital.com.ar\/blog\/wp-content\/uploads\/d60d16c2adb4c61c3930e0f378493519b0cefddb.jpg?fit=1140%2C695&ssl=1","jetpack_sharing_enabled":true,"jetpack_shortlink":"https:\/\/wp.me\/p8qtrQ-aVt","jetpack-related-posts":[{"id":42032,"url":"https:\/\/larevistadigital.com.ar\/blog\/dolores-se-conocieron-los-resultados-de-la-autopsia-de-padre-e-hijo-hallados-sin-vida\/","url_meta":{"origin":42003,"position":0},"title":"Dolores: se conocieron los resultados de la autopsia de padre e hijo hallados sin vida","author":"Alejandro Sosa Ruda","date":"16 octubre, 2025","format":false,"excerpt":"El estudio forense confirm\u00f3 que no hubo intervenci\u00f3n de terceros. El padre, de 91 a\u00f1os, muri\u00f3 por causas naturales y su hijo, de 66, se quit\u00f3 la vida. La tragedia hab\u00eda conmocionado a la comunidad d\u00edas atr\u00e1s. 16 de Octubre de 2025 DOLORES\u00a0 -\u00a0 \u00a0La incertidumbre que manten\u00eda en vilo\u2026","rel":"","context":"En \u00abDOLORES\u00bb","block_context":{"text":"DOLORES","link":"https:\/\/larevistadigital.com.ar\/blog\/category\/dolores\/"},"img":{"alt_text":"","src":"https:\/\/i0.wp.com\/larevistadigital.com.ar\/blog\/wp-content\/uploads\/0be2a36d06799ad13708315a6ddd22fb361d4fe2.jpeg?fit=1140%2C702&ssl=1&resize=350%2C200","width":350,"height":200,"srcset":"https:\/\/i0.wp.com\/larevistadigital.com.ar\/blog\/wp-content\/uploads\/0be2a36d06799ad13708315a6ddd22fb361d4fe2.jpeg?fit=1140%2C702&ssl=1&resize=350%2C200 1x, https:\/\/i0.wp.com\/larevistadigital.com.ar\/blog\/wp-content\/uploads\/0be2a36d06799ad13708315a6ddd22fb361d4fe2.jpeg?fit=1140%2C702&ssl=1&resize=525%2C300 1.5x, https:\/\/i0.wp.com\/larevistadigital.com.ar\/blog\/wp-content\/uploads\/0be2a36d06799ad13708315a6ddd22fb361d4fe2.jpeg?fit=1140%2C702&ssl=1&resize=700%2C400 2x, https:\/\/i0.wp.com\/larevistadigital.com.ar\/blog\/wp-content\/uploads\/0be2a36d06799ad13708315a6ddd22fb361d4fe2.jpeg?fit=1140%2C702&ssl=1&resize=1050%2C600 3x"},"classes":[]},{"id":42282,"url":"https:\/\/larevistadigital.com.ar\/blog\/san-bernardo-hallaron-sin-vida-a-una-mujer-su-hijo-habria-convivido-con-el-cuerpo-durante-varios-dias\/","url_meta":{"origin":42003,"position":1},"title":"San Bernardo: Hallaron sin vida a una mujer su hijo habr\u00eda convivido con el cuerpo durante varios d\u00edas","author":"Alejandro Sosa Ruda","date":"29 octubre, 2025","format":false,"excerpt":"El impactante hallazgo ocurri\u00f3 en un departamento del Partido de La Costa. La mujer, de 82 a\u00f1os, fue encontrada en avanzado estado de descomposici\u00f3n. Su hijo, con presuntos problemas de salud mental, estaba en el lugar. 29 de Octubre 2025 Una mujer de 82 a\u00f1os fue encontrada sin vida dentro\u2026","rel":"","context":"En \u00abPOLICIALES\u00bb","block_context":{"text":"POLICIALES","link":"https:\/\/larevistadigital.com.ar\/blog\/category\/policiales\/"},"img":{"alt_text":"","src":"https:\/\/i0.wp.com\/larevistadigital.com.ar\/blog\/wp-content\/uploads\/1620734310362-1.jpg?fit=1200%2C594&ssl=1&resize=350%2C200","width":350,"height":200,"srcset":"https:\/\/i0.wp.com\/larevistadigital.com.ar\/blog\/wp-content\/uploads\/1620734310362-1.jpg?fit=1200%2C594&ssl=1&resize=350%2C200 1x, https:\/\/i0.wp.com\/larevistadigital.com.ar\/blog\/wp-content\/uploads\/1620734310362-1.jpg?fit=1200%2C594&ssl=1&resize=525%2C300 1.5x, https:\/\/i0.wp.com\/larevistadigital.com.ar\/blog\/wp-content\/uploads\/1620734310362-1.jpg?fit=1200%2C594&ssl=1&resize=700%2C400 2x, https:\/\/i0.wp.com\/larevistadigital.com.ar\/blog\/wp-content\/uploads\/1620734310362-1.jpg?fit=1200%2C594&ssl=1&resize=1050%2C600 3x"},"classes":[]},{"id":44604,"url":"https:\/\/larevistadigital.com.ar\/blog\/tragedia-en-madariaga-hallaron-sin-vida-a-un-hombre-de-81-anos-tras-horas-de-intensa-busqueda\/","url_meta":{"origin":42003,"position":2},"title":"Tragedia en Madariaga: hallaron sin vida a un hombre de 81 a\u00f1os tras horas de intensa b\u00fasqueda","author":"Alejandro Sosa Ruda","date":"18 marzo, 2026","format":false,"excerpt":"Arsenio Medina hab\u00eda sido visto por \u00faltima vez durante la ma\u00f1ana. Su cuerpo fue encontrado en un descampado cercano a su vivienda. Investigan las circunstancias del hecho. 18 de marzo de 2026 GENERAL MADARIAGA\u00a0 -\u00a0 \u00a0Un profundo pesar envuelve a la comunidad de General Madariaga tras el tr\u00e1gico desenlace de\u2026","rel":"","context":"En \u00abPOLICIALES\u00bb","block_context":{"text":"POLICIALES","link":"https:\/\/larevistadigital.com.ar\/blog\/category\/policiales\/"},"img":{"alt_text":"","src":"https:\/\/i0.wp.com\/larevistadigital.com.ar\/blog\/wp-content\/uploads\/5d8a7414ce5db7aa9db0fdc18e96ebf67b22c3d6.jpg?fit=1140%2C730&ssl=1&resize=350%2C200","width":350,"height":200,"srcset":"https:\/\/i0.wp.com\/larevistadigital.com.ar\/blog\/wp-content\/uploads\/5d8a7414ce5db7aa9db0fdc18e96ebf67b22c3d6.jpg?fit=1140%2C730&ssl=1&resize=350%2C200 1x, https:\/\/i0.wp.com\/larevistadigital.com.ar\/blog\/wp-content\/uploads\/5d8a7414ce5db7aa9db0fdc18e96ebf67b22c3d6.jpg?fit=1140%2C730&ssl=1&resize=525%2C300 1.5x, https:\/\/i0.wp.com\/larevistadigital.com.ar\/blog\/wp-content\/uploads\/5d8a7414ce5db7aa9db0fdc18e96ebf67b22c3d6.jpg?fit=1140%2C730&ssl=1&resize=700%2C400 2x, https:\/\/i0.wp.com\/larevistadigital.com.ar\/blog\/wp-content\/uploads\/5d8a7414ce5db7aa9db0fdc18e96ebf67b22c3d6.jpg?fit=1140%2C730&ssl=1&resize=1050%2C600 3x"},"classes":[]},{"id":44194,"url":"https:\/\/larevistadigital.com.ar\/blog\/conmocion-hallan-muerta-a-una-familia-la-policia-sospecha-algo-terrible\/","url_meta":{"origin":42003,"position":3},"title":"Conmoci\u00f3n: Hallan muerta a una familia, La polic\u00eda sospecha algo terrible","author":"Alejandro Sosa Ruda","date":"27 febrero, 2026","format":false,"excerpt":"Un hombre, su pareja y el hijo de ambos, de 13 a\u00f1os, fueron encontrados sin vida en una vivienda de calle Carhu\u00e9 al 5400. La principal hip\u00f3tesis es un doble homicidio seguido de suicidio. 27 de febrero de 2026 CASEROS -\u00a0 \u00a0Un hombre, una mujer y su hijo de 13\u2026","rel":"","context":"En \u00abPOLICIALES\u00bb","block_context":{"text":"POLICIALES","link":"https:\/\/larevistadigital.com.ar\/blog\/category\/policiales\/"},"img":{"alt_text":"","src":"https:\/\/i0.wp.com\/larevistadigital.com.ar\/blog\/wp-content\/uploads\/Captura-de-pantalla-2026-02-27-205234.jpg?fit=805%2C419&ssl=1&resize=350%2C200","width":350,"height":200,"srcset":"https:\/\/i0.wp.com\/larevistadigital.com.ar\/blog\/wp-content\/uploads\/Captura-de-pantalla-2026-02-27-205234.jpg?fit=805%2C419&ssl=1&resize=350%2C200 1x, https:\/\/i0.wp.com\/larevistadigital.com.ar\/blog\/wp-content\/uploads\/Captura-de-pantalla-2026-02-27-205234.jpg?fit=805%2C419&ssl=1&resize=525%2C300 1.5x, https:\/\/i0.wp.com\/larevistadigital.com.ar\/blog\/wp-content\/uploads\/Captura-de-pantalla-2026-02-27-205234.jpg?fit=805%2C419&ssl=1&resize=700%2C400 2x"},"classes":[]},{"id":16071,"url":"https:\/\/larevistadigital.com.ar\/blog\/fuerte-golpiza-a-un-hombre-tras-fiesta-clandestina\/","url_meta":{"origin":42003,"position":4},"title":"FUERTE GOLPIZA A UN HOMBRE TRAS FIESTA CLANDESTINA","author":"Alejandro Sosa Ruda","date":"20 agosto, 2020","format":false,"excerpt":"DOLORES - A pesar de las disposiciones que lo prohiben, a diario se tiene conocimiento de personas demoradas por no poder justificar porqu\u00e9 est\u00e1n en la calle, o reuniones que se realizan clandestinamente y que son denunciadas por los vecinos. As\u00ed fue que el pasado fin de semana, en casa\u2026","rel":"","context":"En \u00abDOLORES\u00bb","block_context":{"text":"DOLORES","link":"https:\/\/larevistadigital.com.ar\/blog\/category\/dolores\/"},"img":{"alt_text":"","src":"https:\/\/i0.wp.com\/larevistadigital.com.ar\/blog\/wp-content\/uploads\/fiesta_50_1595700205.jpg?fit=984%2C541&ssl=1&resize=350%2C200","width":350,"height":200,"srcset":"https:\/\/i0.wp.com\/larevistadigital.com.ar\/blog\/wp-content\/uploads\/fiesta_50_1595700205.jpg?fit=984%2C541&ssl=1&resize=350%2C200 1x, https:\/\/i0.wp.com\/larevistadigital.com.ar\/blog\/wp-content\/uploads\/fiesta_50_1595700205.jpg?fit=984%2C541&ssl=1&resize=525%2C300 1.5x, https:\/\/i0.wp.com\/larevistadigital.com.ar\/blog\/wp-content\/uploads\/fiesta_50_1595700205.jpg?fit=984%2C541&ssl=1&resize=700%2C400 2x"},"classes":[]},{"id":27054,"url":"https:\/\/larevistadigital.com.ar\/blog\/dolores-macabro-hallaron-el-cuerpo-de-un-bebe-en-la-basura\/","url_meta":{"origin":42003,"position":5},"title":"DOLORES: MACABRO. HALLARON EL CUERPO DE UN BEB\u00c9 EN LA BASURA","author":"Alejandro Sosa Ruda","date":"7 agosto, 2022","format":false,"excerpt":"Aparentemente ser\u00eda un beb\u00e9 reci\u00e9n nacido. DOLORES -\u00a0 Durante la ma\u00f1ana de hoy, domingo 7\/8 fue encontrado el cuerpo sin vida de un beb\u00e9. Una vecina, dio aviso a la Polic\u00eda del terrible hallazgo, a la altura de calle Mendiola al 1359 de la ciudad de Dolores. El cuerpo sin\u2026","rel":"","context":"En \u00abDOLORES\u00bb","block_context":{"text":"DOLORES","link":"https:\/\/larevistadigital.com.ar\/blog\/category\/dolores\/"},"img":{"alt_text":"","src":"https:\/\/i0.wp.com\/larevistadigital.com.ar\/blog\/wp-content\/uploads\/4248265c3a430a96a6f8d95833e2ac80eacb99cb.jpg?fit=1140%2C855&ssl=1&resize=350%2C200","width":350,"height":200,"srcset":"https:\/\/i0.wp.com\/larevistadigital.com.ar\/blog\/wp-content\/uploads\/4248265c3a430a96a6f8d95833e2ac80eacb99cb.jpg?fit=1140%2C855&ssl=1&resize=350%2C200 1x, https:\/\/i0.wp.com\/larevistadigital.com.ar\/blog\/wp-content\/uploads\/4248265c3a430a96a6f8d95833e2ac80eacb99cb.jpg?fit=1140%2C855&ssl=1&resize=525%2C300 1.5x, https:\/\/i0.wp.com\/larevistadigital.com.ar\/blog\/wp-content\/uploads\/4248265c3a430a96a6f8d95833e2ac80eacb99cb.jpg?fit=1140%2C855&ssl=1&resize=700%2C400 2x, https:\/\/i0.wp.com\/larevistadigital.com.ar\/blog\/wp-content\/uploads\/4248265c3a430a96a6f8d95833e2ac80eacb99cb.jpg?fit=1140%2C855&ssl=1&resize=1050%2C600 3x"},"classes":[]}],"_links":{"self":[{"href":"https:\/\/larevistadigital.com.ar\/blog\/wp-json\/wp\/v2\/posts\/42003","targetHints":{"allow":["GET"]}}],"collection":[{"href":"https:\/\/larevistadigital.com.ar\/blog\/wp-json\/wp\/v2\/posts"}],"about":[{"href":"https:\/\/larevistadigital.com.ar\/blog\/wp-json\/wp\/v2\/types\/post"}],"author":[{"embeddable":true,"href":"https:\/\/larevistadigital.com.ar\/blog\/wp-json\/wp\/v2\/users\/3"}],"replies":[{"embeddable":true,"href":"https:\/\/larevistadigital.com.ar\/blog\/wp-json\/wp\/v2\/comments?post=42003"}],"version-history":[{"count":1,"href":"https:\/\/larevistadigital.com.ar\/blog\/wp-json\/wp\/v2\/posts\/42003\/revisions"}],"predecessor-version":[{"id":42005,"href":"https:\/\/larevistadigital.com.ar\/blog\/wp-json\/wp\/v2\/posts\/42003\/revisions\/42005"}],"wp:featuredmedia":[{"embeddable":true,"href":"https:\/\/larevistadigital.com.ar\/blog\/wp-json\/wp\/v2\/media\/42004"}],"wp:attachment":[{"href":"https:\/\/larevistadigital.com.ar\/blog\/wp-json\/wp\/v2\/media?parent=42003"}],"wp:term":[{"taxonomy":"category","embeddable":true,"href":"https:\/\/larevistadigital.com.ar\/blog\/wp-json\/wp\/v2\/categories?post=42003"},{"taxonomy":"post_tag","embeddable":true,"href":"https:\/\/larevistadigital.com.ar\/blog\/wp-json\/wp\/v2\/tags?post=42003"}],"curies":[{"name":"wp","href":"https:\/\/api.w.org\/{rel}","templated":true}]}}