{"id":42007,"date":"2025-10-16T17:17:18","date_gmt":"2025-10-16T20:17:18","guid":{"rendered":"https:\/\/larevistadigital.com.ar\/blog\/?p=42007"},"modified":"2025-10-16T17:17:18","modified_gmt":"2025-10-16T20:17:18","slug":"chascomus-charla-la-observacion-de-aves-portal-hacia-la-naturaleza","status":"publish","type":"post","link":"https:\/\/larevistadigital.com.ar\/blog\/chascomus-charla-la-observacion-de-aves-portal-hacia-la-naturaleza\/","title":{"rendered":"Chascom\u00fas: Charla \u00abLa observaci\u00f3n de aves, portal hacia la naturaleza\u00bb"},"content":{"rendered":"<h3 class=\"excerpt\">La cita es este viernes, desde las 18 horas, en el Museo Pampeano.<\/h3>\n<p>16 de Octubre de 2025<\/p>\n<div id=\"miDiv1\" class=\"text\">\n<p><strong>CHASCOM\u00daS &#8211;<\/strong>\u00a0 \u00a0En la tardecita de este viernes 17 de octubre estamos todos invitados a participar de una charla que pone en el centro a las aves, en el marco de la muestra que tambi\u00e9n las tiene por protagonistas en el Museo Pampeano.<\/p>\n<blockquote>\n<h3>La misma estar\u00e1 a cargo de In\u00e9s Otero, naturalista, docente, t\u00e9cnica en turismo, miembro del COA (Club de Observaci\u00f3n de Aves) Las Encadenadas Chascom\u00fas, y de Daniela Caruso, naturalista y t\u00e9cnica en turismo.<\/h3>\n<\/blockquote>\n<p>Durante el encuentro, se pretende sumergirnos en el mundo natural a trav\u00e9s de la observaci\u00f3n de aves, pensada para quien quiera iniciarse en la observaci\u00f3n de aves en libertad, para aquellos que les guste contemplar, admirar y pasar tiempo en la naturaleza o por qu\u00e9 no, para los que quieran saber de qu\u00e9 se trata esta actividad.<\/p>\n<p>Con entrada libre y gratuita, tendremos la posibilidad de compartir un lindo momento que estar\u00e1 coronado por las bellas pinturas de aves de Gladys Longstaff.<\/p>\n<\/div>\n","protected":false},"excerpt":{"rendered":"<div class=\"mh-excerpt\"><p>La cita es este viernes, desde las 18 horas, en el Museo Pampeano. 16 de Octubre de 2025 CHASCOM\u00daS &#8211;\u00a0 \u00a0En la tardecita de este viernes 17 de octubre estamos todos invitados a participar de <a class=\"mh-excerpt-more\" href=\"https:\/\/larevistadigital.com.ar\/blog\/chascomus-charla-la-observacion-de-aves-portal-hacia-la-naturaleza\/\" title=\"Chascom\u00fas: Charla \u00abLa observaci\u00f3n de aves, portal hacia la naturaleza\u00bb\">[Leer M\u00e1s]<\/a><\/p>\n<\/div>","protected":false},"author":3,"featured_media":42008,"comment_status":"open","ping_status":"open","sticky":false,"template":"","format":"standard","meta":{"_jetpack_memberships_contains_paid_content":false,"footnotes":"","jetpack_publicize_message":"","jetpack_publicize_feature_enabled":true,"jetpack_social_post_already_shared":true,"jetpack_social_options":{"image_generator_settings":{"template":"highway","default_image_id":0,"font":"","enabled":false},"version":2}},"categories":[6],"tags":[],"class_list":{"0":"post-42007","1":"post","2":"type-post","3":"status-publish","4":"format-standard","5":"has-post-thumbnail","7":"category-chascomus"},"jetpack_publicize_connections":[],"jetpack_featured_media_url":"https:\/\/i0.wp.com\/larevistadigital.com.ar\/blog\/wp-content\/uploads\/68f128bbdc20e.png?fit=668%2C445&ssl=1","jetpack_sharing_enabled":true,"jetpack_shortlink":"https:\/\/wp.me\/p8qtrQ-aVx","jetpack-related-posts":[{"id":43605,"url":"https:\/\/larevistadigital.com.ar\/blog\/chascomus-gran-convocatoria-en-las-noches-de-cine-en-el-museo-pampeano\/","url_meta":{"origin":42007,"position":0},"title":"Chascom\u00fas: Gran convocatoria en las Noches de Cine en el Museo Pampeano","author":"Alejandro Sosa Ruda","date":"26 enero, 2026","format":false,"excerpt":"Las Noches de Cine en el Museo Pampeano se desarrollaron con gran \u00e9xito, consolid\u00e1ndose como una propuesta cultural que volvi\u00f3 a reunir a vecinos, vecinas y turistas para disfrutar del cine en un entorno patrimonial \u00fanico de la ciudad. 26 de enero de 2026 CHASCOM\u00daS\u00a0 -\u00a0 \u00a0 Las funciones, que\u2026","rel":"","context":"En \u00abCHASCOM\u00daS\u00bb","block_context":{"text":"CHASCOM\u00daS","link":"https:\/\/larevistadigital.com.ar\/blog\/category\/chascomus\/"},"img":{"alt_text":"","src":"https:\/\/i0.wp.com\/larevistadigital.com.ar\/blog\/wp-content\/uploads\/6977b7a5bc7a9.png?fit=668%2C445&ssl=1&resize=350%2C200","width":350,"height":200,"srcset":"https:\/\/i0.wp.com\/larevistadigital.com.ar\/blog\/wp-content\/uploads\/6977b7a5bc7a9.png?fit=668%2C445&ssl=1&resize=350%2C200 1x, https:\/\/i0.wp.com\/larevistadigital.com.ar\/blog\/wp-content\/uploads\/6977b7a5bc7a9.png?fit=668%2C445&ssl=1&resize=525%2C300 1.5x"},"classes":[]},{"id":42181,"url":"https:\/\/larevistadigital.com.ar\/blog\/este-finde-chascomus-te-espera-con-muchas-propuestas\/","url_meta":{"origin":42007,"position":1},"title":"Este finde Chascom\u00fas te espera con muchas propuestas","author":"Alejandro Sosa Ruda","date":"23 octubre, 2025","format":false,"excerpt":"Adem\u00e1s de disfrutar de sus hermosos espacios verdes y de la naturaleza tom\u00e1ndose unos mates a orillas de la laguna, Chascom\u00fas tambi\u00e9n te espera con una amplia y variada agenda de actividades y espect\u00e1culos. Jueves 23 de octubre -MUESTRA FOTOGR\u00c1FICA - IM\u00c1GENES ANTIGUAS DE DIFERENTES SITIOS HIST\u00d3RICOS DE CHASCOM\u00daS. De\u2026","rel":"","context":"En \u00abCHASCOM\u00daS\u00bb","block_context":{"text":"CHASCOM\u00daS","link":"https:\/\/larevistadigital.com.ar\/blog\/category\/chascomus\/"},"img":{"alt_text":"","src":"https:\/\/i0.wp.com\/larevistadigital.com.ar\/blog\/wp-content\/uploads\/68fa58734b1bc.png?fit=668%2C445&ssl=1&resize=350%2C200","width":350,"height":200,"srcset":"https:\/\/i0.wp.com\/larevistadigital.com.ar\/blog\/wp-content\/uploads\/68fa58734b1bc.png?fit=668%2C445&ssl=1&resize=350%2C200 1x, https:\/\/i0.wp.com\/larevistadigital.com.ar\/blog\/wp-content\/uploads\/68fa58734b1bc.png?fit=668%2C445&ssl=1&resize=525%2C300 1.5x"},"classes":[]},{"id":44336,"url":"https:\/\/larevistadigital.com.ar\/blog\/fueron-detectadas-en-chascomus-aves-con-gripe-aviar\/","url_meta":{"origin":42007,"position":2},"title":"Fueron detectadas en Chascom\u00fas aves con gripe aviar","author":"Alejandro Sosa Ruda","date":"5 marzo, 2026","format":false,"excerpt":"La Secretar\u00eda de Salud P\u00fablica municipal recibi\u00f3 la confirmaci\u00f3n diagn\u00f3stica sobre el primer caso local de influenza aviar. 05 de marzo de 2026 CHASCOM\u00daS -\u00a0 \u00a0Autoridades del SENASA (Servicio Nacional de Sanidad y Calidad Agroalimentaria) y la responsable de Epidemiologia de la regi\u00f3n Sanitaria XI confirmaron un caso de influenza\u2026","rel":"","context":"En \u00abINTERES GENERAL\u00bb","block_context":{"text":"INTERES GENERAL","link":"https:\/\/larevistadigital.com.ar\/blog\/category\/interes-general\/"},"img":{"alt_text":"","src":"https:\/\/i0.wp.com\/larevistadigital.com.ar\/blog\/wp-content\/uploads\/69a9c33ed2edc.png?fit=668%2C445&ssl=1&resize=350%2C200","width":350,"height":200,"srcset":"https:\/\/i0.wp.com\/larevistadigital.com.ar\/blog\/wp-content\/uploads\/69a9c33ed2edc.png?fit=668%2C445&ssl=1&resize=350%2C200 1x, https:\/\/i0.wp.com\/larevistadigital.com.ar\/blog\/wp-content\/uploads\/69a9c33ed2edc.png?fit=668%2C445&ssl=1&resize=525%2C300 1.5x"},"classes":[]},{"id":40304,"url":"https:\/\/larevistadigital.com.ar\/blog\/chascomus-de-vacaciones-de-invierno-con-una-agenda-extraordinaria\/","url_meta":{"origin":42007,"position":3},"title":"\u201cChascom\u00fas de vacaciones de invierno\u201d con una agenda extraordinaria","author":"Alejandro Sosa Ruda","date":"4 julio, 2025","format":false,"excerpt":"La programaci\u00f3n incluye visitas guiadas, exposiciones, teatro, juegos, espect\u00e1culos, danzas, literatura, entre otras actividades, para todas las edades y disfrutar en familia. 04 De Julio de 2025 CHASCOM\u00daS-\u00a0 \u00a0\u00a1Con gran expectativa Chascom\u00fas se prepara para el inicio de las vacaciones de invierno con muchas actividades recreativas y propuestas para todas\u2026","rel":"","context":"En \u00abCHASCOM\u00daS\u00bb","block_context":{"text":"CHASCOM\u00daS","link":"https:\/\/larevistadigital.com.ar\/blog\/category\/chascomus\/"},"img":{"alt_text":"","src":"https:\/\/i0.wp.com\/larevistadigital.com.ar\/blog\/wp-content\/uploads\/686817651f31f.png?fit=668%2C445&ssl=1&resize=350%2C200","width":350,"height":200,"srcset":"https:\/\/i0.wp.com\/larevistadigital.com.ar\/blog\/wp-content\/uploads\/686817651f31f.png?fit=668%2C445&ssl=1&resize=350%2C200 1x, https:\/\/i0.wp.com\/larevistadigital.com.ar\/blog\/wp-content\/uploads\/686817651f31f.png?fit=668%2C445&ssl=1&resize=525%2C300 1.5x"},"classes":[]},{"id":40432,"url":"https:\/\/larevistadigital.com.ar\/blog\/la-agenda-de-las-vacaciones-de-invierno-esta-a-un-click\/","url_meta":{"origin":42007,"position":4},"title":"La agenda de las vacaciones de invierno est\u00e1 a un click","author":"Alejandro Sosa Ruda","date":"11 julio, 2025","format":false,"excerpt":"Chascom\u00fas se prepara para disfrutar de dos semanas con gran variedad de actividades para disfrutar en familia. 11 de Julio de 2025 CHASCOM\u00daS -\u00a0 \u00a0Las vacaciones de invierno ya se encuentran muy cerca y nuestra ciudad, adem\u00e1s del entorno natural \u00fanico que la caracteriza, tendr\u00e1 una gran cantidad de actividades\u2026","rel":"","context":"En \u00abCHASCOM\u00daS\u00bb","block_context":{"text":"CHASCOM\u00daS","link":"https:\/\/larevistadigital.com.ar\/blog\/category\/chascomus\/"},"img":{"alt_text":"","src":"https:\/\/i0.wp.com\/larevistadigital.com.ar\/blog\/wp-content\/uploads\/68714736ab180.png?fit=668%2C445&ssl=1&resize=350%2C200","width":350,"height":200,"srcset":"https:\/\/i0.wp.com\/larevistadigital.com.ar\/blog\/wp-content\/uploads\/68714736ab180.png?fit=668%2C445&ssl=1&resize=350%2C200 1x, https:\/\/i0.wp.com\/larevistadigital.com.ar\/blog\/wp-content\/uploads\/68714736ab180.png?fit=668%2C445&ssl=1&resize=525%2C300 1.5x"},"classes":[]},{"id":42393,"url":"https:\/\/larevistadigital.com.ar\/blog\/chascomus-se-realizaron-distintos-trabajos-de-puesta-en-valor-del-museo-pampeano\/","url_meta":{"origin":42007,"position":5},"title":"Chascom\u00fas: Se realizaron distintos trabajos de puesta en valor del Museo Pampeano","author":"Alejandro Sosa Ruda","date":"5 noviembre, 2025","format":false,"excerpt":"Las tareas se concentraron en la pintura de las salas, cocina y aberturas Durante los \u00faltimos d\u00edas se llevaron a cabo tareas de pintura en el Museo Pampeano, para la puesta en valor de esta hist\u00f3rica edificaci\u00f3n que en este mes est\u00e1 arribando a un nuevo aniversario, buscando realzar a\u00fan\u2026","rel":"","context":"En \u00abCHASCOM\u00daS\u00bb","block_context":{"text":"CHASCOM\u00daS","link":"https:\/\/larevistadigital.com.ar\/blog\/category\/chascomus\/"},"img":{"alt_text":"","src":"https:\/\/i0.wp.com\/larevistadigital.com.ar\/blog\/wp-content\/uploads\/690b8527ac768.png?fit=668%2C445&ssl=1&resize=350%2C200","width":350,"height":200,"srcset":"https:\/\/i0.wp.com\/larevistadigital.com.ar\/blog\/wp-content\/uploads\/690b8527ac768.png?fit=668%2C445&ssl=1&resize=350%2C200 1x, https:\/\/i0.wp.com\/larevistadigital.com.ar\/blog\/wp-content\/uploads\/690b8527ac768.png?fit=668%2C445&ssl=1&resize=525%2C300 1.5x"},"classes":[]}],"_links":{"self":[{"href":"https:\/\/larevistadigital.com.ar\/blog\/wp-json\/wp\/v2\/posts\/42007","targetHints":{"allow":["GET"]}}],"collection":[{"href":"https:\/\/larevistadigital.com.ar\/blog\/wp-json\/wp\/v2\/posts"}],"about":[{"href":"https:\/\/larevistadigital.com.ar\/blog\/wp-json\/wp\/v2\/types\/post"}],"author":[{"embeddable":true,"href":"https:\/\/larevistadigital.com.ar\/blog\/wp-json\/wp\/v2\/users\/3"}],"replies":[{"embeddable":true,"href":"https:\/\/larevistadigital.com.ar\/blog\/wp-json\/wp\/v2\/comments?post=42007"}],"version-history":[{"count":1,"href":"https:\/\/larevistadigital.com.ar\/blog\/wp-json\/wp\/v2\/posts\/42007\/revisions"}],"predecessor-version":[{"id":42009,"href":"https:\/\/larevistadigital.com.ar\/blog\/wp-json\/wp\/v2\/posts\/42007\/revisions\/42009"}],"wp:featuredmedia":[{"embeddable":true,"href":"https:\/\/larevistadigital.com.ar\/blog\/wp-json\/wp\/v2\/media\/42008"}],"wp:attachment":[{"href":"https:\/\/larevistadigital.com.ar\/blog\/wp-json\/wp\/v2\/media?parent=42007"}],"wp:term":[{"taxonomy":"category","embeddable":true,"href":"https:\/\/larevistadigital.com.ar\/blog\/wp-json\/wp\/v2\/categories?post=42007"},{"taxonomy":"post_tag","embeddable":true,"href":"https:\/\/larevistadigital.com.ar\/blog\/wp-json\/wp\/v2\/tags?post=42007"}],"curies":[{"name":"wp","href":"https:\/\/api.w.org\/{rel}","templated":true}]}}