{"id":42010,"date":"2025-10-16T17:20:59","date_gmt":"2025-10-16T20:20:59","guid":{"rendered":"https:\/\/larevistadigital.com.ar\/blog\/?p=42010"},"modified":"2025-10-16T17:20:59","modified_gmt":"2025-10-16T20:20:59","slug":"chascomus-nueva-capacitacion-para-el-mundo-del-trabajo-en-la-escuela-n-9","status":"publish","type":"post","link":"https:\/\/larevistadigital.com.ar\/blog\/chascomus-nueva-capacitacion-para-el-mundo-del-trabajo-en-la-escuela-n-9\/","title":{"rendered":"Chascom\u00fas:  Nueva capacitaci\u00f3n para el mundo del trabajo en la Escuela N\u00b0 9"},"content":{"rendered":"<h3 class=\"excerpt\">Ofrece a los estudiantes de quinto a\u00f1o herramientas y habilidades claves para su futura inserci\u00f3n laboral.<\/h3>\n<p>16 de Octubre de 2025<\/p>\n<div id=\"miDiv1\" class=\"text\">\n<p><strong>CHASCOM\u00daS &#8211;\u00a0<\/strong> \u00a0La Municipalidad de Chascom\u00fas ofreci\u00f3 en la Escuela de Educaci\u00f3n Secundaria N 9, ubicada en el barrio El Porte\u00f1o, un nuevo encuentro del ciclo \u201cHerramientas y Habilidades para el mundo del trabajo\u201d.<\/p>\n<blockquote>\n<h3>La actividad se da en el marco de la Mesa de COPRET y fue dictada por el Equipo T\u00e9cnico de la Oficina de Empleo, dependiente del \u00e1rea de Desarrollo Productivo Municipal, en articulaci\u00f3n con Jefatura Distrital.<\/h3>\n<\/blockquote>\n<p>Este espacio busca brindar a los y las estudiantes de 5\u00b0 a\u00f1o herramientas clave para su futura inserci\u00f3n laboral, abordando temas como empleo en relaci\u00f3n de dependencia e independiente, armado de Curriculum Vitae, entrevista laboral, agenda de b\u00fasqueda y el desarrollo de habilidades transversales.<\/p>\n<p>Cabe destacar que, a lo largo del a\u00f1o, estas acciones ya se desarrollaron en distintas escuelas secundarias de la ciudad, como la Secundaria N\u00b04, N\u00b05, N\u00b03, N\u00b07, N\u00b06, N\u00b08, consolidando as\u00ed un trabajo sostenido entre la educaci\u00f3n y el mundo del empleo.<\/p>\n<\/div>\n","protected":false},"excerpt":{"rendered":"<div class=\"mh-excerpt\"><p>Ofrece a los estudiantes de quinto a\u00f1o herramientas y habilidades claves para su futura inserci\u00f3n laboral. 16 de Octubre de 2025 CHASCOM\u00daS &#8211;\u00a0 \u00a0La Municipalidad de Chascom\u00fas ofreci\u00f3 en la Escuela de Educaci\u00f3n Secundaria N <a class=\"mh-excerpt-more\" href=\"https:\/\/larevistadigital.com.ar\/blog\/chascomus-nueva-capacitacion-para-el-mundo-del-trabajo-en-la-escuela-n-9\/\" title=\"Chascom\u00fas:  Nueva capacitaci\u00f3n para el mundo del trabajo en la Escuela N\u00b0 9\">[Leer M\u00e1s]<\/a><\/p>\n<\/div>","protected":false},"author":3,"featured_media":42011,"comment_status":"open","ping_status":"open","sticky":false,"template":"","format":"standard","meta":{"_jetpack_memberships_contains_paid_content":false,"footnotes":"","jetpack_publicize_message":"","jetpack_publicize_feature_enabled":true,"jetpack_social_post_already_shared":true,"jetpack_social_options":{"image_generator_settings":{"template":"highway","default_image_id":0,"font":"","enabled":false},"version":2}},"categories":[6],"tags":[],"class_list":{"0":"post-42010","1":"post","2":"type-post","3":"status-publish","4":"format-standard","5":"has-post-thumbnail","7":"category-chascomus"},"jetpack_publicize_connections":[],"jetpack_featured_media_url":"https:\/\/i0.wp.com\/larevistadigital.com.ar\/blog\/wp-content\/uploads\/68f12867797ed.png?fit=668%2C445&ssl=1","jetpack_sharing_enabled":true,"jetpack_shortlink":"https:\/\/wp.me\/p8qtrQ-aVA","jetpack-related-posts":[{"id":42268,"url":"https:\/\/larevistadigital.com.ar\/blog\/chascomus-formacion-para-el-mundo-del-trabajo-en-la-escuela-nuestra-senora-de-lujan\/","url_meta":{"origin":42010,"position":0},"title":"Chascom\u00fas: Formaci\u00f3n para el mundo del trabajo en la Escuela Nuestra Se\u00f1ora de Luj\u00e1n","author":"Alejandro Sosa Ruda","date":"29 octubre, 2025","format":false,"excerpt":"Este espacio busca brindar a los estudiantes de 5\u00b0 a\u00f1o herramientas clave para su futura inserci\u00f3n laboral. 29 de Octubre de 2025 CHASCOM\u00daS -\u00a0 \u00a0El \u00faltimo martes, en la Escuela Secundaria Nuestra Se\u00f1ora de Luj\u00e1n, la Municipalidad de Chascom\u00fas ofreci\u00f3 un nuevo encuentro del ciclo \u201cHerramientas y habilidades para el\u2026","rel":"","context":"En \u00abCHASCOM\u00daS\u00bb","block_context":{"text":"CHASCOM\u00daS","link":"https:\/\/larevistadigital.com.ar\/blog\/category\/chascomus\/"},"img":{"alt_text":"","src":"https:\/\/i0.wp.com\/larevistadigital.com.ar\/blog\/wp-content\/uploads\/69025525809f1.png?fit=668%2C445&ssl=1&resize=350%2C200","width":350,"height":200,"srcset":"https:\/\/i0.wp.com\/larevistadigital.com.ar\/blog\/wp-content\/uploads\/69025525809f1.png?fit=668%2C445&ssl=1&resize=350%2C200 1x, https:\/\/i0.wp.com\/larevistadigital.com.ar\/blog\/wp-content\/uploads\/69025525809f1.png?fit=668%2C445&ssl=1&resize=525%2C300 1.5x"},"classes":[]},{"id":45171,"url":"https:\/\/larevistadigital.com.ar\/blog\/chascomus-la-municipalidad-acompana-a-estudiantes-secundarios-en-su-formacion-para-el-mundo-del-trabajo\/","url_meta":{"origin":42010,"position":1},"title":"Chascom\u00fas: La Municipalidad acompa\u00f1a a estudiantes secundarios en su formaci\u00f3n para el mundo del trabajo","author":"Alejandro Sosa Ruda","date":"17 abril, 2026","format":false,"excerpt":"De esta manera se contribuye en la construcci\u00f3n de sus proyectos de vida, promoviendo el acceso a oportunidades de formaci\u00f3n y empleo La Municipalidad de Chascom\u00fas, a trav\u00e9s del \u00e1rea de Desarrollo Productivo, comenz\u00f3 el martes 14 de abril una nueva edici\u00f3n del ciclo de encuentros \u201cHerramientas y habilidades para\u2026","rel":"","context":"En \u00abCHASCOM\u00daS\u00bb","block_context":{"text":"CHASCOM\u00daS","link":"https:\/\/larevistadigital.com.ar\/blog\/category\/chascomus\/"},"img":{"alt_text":"","src":"https:\/\/i0.wp.com\/larevistadigital.com.ar\/blog\/wp-content\/uploads\/69e26dcf4e833.png?fit=668%2C445&ssl=1&resize=350%2C200","width":350,"height":200,"srcset":"https:\/\/i0.wp.com\/larevistadigital.com.ar\/blog\/wp-content\/uploads\/69e26dcf4e833.png?fit=668%2C445&ssl=1&resize=350%2C200 1x, https:\/\/i0.wp.com\/larevistadigital.com.ar\/blog\/wp-content\/uploads\/69e26dcf4e833.png?fit=668%2C445&ssl=1&resize=525%2C300 1.5x"},"classes":[]},{"id":40279,"url":"https:\/\/larevistadigital.com.ar\/blog\/chascomus-se-realizo-la-charla-sobre-herramientas-y-habilidades-para-el-mundo-del-trabajo\/","url_meta":{"origin":42010,"position":2},"title":"Chascom\u00fas: Se realiz\u00f3 la charla sobre \u201cHerramientas y habilidades para el mundo del trabajo\u201d","author":"Alejandro Sosa Ruda","date":"2 julio, 2025","format":false,"excerpt":"El objetivo es brindar y fortalecer herramientas que las personas necesitan al momento de insertarse en el mundo laboral 02 de Julio de 2025 CHASCOM\u00daS-\u00a0 \u00a0La Municipalidad de Chascom\u00fas trabaja de manera articulada con el Centro de Formaci\u00f3n Laboral N\u00b0 401, y en este marco, el \u00faltimo martes desde las\u2026","rel":"","context":"En \u00abCHASCOM\u00daS\u00bb","block_context":{"text":"CHASCOM\u00daS","link":"https:\/\/larevistadigital.com.ar\/blog\/category\/chascomus\/"},"img":{"alt_text":"","src":"https:\/\/i0.wp.com\/larevistadigital.com.ar\/blog\/wp-content\/uploads\/686565ee1b9c2.png?fit=668%2C445&ssl=1&resize=350%2C200","width":350,"height":200,"srcset":"https:\/\/i0.wp.com\/larevistadigital.com.ar\/blog\/wp-content\/uploads\/686565ee1b9c2.png?fit=668%2C445&ssl=1&resize=350%2C200 1x, https:\/\/i0.wp.com\/larevistadigital.com.ar\/blog\/wp-content\/uploads\/686565ee1b9c2.png?fit=668%2C445&ssl=1&resize=525%2C300 1.5x"},"classes":[]},{"id":42143,"url":"https:\/\/larevistadigital.com.ar\/blog\/chascomus-la-empresa-ccu-argentina-villa-del-sur-brindo-un-taller-laboral-a-estudiantes-secundarios\/","url_meta":{"origin":42010,"position":3},"title":"Chascom\u00fas: La empresa CCU Argentina &#8211; Villa del Sur brind\u00f3 un taller laboral a estudiantes secundarios","author":"Alejandro Sosa Ruda","date":"21 octubre, 2025","format":false,"excerpt":"A trav\u00e9s del programa Coordenadas, desde la Municipalidad se trabaja para acercar a los j\u00f3venes estudiantes con el mundo del trabajo. 21 de Octubre de 2025 CHASCOM\u00daS -\u00a0 \u00a0Durante la ma\u00f1ana de este martes, en el marco del programa \"Coordenadas\", empresa CCU Argentina - Villa del Sur brind\u00f3 un taller\u2026","rel":"","context":"En \u00abCHASCOM\u00daS\u00bb","block_context":{"text":"CHASCOM\u00daS","link":"https:\/\/larevistadigital.com.ar\/blog\/category\/chascomus\/"},"img":{"alt_text":"","src":"https:\/\/i0.wp.com\/larevistadigital.com.ar\/blog\/wp-content\/uploads\/68f7b8718a9f4.png?fit=668%2C445&ssl=1&resize=350%2C200","width":350,"height":200,"srcset":"https:\/\/i0.wp.com\/larevistadigital.com.ar\/blog\/wp-content\/uploads\/68f7b8718a9f4.png?fit=668%2C445&ssl=1&resize=350%2C200 1x, https:\/\/i0.wp.com\/larevistadigital.com.ar\/blog\/wp-content\/uploads\/68f7b8718a9f4.png?fit=668%2C445&ssl=1&resize=525%2C300 1.5x"},"classes":[]},{"id":42103,"url":"https:\/\/larevistadigital.com.ar\/blog\/chascomus-la-empresa-atalaya-dialogo-con-estudiantes-secundarios-sobre-los-primeros-pasos-laborales\/","url_meta":{"origin":42010,"position":4},"title":"Chascom\u00fas: La empresa Atalaya dialog\u00f3 con estudiantes secundarios sobre los primeros pasos laborales","author":"Alejandro Sosa Ruda","date":"20 octubre, 2025","format":false,"excerpt":"A trav\u00e9s del programa Coordenadas, desde la Municipalidad se acompa\u00f1a a los j\u00f3venes con valiosas herramientas para que puedan insertarse en el mundo laboral. 20 de Octubre de 2025 CHASCOM\u00daS -\u00a0 \u00a0El \u00faltimo viernes, en el marco del programa \"Coordenadas\", estudiantes de sexto a\u00f1o de escuelas secundarias de la ciudad,\u2026","rel":"","context":"En \u00abCHASCOM\u00daS\u00bb","block_context":{"text":"CHASCOM\u00daS","link":"https:\/\/larevistadigital.com.ar\/blog\/category\/chascomus\/"},"img":{"alt_text":"","src":"https:\/\/i0.wp.com\/larevistadigital.com.ar\/blog\/wp-content\/uploads\/68f684e9949af.png?fit=668%2C445&ssl=1&resize=350%2C200","width":350,"height":200,"srcset":"https:\/\/i0.wp.com\/larevistadigital.com.ar\/blog\/wp-content\/uploads\/68f684e9949af.png?fit=668%2C445&ssl=1&resize=350%2C200 1x, https:\/\/i0.wp.com\/larevistadigital.com.ar\/blog\/wp-content\/uploads\/68f684e9949af.png?fit=668%2C445&ssl=1&resize=525%2C300 1.5x"},"classes":[]},{"id":45017,"url":"https:\/\/larevistadigital.com.ar\/blog\/chascomus-se-ofrece-el-taller-proyectando-mi-futuro-laboral-para-jovenes\/","url_meta":{"origin":42010,"position":5},"title":"Chascom\u00fas: Se ofrece el taller \u201cProyectando mi futuro laboral\u201d para j\u00f3venes","author":"Alejandro Sosa Ruda","date":"8 abril, 2026","format":false,"excerpt":"Un espacio de orientaci\u00f3n y contenci\u00f3n, a partir de los 17 a\u00f1os, que apunta a la construcci\u00f3n de sus proyectos de vida, promoviendo el acceso a oportunidades de formaci\u00f3n y empleo. 08 de abril de 2026 CHASCOM\u00daS -\u00a0 \u00a0La Municipalidad de Chascom\u00fas, a trav\u00e9s del \u00e1rea de Desarrollo Productivo, invita\u2026","rel":"","context":"En \u00abCHASCOM\u00daS\u00bb","block_context":{"text":"CHASCOM\u00daS","link":"https:\/\/larevistadigital.com.ar\/blog\/category\/chascomus\/"},"img":{"alt_text":"","src":"https:\/\/i0.wp.com\/larevistadigital.com.ar\/blog\/wp-content\/uploads\/69d685d989315.png?fit=668%2C445&ssl=1&resize=350%2C200","width":350,"height":200,"srcset":"https:\/\/i0.wp.com\/larevistadigital.com.ar\/blog\/wp-content\/uploads\/69d685d989315.png?fit=668%2C445&ssl=1&resize=350%2C200 1x, https:\/\/i0.wp.com\/larevistadigital.com.ar\/blog\/wp-content\/uploads\/69d685d989315.png?fit=668%2C445&ssl=1&resize=525%2C300 1.5x"},"classes":[]}],"_links":{"self":[{"href":"https:\/\/larevistadigital.com.ar\/blog\/wp-json\/wp\/v2\/posts\/42010","targetHints":{"allow":["GET"]}}],"collection":[{"href":"https:\/\/larevistadigital.com.ar\/blog\/wp-json\/wp\/v2\/posts"}],"about":[{"href":"https:\/\/larevistadigital.com.ar\/blog\/wp-json\/wp\/v2\/types\/post"}],"author":[{"embeddable":true,"href":"https:\/\/larevistadigital.com.ar\/blog\/wp-json\/wp\/v2\/users\/3"}],"replies":[{"embeddable":true,"href":"https:\/\/larevistadigital.com.ar\/blog\/wp-json\/wp\/v2\/comments?post=42010"}],"version-history":[{"count":1,"href":"https:\/\/larevistadigital.com.ar\/blog\/wp-json\/wp\/v2\/posts\/42010\/revisions"}],"predecessor-version":[{"id":42012,"href":"https:\/\/larevistadigital.com.ar\/blog\/wp-json\/wp\/v2\/posts\/42010\/revisions\/42012"}],"wp:featuredmedia":[{"embeddable":true,"href":"https:\/\/larevistadigital.com.ar\/blog\/wp-json\/wp\/v2\/media\/42011"}],"wp:attachment":[{"href":"https:\/\/larevistadigital.com.ar\/blog\/wp-json\/wp\/v2\/media?parent=42010"}],"wp:term":[{"taxonomy":"category","embeddable":true,"href":"https:\/\/larevistadigital.com.ar\/blog\/wp-json\/wp\/v2\/categories?post=42010"},{"taxonomy":"post_tag","embeddable":true,"href":"https:\/\/larevistadigital.com.ar\/blog\/wp-json\/wp\/v2\/tags?post=42010"}],"curies":[{"name":"wp","href":"https:\/\/api.w.org\/{rel}","templated":true}]}}