{"id":42013,"date":"2025-10-16T17:23:29","date_gmt":"2025-10-16T20:23:29","guid":{"rendered":"https:\/\/larevistadigital.com.ar\/blog\/?p=42013"},"modified":"2025-10-16T17:23:29","modified_gmt":"2025-10-16T20:23:29","slug":"chascomus-jovenes-de-envion-participaron-del-cierre-provincial-del-programa-futuro-y-memoria","status":"publish","type":"post","link":"https:\/\/larevistadigital.com.ar\/blog\/chascomus-jovenes-de-envion-participaron-del-cierre-provincial-del-programa-futuro-y-memoria\/","title":{"rendered":"Chascom\u00fas: J\u00f3venes de Envi\u00f3n participaron del cierre provincial del programa Futuro y Memoria"},"content":{"rendered":"<h3 class=\"excerpt\">Los grupos de las sedes 30 de Mayo y San Cayetano compartieron una jornada de aprendizaje y encuentro en la Rep\u00fablica de los Ni\u00f1os.<\/h3>\n<p>16 de Octubre de 2025<\/p>\n<div id=\"miDiv1\" class=\"text\">\n<p><strong>CHASCOM\u00daS &#8211;\u00a0<\/strong> \u00a0El cierre anual del programa provincial Futuro y Memoria, impulsado por la Subsecretar\u00eda de Derechos Humanos de la provincia de Buenos Aires, reuni\u00f3 a j\u00f3venes de toda el territorio provincial en la Rep\u00fablica de los Ni\u00f1os, en la ciudad de La Plata.<\/p>\n<blockquote>\n<h3>Entre ellos, participaron integrantes del Programa Envi\u00f3n Chascom\u00fas, de las sedes 30 de Mayo y San Cayetano, acompa\u00f1ados por sus talleristas, equipos t\u00e9cnicos y coordinadores.<\/h3>\n<\/blockquote>\n<p>Durante la jornada, los grupos locales compartieron una experiencia de aprendizaje colectivo con j\u00f3venes de distintos puntos de la provincia. El encuentro incluy\u00f3 muestras de freestyle, m\u00fasica, danza y percusi\u00f3n, adem\u00e1s de exposiciones de los trabajos realizados durante el a\u00f1o en escuelas y espacios comunitarios.<\/p>\n<p>A lo largo de 2025, los participantes de Envi\u00f3n desarrollaron producciones audiovisuales que fueron difundidas en redes sociales, en el marco de las propuestas del programa. En esta oportunidad, recibieron sus certificados de participaci\u00f3n y pudieron conocer a otros grupos que llevaron adelante proyectos similares en sus comunidades.<\/p>\n<p>Los j\u00f3venes chascomunenses trabajaron en tres proyectos, seleccionados previamente en la asamblea local de Decisi\u00f3n Ni\u00f1ez, que representaron a la ciudad en la instancia regional del programa:<\/p>\n<blockquote>\n<h3>\u201cEl SanCa en Movimiento\u201d, del Centro Vespertino del barrio San Cayetano, que propone la creaci\u00f3n de bastidores con consignas sobre los derechos de la ni\u00f1ez, elaborados por ni\u00f1os y ni\u00f1as de 8 a 12 a\u00f1os para colocar en espacios p\u00fablicos.<\/h3>\n<\/blockquote>\n<p>\u201cM\u00e1s m\u00fasica y freestyle para El Porte\u00f1o\u201d, del grupo Envi\u00f3n, que busca generar un espacio de encuentro y expresi\u00f3n en la plaza del barrio a trav\u00e9s del rap y el freestyle.<\/p>\n<p>\u201cNuestro espacio, nuestro futuro\u201d, de estudiantes de 6\u00b0 a\u00f1o de la Escuela Secundaria N\u00b03, que apunta a poner en valor el play\u00f3n de ingreso del establecimiento para desarrollar actividades abiertas a la comunidad juvenil.<\/p>\n<blockquote>\n<h3>En la jornada, adem\u00e1s de los tres grupos mencionados, participaron contingentes de la Escuela Secundaria N\u00ba 1, de la T\u00e9cnica N\u00ba 1 y de la Escuela Especial 502, cuyo traslado estuvo a cargo de la Municipalidad de Chascom\u00fas.<\/h3>\n<\/blockquote>\n<p>El programa Futuro y Memoria promueve el trabajo en torno a la construcci\u00f3n de la identidad, la memoria colectiva y los derechos humanos a trav\u00e9s de expresiones art\u00edsticas y comunitarias, fomentando la participaci\u00f3n de adolescentes y j\u00f3venes de toda la provincia.<\/p>\n<\/div>\n","protected":false},"excerpt":{"rendered":"<div class=\"mh-excerpt\"><p>Los grupos de las sedes 30 de Mayo y San Cayetano compartieron una jornada de aprendizaje y encuentro en la Rep\u00fablica de los Ni\u00f1os. 16 de Octubre de 2025 CHASCOM\u00daS &#8211;\u00a0 \u00a0El cierre anual del <a class=\"mh-excerpt-more\" href=\"https:\/\/larevistadigital.com.ar\/blog\/chascomus-jovenes-de-envion-participaron-del-cierre-provincial-del-programa-futuro-y-memoria\/\" title=\"Chascom\u00fas: J\u00f3venes de Envi\u00f3n participaron del cierre provincial del programa Futuro y Memoria\">[Leer M\u00e1s]<\/a><\/p>\n<\/div>","protected":false},"author":3,"featured_media":42014,"comment_status":"open","ping_status":"open","sticky":false,"template":"","format":"standard","meta":{"_jetpack_memberships_contains_paid_content":false,"footnotes":"","jetpack_publicize_message":"","jetpack_publicize_feature_enabled":true,"jetpack_social_post_already_shared":true,"jetpack_social_options":{"image_generator_settings":{"template":"highway","default_image_id":0,"font":"","enabled":false},"version":2}},"categories":[6],"tags":[],"class_list":{"0":"post-42013","1":"post","2":"type-post","3":"status-publish","4":"format-standard","5":"has-post-thumbnail","7":"category-chascomus"},"jetpack_publicize_connections":[],"jetpack_featured_media_url":"https:\/\/i0.wp.com\/larevistadigital.com.ar\/blog\/wp-content\/uploads\/68f125c949f9c.png?fit=668%2C445&ssl=1","jetpack_sharing_enabled":true,"jetpack_shortlink":"https:\/\/wp.me\/p8qtrQ-aVD","jetpack-related-posts":[{"id":42112,"url":"https:\/\/larevistadigital.com.ar\/blog\/chascomus-presente-en-el-encuentro-provincial-de-jovenes-y-memoria\/","url_meta":{"origin":42013,"position":0},"title":"Chascom\u00fas presente en el encuentro provincial de \u201cJ\u00f3venes y Memoria\u201d","author":"Alejandro Sosa Ruda","date":"20 octubre, 2025","format":false,"excerpt":"M\u00e1s de 50 j\u00f3venes locales compartieron sus producciones e investigaciones en Mar del Plata. 20 de Octubre de 2025 CHASCOM\u00daS -\u00a0 \u00a0M\u00e1s de medio centenar de j\u00f3venes de Chascom\u00fas participaron la semana pasada del encuentro provincial del programa \u201cJ\u00f3venes y Memoria\u201d, que se llev\u00f3 a cabo en la ciudad de\u2026","rel":"","context":"En \u00abCHASCOM\u00daS\u00bb","block_context":{"text":"CHASCOM\u00daS","link":"https:\/\/larevistadigital.com.ar\/blog\/category\/chascomus\/"},"img":{"alt_text":"","src":"https:\/\/i0.wp.com\/larevistadigital.com.ar\/blog\/wp-content\/uploads\/68f6718932c35.png?fit=668%2C445&ssl=1&resize=350%2C200","width":350,"height":200,"srcset":"https:\/\/i0.wp.com\/larevistadigital.com.ar\/blog\/wp-content\/uploads\/68f6718932c35.png?fit=668%2C445&ssl=1&resize=350%2C200 1x, https:\/\/i0.wp.com\/larevistadigital.com.ar\/blog\/wp-content\/uploads\/68f6718932c35.png?fit=668%2C445&ssl=1&resize=525%2C300 1.5x"},"classes":[]},{"id":40060,"url":"https:\/\/larevistadigital.com.ar\/blog\/lucio-alfonsin-siempre-es-importante-la-participacion-de-los-jovenes-y-adolescentes\/","url_meta":{"origin":42013,"position":1},"title":"Lucio Alfons\u00edn: \u201csiempre es importante la participaci\u00f3n de los j\u00f3venes y adolescentes\u201d","author":"Alejandro Sosa Ruda","date":"12 junio, 2025","format":false,"excerpt":"J\u00f3venes de Envi\u00f3n de los barrios San Cayetano y 30 de Mayo trabajan en dos proyectos para participar de una nueva edici\u00f3n del programa Futuro Memoria. 12 de Junio de 2025 CHASCOM\u00daS -\u00a0 Los j\u00f3venes del grupo Envi\u00f3n de los barrios 30 de Mayo y San Cayetano participan del concurso\u2026","rel":"","context":"En \u00abCHASCOM\u00daS\u00bb","block_context":{"text":"CHASCOM\u00daS","link":"https:\/\/larevistadigital.com.ar\/blog\/category\/chascomus\/"},"img":{"alt_text":"","src":"https:\/\/i0.wp.com\/larevistadigital.com.ar\/blog\/wp-content\/uploads\/684b164e11b20.png?fit=668%2C445&ssl=1&resize=350%2C200","width":350,"height":200,"srcset":"https:\/\/i0.wp.com\/larevistadigital.com.ar\/blog\/wp-content\/uploads\/684b164e11b20.png?fit=668%2C445&ssl=1&resize=350%2C200 1x, https:\/\/i0.wp.com\/larevistadigital.com.ar\/blog\/wp-content\/uploads\/684b164e11b20.png?fit=668%2C445&ssl=1&resize=525%2C300 1.5x"},"classes":[]},{"id":43690,"url":"https:\/\/larevistadigital.com.ar\/blog\/subsidio-del-programa-envion-para-acompanar-a-talleres-del-carnaval-infantil\/","url_meta":{"origin":42013,"position":2},"title":"Subsidio del Programa Envi\u00f3n para acompa\u00f1ar a talleres del Carnaval Infantil","author":"Alejandro Sosa Ruda","date":"31 enero, 2026","format":false,"excerpt":"La directora provincial Carolina Schmukler visit\u00f3 Chascom\u00fas junto a integrantes del equipo t\u00e9cnico provincial y confirm\u00f3 una inversi\u00f3n de 10 millones de pesos. 31 de enero de 2026 CHASCOM\u00daS -\u00a0 \u00a0Este viernes, durante el desarrollo del Festival de Orquestas Infantiles y Juveniles, el intendente Javier Gast\u00f3n recibi\u00f3 en su despacho\u2026","rel":"","context":"En \u00abCHASCOM\u00daS\u00bb","block_context":{"text":"CHASCOM\u00daS","link":"https:\/\/larevistadigital.com.ar\/blog\/category\/chascomus\/"},"img":{"alt_text":"","src":"https:\/\/i0.wp.com\/larevistadigital.com.ar\/blog\/wp-content\/uploads\/697cebe86f6a1.png?fit=668%2C445&ssl=1&resize=350%2C200","width":350,"height":200,"srcset":"https:\/\/i0.wp.com\/larevistadigital.com.ar\/blog\/wp-content\/uploads\/697cebe86f6a1.png?fit=668%2C445&ssl=1&resize=350%2C200 1x, https:\/\/i0.wp.com\/larevistadigital.com.ar\/blog\/wp-content\/uploads\/697cebe86f6a1.png?fit=668%2C445&ssl=1&resize=525%2C300 1.5x"},"classes":[]},{"id":40102,"url":"https:\/\/larevistadigital.com.ar\/blog\/chascomus-ninos-ninas-y-adolescentes-presentaron-tres-proyectos-comunitarios-en-la-asamblea-local-de-decision-ninez\/","url_meta":{"origin":42013,"position":3},"title":"Chascom\u00fas: Ni\u00f1os, ni\u00f1as y adolescentes presentaron tres proyectos comunitarios en la asamblea local de Decisi\u00f3n Ni\u00f1ez","author":"Alejandro Sosa Ruda","date":"14 junio, 2025","format":false,"excerpt":"Las propuestas fueron seleccionadas para representar a Chascom\u00fas en la instancia regional del programa provincial que promueve la participaci\u00f3n infantil y adolescente. 14 de Junio de 2025 CHASCOM\u00daS -\u00a0 \u00a0En el CIC del barrio 30 de Mayo se realiz\u00f3 el jueves por la tarde la asamblea local del programa Decisi\u00f3n\u2026","rel":"","context":"En \u00abCHASCOM\u00daS\u00bb","block_context":{"text":"CHASCOM\u00daS","link":"https:\/\/larevistadigital.com.ar\/blog\/category\/chascomus\/"},"img":{"alt_text":"","src":"https:\/\/i0.wp.com\/larevistadigital.com.ar\/blog\/wp-content\/uploads\/684c5e83874ea.png?fit=668%2C445&ssl=1&resize=350%2C200","width":350,"height":200,"srcset":"https:\/\/i0.wp.com\/larevistadigital.com.ar\/blog\/wp-content\/uploads\/684c5e83874ea.png?fit=668%2C445&ssl=1&resize=350%2C200 1x, https:\/\/i0.wp.com\/larevistadigital.com.ar\/blog\/wp-content\/uploads\/684c5e83874ea.png?fit=668%2C445&ssl=1&resize=525%2C300 1.5x"},"classes":[]},{"id":39977,"url":"https:\/\/larevistadigital.com.ar\/blog\/chascomus-decision-ninez-2025\/","url_meta":{"origin":42013,"position":4},"title":"Chascom\u00fas: Decisi\u00f3n Ni\u00f1ez 2025","author":"Alejandro Sosa Ruda","date":"6 junio, 2025","format":false,"excerpt":"Chicos del barrio San Cayetano presentar\u00e1n sus proyectos en la Asamblea Local. 06 de Junio de 2025 CHASCOM\u00daS -\u00a0 El pr\u00f3ximo jueves 12 a las 14.30 hs. en las instalaciones del CIC 30 de Mayo, se llevar\u00e1 a cabo la Asamblea Local, abierta al p\u00fablico, donde ni\u00f1os y adolescentes pertenecientes\u2026","rel":"","context":"En \u00abCHASCOM\u00daS\u00bb","block_context":{"text":"CHASCOM\u00daS","link":"https:\/\/larevistadigital.com.ar\/blog\/category\/chascomus\/"},"img":{"alt_text":"","src":"https:\/\/i0.wp.com\/larevistadigital.com.ar\/blog\/wp-content\/uploads\/6841d78714aa2.png?fit=668%2C445&ssl=1&resize=350%2C200","width":350,"height":200,"srcset":"https:\/\/i0.wp.com\/larevistadigital.com.ar\/blog\/wp-content\/uploads\/6841d78714aa2.png?fit=668%2C445&ssl=1&resize=350%2C200 1x, https:\/\/i0.wp.com\/larevistadigital.com.ar\/blog\/wp-content\/uploads\/6841d78714aa2.png?fit=668%2C445&ssl=1&resize=525%2C300 1.5x"},"classes":[]},{"id":38253,"url":"https:\/\/larevistadigital.com.ar\/blog\/chascomus-egresados-del-fines-cerraron-el-ano\/","url_meta":{"origin":42013,"position":5},"title":"Chascom\u00fas: Egresados del FINES cerraron el a\u00f1o","author":"Alejandro Sosa Ruda","date":"14 diciembre, 2024","format":false,"excerpt":"Con un acto de colaci\u00f3n en el Museo Pampeano donde se valor\u00f3 el esfuerzo de los estudiantes y sus familias 14 de Diciembre de 2024 CHASCOM\u00daS -\u00a0 Alrededor de cuarenta egresados participaron ayer del acto de cierre de a\u00f1o, pertenecientes a las comisiones del CIC 30 de mayo, Biblioteca Padre\u2026","rel":"","context":"En \u00abINTERES GENERAL\u00bb","block_context":{"text":"INTERES GENERAL","link":"https:\/\/larevistadigital.com.ar\/blog\/category\/interes-general\/"},"img":{"alt_text":"","src":"https:\/\/i0.wp.com\/larevistadigital.com.ar\/blog\/wp-content\/uploads\/675c7db3bcbe9.png?fit=668%2C445&ssl=1&resize=350%2C200","width":350,"height":200,"srcset":"https:\/\/i0.wp.com\/larevistadigital.com.ar\/blog\/wp-content\/uploads\/675c7db3bcbe9.png?fit=668%2C445&ssl=1&resize=350%2C200 1x, https:\/\/i0.wp.com\/larevistadigital.com.ar\/blog\/wp-content\/uploads\/675c7db3bcbe9.png?fit=668%2C445&ssl=1&resize=525%2C300 1.5x"},"classes":[]}],"_links":{"self":[{"href":"https:\/\/larevistadigital.com.ar\/blog\/wp-json\/wp\/v2\/posts\/42013","targetHints":{"allow":["GET"]}}],"collection":[{"href":"https:\/\/larevistadigital.com.ar\/blog\/wp-json\/wp\/v2\/posts"}],"about":[{"href":"https:\/\/larevistadigital.com.ar\/blog\/wp-json\/wp\/v2\/types\/post"}],"author":[{"embeddable":true,"href":"https:\/\/larevistadigital.com.ar\/blog\/wp-json\/wp\/v2\/users\/3"}],"replies":[{"embeddable":true,"href":"https:\/\/larevistadigital.com.ar\/blog\/wp-json\/wp\/v2\/comments?post=42013"}],"version-history":[{"count":1,"href":"https:\/\/larevistadigital.com.ar\/blog\/wp-json\/wp\/v2\/posts\/42013\/revisions"}],"predecessor-version":[{"id":42015,"href":"https:\/\/larevistadigital.com.ar\/blog\/wp-json\/wp\/v2\/posts\/42013\/revisions\/42015"}],"wp:featuredmedia":[{"embeddable":true,"href":"https:\/\/larevistadigital.com.ar\/blog\/wp-json\/wp\/v2\/media\/42014"}],"wp:attachment":[{"href":"https:\/\/larevistadigital.com.ar\/blog\/wp-json\/wp\/v2\/media?parent=42013"}],"wp:term":[{"taxonomy":"category","embeddable":true,"href":"https:\/\/larevistadigital.com.ar\/blog\/wp-json\/wp\/v2\/categories?post=42013"},{"taxonomy":"post_tag","embeddable":true,"href":"https:\/\/larevistadigital.com.ar\/blog\/wp-json\/wp\/v2\/tags?post=42013"}],"curies":[{"name":"wp","href":"https:\/\/api.w.org\/{rel}","templated":true}]}}