{"id":42016,"date":"2025-10-16T17:26:44","date_gmt":"2025-10-16T20:26:44","guid":{"rendered":"https:\/\/larevistadigital.com.ar\/blog\/?p=42016"},"modified":"2025-10-16T17:26:44","modified_gmt":"2025-10-16T20:26:44","slug":"chascomus-dia-de-la-soberania-alimentaria","status":"publish","type":"post","link":"https:\/\/larevistadigital.com.ar\/blog\/chascomus-dia-de-la-soberania-alimentaria\/","title":{"rendered":"Chascom\u00fas: D\u00eda de la soberan\u00eda alimentaria"},"content":{"rendered":"<h3 class=\"excerpt\">La Municipalidad de Chascom\u00fas organiz\u00f3 actividades destinadas a los beneficiarios del CAM.<\/h3>\n<p>16 de Octubre de 2025<\/p>\n<div id=\"miDiv1\" class=\"text\">\n<p><strong>CHASCOM\u00daS &#8211;\u00a0<\/strong> Se desarroll\u00f3 una jornada de concientizaci\u00f3n en el Dep\u00f3sito Municipal, destinada a los beneficiarios del Programa Complemento Alimentario Municipal (CAM), el cual entrega mensualmente un m\u00f3dulo con alimentos secos y frescos a personas mayores de 18 a\u00f1os, residentes en Chascom\u00fas.<\/p>\n<blockquote>\n<h3>La actividad, a cargo del \u00e1rea de Desarrollo Social, tiene lugar en el marco del D\u00eda de la Soberan\u00eda Alimentaria, impulsado por el Movimiento Internacional V\u00eda Campesina que agrupa organizaciones de todo el mundo, incluida la Argentina.<\/h3>\n<\/blockquote>\n<p>El CAM es un programa municipal implementado desde 2024 para contener a vecinos y vecinas que se encuentran en situaci\u00f3n de vulnerabilidad. Se trata de 1.500 grupos familiares sin ingresos formales, en situaci\u00f3n de precarizaci\u00f3n laboral; o con ingresos formales pero que a\u00fan as\u00ed, necesitan de acompa\u00f1amiento, entre ellos, un 22% son personas jubiladas.<\/p>\n<blockquote>\n<h3>Soberan\u00eda alimentaria es el derecho de los pueblos a definir sus sistemas alimentarios, priorizando la producci\u00f3n local, la agricultura familiar y la alimentaci\u00f3n nutritiva y culturalmente apropiada.<\/h3>\n<\/blockquote>\n<p>Considerando que la inclusi\u00f3n en este programa pretende ser transitoria, se incorpora el enfoque de \u201csoberan\u00eda alimentaria\u201d, el cual apunta a fortalecer la producci\u00f3n local, asegurar el acceso a alimentos sanos, promover pr\u00e1cticas agr\u00edcolas sostenibles y fomentar el consumo de alimentos locales y de estaci\u00f3n.<\/p>\n<p>En este sentido, tambi\u00e9n estuvieron presentes el \u00e1rea de Ambiente entregando bolsas de compostaje; el \u00e1rea de Econom\u00eda Social, con el banco de intercambio de semillas; y el INTA. Fueron dos jornadas de concientizaci\u00f3n, ayer y el d\u00eda de hoy, entre las 8 y las 13 hs.<\/p>\n<\/div>\n","protected":false},"excerpt":{"rendered":"<div class=\"mh-excerpt\"><p>La Municipalidad de Chascom\u00fas organiz\u00f3 actividades destinadas a los beneficiarios del CAM. 16 de Octubre de 2025 CHASCOM\u00daS &#8211;\u00a0 Se desarroll\u00f3 una jornada de concientizaci\u00f3n en el Dep\u00f3sito Municipal, destinada a los beneficiarios del Programa <a class=\"mh-excerpt-more\" href=\"https:\/\/larevistadigital.com.ar\/blog\/chascomus-dia-de-la-soberania-alimentaria\/\" title=\"Chascom\u00fas: D\u00eda de la soberan\u00eda alimentaria\">[Leer M\u00e1s]<\/a><\/p>\n<\/div>","protected":false},"author":3,"featured_media":42017,"comment_status":"open","ping_status":"open","sticky":false,"template":"","format":"standard","meta":{"_jetpack_memberships_contains_paid_content":false,"footnotes":"","jetpack_publicize_message":"","jetpack_publicize_feature_enabled":true,"jetpack_social_post_already_shared":true,"jetpack_social_options":{"image_generator_settings":{"template":"highway","default_image_id":0,"font":"","enabled":false},"version":2}},"categories":[6],"tags":[],"class_list":{"0":"post-42016","1":"post","2":"type-post","3":"status-publish","4":"format-standard","5":"has-post-thumbnail","7":"category-chascomus"},"jetpack_publicize_connections":[],"jetpack_featured_media_url":"https:\/\/i0.wp.com\/larevistadigital.com.ar\/blog\/wp-content\/uploads\/68f14e072b891.png?fit=668%2C445&ssl=1","jetpack_sharing_enabled":true,"jetpack_shortlink":"https:\/\/wp.me\/p8qtrQ-aVG","jetpack-related-posts":[{"id":41868,"url":"https:\/\/larevistadigital.com.ar\/blog\/chascomus-actividades-por-el-dia-de-la-soberania-alimentaria\/","url_meta":{"origin":42016,"position":0},"title":"Chascom\u00fas: Actividades por el D\u00eda de la Soberan\u00eda Alimentaria","author":"Alejandro Sosa Ruda","date":"9 octubre, 2025","format":false,"excerpt":"Destinadas a los beneficiarios del programa CAM tendr\u00e1n lugar los d\u00edas 15 y 16 de octubre 09 de Octubre de 2025 CHASCOM\u00daS\u00a0 -\u00a0 \u00a0 Como todos los a\u00f1os el 16 de octubre se celebra el D\u00eda de la Soberan\u00eda Alimentaria, impulsado por el Movimiento Internacional V\u00eda Campesina que agrupa organizaciones\u2026","rel":"","context":"En \u00abCHASCOM\u00daS\u00bb","block_context":{"text":"CHASCOM\u00daS","link":"https:\/\/larevistadigital.com.ar\/blog\/category\/chascomus\/"},"img":{"alt_text":"","src":"https:\/\/i0.wp.com\/larevistadigital.com.ar\/blog\/wp-content\/uploads\/68e7de10c8984.png?fit=668%2C445&ssl=1&resize=350%2C200","width":350,"height":200,"srcset":"https:\/\/i0.wp.com\/larevistadigital.com.ar\/blog\/wp-content\/uploads\/68e7de10c8984.png?fit=668%2C445&ssl=1&resize=350%2C200 1x, https:\/\/i0.wp.com\/larevistadigital.com.ar\/blog\/wp-content\/uploads\/68e7de10c8984.png?fit=668%2C445&ssl=1&resize=525%2C300 1.5x"},"classes":[]},{"id":39858,"url":"https:\/\/larevistadigital.com.ar\/blog\/chascomus-importante-taller-de-cv-y-busqueda-laboral\/","url_meta":{"origin":42016,"position":1},"title":"Chascom\u00fas: Importante Taller de CV y b\u00fasqueda laboral","author":"Alejandro Sosa Ruda","date":"22 mayo, 2025","format":false,"excerpt":"Organizado por la Municipalidad de Chascom\u00fas y destinado a j\u00f3venes beneficiarios b\u00fasqueda de empleo. 22 de Mayo de 2025 CHASCOM\u00daS -\u00a0 El pr\u00f3ximo 28 de mayo a partir de las 9.30 y hasta las 11.30, se realizar\u00e1 en el SUM del Barrio Ipor\u00e1, un taller de armado de Curriculum Vitae\u2026","rel":"","context":"En \u00abCHASCOM\u00daS\u00bb","block_context":{"text":"CHASCOM\u00daS","link":"https:\/\/larevistadigital.com.ar\/blog\/category\/chascomus\/"},"img":{"alt_text":"","src":"https:\/\/i0.wp.com\/larevistadigital.com.ar\/blog\/wp-content\/uploads\/682f862b72bfd.png?fit=668%2C445&ssl=1&resize=350%2C200","width":350,"height":200,"srcset":"https:\/\/i0.wp.com\/larevistadigital.com.ar\/blog\/wp-content\/uploads\/682f862b72bfd.png?fit=668%2C445&ssl=1&resize=350%2C200 1x, https:\/\/i0.wp.com\/larevistadigital.com.ar\/blog\/wp-content\/uploads\/682f862b72bfd.png?fit=668%2C445&ssl=1&resize=525%2C300 1.5x"},"classes":[]},{"id":40254,"url":"https:\/\/larevistadigital.com.ar\/blog\/chascomus-360-grupos-familiares-participan-del-programa-municipal-cosechando-saberes\/","url_meta":{"origin":42016,"position":2},"title":"Chascom\u00fas: 360 grupos familiares participan del programa municipal \u201cCosechando saberes\u201d","author":"Alejandro Sosa Ruda","date":"1 julio, 2025","format":false,"excerpt":"El mismo nace de una propuesta de trabajo articulado entre la Municipalidad de Chascom\u00fas y el INTA Chascom\u00fas. 01 de Julio de 2025 CHASCOM\u00daS -\u00a0 \u00a0El programa \u201cCosechando saberes\u201d busca promover que cada vez m\u00e1s vecinos y vecinas se sumen a la propuesta de producir sus propios alimentos de un\u2026","rel":"","context":"En \u00abCHASCOM\u00daS\u00bb","block_context":{"text":"CHASCOM\u00daS","link":"https:\/\/larevistadigital.com.ar\/blog\/category\/chascomus\/"},"img":{"alt_text":"","src":"https:\/\/i0.wp.com\/larevistadigital.com.ar\/blog\/wp-content\/uploads\/6864190780f90.png?fit=668%2C445&ssl=1&resize=350%2C200","width":350,"height":200,"srcset":"https:\/\/i0.wp.com\/larevistadigital.com.ar\/blog\/wp-content\/uploads\/6864190780f90.png?fit=668%2C445&ssl=1&resize=350%2C200 1x, https:\/\/i0.wp.com\/larevistadigital.com.ar\/blog\/wp-content\/uploads\/6864190780f90.png?fit=668%2C445&ssl=1&resize=525%2C300 1.5x"},"classes":[]},{"id":40198,"url":"https:\/\/larevistadigital.com.ar\/blog\/chascomus-asesoramiento-para-acceder-al-programa-alimentario-para-personas-celiacas\/","url_meta":{"origin":42016,"position":3},"title":"Chascom\u00fas: Asesoramiento para acceder al programa alimentario para personas cel\u00edacas","author":"Alejandro Sosa Ruda","date":"26 junio, 2025","format":false,"excerpt":"La Municipalidad brinda orientaci\u00f3n y acompa\u00f1amiento a quienes deseen solicitar el beneficio provincial. 26 de Junio de 2025 CHASCOM\u00daS -\u00a0 \u00a0El \u00e1rea de Desarrollo Social municipal ofrece un servicio de asesoramiento destinado a personas interesadas en acceder al Programa Alimentario para Personas Cel\u00edacas (PAAC) de la provincia de Buenos Aires.\u2026","rel":"","context":"En \u00abCHASCOM\u00daS\u00bb","block_context":{"text":"CHASCOM\u00daS","link":"https:\/\/larevistadigital.com.ar\/blog\/category\/chascomus\/"},"img":{"alt_text":"","src":"https:\/\/i0.wp.com\/larevistadigital.com.ar\/blog\/wp-content\/uploads\/685d79e55ec7e.png?fit=668%2C445&ssl=1&resize=350%2C200","width":350,"height":200,"srcset":"https:\/\/i0.wp.com\/larevistadigital.com.ar\/blog\/wp-content\/uploads\/685d79e55ec7e.png?fit=668%2C445&ssl=1&resize=350%2C200 1x, https:\/\/i0.wp.com\/larevistadigital.com.ar\/blog\/wp-content\/uploads\/685d79e55ec7e.png?fit=668%2C445&ssl=1&resize=525%2C300 1.5x"},"classes":[]},{"id":41734,"url":"https:\/\/larevistadigital.com.ar\/blog\/chascomus-318-grupos-familiares-recibieron-semillas-del-programa-municipal-cosechando-saberes\/","url_meta":{"origin":42016,"position":4},"title":"Chascom\u00fas: 318 grupos familiares recibieron semillas del programa municipal \u201cCosechando saberes\u201d","author":"Alejandro Sosa Ruda","date":"3 octubre, 2025","format":false,"excerpt":"El mismo nace de una propuesta de trabajo articulado entre la Municipalidad de Chascom\u00fas y el INTA Chascom\u00fas. 03 de Octubre de 2025 CHASCOM\u00daS -\u00a0 \u00a0El programa \u201cCosechando Saberes\u201d busca promover que cada vez m\u00e1s vecinos y vecinas se sumen a la propuesta de producir sus propios alimentos de un\u2026","rel":"","context":"En \u00abCHASCOM\u00daS\u00bb","block_context":{"text":"CHASCOM\u00daS","link":"https:\/\/larevistadigital.com.ar\/blog\/category\/chascomus\/"},"img":{"alt_text":"","src":"https:\/\/i0.wp.com\/larevistadigital.com.ar\/blog\/wp-content\/uploads\/68e0061d1a2ca.png?fit=668%2C445&ssl=1&resize=350%2C200","width":350,"height":200,"srcset":"https:\/\/i0.wp.com\/larevistadigital.com.ar\/blog\/wp-content\/uploads\/68e0061d1a2ca.png?fit=668%2C445&ssl=1&resize=350%2C200 1x, https:\/\/i0.wp.com\/larevistadigital.com.ar\/blog\/wp-content\/uploads\/68e0061d1a2ca.png?fit=668%2C445&ssl=1&resize=525%2C300 1.5x"},"classes":[]},{"id":42524,"url":"https:\/\/larevistadigital.com.ar\/blog\/triste-en-chascomus-la-asistencia-alimentaria-crecio-casi-1000-entre-marzo-de-2024-y-noviembre-de-2025\/","url_meta":{"origin":42016,"position":5},"title":"Triste: En Chascom\u00fas, la asistencia alimentaria creci\u00f3 casi 1000% entre marzo de 2024 y  noviembre de 2025","author":"Alejandro Sosa Ruda","date":"18 noviembre, 2025","format":false,"excerpt":"Un salto que refleja crudamente la dif\u00edcil situaci\u00f3n econ\u00f3mica y la ca\u00edda de la ayuda nacional. 18 de Noviembre de 2025 CHASCOM\u00daS -\u00a0 \u00a0Entre marzo de 2024 y noviembre de 2025, el nivel de asistencia alimentaria que brinda la Municipalidad de Chascom\u00fas se dispar\u00f3 un 946%, un indicador que no\u2026","rel":"","context":"En \u00abSin categor\u00eda\u00bb","block_context":{"text":"Sin categor\u00eda","link":"https:\/\/larevistadigital.com.ar\/blog\/category\/sin-categoria\/"},"img":{"alt_text":"","src":"https:\/\/i0.wp.com\/larevistadigital.com.ar\/blog\/wp-content\/uploads\/691cabde73809.png?fit=668%2C445&ssl=1&resize=350%2C200","width":350,"height":200,"srcset":"https:\/\/i0.wp.com\/larevistadigital.com.ar\/blog\/wp-content\/uploads\/691cabde73809.png?fit=668%2C445&ssl=1&resize=350%2C200 1x, https:\/\/i0.wp.com\/larevistadigital.com.ar\/blog\/wp-content\/uploads\/691cabde73809.png?fit=668%2C445&ssl=1&resize=525%2C300 1.5x"},"classes":[]}],"_links":{"self":[{"href":"https:\/\/larevistadigital.com.ar\/blog\/wp-json\/wp\/v2\/posts\/42016","targetHints":{"allow":["GET"]}}],"collection":[{"href":"https:\/\/larevistadigital.com.ar\/blog\/wp-json\/wp\/v2\/posts"}],"about":[{"href":"https:\/\/larevistadigital.com.ar\/blog\/wp-json\/wp\/v2\/types\/post"}],"author":[{"embeddable":true,"href":"https:\/\/larevistadigital.com.ar\/blog\/wp-json\/wp\/v2\/users\/3"}],"replies":[{"embeddable":true,"href":"https:\/\/larevistadigital.com.ar\/blog\/wp-json\/wp\/v2\/comments?post=42016"}],"version-history":[{"count":1,"href":"https:\/\/larevistadigital.com.ar\/blog\/wp-json\/wp\/v2\/posts\/42016\/revisions"}],"predecessor-version":[{"id":42018,"href":"https:\/\/larevistadigital.com.ar\/blog\/wp-json\/wp\/v2\/posts\/42016\/revisions\/42018"}],"wp:featuredmedia":[{"embeddable":true,"href":"https:\/\/larevistadigital.com.ar\/blog\/wp-json\/wp\/v2\/media\/42017"}],"wp:attachment":[{"href":"https:\/\/larevistadigital.com.ar\/blog\/wp-json\/wp\/v2\/media?parent=42016"}],"wp:term":[{"taxonomy":"category","embeddable":true,"href":"https:\/\/larevistadigital.com.ar\/blog\/wp-json\/wp\/v2\/categories?post=42016"},{"taxonomy":"post_tag","embeddable":true,"href":"https:\/\/larevistadigital.com.ar\/blog\/wp-json\/wp\/v2\/tags?post=42016"}],"curies":[{"name":"wp","href":"https:\/\/api.w.org\/{rel}","templated":true}]}}