{"id":42019,"date":"2025-10-16T17:41:55","date_gmt":"2025-10-16T20:41:55","guid":{"rendered":"https:\/\/larevistadigital.com.ar\/blog\/?p=42019"},"modified":"2025-10-16T17:41:55","modified_gmt":"2025-10-16T20:41:55","slug":"chascomus-se-viene-el-seminario-de-experiencias-municipales-de-gestion-de-suelo-urbano","status":"publish","type":"post","link":"https:\/\/larevistadigital.com.ar\/blog\/chascomus-se-viene-el-seminario-de-experiencias-municipales-de-gestion-de-suelo-urbano\/","title":{"rendered":"Chascom\u00fas: Se viene el Seminario de experiencias municipales de gesti\u00f3n de suelo urbano"},"content":{"rendered":"<h3 class=\"excerpt\">Tendr\u00e1 lugar el pr\u00f3ximo lunes 20 y est\u00e1 destinado a los concejales, funcionarios municipales, profesionales, como a vecinos y vecinas interesados en la tem\u00e1tica.<\/h3>\n<p>16 de Octubre de 2025<\/p>\n<div id=\"miDiv1\" class=\"text\">\n<p><strong>CHASCOM\u00daS &#8211;<\/strong>\u00a0 \u00a0El encuentro propone poner en com\u00fan experiencias acaecidas en distintos municipios bonaerenses e investigaciones recientes sobre la gesti\u00f3n de suelo urbano.<\/p>\n<p>Con un panel integrado por especialistas de reconocida trayectoria en la materia, este seminario se da en el marco del an\u00e1lisis de los proyectos de gesti\u00f3n de suelos comprendidos en el Programa Municipal de Suelo (Exp. 5767\/2023), de Contribuci\u00f3n de valoraci\u00f3n inmobiliaria (Exp. 5766\/2023), y de Reglamentaci\u00f3n de la declaraci\u00f3n de parcelamiento y edificaci\u00f3n obligatorios (Exp. 5768\/2023).<\/p>\n<p>Entre los disertantes se encuentran el Arq. Guillermo Curtit, Director Provincial de Ordenamiento Urbano y Territorial del Ministerio de Gobierno. Es Mg. en Gesti\u00f3n Ambiental del Desarrollo Urbano, Diploma Superior en Ense\u00f1anza de las Ciencias Sociales e Historia, es docente de grado y de posgrado de la Facultad de Arquitectura y Urbanismo de la Universidad Nacional de La Plata.<\/p>\n<p>El Arq. Juan Pablo del R\u00edo, Director del Laboratorio de Investigaciones del Territorio y el Ambiente de la Comisi\u00f3n de Investigaciones Cient\u00edficas (CIC), Investigador del CONICET y Profesor de la Universidad Nacional de La Plata. Es Especialista en Mercados y Pol\u00edticas de Suelo por la Facultad de Derecho y Ciencias Pol\u00edticas de la Universidad Nacional de Colombia y el Lincoln Institute of Land Policy de Estados Unidos. Actualmente coordina el Observatorio de Valores e Instrumentos de Gesti\u00f3n de Suelo Urbano de la provincia de Buenos Aires.<\/p>\n<p>La Arq. Luj\u00e1n de la Torre, es Especialista en Planificaci\u00f3n Urbana y Territorial. Durante diecis\u00e9is a\u00f1os se desempe\u00f1\u00f3 como Directora de Planeamiento de la Municipalidad de Rivadavia. Trabaj\u00f3 en el desarrollo del Plan de Ordenamiento Urbano de la ciudad de Am\u00e9rica y sus localidades, instrumentos jur\u00eddicos como tasa sobre la valorizaci\u00f3n inmobiliaria, fondo de desarrollo urbano, convenios urban\u00edsticos, parcelamiento obligatorio, entre otros.<\/p>\n<p>El Dr. Francisco V\u00e9rtiz, es Abogado y Doctor en Ciencias Sociales, Investigador del CONICET, con sede de trabajo en el Instituto de Cultura Jur\u00eddica de la UNLP y docente en la carrera de Abogac\u00eda y en la Maestr\u00eda en Sociolog\u00eda Jur\u00eddica (UNLP). Es integrante del equipo de trabajo del Observatorio de Valores e Instrumentos de Gesti\u00f3n de Suelo Urbano de la provincia de Buenos Aires.<\/p>\n<p>Organiza la Municipalidad de Chascom\u00fas junto al Observatorio de Valores de Suelo (OVS) y la Comisi\u00f3n de Investigaciones Cient\u00edficas (CIC). La cita es el lunes 20 de octubre de 10 a 13 hs en La F\u00e1brica, Bol\u00edvar 170.<\/p>\n<\/div>\n","protected":false},"excerpt":{"rendered":"<div class=\"mh-excerpt\"><p>Tendr\u00e1 lugar el pr\u00f3ximo lunes 20 y est\u00e1 destinado a los concejales, funcionarios municipales, profesionales, como a vecinos y vecinas interesados en la tem\u00e1tica. 16 de Octubre de 2025 CHASCOM\u00daS &#8211;\u00a0 \u00a0El encuentro propone poner <a class=\"mh-excerpt-more\" href=\"https:\/\/larevistadigital.com.ar\/blog\/chascomus-se-viene-el-seminario-de-experiencias-municipales-de-gestion-de-suelo-urbano\/\" title=\"Chascom\u00fas: Se viene el Seminario de experiencias municipales de gesti\u00f3n de suelo urbano\">[Leer M\u00e1s]<\/a><\/p>\n<\/div>","protected":false},"author":3,"featured_media":42020,"comment_status":"open","ping_status":"open","sticky":false,"template":"","format":"standard","meta":{"_jetpack_memberships_contains_paid_content":false,"footnotes":"","jetpack_publicize_message":"","jetpack_publicize_feature_enabled":true,"jetpack_social_post_already_shared":true,"jetpack_social_options":{"image_generator_settings":{"template":"highway","default_image_id":0,"font":"","enabled":false},"version":2}},"categories":[6],"tags":[],"class_list":{"0":"post-42019","1":"post","2":"type-post","3":"status-publish","4":"format-standard","5":"has-post-thumbnail","7":"category-chascomus"},"jetpack_publicize_connections":[],"jetpack_featured_media_url":"https:\/\/i0.wp.com\/larevistadigital.com.ar\/blog\/wp-content\/uploads\/68f1183c783f1.png?fit=668%2C445&ssl=1","jetpack_sharing_enabled":true,"jetpack_shortlink":"https:\/\/wp.me\/p8qtrQ-aVJ","jetpack-related-posts":[{"id":42118,"url":"https:\/\/larevistadigital.com.ar\/blog\/chascomus-se-realizo-el-seminario-de-experiencias-municipales-de-gestion-de-suelo-urbano\/","url_meta":{"origin":42019,"position":0},"title":"Chascom\u00fas: Se realiz\u00f3 el Seminario de experiencias municipales de gesti\u00f3n de suelo urbano","author":"Alejandro Sosa Ruda","date":"20 octubre, 2025","format":false,"excerpt":"Se realiz\u00f3 hoy en La F\u00e1brica con presencia de concejales en funciones y electos, funcionarios municipales, profesionales del sector y vecinos en general. 20 De Octubre de 2025 CHASCOM\u00daS -\u00a0 \u00a0Con reconocidos exponentes en la materia, se desarroll\u00f3 un encuentro donde se compartieron investigaciones recientes sobre la gesti\u00f3n de suelo\u2026","rel":"","context":"En \u00abDESTACADAS\u00bb","block_context":{"text":"DESTACADAS","link":"https:\/\/larevistadigital.com.ar\/blog\/category\/destacadas\/"},"img":{"alt_text":"","src":"https:\/\/i0.wp.com\/larevistadigital.com.ar\/blog\/wp-content\/uploads\/68f69d532b0a0.png?fit=668%2C445&ssl=1&resize=350%2C200","width":350,"height":200,"srcset":"https:\/\/i0.wp.com\/larevistadigital.com.ar\/blog\/wp-content\/uploads\/68f69d532b0a0.png?fit=668%2C445&ssl=1&resize=350%2C200 1x, https:\/\/i0.wp.com\/larevistadigital.com.ar\/blog\/wp-content\/uploads\/68f69d532b0a0.png?fit=668%2C445&ssl=1&resize=525%2C300 1.5x"},"classes":[]},{"id":1599,"url":"https:\/\/larevistadigital.com.ar\/blog\/procuran-generar-alrededor-de-50-lotes-para-el-banco-de-tierras-municipal-en-chascomus\/","url_meta":{"origin":42019,"position":1},"title":"Procuran generar alrededor de 50 lotes para el Banco de Tierras Municipal en Chascom\u00fas","author":"editor","date":"22 marzo, 2017","format":false,"excerpt":"El Secretario de Gobierno, Cipriano P\u00e9rez del Cerro, acompa\u00f1ado por funcionarios de la Subsecretar\u00eda de Tierras y Urbanismo participaron de encuentros con representantes de la Subsecretar\u00eda perteneciente al Ministerio de Infraestructura y Servicio P\u00fablicos de la Provincia. En una de las reuniones mantenidas con el Director de Generaci\u00f3n de Suelo\u2026","rel":"","context":"En \u00abCHASCOM\u00daS\u00bb","block_context":{"text":"CHASCOM\u00daS","link":"https:\/\/larevistadigital.com.ar\/blog\/category\/chascomus\/"},"img":{"alt_text":"","src":"https:\/\/i0.wp.com\/larevistadigital.com.ar\/blog\/wp-content\/uploads\/2017\/03\/66-1.jpg?fit=1200%2C779&ssl=1&resize=350%2C200","width":350,"height":200,"srcset":"https:\/\/i0.wp.com\/larevistadigital.com.ar\/blog\/wp-content\/uploads\/2017\/03\/66-1.jpg?fit=1200%2C779&ssl=1&resize=350%2C200 1x, https:\/\/i0.wp.com\/larevistadigital.com.ar\/blog\/wp-content\/uploads\/2017\/03\/66-1.jpg?fit=1200%2C779&ssl=1&resize=525%2C300 1.5x, https:\/\/i0.wp.com\/larevistadigital.com.ar\/blog\/wp-content\/uploads\/2017\/03\/66-1.jpg?fit=1200%2C779&ssl=1&resize=700%2C400 2x, https:\/\/i0.wp.com\/larevistadigital.com.ar\/blog\/wp-content\/uploads\/2017\/03\/66-1.jpg?fit=1200%2C779&ssl=1&resize=1050%2C600 3x"},"classes":[]},{"id":4090,"url":"https:\/\/larevistadigital.com.ar\/blog\/chascomus-finalmente-las-autoridades-municipales-le-entraron-las-balas\/","url_meta":{"origin":42019,"position":2},"title":"CHASCOM\u00daS: FINALMENTE A LAS AUTORIDADES MUNICIPALES \u201cLE ENTRARON LAS BALAS\u201d","author":"Alejandro Sosa Ruda","date":"1 diciembre, 2017","format":false,"excerpt":"Luego de los reiterados reclamos de los vecinos del barrio Lomas Altas, parece que el Municipio tom\u00f3 nota de la situaci\u00f3n, y envi\u00f3 personal a dar soluci\u00f3n a los problemas. Luego de una gran cantidad de reclamos por v\u00eda telef\u00f3nica, escrita y personalmente en la Secretar\u00eda de Obras y Servicios,\u2026","rel":"","context":"En \u00abCHASCOM\u00daS\u00bb","block_context":{"text":"CHASCOM\u00daS","link":"https:\/\/larevistadigital.com.ar\/blog\/category\/chascomus\/"},"img":{"alt_text":"","src":"https:\/\/i0.wp.com\/larevistadigital.com.ar\/blog\/wp-content\/uploads\/2017\/12\/24172973_1701686596518885_6670751717988241050_o.jpg?fit=1200%2C800&ssl=1&resize=350%2C200","width":350,"height":200,"srcset":"https:\/\/i0.wp.com\/larevistadigital.com.ar\/blog\/wp-content\/uploads\/2017\/12\/24172973_1701686596518885_6670751717988241050_o.jpg?fit=1200%2C800&ssl=1&resize=350%2C200 1x, https:\/\/i0.wp.com\/larevistadigital.com.ar\/blog\/wp-content\/uploads\/2017\/12\/24172973_1701686596518885_6670751717988241050_o.jpg?fit=1200%2C800&ssl=1&resize=525%2C300 1.5x, https:\/\/i0.wp.com\/larevistadigital.com.ar\/blog\/wp-content\/uploads\/2017\/12\/24172973_1701686596518885_6670751717988241050_o.jpg?fit=1200%2C800&ssl=1&resize=700%2C400 2x, https:\/\/i0.wp.com\/larevistadigital.com.ar\/blog\/wp-content\/uploads\/2017\/12\/24172973_1701686596518885_6670751717988241050_o.jpg?fit=1200%2C800&ssl=1&resize=1050%2C600 3x"},"classes":[]},{"id":24431,"url":"https:\/\/larevistadigital.com.ar\/blog\/desde-juntos-por-chascomus-instan-al-intendente-gaston-a-pasar-de-los-dichos-a-los-hechos\/","url_meta":{"origin":42019,"position":3},"title":"DESDE JUNTOS POR CHASCOM\u00daS, INSTAN AL INTENDENTE GAST\u00d3N A PASAR DE LOS DICHOS, A LOS HECHOS","author":"Alejandro Sosa Ruda","date":"8 marzo, 2022","format":false,"excerpt":"Desde el vecinalismo Juntos Por Chascom\u00fas, tercera fuerza en las \u00faltimas elecciones, espacio liderado por Laura Moujan y Jos\u00e9 Ignacio Ochoa, se inst\u00f3 al Intendente Municipal Javier Gast\u00f3n para pasar de dichos a hechos.\u00a0 Al inaugurar el per\u00edodo de sesiones ordinarias del Concejo Deliberante, el actual intendente hizo un extenso\u2026","rel":"","context":"En \u00abDESTACADAS\u00bb","block_context":{"text":"DESTACADAS","link":"https:\/\/larevistadigital.com.ar\/blog\/category\/destacadas\/"},"img":{"alt_text":"","src":"https:\/\/i0.wp.com\/larevistadigital.com.ar\/blog\/wp-content\/uploads\/Captura-de-pantalla-2022-03-08-115910.jpg?fit=700%2C342&ssl=1&resize=350%2C200","width":350,"height":200,"srcset":"https:\/\/i0.wp.com\/larevistadigital.com.ar\/blog\/wp-content\/uploads\/Captura-de-pantalla-2022-03-08-115910.jpg?fit=700%2C342&ssl=1&resize=350%2C200 1x, https:\/\/i0.wp.com\/larevistadigital.com.ar\/blog\/wp-content\/uploads\/Captura-de-pantalla-2022-03-08-115910.jpg?fit=700%2C342&ssl=1&resize=525%2C300 1.5x, https:\/\/i0.wp.com\/larevistadigital.com.ar\/blog\/wp-content\/uploads\/Captura-de-pantalla-2022-03-08-115910.jpg?fit=700%2C342&ssl=1&resize=700%2C400 2x"},"classes":[]},{"id":43495,"url":"https:\/\/larevistadigital.com.ar\/blog\/chascomus-accesible-avanzan-la-construccion-de-vados-en-el-casco-urbano\/","url_meta":{"origin":42019,"position":4},"title":"Chascom\u00fas accesible: Avanzan la construcci\u00f3n de vados en el casco urbano","author":"Alejandro Sosa Ruda","date":"20 enero, 2026","format":false,"excerpt":"La Municipalidad de Chascom\u00fas avanza con las obras de construcci\u00f3n del circuito accesible en el casco urbano 20 de enero de 2026 CHASCOM\u00daS -\u00a0 \u00a0 Personal de la secretar\u00eda de Obras, Servicios P\u00fablicos y Ambiente de la Municipalidad de Chascom\u00fas realiz\u00f3 los trabajos destinados a la construcci\u00f3n de vados que\u2026","rel":"","context":"En \u00abCHASCOM\u00daS\u00bb","block_context":{"text":"CHASCOM\u00daS","link":"https:\/\/larevistadigital.com.ar\/blog\/category\/chascomus\/"},"img":{"alt_text":"","src":"https:\/\/i0.wp.com\/larevistadigital.com.ar\/blog\/wp-content\/uploads\/696fc35de970a.png?fit=668%2C445&ssl=1&resize=350%2C200","width":350,"height":200,"srcset":"https:\/\/i0.wp.com\/larevistadigital.com.ar\/blog\/wp-content\/uploads\/696fc35de970a.png?fit=668%2C445&ssl=1&resize=350%2C200 1x, https:\/\/i0.wp.com\/larevistadigital.com.ar\/blog\/wp-content\/uploads\/696fc35de970a.png?fit=668%2C445&ssl=1&resize=525%2C300 1.5x"},"classes":[]},{"id":27275,"url":"https:\/\/larevistadigital.com.ar\/blog\/chascomus-el-bloque-de-la-ucr-y-cambiemos-presentara-manana-el-pedido-de-apertura-de-paritarias-al-gobierno-municipal\/","url_meta":{"origin":42019,"position":5},"title":"CHASCOM\u00daS: EL BLOQUE DE LA UCR Y CAMBIEMOS PRESENTAR\u00c1 MA\u00d1ANA EL PEDIDO DE APERTURA DE PARITARIAS AL GOBIERNO MUNICIPAL","author":"Alejandro Sosa Ruda","date":"25 agosto, 2022","format":false,"excerpt":"Ser\u00e1 presentado ma\u00f1ana para que se trate \"sobre tablas\". Es una reacci\u00f3n necesaria para tratar de colaborar con los empleados municipales, luego de la inacci\u00f3n de los gremios locales. CHASCOM\u00daS -\u00a0 Desde el bloque de UCR-Cambiemos, se presentar\u00e1 ma\u00f1ana a efectos de ser tratado \"sobre tablas\" un Proyecto de Comunicaci\u00f3n\u2026","rel":"","context":"En \u00abDESTACADAS\u00bb","block_context":{"text":"DESTACADAS","link":"https:\/\/larevistadigital.com.ar\/blog\/category\/destacadas\/"},"img":{"alt_text":"","src":"https:\/\/i0.wp.com\/larevistadigital.com.ar\/blog\/wp-content\/uploads\/2018\/09\/concejo-chascomus.jpg?fit=954%2C768&ssl=1&resize=350%2C200","width":350,"height":200,"srcset":"https:\/\/i0.wp.com\/larevistadigital.com.ar\/blog\/wp-content\/uploads\/2018\/09\/concejo-chascomus.jpg?fit=954%2C768&ssl=1&resize=350%2C200 1x, https:\/\/i0.wp.com\/larevistadigital.com.ar\/blog\/wp-content\/uploads\/2018\/09\/concejo-chascomus.jpg?fit=954%2C768&ssl=1&resize=525%2C300 1.5x, https:\/\/i0.wp.com\/larevistadigital.com.ar\/blog\/wp-content\/uploads\/2018\/09\/concejo-chascomus.jpg?fit=954%2C768&ssl=1&resize=700%2C400 2x"},"classes":[]}],"_links":{"self":[{"href":"https:\/\/larevistadigital.com.ar\/blog\/wp-json\/wp\/v2\/posts\/42019","targetHints":{"allow":["GET"]}}],"collection":[{"href":"https:\/\/larevistadigital.com.ar\/blog\/wp-json\/wp\/v2\/posts"}],"about":[{"href":"https:\/\/larevistadigital.com.ar\/blog\/wp-json\/wp\/v2\/types\/post"}],"author":[{"embeddable":true,"href":"https:\/\/larevistadigital.com.ar\/blog\/wp-json\/wp\/v2\/users\/3"}],"replies":[{"embeddable":true,"href":"https:\/\/larevistadigital.com.ar\/blog\/wp-json\/wp\/v2\/comments?post=42019"}],"version-history":[{"count":1,"href":"https:\/\/larevistadigital.com.ar\/blog\/wp-json\/wp\/v2\/posts\/42019\/revisions"}],"predecessor-version":[{"id":42021,"href":"https:\/\/larevistadigital.com.ar\/blog\/wp-json\/wp\/v2\/posts\/42019\/revisions\/42021"}],"wp:featuredmedia":[{"embeddable":true,"href":"https:\/\/larevistadigital.com.ar\/blog\/wp-json\/wp\/v2\/media\/42020"}],"wp:attachment":[{"href":"https:\/\/larevistadigital.com.ar\/blog\/wp-json\/wp\/v2\/media?parent=42019"}],"wp:term":[{"taxonomy":"category","embeddable":true,"href":"https:\/\/larevistadigital.com.ar\/blog\/wp-json\/wp\/v2\/categories?post=42019"},{"taxonomy":"post_tag","embeddable":true,"href":"https:\/\/larevistadigital.com.ar\/blog\/wp-json\/wp\/v2\/tags?post=42019"}],"curies":[{"name":"wp","href":"https:\/\/api.w.org\/{rel}","templated":true}]}}